{"id":2754,"date":"2021-05-07T14:25:34","date_gmt":"2021-05-07T12:25:34","guid":{"rendered":"https:\/\/baynana.es\/?p=2754"},"modified":"2022-02-10T13:49:44","modified_gmt":"2022-02-10T12:49:44","slug":"alquiler-racista-yo-no-alquilo-a-moros","status":"publish","type":"post","link":"https:\/\/baynana.es\/es\/alquiler-racista-yo-no-alquilo-a-moros\/","title":{"rendered":"Alquiler racista: \u201cYo no alquilo a moros\u201d"},"content":{"rendered":"\n<p dir=\"ltr\">Casi la mitad de la poblaci\u00f3n musulmana de Espa\u00f1a es migrante. Lo indica el \u00faltimo estudio demogr\u00e1fico realizado en 2019 por la Uni\u00f3n de Comunidades Isl\u00e1micas de Espa\u00f1a (UCIDE). Por ello, centrarse en \u00fanica y exclusivamente  la lucha contra la islamofobia, sin atender a todos los factores de discriminaci\u00f3n que interseccionan a las personas musulmanas, es un error. Por ello, es cada vez m\u00e1s necesario abordar el problema de cualquier discriminaci\u00f3n. desde perspectivas integrales e interseccionales.&nbsp;No se puede luchar contra la islamofobia sin abordar el racismo estructural. En este art\u00edculo, abordamos uno de los aspectos constituyentes de las realidades de migrantes, como el alquiler racista.<\/p>\n\n\n\n<p dir=\"ltr\" style=\"font-size:18px\"><strong><span style=\"color:#ec4e35\" class=\"has-inline-color\">Realidad de los migrantes en Espa\u00f1a<\/span><\/strong><\/p>\n\n\n\n<p dir=\"ltr\">Las personas extranjeras y en concreto, extranjeras extracomunitarias, suponen el 6,81% del total de la poblaci\u00f3n y presenta una vulnerabilidad social y econ\u00f3mica mucho mayor que la poblaci\u00f3n espa\u00f1ola. Debido a su situaci\u00f3n socioecon\u00f3mica, al sufrir mayores trabas administrativas. Adem\u00e1s, por padecer una discriminaci\u00f3n asociada a su origen, su color de piel o, como el caso que nos ocupa, su religi\u00f3n.<\/p>\n\n\n\n<p dir=\"ltr\">De igual modo, diferentes estudios constatan la notable brecha entre los trabajadores migrantes frente a los trabajadores nacionales, traducido en una dificultad mayor de acceso al mercado laboral, una enorme temporalidad laboral (88,51% en 2019 seg\u00fan el&nbsp;<a href=\"https:\/\/www.sepe.es\/HomeSepe\/que-es-el-sepe\/observatorio\/informes-mercado-trabajo\/informes-anuales-mercado-trabajo-estatal\/ver-resultados.html?documentType=informes&amp;tipo=2&amp;periodo=anual&amp;ambito=Nacional&amp;tema=4\" target=\"_blank\" rel=\"noreferrer noopener\">Observatorio de las Ocupaciones de 2020<\/a>) y una renta por hogar de hasta el 46% menos en comparaci\u00f3n con la renta por hogar espa\u00f1ol (11.025\u20ac de media frente a los 21.069\u20ac&nbsp; seg\u00fan la&nbsp;<a href=\"https:\/\/www.ine.es\/prensa\/ecv_2019.pdf\" target=\"_blank\" rel=\"noreferrer noopener\">Encuesta de Condiciones de Vida 2019<\/a>).<\/p>\n\n\n\n<p dir=\"ltr\">Partiendo del resultado de una mayor vulnerabilidad sociolaboral frente a la poblaci\u00f3n espa\u00f1ola,&nbsp;<strong>las personas extranjeras no comunitarias est\u00e1n sometidas a un mayor riesgo de exclusi\u00f3n residencial<\/strong>. Esta situaci\u00f3n se manifiesta en el r\u00e9gimen de tenencia de las viviendas, donde la poblaci\u00f3n migrante se concentra en la modalidad de alquiler: el 75% de los hogares viven de alquiler frente al 11,1% de la poblaci\u00f3n espa\u00f1ola.<\/p>\n\n\n\n<p dir=\"ltr\"><strong>\u201cSi echamos un vistazo a la concentraci\u00f3n de poblaci\u00f3n migrante por barrios, comprobamos que la poblaci\u00f3n migrante reside en viviendas mucho m\u00e1s peque\u00f1as y en peores condiciones que el resto de la poblaci\u00f3n\u201d<\/strong>&nbsp;asegura Juande G\u00f3mez, trabajador social y coordinador del programa de&nbsp;<a href=\"https:\/\/provivienda.org\/nodiscriminacion\/#:~:text=Provivienda%20arranca%20hoy%20la%20campa%C3%B1a,y%20prejuicios%20que%20les%20rodean.\" target=\"_blank\" rel=\"noreferrer noopener\">\u2018Promoci\u00f3n de la no discriminaci\u00f3n de las personas inmigrantes\u2019<\/a>&nbsp;de Provivienda.&nbsp; Respecto al hacinamiento residencial, es decir, disponer de menos de 10m<sup>2<\/sup>&nbsp;por persona en el hogar, la media nacional se sit\u00faa en torno al 5% mientras que en el caso del colectivo migrante este porcentaje aumenta hasta el 18.7% afectando a las condiciones de habitabilidad y al derecho a una vivienda digna, seg\u00fan datos de&nbsp;<a href=\"https:\/\/ec.europa.eu\/eurostat\/statistics-explained\/index.php\/Housing_statistics\/es#Calidad_de_la_vivienda\" target=\"_blank\" rel=\"noreferrer noopener\">Eurostat de 2018<\/a>.<\/p>\n\n\n\n<p dir=\"ltr\" style=\"font-size:18px\"><strong><span style=\"color:#ec4e35\" class=\"has-inline-color\">Racismo inmobiliario<\/span><\/strong><\/p>\n\n\n\n<p dir=\"ltr\">En octubre de 2020, fue publicado el informe \u201c\u00bfSe alquila? racismo y xenofobia en el mercado del alquiler\u201d realizado por Provivienda. Trata la discriminaci\u00f3n que sufren las personas migrantes para acceder y mantener una vivienda en alquiler. Lo llamamos \u00abalquiler racista\u00bb, ya que, seg\u00fan este informe, en Espa\u00f1a la discriminaci\u00f3n en este \u00e1mbito est\u00e1 normalizada.<strong> El 72,5% de las inmobiliarias contactadas aceptan formas expl\u00edcitas de discriminaci\u00f3n y del 27,5% restante el 81% aumenta los requisitos cuando se presenta una persona migrante.<\/strong><\/p>\n\n\n\n<p dir=\"ltr\">\u201cUna vez atendiendo a un hombre marroqu\u00ed que estaba buscando vivienda, le dijo el propietario: \u2018no, no, no, yo no alquilo a moros\u2019. Colg\u00f3 el tel\u00e9fono. Esos comentarios son muy comunes y siguen pasando\u201d, asegura Juande G\u00f3mez. Esa misma experiencia nos relata Ayham, refugiado sirio en Espa\u00f1a: \u201cMe llegaron a decir abiertamente que no se f\u00edan de m\u00ed. Porque escuchan cosas muy malas de los \u00e1rabes. Por ejemplo, que tenemos una cultura diferente y que somos sucios\u201d.<\/p>\n\n\n\n<p dir=\"ltr\">Ayham lleva un a\u00f1o y medio viviendo en Espa\u00f1a. Sali\u00f3 de su pueblo cercano a la ciudad de Daraa, al sur de Siria, en 2012, por motivo de la guerra civil que asola el pa\u00eds. Desde entonces ha vivido como desplazado interno en Siria y como refugiado en Turqu\u00eda. Asegura que pensaba que al llegar a Espa\u00f1a iba a ser f\u00e1cil encontrar vivienda. Sin embargo,&nbsp;<strong>siendo refugiado, pobre, \u00e1rabe, sirio,&nbsp;<a href=\"http:\/\/www.observatorioislamofobia.org\/glossary\/musulman\/\" target=\"_blank\" rel=\"noreferrer noopener\">musulm\u00e1n<\/a>, casado con una mujer musulmana con&nbsp;<a href=\"http:\/\/www.observatorioislamofobia.org\/glossary\/hiyab\/\" target=\"_blank\" rel=\"noreferrer noopener\">hiyab<\/a>&nbsp;y con dos hijos, el proceso ha sido \u201cpsicol\u00f3gicamente muy duro\u201d.<\/strong><\/p>\n\n\n\n<p dir=\"ltr\">\u201cCuando llegu\u00e9 a Espa\u00f1a estuve en un centro de acogida de refugiados. En teor\u00eda ten\u00edamos que estar 6 meses, pero nos prorrogaron casi 4 meses m\u00e1s. No encontr\u00e1bamos casa.\u201d Cuenta Ayham, transmitiendo con su rostro lo angustioso que fue el proceso. \u201cMe toc\u00f3, con mi p\u00e9simo espa\u00f1ol, ponerme a llamar a los propietarios. Me colgaban inmediatamente al notar mi acento extranjero. A poco que saben que no soy espa\u00f1ol, empiezan a poner excusas, o pedir requisitos que no tengo: contrato de trabajo indefinido, una n\u00f3mina de m\u00e1s de 2000 euros&#8230; O, la t\u00edpica respuesta de \u2018ya est\u00e1 alquilada&#8217;\u201d.<\/p>\n\n\n\n<p dir=\"ltr\">Juande G\u00f3mez asegura que, \u201cmuchas veces, tras la captaci\u00f3n por parte del propietario de que el potencial inquilino tiene un acento que puede ser marcadamente extranjero, se le hace pasar un estudio econ\u00f3mico. Exigen requisitos muy altos, contratos indefinidos, n\u00f3minas muy altas&#8230; Muchas veces para evitar decir: &#8216;no te alquilo porque eres inmigrante y desconf\u00edo de ti&#8217;. Se utilizan estas herramientas para poner un primer filtro y no seguir en el proceso de alquiler.<\/p>\n\n\n\n<p dir=\"ltr\">Juande comenta que la apariencia, el acento y la vestimenta es lo que determina la discriminaci\u00f3n autom\u00e1tica. \u201cPersonas negras o mujeres con&nbsp;<a href=\"http:\/\/www.observatorioislamofobia.org\/glossary\/hiyab\/\" target=\"_blank\" rel=\"noreferrer noopener\">hiyab<\/a>, da igual que tengan un perfecto espa\u00f1ol, son autom\u00e1ticamente discriminadas.&nbsp;<strong>Generalmente no se suele se\u00f1alar la religi\u00f3n como motivo de discriminaci\u00f3n, pero va impl\u00edcito con el imaginario colectivo que se tiene sobre personas &#8216;moras&#8217;. Ya sean de Marruecos, Argelia o Siria. Son catalogados como &#8216;moros&#8217; y por tanto, musulmanes. Con eso se cierra la puerta directa al alquiler\u201d.<\/strong><\/p>\n\n\n\n<p dir=\"ltr\">F\u00e1tima R. H. es una mujer marroqu\u00ed. Lleva 16 a\u00f1os en Espa\u00f1a. Asegura que cuando acude a ver un piso, al ir vestida con&nbsp;<a href=\"https:\/\/baynana.es\/es\/amanda-figueras-lo-normal-es-que-seamos-diversos-el-foco-hay-que-ponerlo-en-ser-capaces-de-ver-lo-positivo-de-la-diversidad\/\" target=\"_blank\" rel=\"noreferrer noopener\">hiyab<\/a>, autom\u00e1ticamente les cambia la cara. Se inventan excusas para denegarle la posibilidad del alquiler. \u201cSiempre he tenido que pedir ayuda a amigas espa\u00f1olas o marroqu\u00edes que llevan m\u00e1s tiempo, no llevan&nbsp;<a href=\"http:\/\/www.observatorioislamofobia.org\/glossary\/hiyab\/\" target=\"_blank\" rel=\"noreferrer noopener\">hiyab<\/a>&nbsp;y tienen menos acento. Los prejuicios que tienen contra nosotros por ser musulmanes les ciega completamente\u201d, afirma con enfado. As\u00ed lo asegura tambi\u00e9n el&nbsp;<a href=\"https:\/\/www.inclusion.gob.es\/oberaxe\/ficheros\/documentos\/InfDiscrMusul_20201210.pdf\" target=\"_blank\" rel=\"noreferrer noopener\"><strong>Informe sobre la intolerancia y la discriminaci\u00f3n a los musulmanes en Espa\u00f1a<\/strong><\/a>&nbsp;del Observatorio del Racismo y la Xenofobia en Espa\u00f1a&nbsp;<a href=\"https:\/\/www.inclusion.gob.es\/oberaxe\/es\/index.htm\" target=\"_blank\" rel=\"noreferrer noopener\">(OBERAXE)<\/a>. El 87% de los encuestados asegura que entre las situaciones en las que perciben una mayor islamofobia es en el mercado inmobiliario.<\/p>\n\n\n\n<p dir=\"ltr\" style=\"font-size:18px\"><strong><span style=\"color:#ec4e35\" class=\"has-inline-color\">Urgen soluciones<\/span><\/strong><\/p>\n\n\n\n<p dir=\"ltr\">La b\u00fasqueda de soluciones a esta lacra que sufren las personas migrantes en nuestro pa\u00eds, entonces, se torna urgente. \u201c<strong>Limitar los abusivos precios del alquiler, limitar la gentrificaci\u00f3n de los centros, aumentar la dotaci\u00f3n presupuestaria de las ayudas al alquiler; crear un sistema extenso y fuerte de vivienda p\u00fablica, una ley integral de igualdad de trato y no discriminaci\u00f3n y por supuesto <\/strong><a href=\"https:\/\/provivienda.org\/nodiscriminacion\/te-han-discriminado\/\" target=\"_blank\" rel=\"noreferrer noopener\"><strong>\u00a1denunciar!<\/strong><\/a>\u00ab, asegura Juande.<\/p>\n\n\n\n<p dir=\"ltr\">\u201cDesde las organizaciones podemos presionar, visibilizar. Podemos hacer acciones de sensibilizaci\u00f3n, hacer informes, pero el peso lo tienen las administraciones. Son ellas las que se tiene que poner a trabajar para luchar contra la discriminaci\u00f3n. A trav\u00e9s de instrumentos legales y tambi\u00e9n de mecanismos que permitan a las v\u00edctimas denunciar\u201d.<\/p>\n\n\n\n<p dir=\"ltr\">Desde <a href=\"https:\/\/www.provivienda.org\/\" target=\"_blank\" rel=\"noreferrer noopener\">Provivienda<\/a> afirma que existe una gran falta de denuncia de estas situaciones. Resulta indispensable que las personas que sufran este tipo de situaciones las denuncien. Tambi\u00e9n, que se haga en el momento. Es normal que no se tengan ganas de reabrir situaciones dolorosas cuando estas ya han pasado.&nbsp;<strong>\u201cEs muy doloroso llegar a un pa\u00eds, querer salir adelante y hacer cada uno su vida en paz, y encontrarte con una discriminaci\u00f3n en un derecho humano tan b\u00e1sico como es la vivienda\u201d<\/strong>&nbsp;asegura Juande. Concluye: \u201cYo lo tengo claro, si un propietario o propietaria discrimina a una persona por su condici\u00f3n de migrante, su color de piel, origen o religi\u00f3n y no se hace nada, lo va a volver a hacer, a no ser que se act\u00fae\u201d.<\/p>\n","protected":false},"excerpt":{"rendered":"<p>Casi la mitad de la poblaci\u00f3n musulmana de Espa\u00f1a es migrante. Lo indica el \u00faltimo estudio demogr\u00e1fico realizado en 2019 por la Uni\u00f3n de Comunidades Isl\u00e1micas de Espa\u00f1a (UCIDE). Por ello, centrarse en \u00fanica y exclusivamente la lucha contra la islamofobia, sin atender a todos los factores de discriminaci\u00f3n que interseccionan a las personas musulmanas, &hellip;<\/p>\n","protected":false},"author":2,"featured_media":2761,"comment_status":"closed","ping_status":"closed","sticky":false,"template":"","format":"standard","meta":{"inline_featured_image":false,"footnotes":""},"categories":[65,52,56],"tags":[316,247,292,317,248,383],"ppma_author":[503],"class_list":["post-2754","post","type-post","status-publish","format-standard","has-post-thumbnail","hentry","category-derechos","category-reportajes","category-sociedad","tag-alquiler","tag-espana","tag-migrantes","tag-musulman","tag-racismo","tag--es"],"acf":[],"yoast_head":"<!-- This site is optimized with the Yoast SEO plugin v25.3.1 - https:\/\/yoast.com\/wordpress\/plugins\/seo\/ -->\n<title>Alquiler racista: &quot;Yo no alquilo a moros&quot;<\/title>\n<meta name=\"description\" content=\"Hablamos de racismo estructural. El ejemplo del alquiler racista es solo uno de los aspectos que afecta a las vidas de los migrantes.\" \/>\n<meta name=\"robots\" content=\"index, follow, max-snippet:-1, max-image-preview:large, max-video-preview:-1\" \/>\n<link rel=\"canonical\" href=\"https:\/\/baynana.es\/es\/alquiler-racista-yo-no-alquilo-a-moros\/\" \/>\n<meta property=\"og:locale\" content=\"es_ES\" \/>\n<meta property=\"og:type\" content=\"article\" \/>\n<meta property=\"og:title\" content=\"Alquiler racista: &quot;Yo no alquilo a moros&quot;\" \/>\n<meta property=\"og:description\" content=\"Hablamos de racismo estructural. El ejemplo del alquiler racista es solo uno de los aspectos que afecta a las vidas de los migrantes.\" \/>\n<meta property=\"og:url\" content=\"https:\/\/baynana.es\/es\/alquiler-racista-yo-no-alquilo-a-moros\/\" \/>\n<meta property=\"og:site_name\" content=\"Baynana \u0628\u064a\u0646\u0646\u0627\" \/>\n<meta property=\"article:publisher\" content=\"https:\/\/www.facebook.com\/baynanaes\" \/>\n<meta property=\"article:published_time\" content=\"2021-05-07T12:25:34+00:00\" \/>\n<meta property=\"article:modified_time\" content=\"2022-02-10T12:49:44+00:00\" \/>\n<meta property=\"og:image\" content=\"https:\/\/baynana.es\/wp-content\/uploads\/2021\/05\/DSC1875-e1644497375609.jpg\" \/>\n\t<meta property=\"og:image:width\" content=\"700\" \/>\n\t<meta property=\"og:image:height\" content=\"466\" \/>\n\t<meta property=\"og:image:type\" content=\"image\/jpeg\" \/>\n<meta name=\"author\" content=\"baynana\" \/>\n<meta name=\"twitter:card\" content=\"summary_large_image\" \/>\n<meta name=\"twitter:creator\" content=\"@baynanaes\" \/>\n<meta name=\"twitter:site\" content=\"@baynanaes\" \/>\n<meta name=\"twitter:label1\" content=\"Escrito por\" \/>\n\t<meta name=\"twitter:data1\" content=\"baynana\" \/>\n\t<meta name=\"twitter:label2\" content=\"Tiempo de lectura\" \/>\n\t<meta name=\"twitter:data2\" content=\"6 minutos\" \/>\n<script type=\"application\/ld+json\" class=\"yoast-schema-graph\">{\"@context\":\"https:\/\/schema.org\",\"@graph\":[{\"@type\":\"Article\",\"@id\":\"https:\/\/baynana.es\/es\/alquiler-racista-yo-no-alquilo-a-moros\/#article\",\"isPartOf\":{\"@id\":\"https:\/\/baynana.es\/es\/alquiler-racista-yo-no-alquilo-a-moros\/\"},\"author\":{\"name\":\"baynana\",\"@id\":\"https:\/\/baynana.es\/#\/schema\/person\/d743d5ffbf13ef7c04034c063666fe95\"},\"headline\":\"Alquiler racista: \u201cYo no alquilo a moros\u201d\",\"datePublished\":\"2021-05-07T12:25:34+00:00\",\"dateModified\":\"2022-02-10T12:49:44+00:00\",\"mainEntityOfPage\":{\"@id\":\"https:\/\/baynana.es\/es\/alquiler-racista-yo-no-alquilo-a-moros\/\"},\"wordCount\":1420,\"publisher\":{\"@id\":\"https:\/\/baynana.es\/#organization\"},\"image\":{\"@id\":\"https:\/\/baynana.es\/es\/alquiler-racista-yo-no-alquilo-a-moros\/#primaryimage\"},\"thumbnailUrl\":\"https:\/\/baynana.es\/wp-content\/uploads\/2021\/05\/DSC1875-e1644497375609.jpg\",\"keywords\":[\"Alquiler\",\"ESPA\u00d1A\",\"migrantes\",\"musulm\u00e1n\",\"Racismo\",\"\u0625\u0633\u0628\u0627\u0646\u064a\u0627\"],\"articleSection\":[\"DERECHOS\",\"REPORTAJES\",\"SOCIEDAD\"],\"inLanguage\":\"es\"},{\"@type\":\"WebPage\",\"@id\":\"https:\/\/baynana.es\/es\/alquiler-racista-yo-no-alquilo-a-moros\/\",\"url\":\"https:\/\/baynana.es\/es\/alquiler-racista-yo-no-alquilo-a-moros\/\",\"name\":\"Alquiler racista: \\\"Yo no alquilo a moros\\\"\",\"isPartOf\":{\"@id\":\"https:\/\/baynana.es\/#website\"},\"primaryImageOfPage\":{\"@id\":\"https:\/\/baynana.es\/es\/alquiler-racista-yo-no-alquilo-a-moros\/#primaryimage\"},\"image\":{\"@id\":\"https:\/\/baynana.es\/es\/alquiler-racista-yo-no-alquilo-a-moros\/#primaryimage\"},\"thumbnailUrl\":\"https:\/\/baynana.es\/wp-content\/uploads\/2021\/05\/DSC1875-e1644497375609.jpg\",\"datePublished\":\"2021-05-07T12:25:34+00:00\",\"dateModified\":\"2022-02-10T12:49:44+00:00\",\"description\":\"Hablamos de racismo estructural. El ejemplo del alquiler racista es solo uno de los aspectos que afecta a las vidas de los migrantes.\",\"breadcrumb\":{\"@id\":\"https:\/\/baynana.es\/es\/alquiler-racista-yo-no-alquilo-a-moros\/#breadcrumb\"},\"inLanguage\":\"es\",\"potentialAction\":[{\"@type\":\"ReadAction\",\"target\":[\"https:\/\/baynana.es\/es\/alquiler-racista-yo-no-alquilo-a-moros\/\"]}]},{\"@type\":\"ImageObject\",\"inLanguage\":\"es\",\"@id\":\"https:\/\/baynana.es\/es\/alquiler-racista-yo-no-alquilo-a-moros\/#primaryimage\",\"url\":\"https:\/\/baynana.es\/wp-content\/uploads\/2021\/05\/DSC1875-e1644497375609.jpg\",\"contentUrl\":\"https:\/\/baynana.es\/wp-content\/uploads\/2021\/05\/DSC1875-e1644497375609.jpg\",\"width\":700,\"height\":466,\"caption\":\"Una de las casas en alquiler en Madrid\"},{\"@type\":\"BreadcrumbList\",\"@id\":\"https:\/\/baynana.es\/es\/alquiler-racista-yo-no-alquilo-a-moros\/#breadcrumb\",\"itemListElement\":[{\"@type\":\"ListItem\",\"position\":1,\"name\":\"Portada\",\"item\":\"https:\/\/baynana.es\/es\/\"},{\"@type\":\"ListItem\",\"position\":2,\"name\":\"Alquiler racista: \u201cYo no alquilo a moros\u201d\"}]},{\"@type\":\"WebSite\",\"@id\":\"https:\/\/baynana.es\/#website\",\"url\":\"https:\/\/baynana.es\/\",\"name\":\"Baynana \u0628\u064a\u0646\u0646\u0627\",\"description\":\"Baynana Revista \u0645\u062c\u0644\u0629 \u0628\u064a\u0646\u0646\u0627\",\"publisher\":{\"@id\":\"https:\/\/baynana.es\/#organization\"},\"potentialAction\":[{\"@type\":\"SearchAction\",\"target\":{\"@type\":\"EntryPoint\",\"urlTemplate\":\"https:\/\/baynana.es\/?s={search_term_string}\"},\"query-input\":{\"@type\":\"PropertyValueSpecification\",\"valueRequired\":true,\"valueName\":\"search_term_string\"}}],\"inLanguage\":\"es\"},{\"@type\":\"Organization\",\"@id\":\"https:\/\/baynana.es\/#organization\",\"name\":\"\u0628\u064a\u0646\u0646\u0627 Baynana\",\"url\":\"https:\/\/baynana.es\/\",\"logo\":{\"@type\":\"ImageObject\",\"inLanguage\":\"es\",\"@id\":\"https:\/\/baynana.es\/#\/schema\/logo\/image\/\",\"url\":\"https:\/\/baynana.es\/wp-content\/uploads\/2021\/03\/Artboard-1.png\",\"contentUrl\":\"https:\/\/baynana.es\/wp-content\/uploads\/2021\/03\/Artboard-1.png\",\"width\":315,\"height\":228,\"caption\":\"\u0628\u064a\u0646\u0646\u0627 Baynana\"},\"image\":{\"@id\":\"https:\/\/baynana.es\/#\/schema\/logo\/image\/\"},\"sameAs\":[\"https:\/\/www.facebook.com\/baynanaes\",\"https:\/\/x.com\/baynanaes\",\"https:\/\/www.instagram.com\/baynanaes\/\",\"https:\/\/www.linkedin.com\/in\/baynana-\u0628\u064a\u0646\u0646\u0627-887599211\/\",\"https:\/\/www.youtube.com\/channel\/UC3019bsq5wOpi61SOufKxPA\"]},{\"@type\":\"Person\",\"@id\":\"https:\/\/baynana.es\/#\/schema\/person\/d743d5ffbf13ef7c04034c063666fe95\",\"name\":\"baynana\",\"image\":{\"@type\":\"ImageObject\",\"inLanguage\":\"es\",\"@id\":\"https:\/\/baynana.es\/#\/schema\/person\/image\/2fdb3ad168978c52d9db4d0a4825fb0a\",\"url\":\"https:\/\/baynana.es\/wp-content\/uploads\/2022\/04\/baynana-A011-96x96.png\",\"contentUrl\":\"https:\/\/baynana.es\/wp-content\/uploads\/2022\/04\/baynana-A011-96x96.png\",\"caption\":\"baynana\"},\"description\":\"Baynana es un medio online biling\u00fce -en \u00e1rabe y espa\u00f1ol- que apuesta por el periodismo social y de servicio p\u00fablico. Nuestra revista aspira a ofrecer informaci\u00f3n de utilidad a la comunidad arab\u00f3fona en Espa\u00f1a y, al mismo tiempo, tender puentes entre las personas migrantes, refugiadas y espa\u00f1olas de origen extranjero, y el resto de la poblaci\u00f3n.\",\"sameAs\":[\"http:\/\/moussa\"],\"url\":\"https:\/\/baynana.es\/es\/author\/moussa\/\"}]}<\/script>\n<!-- \/ Yoast SEO plugin. -->","yoast_head_json":{"title":"Alquiler racista: \"Yo no alquilo a moros\"","description":"Hablamos de racismo estructural. El ejemplo del alquiler racista es solo uno de los aspectos que afecta a las vidas de los migrantes.","robots":{"index":"index","follow":"follow","max-snippet":"max-snippet:-1","max-image-preview":"max-image-preview:large","max-video-preview":"max-video-preview:-1"},"canonical":"https:\/\/baynana.es\/es\/alquiler-racista-yo-no-alquilo-a-moros\/","og_locale":"es_ES","og_type":"article","og_title":"Alquiler racista: \"Yo no alquilo a moros\"","og_description":"Hablamos de racismo estructural. El ejemplo del alquiler racista es solo uno de los aspectos que afecta a las vidas de los migrantes.","og_url":"https:\/\/baynana.es\/es\/alquiler-racista-yo-no-alquilo-a-moros\/","og_site_name":"Baynana \u0628\u064a\u0646\u0646\u0627","article_publisher":"https:\/\/www.facebook.com\/baynanaes","article_published_time":"2021-05-07T12:25:34+00:00","article_modified_time":"2022-02-10T12:49:44+00:00","og_image":[{"width":700,"height":466,"url":"https:\/\/baynana.es\/wp-content\/uploads\/2021\/05\/DSC1875-e1644497375609.jpg","type":"image\/jpeg"}],"author":"baynana","twitter_card":"summary_large_image","twitter_creator":"@baynanaes","twitter_site":"@baynanaes","twitter_misc":{"Escrito por":"baynana","Tiempo de lectura":"6 minutos"},"schema":{"@context":"https:\/\/schema.org","@graph":[{"@type":"Article","@id":"https:\/\/baynana.es\/es\/alquiler-racista-yo-no-alquilo-a-moros\/#article","isPartOf":{"@id":"https:\/\/baynana.es\/es\/alquiler-racista-yo-no-alquilo-a-moros\/"},"author":{"name":"baynana","@id":"https:\/\/baynana.es\/#\/schema\/person\/d743d5ffbf13ef7c04034c063666fe95"},"headline":"Alquiler racista: \u201cYo no alquilo a moros\u201d","datePublished":"2021-05-07T12:25:34+00:00","dateModified":"2022-02-10T12:49:44+00:00","mainEntityOfPage":{"@id":"https:\/\/baynana.es\/es\/alquiler-racista-yo-no-alquilo-a-moros\/"},"wordCount":1420,"publisher":{"@id":"https:\/\/baynana.es\/#organization"},"image":{"@id":"https:\/\/baynana.es\/es\/alquiler-racista-yo-no-alquilo-a-moros\/#primaryimage"},"thumbnailUrl":"https:\/\/baynana.es\/wp-content\/uploads\/2021\/05\/DSC1875-e1644497375609.jpg","keywords":["Alquiler","ESPA\u00d1A","migrantes","musulm\u00e1n","Racismo","\u0625\u0633\u0628\u0627\u0646\u064a\u0627"],"articleSection":["DERECHOS","REPORTAJES","SOCIEDAD"],"inLanguage":"es"},{"@type":"WebPage","@id":"https:\/\/baynana.es\/es\/alquiler-racista-yo-no-alquilo-a-moros\/","url":"https:\/\/baynana.es\/es\/alquiler-racista-yo-no-alquilo-a-moros\/","name":"Alquiler racista: \"Yo no alquilo a moros\"","isPartOf":{"@id":"https:\/\/baynana.es\/#website"},"primaryImageOfPage":{"@id":"https:\/\/baynana.es\/es\/alquiler-racista-yo-no-alquilo-a-moros\/#primaryimage"},"image":{"@id":"https:\/\/baynana.es\/es\/alquiler-racista-yo-no-alquilo-a-moros\/#primaryimage"},"thumbnailUrl":"https:\/\/baynana.es\/wp-content\/uploads\/2021\/05\/DSC1875-e1644497375609.jpg","datePublished":"2021-05-07T12:25:34+00:00","dateModified":"2022-02-10T12:49:44+00:00","description":"Hablamos de racismo estructural. El ejemplo del alquiler racista es solo uno de los aspectos que afecta a las vidas de los migrantes.","breadcrumb":{"@id":"https:\/\/baynana.es\/es\/alquiler-racista-yo-no-alquilo-a-moros\/#breadcrumb"},"inLanguage":"es","potentialAction":[{"@type":"ReadAction","target":["https:\/\/baynana.es\/es\/alquiler-racista-yo-no-alquilo-a-moros\/"]}]},{"@type":"ImageObject","inLanguage":"es","@id":"https:\/\/baynana.es\/es\/alquiler-racista-yo-no-alquilo-a-moros\/#primaryimage","url":"https:\/\/baynana.es\/wp-content\/uploads\/2021\/05\/DSC1875-e1644497375609.jpg","contentUrl":"https:\/\/baynana.es\/wp-content\/uploads\/2021\/05\/DSC1875-e1644497375609.jpg","width":700,"height":466,"caption":"Una de las casas en alquiler en Madrid"},{"@type":"BreadcrumbList","@id":"https:\/\/baynana.es\/es\/alquiler-racista-yo-no-alquilo-a-moros\/#breadcrumb","itemListElement":[{"@type":"ListItem","position":1,"name":"Portada","item":"https:\/\/baynana.es\/es\/"},{"@type":"ListItem","position":2,"name":"Alquiler racista: \u201cYo no alquilo a moros\u201d"}]},{"@type":"WebSite","@id":"https:\/\/baynana.es\/#website","url":"https:\/\/baynana.es\/","name":"Baynana \u0628\u064a\u0646\u0646\u0627","description":"Baynana Revista \u0645\u062c\u0644\u0629 \u0628\u064a\u0646\u0646\u0627","publisher":{"@id":"https:\/\/baynana.es\/#organization"},"potentialAction":[{"@type":"SearchAction","target":{"@type":"EntryPoint","urlTemplate":"https:\/\/baynana.es\/?s={search_term_string}"},"query-input":{"@type":"PropertyValueSpecification","valueRequired":true,"valueName":"search_term_string"}}],"inLanguage":"es"},{"@type":"Organization","@id":"https:\/\/baynana.es\/#organization","name":"\u0628\u064a\u0646\u0646\u0627 Baynana","url":"https:\/\/baynana.es\/","logo":{"@type":"ImageObject","inLanguage":"es","@id":"https:\/\/baynana.es\/#\/schema\/logo\/image\/","url":"https:\/\/baynana.es\/wp-content\/uploads\/2021\/03\/Artboard-1.png","contentUrl":"https:\/\/baynana.es\/wp-content\/uploads\/2021\/03\/Artboard-1.png","width":315,"height":228,"caption":"\u0628\u064a\u0646\u0646\u0627 Baynana"},"image":{"@id":"https:\/\/baynana.es\/#\/schema\/logo\/image\/"},"sameAs":["https:\/\/www.facebook.com\/baynanaes","https:\/\/x.com\/baynanaes","https:\/\/www.instagram.com\/baynanaes\/","https:\/\/www.linkedin.com\/in\/baynana-\u0628\u064a\u0646\u0646\u0627-887599211\/","https:\/\/www.youtube.com\/channel\/UC3019bsq5wOpi61SOufKxPA"]},{"@type":"Person","@id":"https:\/\/baynana.es\/#\/schema\/person\/d743d5ffbf13ef7c04034c063666fe95","name":"baynana","image":{"@type":"ImageObject","inLanguage":"es","@id":"https:\/\/baynana.es\/#\/schema\/person\/image\/2fdb3ad168978c52d9db4d0a4825fb0a","url":"https:\/\/baynana.es\/wp-content\/uploads\/2022\/04\/baynana-A011-96x96.png","contentUrl":"https:\/\/baynana.es\/wp-content\/uploads\/2022\/04\/baynana-A011-96x96.png","caption":"baynana"},"description":"Baynana es un medio online biling\u00fce -en \u00e1rabe y espa\u00f1ol- que apuesta por el periodismo social y de servicio p\u00fablico. Nuestra revista aspira a ofrecer informaci\u00f3n de utilidad a la comunidad arab\u00f3fona en Espa\u00f1a y, al mismo tiempo, tender puentes entre las personas migrantes, refugiadas y espa\u00f1olas de origen extranjero, y el resto de la poblaci\u00f3n.","sameAs":["http:\/\/moussa"],"url":"https:\/\/baynana.es\/es\/author\/moussa\/"}]}},"authors":[{"term_id":503,"user_id":2,"is_guest":0,"slug":"moussa","display_name":"baynana","avatar_url":"https:\/\/baynana.es\/wp-content\/uploads\/2022\/04\/baynana-A011-96x96.png","author_category":"","first_name":"Moussa","last_name":"Al jamaat","user_url":"http:\/\/moussa","job_title":"","description":"Baynana es un medio online biling\u00fce -en \u00e1rabe y espa\u00f1ol- que apuesta por el periodismo social y de servicio p\u00fablico. Nuestra revista aspira a ofrecer informaci\u00f3n de utilidad a la comunidad arab\u00f3fona en Espa\u00f1a y, al mismo tiempo, tender puentes entre las personas migrantes, refugiadas y espa\u00f1olas de origen extranjero, y el resto de la poblaci\u00f3n."}],"_links":{"self":[{"href":"https:\/\/baynana.es\/es\/wp-json\/wp\/v2\/posts\/2754","targetHints":{"allow":["GET"]}}],"collection":[{"href":"https:\/\/baynana.es\/es\/wp-json\/wp\/v2\/posts"}],"about":[{"href":"https:\/\/baynana.es\/es\/wp-json\/wp\/v2\/types\/post"}],"author":[{"embeddable":true,"href":"https:\/\/baynana.es\/es\/wp-json\/wp\/v2\/users\/2"}],"replies":[{"embeddable":true,"href":"https:\/\/baynana.es\/es\/wp-json\/wp\/v2\/comments?post=2754"}],"version-history":[{"count":2,"href":"https:\/\/baynana.es\/es\/wp-json\/wp\/v2\/posts\/2754\/revisions"}],"predecessor-version":[{"id":4746,"href":"https:\/\/baynana.es\/es\/wp-json\/wp\/v2\/posts\/2754\/revisions\/4746"}],"wp:featuredmedia":[{"embeddable":true,"href":"https:\/\/baynana.es\/es\/wp-json\/wp\/v2\/media\/2761"}],"wp:attachment":[{"href":"https:\/\/baynana.es\/es\/wp-json\/wp\/v2\/media?parent=2754"}],"wp:term":[{"taxonomy":"category","embeddable":true,"href":"https:\/\/baynana.es\/es\/wp-json\/wp\/v2\/categories?post=2754"},{"taxonomy":"post_tag","embeddable":true,"href":"https:\/\/baynana.es\/es\/wp-json\/wp\/v2\/tags?post=2754"},{"taxonomy":"author","embeddable":true,"href":"https:\/\/baynana.es\/es\/wp-json\/wp\/v2\/ppma_author?post=2754"}],"curies":[{"name":"wp","href":"https:\/\/api.w.org\/{rel}","templated":true}]}}