{"id":3073,"date":"2021-07-05T17:17:23","date_gmt":"2021-07-05T15:17:23","guid":{"rendered":"https:\/\/baynana.es\/?p=3073"},"modified":"2022-02-23T11:59:29","modified_gmt":"2022-02-23T10:59:29","slug":"las-leyes-que-empobrecen-y-matan-a-inmigrantes-y-personas-que-sufren-racismo","status":"publish","type":"post","link":"https:\/\/baynana.es\/es\/las-leyes-que-empobrecen-y-matan-a-inmigrantes-y-personas-que-sufren-racismo\/","title":{"rendered":"\u201cLas leyes que empobrecen y matan a inmigrantes y personas que sufren racismo siguen vigentes\u201d"},"content":{"rendered":"\n<p dir=\"ltr\">\u201cEn Espa\u00f1a el racismo no es como en EE.UU\u201d, se suele escuchar con frecuencia, generalmente por parte de quienes no lo padecen. Sin embargo, nuestro entrevistado de hoy dedica gran parte de su tiempo a combatir esta lacra\u00a0y a visibilizar que \u201cEspa\u00f1a tiene su propia relaci\u00f3n con el racismo\u201d, con leyes y racismo institucional, entre otras cosas. En estos \u00faltimos meses hace especial hincapi\u00e9 en la pandemia, porque considera que esta no afecta de igual forma a todas las personas. Sobre ello, public\u00f3 un <a href=\"http:\/\/www.rightsinternationalspain.org\/uploads\/publicacion\/d0b782ac0452e9052241b17a646df19ad4edf12c.pdf\" target=\"_blank\" rel=\"noreferrer noopener\">informe <\/a>para <a href=\"http:\/\/www.rightsinternationalspain.org\" target=\"_blank\" rel=\"noreferrer noopener\">Rights International Spain<\/a> junto al Equipo del Decenio Afrodescendiente. <\/p>\n\n\n\n<p dir=\"ltr\"><a href=\"https:\/\/twitter.com\/ymouled?s=20\" target=\"_blank\" rel=\"noreferrer noopener\">Youssef M. Ouled<\/a> tiene 27 a\u00f1os, es natural del <a href=\"https:\/\/ymouled.wordpress.com\/2018\/07\/02\/la-dignidad-que-nos-devolvio-el-hirak\/?preview_id=2529&amp;preview_nonce=5ed0705e25&amp;preview=true&amp;_thumbnail_id=2530\" target=\"_blank\" rel=\"noreferrer noopener\">Rif<\/a>, una regi\u00f3n ubicada en la provincia de Alhucemas, al norte de Marruecos. Le gusta definirse como una persona que proviene del campo, periodista y activista antirracista. Lleg\u00f3 a Espa\u00f1a con su familia en 1999 y, a excepci\u00f3n de los tres a\u00f1os que vivi\u00f3 en Valencia, ha residido en Madrid desde entonces. Estudi\u00f3 periodismo en la Universidad Rey Juan Carlos, donde se gradu\u00f3 en 2017. En el primer a\u00f1o sent\u00eda atracci\u00f3n por el periodismo deportivo pero m\u00e1s tarde se dio cuenta de que esto no era lo que quer\u00eda hacer el resto de su vida.<\/p>\n\n\n\n<p dir=\"ltr\">Tras la escalada del racismo en Espa\u00f1a y el reciente asesinato por motivos raciales de <a href=\"https:\/\/elpais.com\/espana\/2021-06-16\/younes-bilal-a-su-asesino-que-problema-tienes-con-los-moros-respetanos.html?outputType=amp&amp;ssm=TW_CC&amp;__twitter_impression=true\" target=\"_blank\" rel=\"noreferrer noopener\">Younes Bilal<\/a>, la revista Baynana le entrevista para conocer sus impresiones acerca del impacto de un problema como el racismo en las instituciones y en la sociedad, el papel de los medios de comunicaci\u00f3n, la <a href=\"https:\/\/baynana.es\/es\/menores-extranjeros-contra-odio\/\" target=\"_blank\" rel=\"noreferrer noopener\">agenda pol\u00edtica<\/a> y las organizaciones antirracistas. Tambi\u00e9n hablamos con \u00e9l de los avances y retrocesos en esta materia.<\/p>\n\n\n\n<p dir=\"ltr\" style=\"font-size:18px\"><strong><span style=\"color:#ec4e35\" class=\"has-inline-color\">\u00bfC\u00f3mo explicar\u00eda la lacra del racismo a personas que niegan que exista ese problema?<\/span><\/strong><\/p>\n\n\n\n<p dir=\"ltr\">Las realidades de las personas que vivimos el racismo son totalmente opuestas a lo que nos dicen desde diferentes instituciones. El racismo est\u00e1 presente en la escuela desde el momento en que leemos una historia que es diferente a la que nos han contado nuestros padres y nuestros antepasados. Se habla del colonialismo de una forma rom\u00e1ntica o se considera un hecho aislado que no ha tenido consecuencias posteriores. Adem\u00e1s, desde muy peque\u00f1itos nos meten en la cabeza que el colonialismo fue una cosa buena para los colonizados.<\/p>\n\n\n\n<p dir=\"ltr\">En esas mismas escuelas se segrega cuando separan a alumnos gitanos, moros y negros por un lado, y a las personas espa\u00f1olas blancas por otro lado, porque dicen que rebajan el nivel del resto. Sufrimos racismo en la calle cuando la Polic\u00eda nos controla por nuestro aspecto o color de piel. Sufrimos racismo cuando encendemos la tele y vemos que hablan de nosotros como si fu\u00e9ramos criminales, como cifras. Deshumanizados. Adem\u00e1s, no somos individuos, somos un grupo homog\u00e9neo y nuestros actos son los de nuestros semejantes, al contrario que el resto de la sociedad.<\/p>\n\n\n\n<p dir=\"ltr\">Tenemos una pol\u00edtica migratoria y una ley en concreto, la Ley de Extranjer\u00eda, que genera diferentes categor\u00edas de personas: personas con derechos y personas sin derechos. Las personas sin papeles en Espa\u00f1a tienen que vivir sin derecho a trabajar sin ning\u00fan tipo de protecci\u00f3n. Se les somete a este r\u00e9gimen para que se les pueda explotar laboralmente, en los campos o en cualquier otro trabajo que requiera mano de obra migrante y barata.<\/p>\n\n\n\n<p dir=\"ltr\">Estos son ejemplos que ilustran un problema estructural, el problema es de todo el sistema.<\/p>\n\n\n\n<p dir=\"ltr\" style=\"font-size:18px\"><strong><span style=\"color:#ec4e35\" class=\"has-inline-color\">Para quienes no conocen el t\u00e9rmino, \u00bfde qu\u00e9 hablamos cuando hablamos de \u201cperfilamiento racial\u201d ?<\/span><\/strong><\/p>\n\n\n\n<p dir=\"ltr\">Cuando hablamos de perfilamiento racial por parte de la Polic\u00eda, estamos hablando es de que las fuerzas y Cuerpos de Seguridad del Estado no te paran por lo que t\u00fa has hecho o por cometer un delito, sino por tu aspecto, tu color de piel. El agente no est\u00e1 movido por una sospecha objetiva, sino movido por un criterio racista. Estas paradas tienen muchas consecuencias: psicol\u00f3gicas, a la hora de conseguir papeles porque una parada por perfil racial estando en situaci\u00f3n irregular puede acabar en denuncia, en un CIE o deportado, consecuencias f\u00edsicas, en la salud mental&#8230; En definitiva, no disfrutas de los derechos y libertades del resto de personas.<\/p>\n\n\n\n<p dir=\"ltr\">Esto genera que no te puedas mover en la calle porque en cualquier momento te van a parar, te van a cachear, te van a humillar p\u00fablicamente y te van a criminalizar. Al final, esta pr\u00e1ctica lo que hace es vincular el crimen con las personas que no son blancas. Se le est\u00e1 diciendo al resto de las personas que no lo sufren que estas personas con esta condici\u00f3n racial, son peligrosas y hay que pararlas, hay que controlarlas. La gente acaba asociando la condici\u00f3n racial con el crimen. La polic\u00eda est\u00e1 construyendo una definici\u00f3n de lo que es el peligro.<\/p>\n\n\n\n<p dir=\"ltr\">Los datos nos dicen que las personas gitanas, negras, \u00e1rabes, musulmanas, latinoamericanas son paradas entre 7, 8, 10 veces m\u00e1s que una persona blanca. Las paradas por perfil racial tienen una raz\u00f3n de ser, se hacen porque se quiere tener a las personas migrantes y racializadas sometidas, controladas, impedir que se organicen y luchen por sus derechos. Estas paradas son un mecanismo m\u00e1s del racismo institucional.<\/p>\n\n\n\n<p dir=\"ltr\" style=\"font-size:18px\"><strong><span style=\"color:#ec4e35\" class=\"has-inline-color\">Dentro del movimiento antiracista, \u00bfqu\u00e9 problemas principales percibe y qu\u00e9 cosas le hacen sentir esperanza?<\/span><\/strong><\/p>\n\n\n\n<p dir=\"ltr\">Yo creo que un problema importantes dentro del antirracismo es no darnos cuenta de que estamos luchando contra una desigualdad y una discriminaci\u00f3n que se genera desde las instituciones del Estado. Hay que tener esto muy presente.<\/p>\n\n\n\n<p dir=\"ltr\">Lo que da esperanza es que la gente tiene cada vez m\u00e1s conciencia sobre lo que es el racismo, su gravedad y la necesidad de luchar contra \u00e9l. En los \u00faltimos a\u00f1os lo estamos viendo.<\/p>\n\n\n\n<p dir=\"ltr\" style=\"font-size:18px\"><span style=\"color:#ec4e35\" class=\"has-inline-color\"><strong>\u00bfCree que el antirracismo es una prioridad real en la agenda pol\u00edtica en este pa\u00eds tanto a nivel institucional como a nivel asociativo (movimientos sociales, ONG)?<\/strong>&nbsp;<\/span><\/p>\n\n\n\n<p dir=\"ltr\">El antirracismo no es una prioridad, pero sin embargo, como dec\u00eda antes, cada vez hay mayor conciencia sobre la necesidad de ser antirracistas. Por otro lado, tenemos unas instituciones racistas, porque el racismo no se entiende sin la instituci\u00f3n que lo produce. El racismo social, lo que encontramos en la calle, en nuestra comunidad de vecinos, es una consecuencia del racismo institucional. Por mucho que ahora haya un gobierno m\u00e1s progresista que el que hab\u00eda hace unos a\u00f1os, la situaci\u00f3n no cambia para mejor. La gente reduce el racismo a una cuesti\u00f3n interpersonal, a que otra persona te insulte, te discrimine por tu religi\u00f3n, por tu color de piel. Y no, no son capaces de vincular el racismo con las instituciones y con el poder, que es el principal productor del mismo. Dicho esto, creo que se est\u00e1 haciendo un trabajo muy importante de denuncia y visibilizaci\u00f3n desde diferentes organizaciones en defensa de los derechos humanos y desde los diferentes espacios antirracistas.<\/p>\n\n\n\n<p dir=\"ltr\" style=\"font-size:18px\"><strong><span style=\"color:#ec4e35\" class=\"has-inline-color\">El racismo es un problema que afecta a toda la sociedad, empezando por las personas racializadas, pero tambi\u00e9n por las que no lo son. \u00bfPor qu\u00e9 es importante que la sociedad entienda el problema del racismo y la islamofobia?<\/span><\/strong><\/p>\n\n\n\n<p dir=\"ltr\">Todas las sociedades est\u00e1n obligadas a luchar contra el racismo. Es un ejercicio de reparaci\u00f3n para con las comunidades migrantes y racializadas que sufren el racismo desde hace siglos. Espa\u00f1a tiene una historia que lo refleja muy bien, una historia antimusulmana, una historia antigitana, una historia de colonialismo, de esclavitud. Y no s\u00f3lo no reconoce esa historia, sino que no da ning\u00fan paso para reparar estos agravios hist\u00f3ricos. Se tiene que hacer una profunda reflexi\u00f3n sobre en qu\u00e9 tipo de sociedad en el que se quiere vivir, en una en la que existan diferentes categor\u00edas de personas o en una en la que verdaderamente seamos iguales.<\/p>\n\n\n\n<p dir=\"ltr\" style=\"font-size:18px\"><span style=\"color:#ec4e35\" class=\"has-inline-color\"><strong>\u00bfQu\u00e9 avances y qu\u00e9 retrocesos ve usted en Espa\u00f1a respecto al racismo?<\/strong>&nbsp;<\/span><\/p>\n\n\n\n<p dir=\"ltr\">Esa conciencia que nombraba antes est\u00e1 obligando a que cada vez las instituciones est\u00e9n m\u00e1s presionadas a la hora de hacer pol\u00edticas m\u00e1s igualitarias, pero son concesiones m\u00ednimas y s\u00f3lo abordan las consecuencias, no las causas estructurales que las generan.<\/p>\n\n\n\n<p dir=\"ltr\">La sociedad va cambiando en el sentido de que cada vez se toleran menos ciertos comportamientos racistas. Pero no es suficiente, porque lo que de verdad condiciona la vida de las personas migrantes y racializadas no var\u00eda, no cambia. Las leyes que empobrecen y matan a las personas migrantes y racializadas siguen ah\u00ed. Un ejemplo es la Ley de Extranjer\u00eda, pero no \u00fanicamente. La Polic\u00eda sigue parando, controlando y acosando a las personas migrantes y racializadas. Contin\u00faa la segregaci\u00f3n escolar, a la hora de acceder a una vivienda. Si eres una persona migrante o racializada en la calle puedes sufrir una agresi\u00f3n racista en cualquier momento, ser asesinado por ello, como le pas\u00f3 a Younes Bilal hace unos d\u00edas, o como le pas\u00f3 a <a href=\"https:\/\/www.google.com\/amp\/s\/www.lavanguardia.com\/local\/madrid\/20180215\/44799213080\/condenado-a-16-anos-de-carcel-guardia-civil-que-tiroteo-a-marroqui-en-la-a-3.html%3ffacet=amp\" target=\"_blank\" rel=\"noreferrer noopener\">Younes Slimani<\/a> en 2016.<\/p>\n\n\n\n<p dir=\"ltr\" style=\"font-size:18px\"><strong><span style=\"color:#ec4e35\" class=\"has-inline-color\">\u00bfC\u00f3mo pueden combatir el racismo las personas que creen que este tema no les afecta o no les incumbe?<\/span><\/strong><\/p>\n\n\n\n<p dir=\"ltr\">Es importante escuchar a las personas que luchan contra el racismo desde su condici\u00f3n de racializados. Escuchar y luego tambi\u00e9n ver qu\u00e9 se est\u00e1 pidiendo desde el antirracismo. Y entender tambi\u00e9n que \u00e9sta es una lucha de todos y de todas pero teniendo claro que quienes est\u00e1n en primera fila son las personas migrantes y racializadas. Acompa\u00f1ando y entendiendo que al final el racismo es un problema de todos, no solamente de quienes lo sufren, solo entendiendo eso vamos a ser capaces de organizarnos contra de esta violencia.<\/p>\n\n\n\n<p dir=\"ltr\" style=\"font-size:18px\"><strong><span style=\"color:#ec4e35\" class=\"has-inline-color\">\u00bfCu\u00e1l cree que es el papel actual de los medios respecto al racismo en Espa\u00f1a?<\/span><\/strong><\/p>\n\n\n\n<p dir=\"ltr\">Creo que los medios de comunicaci\u00f3n tienen mucha responsabilidad en el racismo. Los tratamientos medi\u00e1ticos que encontramos se basan en estereotipos, en prejuicios, en criminalizar a las poblaciones racializadas e inmigrantes. Tambi\u00e9n en presentarlos o bien como peligrosos, como personas que generan inseguridad, o bien como v\u00edctimas. Nunca nos presentan como sujetos pol\u00edticos con capacidad de hablar, de argumentar. Tampoco como personas que formamos parte de esta sociedad; estamos muy encasillados en ese tratamiento y desde ah\u00ed se contribuye a normalizar y reproducir el racismo constantemente.<\/p>\n\n\n\n<p dir=\"ltr\" style=\"font-size:18px\"><strong><span style=\"color:#ec4e35\" class=\"has-inline-color\">\u00bfCu\u00e1l cree que deber\u00eda ser el papel de los medios?<\/span><\/strong><\/p>\n\n\n\n<p dir=\"ltr\">Creo que los medios de comunicaci\u00f3n deber\u00edan hacer otra cosa totalmente diferente a lo que est\u00e1n haciendo. Deber\u00edan hacer tratamientos de cuestiones que tienen que ver con las personas migrantes y con las personas racializadas desde un enfoque m\u00e1s humano. Que no se base en la sospecha ni en criminalizar, que no reproduzca estereotipos, prejuicios, porque eso acaba en la opini\u00f3n general de la sociedad.<\/p>\n\n\n\n<p dir=\"ltr\">Se tiene que dar espacio a las personas migrantes y racializadas. Porque Espa\u00f1a no es un pa\u00eds blanco, es un pa\u00eds con mucha diversidad y esto no se refleja en los medios de comunicaci\u00f3n. Y cuando digo dar espacio no me refiero a lo que hacen a mostrar al inmigrante estereotipado, v\u00edctima, pobrecito que mal lo est\u00e1 pasando, qu\u00e9 pena&#8230; Hay mucho que trabajar dentro de los medios de comunicaci\u00f3n.<br><\/p>\n\n\n\n<figure class=\"wp-block-embed is-type-video is-provider-youtube wp-block-embed-youtube wp-embed-aspect-16-9 wp-has-aspect-ratio\"><div class=\"wp-block-embed__wrapper\">\n<iframe loading=\"lazy\" title=\"La charla del activista Youssef M Ouled sobre el racismo en Espa\u00f1a\" width=\"500\" height=\"281\" src=\"https:\/\/www.youtube.com\/embed\/ujwkm1o9B1M?feature=oembed\" frameborder=\"0\" allow=\"accelerometer; autoplay; clipboard-write; encrypted-media; gyroscope; picture-in-picture; web-share\" referrerpolicy=\"strict-origin-when-cross-origin\" allowfullscreen><\/iframe>\n<\/div><figcaption>Youssef habla de unos cr\u00edmenes racistas que pasaron en Espa\u00f1a<\/figcaption><\/figure>\n","protected":false},"excerpt":{"rendered":"<p>\u201cEn Espa\u00f1a el racismo no es como en EE.UU\u201d, se suele escuchar con frecuencia, generalmente por parte de quienes no lo padecen. Sin embargo, nuestro entrevistado de hoy dedica gran parte de su tiempo a combatir esta lacra\u00a0y a visibilizar que \u201cEspa\u00f1a tiene su propia relaci\u00f3n con el racismo\u201d, con leyes y racismo institucional, entre &hellip;<\/p>\n","protected":false},"author":6,"featured_media":3070,"comment_status":"closed","ping_status":"closed","sticky":false,"template":"","format":"standard","meta":{"inline_featured_image":false,"footnotes":""},"categories":[65,11,56],"tags":[233,313,248,91,500],"ppma_author":[506],"class_list":["post-3073","post","type-post","status-publish","format-standard","has-post-thumbnail","hentry","category-derechos","category-inicio","category-sociedad","tag-madrid","tag-migraciones","tag-racismo","tag-revista-baynana","tag--es"],"acf":[],"yoast_head":"<!-- This site is optimized with the Yoast SEO plugin v25.3.1 - https:\/\/yoast.com\/wordpress\/plugins\/seo\/ -->\n<title>\u201cLas leyes que empobrecen y matan a inmigrantes siguen vigentes\u201d<\/title>\n<meta name=\"description\" content=\"El periodista y activista antirracista Youssef Maai Ouled-Chayab habla sobre la relaci\u00f3n de Espa\u00f1a con el racismo y las leyes que lo permiten.\" \/>\n<meta name=\"robots\" content=\"index, follow, max-snippet:-1, max-image-preview:large, max-video-preview:-1\" \/>\n<link rel=\"canonical\" href=\"https:\/\/baynana.es\/es\/las-leyes-que-empobrecen-y-matan-a-inmigrantes-y-personas-que-sufren-racismo\/\" \/>\n<meta property=\"og:locale\" content=\"es_ES\" \/>\n<meta property=\"og:type\" content=\"article\" \/>\n<meta property=\"og:title\" content=\"\u201cLas leyes que empobrecen y matan a inmigrantes siguen vigentes\u201d\" \/>\n<meta property=\"og:description\" content=\"El periodista y activista antirracista Youssef Maai Ouled-Chayab habla sobre la relaci\u00f3n de Espa\u00f1a con el racismo y las leyes que lo permiten.\" \/>\n<meta property=\"og:url\" content=\"https:\/\/baynana.es\/es\/las-leyes-que-empobrecen-y-matan-a-inmigrantes-y-personas-que-sufren-racismo\/\" \/>\n<meta property=\"og:site_name\" content=\"Baynana \u0628\u064a\u0646\u0646\u0627\" \/>\n<meta property=\"article:publisher\" content=\"https:\/\/www.facebook.com\/baynanaes\" \/>\n<meta property=\"article:published_time\" content=\"2021-07-05T15:17:23+00:00\" \/>\n<meta property=\"article:modified_time\" content=\"2022-02-23T10:59:29+00:00\" \/>\n<meta property=\"og:image\" content=\"https:\/\/baynana.es\/wp-content\/uploads\/2021\/07\/DSC_5764-1024x681.jpg\" \/>\n\t<meta property=\"og:image:width\" content=\"1024\" \/>\n\t<meta property=\"og:image:height\" content=\"681\" \/>\n\t<meta property=\"og:image:type\" content=\"image\/jpeg\" \/>\n<meta name=\"author\" content=\"Okba Mohammad\" \/>\n<meta name=\"twitter:card\" content=\"summary_large_image\" \/>\n<meta name=\"twitter:image\" content=\"https:\/\/baynana.es\/wp-content\/uploads\/2021\/07\/DSC_5764-scaled.jpg\" \/>\n<meta name=\"twitter:creator\" content=\"@OkbaMohammad\" \/>\n<meta name=\"twitter:site\" content=\"@baynanaes\" \/>\n<meta name=\"twitter:label1\" content=\"Escrito por\" \/>\n\t<meta name=\"twitter:data1\" content=\"Okba Mohammad\" \/>\n\t<meta name=\"twitter:label2\" content=\"Tiempo de lectura\" \/>\n\t<meta name=\"twitter:data2\" content=\"9 minutos\" \/>\n<script type=\"application\/ld+json\" class=\"yoast-schema-graph\">{\"@context\":\"https:\/\/schema.org\",\"@graph\":[{\"@type\":\"Article\",\"@id\":\"https:\/\/baynana.es\/es\/las-leyes-que-empobrecen-y-matan-a-inmigrantes-y-personas-que-sufren-racismo\/#article\",\"isPartOf\":{\"@id\":\"https:\/\/baynana.es\/es\/las-leyes-que-empobrecen-y-matan-a-inmigrantes-y-personas-que-sufren-racismo\/\"},\"author\":{\"name\":\"Okba Mohammad\",\"@id\":\"https:\/\/baynana.es\/#\/schema\/person\/2beac5545c08e1117a9ce409cfb3c754\"},\"headline\":\"\u201cLas leyes que empobrecen y matan a inmigrantes y personas que sufren racismo siguen vigentes\u201d\",\"datePublished\":\"2021-07-05T15:17:23+00:00\",\"dateModified\":\"2022-02-23T10:59:29+00:00\",\"mainEntityOfPage\":{\"@id\":\"https:\/\/baynana.es\/es\/las-leyes-que-empobrecen-y-matan-a-inmigrantes-y-personas-que-sufren-racismo\/\"},\"wordCount\":1941,\"publisher\":{\"@id\":\"https:\/\/baynana.es\/#organization\"},\"image\":{\"@id\":\"https:\/\/baynana.es\/es\/las-leyes-que-empobrecen-y-matan-a-inmigrantes-y-personas-que-sufren-racismo\/#primaryimage\"},\"thumbnailUrl\":\"https:\/\/baynana.es\/wp-content\/uploads\/2021\/07\/DSC_5764-scaled.jpg\",\"keywords\":[\"Madrid\",\"migraciones\",\"Racismo\",\"REVISTA BAYNANA\",\"\u0627\u0644\u0644\u0627\u062c\u0626\u064a\u0646\"],\"articleSection\":[\"DERECHOS\",\"INICIO\",\"SOCIEDAD\"],\"inLanguage\":\"es\"},{\"@type\":\"WebPage\",\"@id\":\"https:\/\/baynana.es\/es\/las-leyes-que-empobrecen-y-matan-a-inmigrantes-y-personas-que-sufren-racismo\/\",\"url\":\"https:\/\/baynana.es\/es\/las-leyes-que-empobrecen-y-matan-a-inmigrantes-y-personas-que-sufren-racismo\/\",\"name\":\"\u201cLas leyes que empobrecen y matan a inmigrantes siguen vigentes\u201d\",\"isPartOf\":{\"@id\":\"https:\/\/baynana.es\/#website\"},\"primaryImageOfPage\":{\"@id\":\"https:\/\/baynana.es\/es\/las-leyes-que-empobrecen-y-matan-a-inmigrantes-y-personas-que-sufren-racismo\/#primaryimage\"},\"image\":{\"@id\":\"https:\/\/baynana.es\/es\/las-leyes-que-empobrecen-y-matan-a-inmigrantes-y-personas-que-sufren-racismo\/#primaryimage\"},\"thumbnailUrl\":\"https:\/\/baynana.es\/wp-content\/uploads\/2021\/07\/DSC_5764-scaled.jpg\",\"datePublished\":\"2021-07-05T15:17:23+00:00\",\"dateModified\":\"2022-02-23T10:59:29+00:00\",\"description\":\"El periodista y activista antirracista Youssef Maai Ouled-Chayab habla sobre la relaci\u00f3n de Espa\u00f1a con el racismo y las leyes que lo permiten.\",\"breadcrumb\":{\"@id\":\"https:\/\/baynana.es\/es\/las-leyes-que-empobrecen-y-matan-a-inmigrantes-y-personas-que-sufren-racismo\/#breadcrumb\"},\"inLanguage\":\"es\",\"potentialAction\":[{\"@type\":\"ReadAction\",\"target\":[\"https:\/\/baynana.es\/es\/las-leyes-que-empobrecen-y-matan-a-inmigrantes-y-personas-que-sufren-racismo\/\"]}]},{\"@type\":\"ImageObject\",\"inLanguage\":\"es\",\"@id\":\"https:\/\/baynana.es\/es\/las-leyes-que-empobrecen-y-matan-a-inmigrantes-y-personas-que-sufren-racismo\/#primaryimage\",\"url\":\"https:\/\/baynana.es\/wp-content\/uploads\/2021\/07\/DSC_5764-scaled.jpg\",\"contentUrl\":\"https:\/\/baynana.es\/wp-content\/uploads\/2021\/07\/DSC_5764-scaled.jpg\",\"width\":2560,\"height\":1703,\"caption\":\"El periodista y activista Youssef M Ouled\"},{\"@type\":\"BreadcrumbList\",\"@id\":\"https:\/\/baynana.es\/es\/las-leyes-que-empobrecen-y-matan-a-inmigrantes-y-personas-que-sufren-racismo\/#breadcrumb\",\"itemListElement\":[{\"@type\":\"ListItem\",\"position\":1,\"name\":\"Portada\",\"item\":\"https:\/\/baynana.es\/es\/\"},{\"@type\":\"ListItem\",\"position\":2,\"name\":\"\u201cLas leyes que empobrecen y matan a inmigrantes y personas que sufren racismo siguen vigentes\u201d\"}]},{\"@type\":\"WebSite\",\"@id\":\"https:\/\/baynana.es\/#website\",\"url\":\"https:\/\/baynana.es\/\",\"name\":\"Baynana \u0628\u064a\u0646\u0646\u0627\",\"description\":\"Baynana Revista \u0645\u062c\u0644\u0629 \u0628\u064a\u0646\u0646\u0627\",\"publisher\":{\"@id\":\"https:\/\/baynana.es\/#organization\"},\"potentialAction\":[{\"@type\":\"SearchAction\",\"target\":{\"@type\":\"EntryPoint\",\"urlTemplate\":\"https:\/\/baynana.es\/?s={search_term_string}\"},\"query-input\":{\"@type\":\"PropertyValueSpecification\",\"valueRequired\":true,\"valueName\":\"search_term_string\"}}],\"inLanguage\":\"es\"},{\"@type\":\"Organization\",\"@id\":\"https:\/\/baynana.es\/#organization\",\"name\":\"\u0628\u064a\u0646\u0646\u0627 Baynana\",\"url\":\"https:\/\/baynana.es\/\",\"logo\":{\"@type\":\"ImageObject\",\"inLanguage\":\"es\",\"@id\":\"https:\/\/baynana.es\/#\/schema\/logo\/image\/\",\"url\":\"https:\/\/baynana.es\/wp-content\/uploads\/2021\/03\/Artboard-1.png\",\"contentUrl\":\"https:\/\/baynana.es\/wp-content\/uploads\/2021\/03\/Artboard-1.png\",\"width\":315,\"height\":228,\"caption\":\"\u0628\u064a\u0646\u0646\u0627 Baynana\"},\"image\":{\"@id\":\"https:\/\/baynana.es\/#\/schema\/logo\/image\/\"},\"sameAs\":[\"https:\/\/www.facebook.com\/baynanaes\",\"https:\/\/x.com\/baynanaes\",\"https:\/\/www.instagram.com\/baynanaes\/\",\"https:\/\/www.linkedin.com\/in\/baynana-\u0628\u064a\u0646\u0646\u0627-887599211\/\",\"https:\/\/www.youtube.com\/channel\/UC3019bsq5wOpi61SOufKxPA\"]},{\"@type\":\"Person\",\"@id\":\"https:\/\/baynana.es\/#\/schema\/person\/2beac5545c08e1117a9ce409cfb3c754\",\"name\":\"Okba Mohammad\",\"image\":{\"@type\":\"ImageObject\",\"inLanguage\":\"es\",\"@id\":\"https:\/\/baynana.es\/#\/schema\/person\/image\/9fff0fcb4a1e27e49950a4bf4e7699d1\",\"url\":\"https:\/\/baynana.es\/wp-content\/uploads\/2021\/01\/okba-96x96.jpg\",\"contentUrl\":\"https:\/\/baynana.es\/wp-content\/uploads\/2021\/01\/okba-96x96.jpg\",\"caption\":\"Okba Mohammad\"},\"description\":\"Cubri\u00f3 la guerra en el sur de Siria de 2015 a 2018 con medios locales. Tambi\u00e9n se ha dedicado a documentar violaciones de derechos humanos de detenidos durante el conflicto. En 2019 trabaj\u00f3 como corresponsal independiente en Turqu\u00eda y posteriormente viaj\u00f3 a Espa\u00f1a, donde ha colaborado con medios como Global Voices y el diario P\u00fablico. Actualmente trabaja como reportero en Baynana\",\"sameAs\":[\"http:\/\/moussa\",\"https:\/\/x.com\/@OkbaMohammad\"],\"url\":\"https:\/\/baynana.es\/es\/author\/okba\/\"}]}<\/script>\n<!-- \/ Yoast SEO plugin. -->","yoast_head_json":{"title":"\u201cLas leyes que empobrecen y matan a inmigrantes siguen vigentes\u201d","description":"El periodista y activista antirracista Youssef Maai Ouled-Chayab habla sobre la relaci\u00f3n de Espa\u00f1a con el racismo y las leyes que lo permiten.","robots":{"index":"index","follow":"follow","max-snippet":"max-snippet:-1","max-image-preview":"max-image-preview:large","max-video-preview":"max-video-preview:-1"},"canonical":"https:\/\/baynana.es\/es\/las-leyes-que-empobrecen-y-matan-a-inmigrantes-y-personas-que-sufren-racismo\/","og_locale":"es_ES","og_type":"article","og_title":"\u201cLas leyes que empobrecen y matan a inmigrantes siguen vigentes\u201d","og_description":"El periodista y activista antirracista Youssef Maai Ouled-Chayab habla sobre la relaci\u00f3n de Espa\u00f1a con el racismo y las leyes que lo permiten.","og_url":"https:\/\/baynana.es\/es\/las-leyes-que-empobrecen-y-matan-a-inmigrantes-y-personas-que-sufren-racismo\/","og_site_name":"Baynana \u0628\u064a\u0646\u0646\u0627","article_publisher":"https:\/\/www.facebook.com\/baynanaes","article_published_time":"2021-07-05T15:17:23+00:00","article_modified_time":"2022-02-23T10:59:29+00:00","og_image":[{"width":1024,"height":681,"url":"https:\/\/baynana.es\/wp-content\/uploads\/2021\/07\/DSC_5764-1024x681.jpg","type":"image\/jpeg"}],"author":"Okba Mohammad","twitter_card":"summary_large_image","twitter_image":"https:\/\/baynana.es\/wp-content\/uploads\/2021\/07\/DSC_5764-scaled.jpg","twitter_creator":"@OkbaMohammad","twitter_site":"@baynanaes","twitter_misc":{"Escrito por":"Okba Mohammad","Tiempo de lectura":"9 minutos"},"schema":{"@context":"https:\/\/schema.org","@graph":[{"@type":"Article","@id":"https:\/\/baynana.es\/es\/las-leyes-que-empobrecen-y-matan-a-inmigrantes-y-personas-que-sufren-racismo\/#article","isPartOf":{"@id":"https:\/\/baynana.es\/es\/las-leyes-que-empobrecen-y-matan-a-inmigrantes-y-personas-que-sufren-racismo\/"},"author":{"name":"Okba Mohammad","@id":"https:\/\/baynana.es\/#\/schema\/person\/2beac5545c08e1117a9ce409cfb3c754"},"headline":"\u201cLas leyes que empobrecen y matan a inmigrantes y personas que sufren racismo siguen vigentes\u201d","datePublished":"2021-07-05T15:17:23+00:00","dateModified":"2022-02-23T10:59:29+00:00","mainEntityOfPage":{"@id":"https:\/\/baynana.es\/es\/las-leyes-que-empobrecen-y-matan-a-inmigrantes-y-personas-que-sufren-racismo\/"},"wordCount":1941,"publisher":{"@id":"https:\/\/baynana.es\/#organization"},"image":{"@id":"https:\/\/baynana.es\/es\/las-leyes-que-empobrecen-y-matan-a-inmigrantes-y-personas-que-sufren-racismo\/#primaryimage"},"thumbnailUrl":"https:\/\/baynana.es\/wp-content\/uploads\/2021\/07\/DSC_5764-scaled.jpg","keywords":["Madrid","migraciones","Racismo","REVISTA BAYNANA","\u0627\u0644\u0644\u0627\u062c\u0626\u064a\u0646"],"articleSection":["DERECHOS","INICIO","SOCIEDAD"],"inLanguage":"es"},{"@type":"WebPage","@id":"https:\/\/baynana.es\/es\/las-leyes-que-empobrecen-y-matan-a-inmigrantes-y-personas-que-sufren-racismo\/","url":"https:\/\/baynana.es\/es\/las-leyes-que-empobrecen-y-matan-a-inmigrantes-y-personas-que-sufren-racismo\/","name":"\u201cLas leyes que empobrecen y matan a inmigrantes siguen vigentes\u201d","isPartOf":{"@id":"https:\/\/baynana.es\/#website"},"primaryImageOfPage":{"@id":"https:\/\/baynana.es\/es\/las-leyes-que-empobrecen-y-matan-a-inmigrantes-y-personas-que-sufren-racismo\/#primaryimage"},"image":{"@id":"https:\/\/baynana.es\/es\/las-leyes-que-empobrecen-y-matan-a-inmigrantes-y-personas-que-sufren-racismo\/#primaryimage"},"thumbnailUrl":"https:\/\/baynana.es\/wp-content\/uploads\/2021\/07\/DSC_5764-scaled.jpg","datePublished":"2021-07-05T15:17:23+00:00","dateModified":"2022-02-23T10:59:29+00:00","description":"El periodista y activista antirracista Youssef Maai Ouled-Chayab habla sobre la relaci\u00f3n de Espa\u00f1a con el racismo y las leyes que lo permiten.","breadcrumb":{"@id":"https:\/\/baynana.es\/es\/las-leyes-que-empobrecen-y-matan-a-inmigrantes-y-personas-que-sufren-racismo\/#breadcrumb"},"inLanguage":"es","potentialAction":[{"@type":"ReadAction","target":["https:\/\/baynana.es\/es\/las-leyes-que-empobrecen-y-matan-a-inmigrantes-y-personas-que-sufren-racismo\/"]}]},{"@type":"ImageObject","inLanguage":"es","@id":"https:\/\/baynana.es\/es\/las-leyes-que-empobrecen-y-matan-a-inmigrantes-y-personas-que-sufren-racismo\/#primaryimage","url":"https:\/\/baynana.es\/wp-content\/uploads\/2021\/07\/DSC_5764-scaled.jpg","contentUrl":"https:\/\/baynana.es\/wp-content\/uploads\/2021\/07\/DSC_5764-scaled.jpg","width":2560,"height":1703,"caption":"El periodista y activista Youssef M Ouled"},{"@type":"BreadcrumbList","@id":"https:\/\/baynana.es\/es\/las-leyes-que-empobrecen-y-matan-a-inmigrantes-y-personas-que-sufren-racismo\/#breadcrumb","itemListElement":[{"@type":"ListItem","position":1,"name":"Portada","item":"https:\/\/baynana.es\/es\/"},{"@type":"ListItem","position":2,"name":"\u201cLas leyes que empobrecen y matan a inmigrantes y personas que sufren racismo siguen vigentes\u201d"}]},{"@type":"WebSite","@id":"https:\/\/baynana.es\/#website","url":"https:\/\/baynana.es\/","name":"Baynana \u0628\u064a\u0646\u0646\u0627","description":"Baynana Revista \u0645\u062c\u0644\u0629 \u0628\u064a\u0646\u0646\u0627","publisher":{"@id":"https:\/\/baynana.es\/#organization"},"potentialAction":[{"@type":"SearchAction","target":{"@type":"EntryPoint","urlTemplate":"https:\/\/baynana.es\/?s={search_term_string}"},"query-input":{"@type":"PropertyValueSpecification","valueRequired":true,"valueName":"search_term_string"}}],"inLanguage":"es"},{"@type":"Organization","@id":"https:\/\/baynana.es\/#organization","name":"\u0628\u064a\u0646\u0646\u0627 Baynana","url":"https:\/\/baynana.es\/","logo":{"@type":"ImageObject","inLanguage":"es","@id":"https:\/\/baynana.es\/#\/schema\/logo\/image\/","url":"https:\/\/baynana.es\/wp-content\/uploads\/2021\/03\/Artboard-1.png","contentUrl":"https:\/\/baynana.es\/wp-content\/uploads\/2021\/03\/Artboard-1.png","width":315,"height":228,"caption":"\u0628\u064a\u0646\u0646\u0627 Baynana"},"image":{"@id":"https:\/\/baynana.es\/#\/schema\/logo\/image\/"},"sameAs":["https:\/\/www.facebook.com\/baynanaes","https:\/\/x.com\/baynanaes","https:\/\/www.instagram.com\/baynanaes\/","https:\/\/www.linkedin.com\/in\/baynana-\u0628\u064a\u0646\u0646\u0627-887599211\/","https:\/\/www.youtube.com\/channel\/UC3019bsq5wOpi61SOufKxPA"]},{"@type":"Person","@id":"https:\/\/baynana.es\/#\/schema\/person\/2beac5545c08e1117a9ce409cfb3c754","name":"Okba Mohammad","image":{"@type":"ImageObject","inLanguage":"es","@id":"https:\/\/baynana.es\/#\/schema\/person\/image\/9fff0fcb4a1e27e49950a4bf4e7699d1","url":"https:\/\/baynana.es\/wp-content\/uploads\/2021\/01\/okba-96x96.jpg","contentUrl":"https:\/\/baynana.es\/wp-content\/uploads\/2021\/01\/okba-96x96.jpg","caption":"Okba Mohammad"},"description":"Cubri\u00f3 la guerra en el sur de Siria de 2015 a 2018 con medios locales. Tambi\u00e9n se ha dedicado a documentar violaciones de derechos humanos de detenidos durante el conflicto. En 2019 trabaj\u00f3 como corresponsal independiente en Turqu\u00eda y posteriormente viaj\u00f3 a Espa\u00f1a, donde ha colaborado con medios como Global Voices y el diario P\u00fablico. Actualmente trabaja como reportero en Baynana","sameAs":["http:\/\/moussa","https:\/\/x.com\/@OkbaMohammad"],"url":"https:\/\/baynana.es\/es\/author\/okba\/"}]}},"authors":[{"term_id":506,"user_id":6,"is_guest":0,"slug":"okba","display_name":"Okba Mohammad","avatar_url":"https:\/\/baynana.es\/wp-content\/uploads\/2021\/01\/okba-96x96.jpg","author_category":"","first_name":"Okba","last_name":"Mohammad","user_url":"http:\/\/moussa","job_title":"","description":"Cubri\u00f3 la guerra en el sur de Siria de 2015 a 2018 con medios locales. Tambi\u00e9n se ha dedicado a documentar violaciones de derechos humanos de detenidos durante el conflicto. En 2019 trabaj\u00f3 como corresponsal independiente en Turqu\u00eda y posteriormente viaj\u00f3 a Espa\u00f1a, donde ha colaborado con medios como Global Voices y el diario P\u00fablico. Actualmente trabaja como reportero en Baynana"}],"_links":{"self":[{"href":"https:\/\/baynana.es\/es\/wp-json\/wp\/v2\/posts\/3073","targetHints":{"allow":["GET"]}}],"collection":[{"href":"https:\/\/baynana.es\/es\/wp-json\/wp\/v2\/posts"}],"about":[{"href":"https:\/\/baynana.es\/es\/wp-json\/wp\/v2\/types\/post"}],"author":[{"embeddable":true,"href":"https:\/\/baynana.es\/es\/wp-json\/wp\/v2\/users\/6"}],"replies":[{"embeddable":true,"href":"https:\/\/baynana.es\/es\/wp-json\/wp\/v2\/comments?post=3073"}],"version-history":[{"count":1,"href":"https:\/\/baynana.es\/es\/wp-json\/wp\/v2\/posts\/3073\/revisions"}],"predecessor-version":[{"id":4910,"href":"https:\/\/baynana.es\/es\/wp-json\/wp\/v2\/posts\/3073\/revisions\/4910"}],"wp:featuredmedia":[{"embeddable":true,"href":"https:\/\/baynana.es\/es\/wp-json\/wp\/v2\/media\/3070"}],"wp:attachment":[{"href":"https:\/\/baynana.es\/es\/wp-json\/wp\/v2\/media?parent=3073"}],"wp:term":[{"taxonomy":"category","embeddable":true,"href":"https:\/\/baynana.es\/es\/wp-json\/wp\/v2\/categories?post=3073"},{"taxonomy":"post_tag","embeddable":true,"href":"https:\/\/baynana.es\/es\/wp-json\/wp\/v2\/tags?post=3073"},{"taxonomy":"author","embeddable":true,"href":"https:\/\/baynana.es\/es\/wp-json\/wp\/v2\/ppma_author?post=3073"}],"curies":[{"name":"wp","href":"https:\/\/api.w.org\/{rel}","templated":true}]}}