{"id":3090,"date":"2021-07-08T16:09:14","date_gmt":"2021-07-08T14:09:14","guid":{"rendered":"https:\/\/baynana.es\/?p=3090"},"modified":"2022-02-23T13:01:27","modified_gmt":"2022-02-23T12:01:27","slug":"cies-privacion-de-libertad-y-exclusion-por-nacionalidad","status":"publish","type":"post","link":"https:\/\/baynana.es\/es\/cies-privacion-de-libertad-y-exclusion-por-nacionalidad\/","title":{"rendered":"CIEs, Privaci\u00f3n de Libertad y Exclusi\u00f3n, por Nacionalidad"},"content":{"rendered":"\n<p dir=\"ltr\">El joven Yassin Moufid (21 a\u00f1os) lleg\u00f3 a las Islas Canarias procedente de Marruecos cruzando el mar. Viajaba en una patera con m\u00e1s de 20 personas. A pesar del peligro que supone esa ruta, lleg\u00f3 sano y salvo. Cuatro meses despu\u00e9s de su llegada, fue enviado a uno de los CIEs (Centro de Internamiento de Extranjeros), el de Hoya Fr\u00eda en Tenerife. Las personas de nacionalidad marroqu\u00ed, como Yassin, y los argelinos encarnan la mayor proporci\u00f3n de extranjeros detenidos en estos centros. Ah\u00ed,  se ven privados de libertad por un periodo m\u00e1ximo de 60 d\u00edas. As\u00ed, se facilita su expulsi\u00f3n a sus pa\u00edses de origen. Debido a los acuerdos diplom\u00e1ticos entre Espa\u00f1a y Marruecos, y la proximidad entre pa\u00edses, que hay una gran facilidad de deportaci\u00f3n. <\/p>\n\n\n\n<p dir=\"ltr\" style=\"font-size:18px\"><strong><span style=\"color:#ec4e35\" class=\"has-inline-color\">Dos tercios de los internos vienen de solo dos pa\u00edses&nbsp;<\/span><\/strong><\/p>\n\n\n\n<p dir=\"ltr\">En el informe sobre los CIE del <a href=\"https:\/\/webcache.googleusercontent.com\/search?q=cache:jjsdFVA_hjgJ:https:\/\/sjme.org\/wp-content\/uploads\/2020\/12\/Informe-CIE-2018-SJM.pdf+&amp;cd=1&amp;hl=ar&amp;ct=clnk&amp;gl=es\" target=\"_blank\" rel=\"noreferrer noopener\">Servicio Jesuita a Migrantes (SJM)<\/a> llama la atenci\u00f3n la discriminaci\u00f3n por origen, revelando cifras de detenciones donde la mayor\u00eda de los detenidos eran marroqu\u00edes y argelinos. Destaca que estas dos nacionalidades representan dos tercios del total de personas detenidas, y que dichas detenciones han sido fruto de las pol\u00edticas de control de fronteras.<\/p>\n\n\n\n<p dir=\"ltr\">Seg\u00fan el informe, las personas internadas proced\u00edan de 90 pa\u00edses distintos (seg\u00fan la nacionalidad declarada), pero solo destacan las cifras de dos pa\u00edses: Marruecos, con 2.801 (35,66%) y Argelia, con 2.511 (31,99%). Cada uno de los 84 pa\u00edses restantes no llega al 2%. El informe indic\u00f3 tambi\u00e9n que esa extraordinaria concentraci\u00f3n de personas internadas originarias de solo dos pa\u00edses es un fen\u00f3meno muy preocupante. Es algo que requiere un examen m\u00e1s atento: en primer lugar, observando las cifras de internamiento de acuerdo con los motivos por los que fue autorizado, en t\u00e9rminos generales y por pa\u00eds de nacionalidad declarada; en segundo lugar, comparando las cifras de internamiento motivado por expedientes de devoluci\u00f3n (no solo por entrada ilegal, sino tambi\u00e9n por quebrantamiento de una prohibici\u00f3n de entrada).<\/p>\n\n\n\n<p dir=\"ltr\">Por otro lado, son muchos los testimonios de ONGs y medios de comunicaci\u00f3n que confirman que las personas que se encuentran en estos centros se encuentran en condiciones p\u00e9simas y sufren actitudes racistas por parte del cuerpo de Polic\u00eda. Los funcionarios no hablan \u00e1rabe y la presencia de traductores es nula o muy limitada cuando se realizan entrevistas o es necesaria la consulta de un m\u00e9dico. Muchos internos no logran comunicarse, lo que genera multitud de problemas que pueden desembocar en altercados y peleas.<\/p>\n\n\n\n<p dir=\"ltr\">Yassine Moufid fue uno de ellos: la Polic\u00eda lo encontr\u00f3 en el puerto, tratando de salir de Canarias hacia otro territorio espa\u00f1ol. Cuando le pidieron sus documentos de identificaci\u00f3n y entreg\u00f3 su carnet marroqu\u00ed, lo llevaron inmediatamente esposado a comisar\u00eda, donde permaneci\u00f3 detenido 72 horas, para que m\u00e1s tarde un juez decretase su ingreso en el centro junto a cinco personas m\u00e1s. Esas horas, aguardando su deportaci\u00f3n a Marruecos, las vivi\u00f3 con desesperaci\u00f3n.<\/p>\n\n\n\n<p dir=\"ltr\">\u00abCon las pocas palabras que sab\u00edamos de espa\u00f1ol, pregunt\u00e1bamos a la Polic\u00eda por qu\u00e9 nos hab\u00edan detenido. Se negaban a contestar y muy nerviosos nos ped\u00edan que volvi\u00e9ramos a las habitaciones, confiscando nuestros tel\u00e9fonos y mostrando una actitud de desprecio\u201d, relata Yassine. La pol\u00edtica de los CIE es retirar los tel\u00e9fonos a los detenidos para que no puedan hacer fotograf\u00edas dentro del centro ni comunicarse por Internet.<\/p>\n\n\n\n<p dir=\"ltr\" style=\"font-size:18px\"><strong><span style=\"color:#ec4e35\" class=\"has-inline-color\">Acuerdos entre pa\u00edses cuyas v\u00edctimas son los migrantes<\/span><\/strong><\/p>\n\n\n\n<p dir=\"ltr\">Activar el mecanismo de retorno de los migrantes a sus pa\u00edses no solo es suficiente para que se produzca dicho retorno, sino que existe una llamada \u201ccondicionalidad positiva\u201d: es decir, que Espa\u00f1a aporta m\u00e1s dinero a aquellos pa\u00edses que cooperan con acuerdos para aceptar el retorno, y que tambi\u00e9n participan en la lucha contra la migraci\u00f3n irregular mediante acuerdos econ\u00f3micos opacos y mecanismos de control fronterizo que son objeto de persistentes denuncias de violaciones de derechos humanos.<\/p>\n\n\n\n<figure class=\"wp-block-image size-large\"><img loading=\"lazy\" decoding=\"async\" width=\"1024\" height=\"681\" src=\"https:\/\/baynana.es\/wp-content\/uploads\/2021\/07\/DSC9294-1024x681.jpg\" alt=\"\" class=\"wp-image-3086\" srcset=\"https:\/\/baynana.es\/wp-content\/uploads\/2021\/07\/DSC9294-1024x681.jpg 1024w, https:\/\/baynana.es\/wp-content\/uploads\/2021\/07\/DSC9294-600x399.jpg 600w, https:\/\/baynana.es\/wp-content\/uploads\/2021\/07\/DSC9294-300x200.jpg 300w, https:\/\/baynana.es\/wp-content\/uploads\/2021\/07\/DSC9294-768x511.jpg 768w, https:\/\/baynana.es\/wp-content\/uploads\/2021\/07\/DSC9294-1536x1022.jpg 1536w, https:\/\/baynana.es\/wp-content\/uploads\/2021\/07\/DSC9294-2048x1363.jpg 2048w\" sizes=\"auto, (max-width: 1024px) 100vw, 1024px\" \/><figcaption>Manifestaci\u00f3n de mujeres el 8 de marzo de 2021 cerca del centro de \u00abAluche\u00bb CIE en Madrid\u00a9 Mohammad Shubat<\/figcaption><\/figure>\n\n\n\n<p dir=\"ltr\"><a href=\"https:\/\/ucm.academia.edu\/ChristianOrgaz\" target=\"_blank\" rel=\"noreferrer noopener\">El investigador y acad\u00e9mico Christian Orgaz<\/a>, doctor de la Universidad Complutense de Madrid de Facultad de Sociolog\u00eda, explica en una entrevista con la revista Baynana que Espa\u00f1a ha tenido y tiene, sobre todo en el pasado, unos v\u00ednculos directos con el pa\u00eds marroqu\u00ed. Cuando Espa\u00f1a entra en la Uni\u00f3n Europea refuerza sus fronteras con Marruecos y esto genera cambios en las relaciones entre ambos pa\u00edses. Entre ellos destaca uno com\u00fan a toda la Uni\u00f3n Europea: la externalizaci\u00f3n del control de fronteras a terceros pa\u00edses como Marruecos o Turqu\u00eda.\u00a0<\/p>\n\n\n\n<p dir=\"ltr\">Orgaz recuerda que el primer acuerdo de devoluci\u00f3n con Marruecos se remonta a principios de los a\u00f1os 90. Por \u00e9l, el reino alau\u00ed comenz\u00f3 a aceptar a todos los marroqu\u00edes expulsados, pero tambi\u00e9n a poblaci\u00f3n de terceros pa\u00edses del continente africano. Expulsados de Espa\u00f1a a Marruecos, recibiendo a cambio cada vez m\u00e1s bonificaciones. \u201c<strong>La pol\u00edtica migratoria europea ha externalizado el control de fronteras a terceros pa\u00edses que a cambio de dinero hacen este trabajo sucio. Mediante mecanismos de dudoso respeto a los derechos humanos\u201d<\/strong>, comenta el investigador.<\/p>\n\n\n\n<p dir=\"ltr\" style=\"font-size:18px\"><strong><span style=\"color:#ec4e35\" class=\"has-inline-color\">Si las personas son deportadas en 72 horas, \u00bfpara qu\u00e9 sirven los CIEs?<\/span><\/strong><\/p>\n\n\n\n<p dir=\"ltr\">A pesar de que existe una normativa que regula el funcionamiento de los centros de detenci\u00f3n de extranjeros, el estatus legal de los mismos est\u00e1 sujeto a severas cr\u00edticas. Son muchas las sentencias que declaran estos centros inconstitucionales. Seg\u00fan explica la abogada de origen marroqu\u00ed especialista en asuntos de inmigraci\u00f3n Fatima Al-Fadil en su entrevista con Baynana. Al-Fadil se\u00f1ala que la realidad en estos centros es completamente diferente a lo regulado, y que en la pr\u00e1ctica no se respetan derechos b\u00e1sicos como la asistencia sanitaria o la presencia de int\u00e9rpretes.<\/p>\n\n\n\n<p dir=\"ltr\">Con respecto a las personas que salen de los CIE, 1.248 fueron deportadas recientemente, 1.039 fueron liberadas y 369 se marcharon en otras circunstancias, <a href=\"https:\/\/sjme.org\/2021\/06\/04\/informe-cie-2020-razon-juridica-y-sinrazon-politica\/\" target=\"_blank\" rel=\"noreferrer noopener\">seg\u00fan el informe del SJM<\/a>, que tambi\u00e9n confirm\u00f3 que \u201cb\u00e1sicamente los inmigrantes son deportados dentro de las primeras 72 horas despu\u00e9s de su detenci\u00f3n\u201d. Entonces, <strong>\u00bfqu\u00e9 sentido tiene tener personas retenidas en un CIE durante 60 d\u00edas, si la mayor\u00eda de deportados son expulsados en las 72 horas tras su detenci\u00f3n?<\/strong><\/p>\n\n\n\n<p dir=\"ltr\">A esto tambi\u00e9n se refiri\u00f3 Orgaz en su conversaci\u00f3n con Baynana. Explic\u00f3 que las personas, marroqu\u00edes en su mayor\u00eda, son expulsadas sin pasar por centro de internamiento y en 72 horas. \u201cLiteralmente no hay tiempo de avisar abogados, no hay tiempo de despedirse de la familia\u2026\u201d, explica. \u201cTambi\u00e9n es cierto que una parte muy importante de la poblaci\u00f3n internada son marroqu\u00edes. Una parte muy importante de las personas que son identificadas o paradas en una redada policial de identificaci\u00f3n racista son marroqu\u00edes\u201d.<\/p>\n\n\n\n<p dir=\"ltr\" style=\"font-size:18px\"><strong><span style=\"color:#ec4e35\" class=\"has-inline-color\">La impotencia total y la desesperaci\u00f3n a veces conducen al suicidio<\/span><\/strong><\/p>\n\n\n\n<p dir=\"ltr\">La abogada Al-Fadil explica que los testimonios de sus clientes revelan la total y absoluta indefensi\u00f3n de los internos en los CIEs. Los int\u00e9rpretes escasean, la comida es deficiente y la comunicaci\u00f3n a trav\u00e9s de tel\u00e9fonos m\u00f3viles con familiares est\u00e1 prohibida. Seg\u00fan Al-Fadil, \u00abalgunos de ellos pasan hasta 60 d\u00edas esperando una resoluci\u00f3n de las autoridades espa\u00f1olas para saber qu\u00e9 pasar\u00e1 con ellos. Numerosas personas migrantes llegan a una situaci\u00f3n de desesperaci\u00f3n tal que prefieren regresar a su pa\u00eds de origen. Salir antes que permanecer internados en los CIEs. Sin embargo, retornar voluntariamente no es tan f\u00e1cil.  Depende de la sentencia de un juez, por lo que la permanencia en estos centros supone un maltrato completamente innecesario\u00bb.\u00a0<\/p>\n\n\n\n<p dir=\"ltr\">Esta situaci\u00f3n fue la que llev\u00f3 a Marwan Abu Obeida, marroqu\u00ed de 23 a\u00f1os, a ahorcarse el 15 de julio de 2019. Se encontraba \u2014seg\u00fan fuentes del Gobierno espa\u00f1ol\u2014 en confinamiento solitario en el CIE de Valencia. Otra situaci\u00f3n similar, fue la del argelino Mohamed Bouderbala, de 32 a\u00f1os. Se suicid\u00f3 tras ser aislado por la Polic\u00eda, sin vigilancia y sin comida ni bebida durante 18 horas dentro del CIE de Archidona (M\u00e1laga).<\/p>\n\n\n\n<p dir=\"ltr\">Yassine Moufid, quien actualmente se encuentra en Canarias, confirm\u00f3 a este medio que el estado de desesperaci\u00f3n que vivi\u00f3 mientras estuvo recluido en el centro de internamiento de extranjeros fue muy grande. \u201cEl d\u00eda se hac\u00eda eterno, sol\u00edamos salir al sol dos veces al d\u00eda, y el resto en la c\u00e1rcel, sin m\u00f3vil, sin televisi\u00f3n, sin nada. Ten\u00eda mucho miedo de que me enviaran de vuelta a Marruecos\u201d.<\/p>\n\n\n\n<p dir=\"ltr\">Yassine Moufid tuvo buena suerte, debido a que Marruecos cerr\u00f3 sus fronteras con Espa\u00f1a. A ra\u00edz de la epidemia de Covid-19 mientras se encontraba en el CIE. Fue liberado tras 53 d\u00edas de prisi\u00f3n para finalmente poder hablar con su familia en Marruecos. Les dijo que su tel\u00e9fono se hab\u00eda roto y que no hab\u00eda podido contarles nada. No quiso que supieran las malas condiciones por las que pas\u00f3 durante su detenci\u00f3n su Espa\u00f1a. Unas condiciones que sufren miles de inmigrantes como Yassine, y que, seg\u00fan la abogada Al-Fadil, \u00absuponen un maltrato completamente innecesario\u00bb.<\/p>\n","protected":false},"excerpt":{"rendered":"<p>El joven Yassin Moufid (21 a\u00f1os) lleg\u00f3 a las Islas Canarias procedente de Marruecos cruzando el mar. Viajaba en una patera con m\u00e1s de 20 personas. A pesar del peligro que supone esa ruta, lleg\u00f3 sano y salvo. Cuatro meses despu\u00e9s de su llegada, fue enviado a uno de los CIEs (Centro de Internamiento de &hellip;<\/p>\n","protected":false},"author":3,"featured_media":3092,"comment_status":"closed","ping_status":"closed","sticky":false,"template":"","format":"standard","meta":{"inline_featured_image":false,"footnotes":""},"categories":[65,11,52],"tags":[361,362,292,91,363,501],"ppma_author":[505],"class_list":["post-3090","post","type-post","status-publish","format-standard","has-post-thumbnail","hentry","category-derechos","category-inicio","category-reportajes","tag-cies-2","tag-fronteras","tag-migrantes","tag-revista-baynana","tag-victmas","tag--es"],"acf":[],"yoast_head":"<!-- This site is optimized with the Yoast SEO plugin v25.3.1 - https:\/\/yoast.com\/wordpress\/plugins\/seo\/ -->\n<title>CIEs, Privaci\u00f3n de Libertad y Exclusi\u00f3n, por Nacionalidad<\/title>\n<meta name=\"description\" content=\"El Gobierno de Espa\u00f1a, en su anhelo de mostrarse defensor de las fronteras Europa, trabaja para detener a migrantes en los CIEs.\" \/>\n<meta name=\"robots\" content=\"index, follow, max-snippet:-1, max-image-preview:large, max-video-preview:-1\" \/>\n<link rel=\"canonical\" href=\"https:\/\/baynana.es\/es\/cies-privacion-de-libertad-y-exclusion-por-nacionalidad\/\" \/>\n<meta property=\"og:locale\" content=\"es_ES\" \/>\n<meta property=\"og:type\" content=\"article\" \/>\n<meta property=\"og:title\" content=\"CIEs, Privaci\u00f3n de Libertad y Exclusi\u00f3n, por Nacionalidad\" \/>\n<meta property=\"og:description\" content=\"El Gobierno de Espa\u00f1a, en su anhelo de mostrarse defensor de las fronteras Europa, trabaja para detener a migrantes en los CIEs.\" \/>\n<meta property=\"og:url\" content=\"https:\/\/baynana.es\/es\/cies-privacion-de-libertad-y-exclusion-por-nacionalidad\/\" \/>\n<meta property=\"og:site_name\" content=\"Baynana \u0628\u064a\u0646\u0646\u0627\" \/>\n<meta property=\"article:publisher\" content=\"https:\/\/www.facebook.com\/baynanaes\" \/>\n<meta property=\"article:author\" content=\"https:\/\/www.facebook.com\/ayham.greeb\" \/>\n<meta property=\"article:published_time\" content=\"2021-07-08T14:09:14+00:00\" \/>\n<meta property=\"article:modified_time\" content=\"2022-02-23T12:01:27+00:00\" \/>\n<meta property=\"og:image\" content=\"https:\/\/baynana.es\/wp-content\/uploads\/2021\/07\/DSC_43201111-1-scaled-e1645614407942.jpg\" \/>\n\t<meta property=\"og:image:width\" content=\"700\" \/>\n\t<meta property=\"og:image:height\" content=\"462\" \/>\n\t<meta property=\"og:image:type\" content=\"image\/jpeg\" \/>\n<meta name=\"author\" content=\"Ayham Al Sati\" \/>\n<meta name=\"twitter:card\" content=\"summary_large_image\" \/>\n<meta name=\"twitter:image\" content=\"https:\/\/baynana.es\/wp-content\/uploads\/2021\/07\/DSC_43201111-1-scaled-e1645614407942.jpg\" \/>\n<meta name=\"twitter:creator\" content=\"@https:\/\/twitter.com\/ayham_greeb\" \/>\n<meta name=\"twitter:site\" content=\"@baynanaes\" \/>\n<meta name=\"twitter:label1\" content=\"Escrito por\" \/>\n\t<meta name=\"twitter:data1\" content=\"Ayham Al Sati\" \/>\n\t<meta name=\"twitter:label2\" content=\"Tiempo de lectura\" \/>\n\t<meta name=\"twitter:data2\" content=\"7 minutos\" \/>\n<script type=\"application\/ld+json\" class=\"yoast-schema-graph\">{\"@context\":\"https:\/\/schema.org\",\"@graph\":[{\"@type\":\"Article\",\"@id\":\"https:\/\/baynana.es\/es\/cies-privacion-de-libertad-y-exclusion-por-nacionalidad\/#article\",\"isPartOf\":{\"@id\":\"https:\/\/baynana.es\/es\/cies-privacion-de-libertad-y-exclusion-por-nacionalidad\/\"},\"author\":{\"name\":\"Ayham Al Sati\",\"@id\":\"https:\/\/baynana.es\/#\/schema\/person\/6fedc1eac5fcc0abafdb25a881f2a92e\"},\"headline\":\"CIEs, Privaci\u00f3n de Libertad y Exclusi\u00f3n, por Nacionalidad\",\"datePublished\":\"2021-07-08T14:09:14+00:00\",\"dateModified\":\"2022-02-23T12:01:27+00:00\",\"mainEntityOfPage\":{\"@id\":\"https:\/\/baynana.es\/es\/cies-privacion-de-libertad-y-exclusion-por-nacionalidad\/\"},\"wordCount\":1588,\"publisher\":{\"@id\":\"https:\/\/baynana.es\/#organization\"},\"image\":{\"@id\":\"https:\/\/baynana.es\/es\/cies-privacion-de-libertad-y-exclusion-por-nacionalidad\/#primaryimage\"},\"thumbnailUrl\":\"https:\/\/baynana.es\/wp-content\/uploads\/2021\/07\/DSC_43201111-1-scaled-e1645614407942.jpg\",\"keywords\":[\"CIEs\",\"fronteras\",\"migrantes\",\"REVISTA BAYNANA\",\"v\u00edctmas\",\"\u0627\u0644\u0645\u0647\u0627\u062c\u0631\u064a\u0646\"],\"articleSection\":[\"DERECHOS\",\"INICIO\",\"REPORTAJES\"],\"inLanguage\":\"es\"},{\"@type\":\"WebPage\",\"@id\":\"https:\/\/baynana.es\/es\/cies-privacion-de-libertad-y-exclusion-por-nacionalidad\/\",\"url\":\"https:\/\/baynana.es\/es\/cies-privacion-de-libertad-y-exclusion-por-nacionalidad\/\",\"name\":\"CIEs, Privaci\u00f3n de Libertad y Exclusi\u00f3n, por Nacionalidad\",\"isPartOf\":{\"@id\":\"https:\/\/baynana.es\/#website\"},\"primaryImageOfPage\":{\"@id\":\"https:\/\/baynana.es\/es\/cies-privacion-de-libertad-y-exclusion-por-nacionalidad\/#primaryimage\"},\"image\":{\"@id\":\"https:\/\/baynana.es\/es\/cies-privacion-de-libertad-y-exclusion-por-nacionalidad\/#primaryimage\"},\"thumbnailUrl\":\"https:\/\/baynana.es\/wp-content\/uploads\/2021\/07\/DSC_43201111-1-scaled-e1645614407942.jpg\",\"datePublished\":\"2021-07-08T14:09:14+00:00\",\"dateModified\":\"2022-02-23T12:01:27+00:00\",\"description\":\"El Gobierno de Espa\u00f1a, en su anhelo de mostrarse defensor de las fronteras Europa, trabaja para detener a migrantes en los CIEs.\",\"breadcrumb\":{\"@id\":\"https:\/\/baynana.es\/es\/cies-privacion-de-libertad-y-exclusion-por-nacionalidad\/#breadcrumb\"},\"inLanguage\":\"es\",\"potentialAction\":[{\"@type\":\"ReadAction\",\"target\":[\"https:\/\/baynana.es\/es\/cies-privacion-de-libertad-y-exclusion-por-nacionalidad\/\"]}]},{\"@type\":\"ImageObject\",\"inLanguage\":\"es\",\"@id\":\"https:\/\/baynana.es\/es\/cies-privacion-de-libertad-y-exclusion-por-nacionalidad\/#primaryimage\",\"url\":\"https:\/\/baynana.es\/wp-content\/uploads\/2021\/07\/DSC_43201111-1-scaled-e1645614407942.jpg\",\"contentUrl\":\"https:\/\/baynana.es\/wp-content\/uploads\/2021\/07\/DSC_43201111-1-scaled-e1645614407942.jpg\",\"width\":700,\"height\":462,\"caption\":\"Centro de internamiento de extranjeros \\\"Aluche\\\" CIE en Madrid\"},{\"@type\":\"BreadcrumbList\",\"@id\":\"https:\/\/baynana.es\/es\/cies-privacion-de-libertad-y-exclusion-por-nacionalidad\/#breadcrumb\",\"itemListElement\":[{\"@type\":\"ListItem\",\"position\":1,\"name\":\"Portada\",\"item\":\"https:\/\/baynana.es\/es\/\"},{\"@type\":\"ListItem\",\"position\":2,\"name\":\"CIEs, Privaci\u00f3n de Libertad y Exclusi\u00f3n, por Nacionalidad\"}]},{\"@type\":\"WebSite\",\"@id\":\"https:\/\/baynana.es\/#website\",\"url\":\"https:\/\/baynana.es\/\",\"name\":\"Baynana \u0628\u064a\u0646\u0646\u0627\",\"description\":\"Baynana Revista \u0645\u062c\u0644\u0629 \u0628\u064a\u0646\u0646\u0627\",\"publisher\":{\"@id\":\"https:\/\/baynana.es\/#organization\"},\"potentialAction\":[{\"@type\":\"SearchAction\",\"target\":{\"@type\":\"EntryPoint\",\"urlTemplate\":\"https:\/\/baynana.es\/?s={search_term_string}\"},\"query-input\":{\"@type\":\"PropertyValueSpecification\",\"valueRequired\":true,\"valueName\":\"search_term_string\"}}],\"inLanguage\":\"es\"},{\"@type\":\"Organization\",\"@id\":\"https:\/\/baynana.es\/#organization\",\"name\":\"\u0628\u064a\u0646\u0646\u0627 Baynana\",\"url\":\"https:\/\/baynana.es\/\",\"logo\":{\"@type\":\"ImageObject\",\"inLanguage\":\"es\",\"@id\":\"https:\/\/baynana.es\/#\/schema\/logo\/image\/\",\"url\":\"https:\/\/baynana.es\/wp-content\/uploads\/2021\/03\/Artboard-1.png\",\"contentUrl\":\"https:\/\/baynana.es\/wp-content\/uploads\/2021\/03\/Artboard-1.png\",\"width\":315,\"height\":228,\"caption\":\"\u0628\u064a\u0646\u0646\u0627 Baynana\"},\"image\":{\"@id\":\"https:\/\/baynana.es\/#\/schema\/logo\/image\/\"},\"sameAs\":[\"https:\/\/www.facebook.com\/baynanaes\",\"https:\/\/x.com\/baynanaes\",\"https:\/\/www.instagram.com\/baynanaes\/\",\"https:\/\/www.linkedin.com\/in\/baynana-\u0628\u064a\u0646\u0646\u0627-887599211\/\",\"https:\/\/www.youtube.com\/channel\/UC3019bsq5wOpi61SOufKxPA\"]},{\"@type\":\"Person\",\"@id\":\"https:\/\/baynana.es\/#\/schema\/person\/6fedc1eac5fcc0abafdb25a881f2a92e\",\"name\":\"Ayham Al Sati\",\"image\":{\"@type\":\"ImageObject\",\"inLanguage\":\"es\",\"@id\":\"https:\/\/baynana.es\/#\/schema\/person\/image\/86e6e0fe2166e9f2ea79af43e73d6904\",\"url\":\"https:\/\/baynana.es\/wp-content\/uploads\/2021\/01\/ayhamm-96x96.jpg\",\"contentUrl\":\"https:\/\/baynana.es\/wp-content\/uploads\/2021\/01\/ayhamm-96x96.jpg\",\"caption\":\"Ayham Al Sati\"},\"description\":\"\u0635\u062d\u0641\u064a \u0633\u0648\u0631\u064a\u060c \u064a\u0639\u064a\u0634 \u0641\u064a \u0645\u062f\u0631\u064a\u062f \u0645\u0646\u0630 \u0639\u0627\u0645 2019. \u0645\u0624\u0633\u0633 \u0648\u0645\u062d\u0631\u0631 \u0641\u064a \u0645\u062c\u0644\u0629 \u0628\u064a\u0646\u0646\u0627\u060c \u0645\u062a\u062e\u0635\u0635 \u0641\u064a \u0627\u0644\u0623\u062f\u0628 \u0627\u0644\u0639\u0631\u0628\u064a \u0645\u0646 \u062c\u0627\u0645\u0639\u0629 \u062f\u0645\u0634\u0642\u060c \u0648\u0639\u0645\u0644 \u0643\u0635\u062d\u0641\u064a \u062e\u0644\u0627\u0644 \u0627\u0644\u062d\u0631\u0628 \u0641\u064a \u0633\u0648\u0631\u064a\u0627 \u0645\u0646\u0630 \u0627\u0644\u0639\u0627\u0645 2011. Es un periodista sirio.\u00a0Vive en Madrid desde el a\u00f1o 2019.\u00a0Cofundador y editor en la revista de Baynana.es. Es especialista en Literatura \u00c1rabe por la Universidad de Damasco y trabaj\u00f3 como periodista durante la guerra en Siria desde el a\u00f1o 2011.\u00a0\",\"sameAs\":[\"https:\/\/www.facebook.com\/ayham.greeb\",\"https:\/\/www.instagram.com\/ayham_al_sati\/\",\"https:\/\/x.com\/https:\/\/twitter.com\/ayham_greeb\",\"ayham\"],\"url\":\"https:\/\/baynana.es\/es\/author\/ayham\/\"}]}<\/script>\n<!-- \/ Yoast SEO plugin. -->","yoast_head_json":{"title":"CIEs, Privaci\u00f3n de Libertad y Exclusi\u00f3n, por Nacionalidad","description":"El Gobierno de Espa\u00f1a, en su anhelo de mostrarse defensor de las fronteras Europa, trabaja para detener a migrantes en los CIEs.","robots":{"index":"index","follow":"follow","max-snippet":"max-snippet:-1","max-image-preview":"max-image-preview:large","max-video-preview":"max-video-preview:-1"},"canonical":"https:\/\/baynana.es\/es\/cies-privacion-de-libertad-y-exclusion-por-nacionalidad\/","og_locale":"es_ES","og_type":"article","og_title":"CIEs, Privaci\u00f3n de Libertad y Exclusi\u00f3n, por Nacionalidad","og_description":"El Gobierno de Espa\u00f1a, en su anhelo de mostrarse defensor de las fronteras Europa, trabaja para detener a migrantes en los CIEs.","og_url":"https:\/\/baynana.es\/es\/cies-privacion-de-libertad-y-exclusion-por-nacionalidad\/","og_site_name":"Baynana \u0628\u064a\u0646\u0646\u0627","article_publisher":"https:\/\/www.facebook.com\/baynanaes","article_author":"https:\/\/www.facebook.com\/ayham.greeb","article_published_time":"2021-07-08T14:09:14+00:00","article_modified_time":"2022-02-23T12:01:27+00:00","og_image":[{"width":700,"height":462,"url":"https:\/\/baynana.es\/wp-content\/uploads\/2021\/07\/DSC_43201111-1-scaled-e1645614407942.jpg","type":"image\/jpeg"}],"author":"Ayham Al Sati","twitter_card":"summary_large_image","twitter_image":"https:\/\/baynana.es\/wp-content\/uploads\/2021\/07\/DSC_43201111-1-scaled-e1645614407942.jpg","twitter_creator":"@https:\/\/twitter.com\/ayham_greeb","twitter_site":"@baynanaes","twitter_misc":{"Escrito por":"Ayham Al Sati","Tiempo de lectura":"7 minutos"},"schema":{"@context":"https:\/\/schema.org","@graph":[{"@type":"Article","@id":"https:\/\/baynana.es\/es\/cies-privacion-de-libertad-y-exclusion-por-nacionalidad\/#article","isPartOf":{"@id":"https:\/\/baynana.es\/es\/cies-privacion-de-libertad-y-exclusion-por-nacionalidad\/"},"author":{"name":"Ayham Al Sati","@id":"https:\/\/baynana.es\/#\/schema\/person\/6fedc1eac5fcc0abafdb25a881f2a92e"},"headline":"CIEs, Privaci\u00f3n de Libertad y Exclusi\u00f3n, por Nacionalidad","datePublished":"2021-07-08T14:09:14+00:00","dateModified":"2022-02-23T12:01:27+00:00","mainEntityOfPage":{"@id":"https:\/\/baynana.es\/es\/cies-privacion-de-libertad-y-exclusion-por-nacionalidad\/"},"wordCount":1588,"publisher":{"@id":"https:\/\/baynana.es\/#organization"},"image":{"@id":"https:\/\/baynana.es\/es\/cies-privacion-de-libertad-y-exclusion-por-nacionalidad\/#primaryimage"},"thumbnailUrl":"https:\/\/baynana.es\/wp-content\/uploads\/2021\/07\/DSC_43201111-1-scaled-e1645614407942.jpg","keywords":["CIEs","fronteras","migrantes","REVISTA BAYNANA","v\u00edctmas","\u0627\u0644\u0645\u0647\u0627\u062c\u0631\u064a\u0646"],"articleSection":["DERECHOS","INICIO","REPORTAJES"],"inLanguage":"es"},{"@type":"WebPage","@id":"https:\/\/baynana.es\/es\/cies-privacion-de-libertad-y-exclusion-por-nacionalidad\/","url":"https:\/\/baynana.es\/es\/cies-privacion-de-libertad-y-exclusion-por-nacionalidad\/","name":"CIEs, Privaci\u00f3n de Libertad y Exclusi\u00f3n, por Nacionalidad","isPartOf":{"@id":"https:\/\/baynana.es\/#website"},"primaryImageOfPage":{"@id":"https:\/\/baynana.es\/es\/cies-privacion-de-libertad-y-exclusion-por-nacionalidad\/#primaryimage"},"image":{"@id":"https:\/\/baynana.es\/es\/cies-privacion-de-libertad-y-exclusion-por-nacionalidad\/#primaryimage"},"thumbnailUrl":"https:\/\/baynana.es\/wp-content\/uploads\/2021\/07\/DSC_43201111-1-scaled-e1645614407942.jpg","datePublished":"2021-07-08T14:09:14+00:00","dateModified":"2022-02-23T12:01:27+00:00","description":"El Gobierno de Espa\u00f1a, en su anhelo de mostrarse defensor de las fronteras Europa, trabaja para detener a migrantes en los CIEs.","breadcrumb":{"@id":"https:\/\/baynana.es\/es\/cies-privacion-de-libertad-y-exclusion-por-nacionalidad\/#breadcrumb"},"inLanguage":"es","potentialAction":[{"@type":"ReadAction","target":["https:\/\/baynana.es\/es\/cies-privacion-de-libertad-y-exclusion-por-nacionalidad\/"]}]},{"@type":"ImageObject","inLanguage":"es","@id":"https:\/\/baynana.es\/es\/cies-privacion-de-libertad-y-exclusion-por-nacionalidad\/#primaryimage","url":"https:\/\/baynana.es\/wp-content\/uploads\/2021\/07\/DSC_43201111-1-scaled-e1645614407942.jpg","contentUrl":"https:\/\/baynana.es\/wp-content\/uploads\/2021\/07\/DSC_43201111-1-scaled-e1645614407942.jpg","width":700,"height":462,"caption":"Centro de internamiento de extranjeros \"Aluche\" CIE en Madrid"},{"@type":"BreadcrumbList","@id":"https:\/\/baynana.es\/es\/cies-privacion-de-libertad-y-exclusion-por-nacionalidad\/#breadcrumb","itemListElement":[{"@type":"ListItem","position":1,"name":"Portada","item":"https:\/\/baynana.es\/es\/"},{"@type":"ListItem","position":2,"name":"CIEs, Privaci\u00f3n de Libertad y Exclusi\u00f3n, por Nacionalidad"}]},{"@type":"WebSite","@id":"https:\/\/baynana.es\/#website","url":"https:\/\/baynana.es\/","name":"Baynana \u0628\u064a\u0646\u0646\u0627","description":"Baynana Revista \u0645\u062c\u0644\u0629 \u0628\u064a\u0646\u0646\u0627","publisher":{"@id":"https:\/\/baynana.es\/#organization"},"potentialAction":[{"@type":"SearchAction","target":{"@type":"EntryPoint","urlTemplate":"https:\/\/baynana.es\/?s={search_term_string}"},"query-input":{"@type":"PropertyValueSpecification","valueRequired":true,"valueName":"search_term_string"}}],"inLanguage":"es"},{"@type":"Organization","@id":"https:\/\/baynana.es\/#organization","name":"\u0628\u064a\u0646\u0646\u0627 Baynana","url":"https:\/\/baynana.es\/","logo":{"@type":"ImageObject","inLanguage":"es","@id":"https:\/\/baynana.es\/#\/schema\/logo\/image\/","url":"https:\/\/baynana.es\/wp-content\/uploads\/2021\/03\/Artboard-1.png","contentUrl":"https:\/\/baynana.es\/wp-content\/uploads\/2021\/03\/Artboard-1.png","width":315,"height":228,"caption":"\u0628\u064a\u0646\u0646\u0627 Baynana"},"image":{"@id":"https:\/\/baynana.es\/#\/schema\/logo\/image\/"},"sameAs":["https:\/\/www.facebook.com\/baynanaes","https:\/\/x.com\/baynanaes","https:\/\/www.instagram.com\/baynanaes\/","https:\/\/www.linkedin.com\/in\/baynana-\u0628\u064a\u0646\u0646\u0627-887599211\/","https:\/\/www.youtube.com\/channel\/UC3019bsq5wOpi61SOufKxPA"]},{"@type":"Person","@id":"https:\/\/baynana.es\/#\/schema\/person\/6fedc1eac5fcc0abafdb25a881f2a92e","name":"Ayham Al Sati","image":{"@type":"ImageObject","inLanguage":"es","@id":"https:\/\/baynana.es\/#\/schema\/person\/image\/86e6e0fe2166e9f2ea79af43e73d6904","url":"https:\/\/baynana.es\/wp-content\/uploads\/2021\/01\/ayhamm-96x96.jpg","contentUrl":"https:\/\/baynana.es\/wp-content\/uploads\/2021\/01\/ayhamm-96x96.jpg","caption":"Ayham Al Sati"},"description":"\u0635\u062d\u0641\u064a \u0633\u0648\u0631\u064a\u060c \u064a\u0639\u064a\u0634 \u0641\u064a \u0645\u062f\u0631\u064a\u062f \u0645\u0646\u0630 \u0639\u0627\u0645 2019. \u0645\u0624\u0633\u0633 \u0648\u0645\u062d\u0631\u0631 \u0641\u064a \u0645\u062c\u0644\u0629 \u0628\u064a\u0646\u0646\u0627\u060c \u0645\u062a\u062e\u0635\u0635 \u0641\u064a \u0627\u0644\u0623\u062f\u0628 \u0627\u0644\u0639\u0631\u0628\u064a \u0645\u0646 \u062c\u0627\u0645\u0639\u0629 \u062f\u0645\u0634\u0642\u060c \u0648\u0639\u0645\u0644 \u0643\u0635\u062d\u0641\u064a \u062e\u0644\u0627\u0644 \u0627\u0644\u062d\u0631\u0628 \u0641\u064a \u0633\u0648\u0631\u064a\u0627 \u0645\u0646\u0630 \u0627\u0644\u0639\u0627\u0645 2011. Es un periodista sirio.\u00a0Vive en Madrid desde el a\u00f1o 2019.\u00a0Cofundador y editor en la revista de Baynana.es. Es especialista en Literatura \u00c1rabe por la Universidad de Damasco y trabaj\u00f3 como periodista durante la guerra en Siria desde el a\u00f1o 2011.\u00a0","sameAs":["https:\/\/www.facebook.com\/ayham.greeb","https:\/\/www.instagram.com\/ayham_al_sati\/","https:\/\/x.com\/https:\/\/twitter.com\/ayham_greeb","ayham"],"url":"https:\/\/baynana.es\/es\/author\/ayham\/"}]}},"authors":[{"term_id":505,"user_id":3,"is_guest":0,"slug":"ayham","display_name":"Ayham Al Sati","avatar_url":"https:\/\/baynana.es\/wp-content\/uploads\/2021\/01\/ayhamm-96x96.jpg","author_category":"","first_name":"Ayham","last_name":"Al Sati","user_url":"","job_title":"","description":"\u0635\u062d\u0641\u064a \u0633\u0648\u0631\u064a\u060c \u064a\u0639\u064a\u0634 \u0641\u064a \u0645\u062f\u0631\u064a\u062f \u0645\u0646\u0630 \u0639\u0627\u0645 2019. \u0645\u0624\u0633\u0633 \u0648\u0645\u062d\u0631\u0631 \u0641\u064a \u0645\u062c\u0644\u0629 \u0628\u064a\u0646\u0646\u0627\u060c \u0645\u062a\u062e\u0635\u0635 \u0641\u064a \u0627\u0644\u0623\u062f\u0628 \u0627\u0644\u0639\u0631\u0628\u064a \u0645\u0646 \u062c\u0627\u0645\u0639\u0629 \u062f\u0645\u0634\u0642\u060c \u0648\u0639\u0645\u0644 \u0643\u0635\u062d\u0641\u064a \u062e\u0644\u0627\u0644 \u0627\u0644\u062d\u0631\u0628 \u0641\u064a \u0633\u0648\u0631\u064a\u0627 \u0645\u0646\u0630 \u0627\u0644\u0639\u0627\u0645 2011.\r\n\r\nEs un periodista sirio.\u00a0Vive en Madrid desde el a\u00f1o 2019.\u00a0Cofundador y editor en la revista de Baynana.es. Es especialista en Literatura \u00c1rabe por la Universidad de Damasco y trabaj\u00f3 como periodista durante la guerra en Siria desde el a\u00f1o 2011.\u00a0"}],"_links":{"self":[{"href":"https:\/\/baynana.es\/es\/wp-json\/wp\/v2\/posts\/3090","targetHints":{"allow":["GET"]}}],"collection":[{"href":"https:\/\/baynana.es\/es\/wp-json\/wp\/v2\/posts"}],"about":[{"href":"https:\/\/baynana.es\/es\/wp-json\/wp\/v2\/types\/post"}],"author":[{"embeddable":true,"href":"https:\/\/baynana.es\/es\/wp-json\/wp\/v2\/users\/3"}],"replies":[{"embeddable":true,"href":"https:\/\/baynana.es\/es\/wp-json\/wp\/v2\/comments?post=3090"}],"version-history":[{"count":1,"href":"https:\/\/baynana.es\/es\/wp-json\/wp\/v2\/posts\/3090\/revisions"}],"predecessor-version":[{"id":4913,"href":"https:\/\/baynana.es\/es\/wp-json\/wp\/v2\/posts\/3090\/revisions\/4913"}],"wp:featuredmedia":[{"embeddable":true,"href":"https:\/\/baynana.es\/es\/wp-json\/wp\/v2\/media\/3092"}],"wp:attachment":[{"href":"https:\/\/baynana.es\/es\/wp-json\/wp\/v2\/media?parent=3090"}],"wp:term":[{"taxonomy":"category","embeddable":true,"href":"https:\/\/baynana.es\/es\/wp-json\/wp\/v2\/categories?post=3090"},{"taxonomy":"post_tag","embeddable":true,"href":"https:\/\/baynana.es\/es\/wp-json\/wp\/v2\/tags?post=3090"},{"taxonomy":"author","embeddable":true,"href":"https:\/\/baynana.es\/es\/wp-json\/wp\/v2\/ppma_author?post=3090"}],"curies":[{"name":"wp","href":"https:\/\/api.w.org\/{rel}","templated":true}]}}