{"id":3185,"date":"2021-08-09T18:27:04","date_gmt":"2021-08-09T16:27:04","guid":{"rendered":"https:\/\/baynana.es\/?p=3185"},"modified":"2022-02-28T12:18:59","modified_gmt":"2022-02-28T11:18:59","slug":"separados-por-la-guerra-reunidos-por-los-juegos-olimpicos-de-tokio","status":"publish","type":"post","link":"https:\/\/baynana.es\/es\/separados-por-la-guerra-reunidos-por-los-juegos-olimpicos-de-tokio\/","title":{"rendered":"Separados por la guerra, reunidos por los Juegos Ol\u00edmpicos de Tokio"},"content":{"rendered":"\n<p dir=\"ltr\"><a href=\"https:\/\/twitter.com\/mohammed_shobat?s=09\">Mohammad Subat <\/a><a href=\"https:\/\/twitter.com\/Taima_ds?s=09\">&#8211; Taima Dehni<\/a><\/p>\n\n\n\n<p dir=\"ltr\">El pasado domingo se clausuraron los Juegos Ol\u00edmpicos de Tokio, celebrados en medio de intensas medidas preventivas ante la propagaci\u00f3n de la pandemia (Covid-19) que provoc\u00f3 el aplazamiento de los Juegos el a\u00f1o pasado. Esta edici\u00f3n fue testigo de la segunda y mayor participaci\u00f3n del Equipo Ol\u00edmpico de Refugiados (EOR). 29 deportistas participantes se convirtieron en fuente de inspiraci\u00f3n para mucha gente.<\/p>\n\n\n\n<p dir=\"ltr\">Durante la ceremonia de apertura, las c\u00e1maras lograron captar un emotivo momento: el abrazo de los hermanos Muhammad y Alaa Masso. Despu\u00e9s de seis a\u00f1os separados por culpa de la guerra y, m\u00e1s tarde, la pandemia, se reencontraron en Tokio. Cada uno como parte de un equipo distinto: Alaa se uni\u00f3 como jugador del Equipo de Refugiados en Alemania; su hermano, Muhammed, logr\u00f3 llegar a Holanda para representar a Siria en los Juegos Ol\u00edmpicos de Tokio.<\/p>\n\n\n\n<figure class=\"wp-block-image size-large\"><img loading=\"lazy\" decoding=\"async\" width=\"773\" height=\"575\" src=\"https:\/\/baynana.es\/wp-content\/uploads\/2021\/08\/\u0627\u0644\u0635\u0648\u0631\u0629-\u0627\u0644\u062b\u0627\u0646\u064a\u0629.jpg\" alt=\"\" class=\"wp-image-3170\" srcset=\"https:\/\/baynana.es\/wp-content\/uploads\/2021\/08\/\u0627\u0644\u0635\u0648\u0631\u0629-\u0627\u0644\u062b\u0627\u0646\u064a\u0629.jpg 773w, https:\/\/baynana.es\/wp-content\/uploads\/2021\/08\/\u0627\u0644\u0635\u0648\u0631\u0629-\u0627\u0644\u062b\u0627\u0646\u064a\u0629-600x446.jpg 600w, https:\/\/baynana.es\/wp-content\/uploads\/2021\/08\/\u0627\u0644\u0635\u0648\u0631\u0629-\u0627\u0644\u062b\u0627\u0646\u064a\u0629-300x223.jpg 300w, https:\/\/baynana.es\/wp-content\/uploads\/2021\/08\/\u0627\u0644\u0635\u0648\u0631\u0629-\u0627\u0644\u062b\u0627\u0646\u064a\u0629-768x571.jpg 768w\" sizes=\"auto, (max-width: 773px) 100vw, 773px\" \/><figcaption>Imagen de la ceremonia de apertura de los Juegos Ol\u00edmpicos de Tokio 2020 que muestra a Alaa y Muhammed Maso<\/figcaption><\/figure>\n\n\n\n<p dir=\"ltr\" style=\"font-size:18px\"><strong><span style=\"color:#ec4e35\" class=\"has-inline-color\">El mar se convirti\u00f3 en el comienzo de su viaje<\/span><\/strong><\/p>\n\n\n\n<p dir=\"ltr\">La historia comenz\u00f3 hace varios a\u00f1os. Los hermanos Masso decidieron cruzar el mar despu\u00e9s de que el hermano mayor, Muhammed, alcanzara los 18 a\u00f1os de edad. En Siria supone tener que incorporarse al servicio militar obligatorio. Los hermanos salieron de su pa\u00eds en el 2015. Obligados, al igual que miles de sirios, a buscarse una nueva vida. Su objetivo era llegar a Holanda, pero terminaron en Hannover, Alemania. Despu\u00e9s de un largo viaje a trav\u00e9s de varios pa\u00edses: Turqu\u00eda, Grecia, Macedonia, Serbia, Austria y luego Alemania.<\/p>\n\n\n\n<p dir=\"ltr\">Una vez ah\u00ed,<strong> <\/strong>Muhammed, el hermano mayor de ahora 24 a\u00f1os, eligi\u00f3 practicar el \u00abtriatl\u00f3n\u00bb (nataci\u00f3n, marat\u00f3n y ciclismo). Aunque se le concedi\u00f3 asilo en Alemania no abandon\u00f3 la representaci\u00f3n del \u201cequipo sirio\u201d.<\/p>\n\n\n\n<figure class=\"wp-block-image size-large\"><img loading=\"lazy\" decoding=\"async\" width=\"1200\" height=\"792\" src=\"https:\/\/baynana.es\/wp-content\/uploads\/2021\/08\/\u0627\u0644\u0635\u0648\u0631\u0629-\u0627\u0644\u062b\u0627\u0644\u062b\u0629.jpg\" alt=\"\" class=\"wp-image-3172\" srcset=\"https:\/\/baynana.es\/wp-content\/uploads\/2021\/08\/\u0627\u0644\u0635\u0648\u0631\u0629-\u0627\u0644\u062b\u0627\u0644\u062b\u0629.jpg 1200w, https:\/\/baynana.es\/wp-content\/uploads\/2021\/08\/\u0627\u0644\u0635\u0648\u0631\u0629-\u0627\u0644\u062b\u0627\u0644\u062b\u0629-600x396.jpg 600w, https:\/\/baynana.es\/wp-content\/uploads\/2021\/08\/\u0627\u0644\u0635\u0648\u0631\u0629-\u0627\u0644\u062b\u0627\u0644\u062b\u0629-300x198.jpg 300w, https:\/\/baynana.es\/wp-content\/uploads\/2021\/08\/\u0627\u0644\u0635\u0648\u0631\u0629-\u0627\u0644\u062b\u0627\u0644\u062b\u0629-1024x676.jpg 1024w, https:\/\/baynana.es\/wp-content\/uploads\/2021\/08\/\u0627\u0644\u0635\u0648\u0631\u0629-\u0627\u0644\u062b\u0627\u0644\u062b\u0629-768x507.jpg 768w\" sizes=\"auto, (max-width: 1200px) 100vw, 1200px\" \/><figcaption>Imagen personal de los hermanos Muhamed y Alaa Maso mientras estaban en Atenas<\/figcaption><\/figure>\n\n\n\n<p dir=\"ltr\"><strong><span style=\"color:#ec4e35\" class=\"has-inline-color\">Huir de la guerra y representar a los refugiados en los Ol\u00edmpicos<\/span><\/strong><\/p>\n\n\n\n<p dir=\"ltr\">Alaa Maso, el hermano menor de 21 a\u00f1os, ostentaba el r\u00e9cord sirio de 50 metros estilo libre para la categor\u00eda junior de nataci\u00f3n. Confirm\u00f3 en declaraciones anteriores a <a href=\"https:\/\/www.infomigrants.net\/ar\/post\/31432\/%D8%B9%D9%84%D8%A7%D8%A1-%D9%87%D8%A7%D8%B1%D8%A8-%D9%85%D9%86-%D8%A7%D9%84%D8%AD%D8%B1%D8%A8-%D8%A7%D9%84%D8%B3%D9%88%D8%B1%D9%8A%D8%A9-%D8%B9%D9%84%D9%89-%D9%85%D8%B4%D8%A7%D8%B1%D9%81-%D8%AA%D9%85%D8%AB%D9%8A%D9%84-%D8%A7%D9%84%D9%84%D8%A7%D8%AC%D8%A6%D9%8A%D9%86-%D8%A3%D9%88%D9%84%D9%85%D8%A8%D9%8A%D8%A7\" target=\"_blank\" rel=\"noreferrer noopener\">Mohajer News<\/a> que se dirigi\u00f3 a los organizadores de la Selecci\u00f3n Siria de nataci\u00f3n para participar en los torneos internacionales de 2018. No recibi\u00f3 respuesta alguna, por lo que inici\u00f3 una solicitud para unirse al equipo de refugiados. En 2019, fue acogido y aceptado por los organizadores de dicho equipo. Le dio esperanza tras la decepci\u00f3n causada por el rechazo por parte de la selecci\u00f3n siria.<\/p>\n\n\n\n<p dir=\"ltr\">Para Alaa, representar al equipo de refugiados es un mensaje importante: especialmente para todos aquellos que ven a los refugiados como una carga. En una entrevista con Mohajer News, dijo: \u00abQuiero que entiendan que tenemos capacidades, metas, sue\u00f1os y una gran determinaci\u00f3n para lograr el \u00e9xito. Representar al equipo de refugiados es representar al pueblo sirio que fue expulsado a la fuerza de su pa\u00eds, y a todos los que abandonaron su patria en busca de la seguridad perdida\u201d.<\/p>\n\n\n\n<p dir=\"ltr\"><strong><span style=\"color:#ec4e35\" class=\"has-inline-color\">Sanda Aldas y Mona Duhok: Separadas por la guerra y reunidas por el judo<\/span>.<\/strong><\/p>\n\n\n\n<p dir=\"ltr\">Los Juegos Ol\u00edmpicos de Tokio no fueron s\u00f3lo el encuentro de los hermanos Masso. Tambi\u00e9n reunieron a dos amigas sirias que hab\u00edan sido separadas por la guerra.<\/p>\n\n\n\n<p dir=\"ltr\"><strong>Sanda Aldas<\/strong>, una judoca siria, huy\u00f3 de la capital, Damasco, en 2015 hacia los Pa\u00edses Bajos. A su llegada, pas\u00f3 nueve meses en un campo de refugiados, incluyendo seis meses separada de su familia. M\u00e1s tarde, <a href=\"https:\/\/olympics.com\/ar\/video\/sanda-aldass-joins-the-ioc-refugee-olympic-team?uxreference=playlist\" target=\"_blank\" rel=\"noreferrer noopener\">fue seleccionada como parte del Equipo Ol\u00edmpico de Refugiados para los Juegos de Tokio<\/a> 2020.<\/p>\n\n\n\n<p dir=\"ltr\">En cuanto a su amiga, <a href=\"https:\/\/olympics.com\/ar\/athletes\/muna-dahouk\" target=\"_blank\" rel=\"noreferrer noopener\"><strong>Mona Dohuk<\/strong>,<\/a> que empez\u00f3 a jugar judo en Damasco desde los seis a\u00f1os, huy\u00f3 de Siria a Holanda en 2018 y no par\u00f3 de entrenar hasta que logr\u00f3 incorporarse al equipo de refugiados en el campeonato del Gran Premio de Budapest 2019, y particip\u00f3 en dos torneos de Grand Slam en Par\u00eds y Dusseldorf en 2020. Ha competido en los Juegos Ol\u00edmpicos de Tokio 2020, en la categor\u00eda de peso inferior a 63 kg.<\/p>\n\n\n\n<figure class=\"wp-block-image size-large\"><img loading=\"lazy\" decoding=\"async\" width=\"800\" height=\"450\" src=\"https:\/\/baynana.es\/wp-content\/uploads\/2021\/08\/\u0627\u0644\u0635\u0648\u0631\u0629-\u0627\u0644\u0631\u0627\u0628\u0639\u0647.jpg\" alt=\"\" class=\"wp-image-3174\" srcset=\"https:\/\/baynana.es\/wp-content\/uploads\/2021\/08\/\u0627\u0644\u0635\u0648\u0631\u0629-\u0627\u0644\u0631\u0627\u0628\u0639\u0647.jpg 800w, https:\/\/baynana.es\/wp-content\/uploads\/2021\/08\/\u0627\u0644\u0635\u0648\u0631\u0629-\u0627\u0644\u0631\u0627\u0628\u0639\u0647-600x338.jpg 600w, https:\/\/baynana.es\/wp-content\/uploads\/2021\/08\/\u0627\u0644\u0635\u0648\u0631\u0629-\u0627\u0644\u0631\u0627\u0628\u0639\u0647-300x169.jpg 300w, https:\/\/baynana.es\/wp-content\/uploads\/2021\/08\/\u0627\u0644\u0635\u0648\u0631\u0629-\u0627\u0644\u0631\u0627\u0628\u0639\u0647-768x432.jpg 768w, https:\/\/baynana.es\/wp-content\/uploads\/2021\/08\/\u0627\u0644\u0635\u0648\u0631\u0629-\u0627\u0644\u0631\u0627\u0628\u0639\u0647-390x220.jpg 390w\" sizes=\"auto, (max-width: 800px) 100vw, 800px\" \/><figcaption>Imagen que muestra a las dos amigas, Sanda Aldas y Mona Duhok en el equipo de judo<\/figcaption><\/figure>\n\n\n\n<p dir=\"ltr\"><strong><font style=\"vertical-align: inherit;\"><font style=\"vertical-align: inherit;\"><span style=\"color:#ec4e35\" class=\"has-inline-color\">De resatar refugiados en el mar a player en los Ol\u00edmpicos<\/span><\/font><\/font><\/strong><\/p>\n\n\n\n<p dir=\"ltr\"><a href=\"https:\/\/es.wikipedia.org\/wiki\/Yusra_Mardini\" target=\"_blank\" rel=\"noreferrer noopener\"><strong>Yusra Mardini<\/strong> <\/a>aprendi\u00f3 desde muy joven a nadar en un club deportivo de Damasco, de la mano de su padre, que era entrenador de nataci\u00f3n. Este no sab\u00eda por aquel entonces que sus lecciones ser\u00edan el motivo de la supervivencia de sus hijas m\u00e1s adelante.&nbsp;<\/p>\n\n\n\n<p dir=\"ltr\">En el 2015, Yusra, de 23 a\u00f1os, se vio obligada a salir de Damasco junto a su hermana, dirigi\u00e9ndose primero hacia el L\u00edbano y luego a Turqu\u00eda para intentar cruzar el mar a Grecia.<\/p>\n\n\n\n<p dir=\"ltr\">En alg\u00fan momento del viaje el motor de la embarcaci\u00f3n fall\u00f3, fue entonces cuando Yusra y su hermana se lanzaron al agua junto con otras dos personas y empujaron el bote durante 3 horas hasta llegar a la isla griega de Lesbos, salvando la vida de 20 personas. La historia de Yusra inspir\u00f3 al mundo entero y fue nombrada Embajadora de buena voluntad en 2017.<\/p>\n\n\n\n<p dir=\"ltr\">Desde el 2015 Yusra vive en Alemania como refugiada y forma parte del equipo ol\u00edmpico de refugiados, participando en las competencias de 100 metros mariposa de los Juegos Ol\u00edmpicos de R\u00edo (2016) y de Tokio (2020).&nbsp;<\/p>\n\n\n\n<p dir=\"ltr\"><strong>La idea de formar un equipo de refugiados<\/strong> surgi\u00f3 en medio de la crisis mundial de refugiados en 2015, cuando el presidente del Comit\u00e9 Ol\u00edmpico Internacional Alem\u00e1n, Thomas Bach, anunci\u00f3 la creaci\u00f3n de un equipo especial para refugiados ol\u00edmpicos, con el fin de participar en los Juegos Ol\u00edmpicos de R\u00edo 2016, que se llam\u00f3 el Equipo Ol\u00edmpico de Refugiados, abreviado como \u00abVAL\u00bb, en el que los deportistas participan bajo la bandera ol\u00edmpica. En el caso de que alguno de sus miembros ganara alguna medalla, se izar\u00eda la bandera ol\u00edmpica y se tocar\u00eda el himno ol\u00edmpico.<\/p>\n\n\n\n<p dir=\"ltr\">En los Juegos Ol\u00edmpicos de R\u00edo, diez atletas de Etiop\u00eda y Sud\u00e1n del Sur compitieron junto con otros atletas de Siria y el Congo. Sus actuaciones dieron como resultado el establecimiento de la Fundaci\u00f3n Ol\u00edmpica para Refugiados, que tiene como objetivo brindar acceso deportivo a un mill\u00f3n de j\u00f3venes refugiados para 2024.<\/p>\n\n\n\n<figure class=\"wp-block-image size-large\"><img loading=\"lazy\" decoding=\"async\" width=\"1240\" height=\"700\" src=\"https:\/\/baynana.es\/wp-content\/uploads\/2021\/08\/\u0627\u0644\u0635\u0648\u0631\u0629-\u0627\u0644\u062e\u0627\u0645\u0633\u0629.jpg\" alt=\"\" class=\"wp-image-3176\" srcset=\"https:\/\/baynana.es\/wp-content\/uploads\/2021\/08\/\u0627\u0644\u0635\u0648\u0631\u0629-\u0627\u0644\u062e\u0627\u0645\u0633\u0629.jpg 1240w, https:\/\/baynana.es\/wp-content\/uploads\/2021\/08\/\u0627\u0644\u0635\u0648\u0631\u0629-\u0627\u0644\u062e\u0627\u0645\u0633\u0629-600x339.jpg 600w, https:\/\/baynana.es\/wp-content\/uploads\/2021\/08\/\u0627\u0644\u0635\u0648\u0631\u0629-\u0627\u0644\u062e\u0627\u0645\u0633\u0629-300x169.jpg 300w, https:\/\/baynana.es\/wp-content\/uploads\/2021\/08\/\u0627\u0644\u0635\u0648\u0631\u0629-\u0627\u0644\u062e\u0627\u0645\u0633\u0629-1024x578.jpg 1024w, https:\/\/baynana.es\/wp-content\/uploads\/2021\/08\/\u0627\u0644\u0635\u0648\u0631\u0629-\u0627\u0644\u062e\u0627\u0645\u0633\u0629-768x434.jpg 768w, https:\/\/baynana.es\/wp-content\/uploads\/2021\/08\/\u0627\u0644\u0635\u0648\u0631\u0629-\u0627\u0644\u062e\u0627\u0645\u0633\u0629-390x220.jpg 390w\" sizes=\"auto, (max-width: 1240px) 100vw, 1240px\" \/><figcaption>El Equipo Ol\u00edmpico de Refugiados que particip\u00f3 en los Juegos Ol\u00edmpicos de Brasil.<\/figcaption><\/figure>\n\n\n\n<p dir=\"ltr\"><strong><span style=\"color:#ec4e35\" class=\"has-inline-color\">Juegos Ol\u00edmpicos de Tokio: segunda participaci\u00f3n, mayor n\u00famero<\/span><\/strong><\/p>\n\n\n\n<p dir=\"ltr\">Por segunda vez desde su fundaci\u00f3n, el Equipo Ol\u00edmpico de Refugiados particip\u00f3 en los Juegos Ol\u00edmpicos, enviando un mensaje de esperanza a los refugiados de todo el mundo \u201cCuando ustedes, los miembros del Equipo Ol\u00edmpico de Refugiados y los atletas del Comit\u00e9 Ol\u00edmpico Nacional de todo el mundo est\u00e9n presentes en Tokio el 23 de julio enviar\u00e1n un fuerte mensaje de solidaridad, firmeza y esperanza para todo el planeta\u201d, dijo el presidente del Comit\u00e9 Ol\u00edmpico Internacional,<strong> Thomas Bach<\/strong>,<\/p>\n\n\n\n<figure class=\"wp-block-image size-large\"><img loading=\"lazy\" decoding=\"async\" width=\"1032\" height=\"1600\" src=\"https:\/\/baynana.es\/wp-content\/uploads\/2021\/08\/\u0627\u0644\u0635\u0648\u0631\u0629-\u0627\u0644\u0633\u0627\u062f\u0633\u0629-1.jpg\" alt=\"\" class=\"wp-image-3189\" srcset=\"https:\/\/baynana.es\/wp-content\/uploads\/2021\/08\/\u0627\u0644\u0635\u0648\u0631\u0629-\u0627\u0644\u0633\u0627\u062f\u0633\u0629-1.jpg 1032w, https:\/\/baynana.es\/wp-content\/uploads\/2021\/08\/\u0627\u0644\u0635\u0648\u0631\u0629-\u0627\u0644\u0633\u0627\u062f\u0633\u0629-1-600x930.jpg 600w, https:\/\/baynana.es\/wp-content\/uploads\/2021\/08\/\u0627\u0644\u0635\u0648\u0631\u0629-\u0627\u0644\u0633\u0627\u062f\u0633\u0629-1-194x300.jpg 194w, https:\/\/baynana.es\/wp-content\/uploads\/2021\/08\/\u0627\u0644\u0635\u0648\u0631\u0629-\u0627\u0644\u0633\u0627\u062f\u0633\u0629-1-660x1024.jpg 660w, https:\/\/baynana.es\/wp-content\/uploads\/2021\/08\/\u0627\u0644\u0635\u0648\u0631\u0629-\u0627\u0644\u0633\u0627\u062f\u0633\u0629-1-768x1191.jpg 768w, https:\/\/baynana.es\/wp-content\/uploads\/2021\/08\/\u0627\u0644\u0635\u0648\u0631\u0629-\u0627\u0644\u0633\u0627\u062f\u0633\u0629-1-991x1536.jpg 991w\" sizes=\"auto, (max-width: 1032px) 100vw, 1032px\" \/><figcaption>Atletas del Equipo Ol\u00edmpico de Refugiados del COI Tokio 2020, con el presidente del COI, Thomas Bach en la ceremonia de anuncio de hoy.<br>\u00a1\u00danase a nosotros para felicitar a los atletas!<br>RefugeeOlympicTeam #WithRefugees #StrongerTogether<\/figcaption><\/figure>\n\n\n\n<p dir=\"ltr\">Adem\u00e1s de Alaa, Sanda, Mona y Yusra, el equipo de refugiados que particip\u00f3 en los Juegos Ol\u00edmpicos de Tokio 2020 incluy\u00f3 a 25 refugiados de 11 pa\u00edses de todo el mundo, la mayor\u00eda de ellos de Siria, seguidos de Ir\u00e1n, Sud\u00e1n del Sur, Afganist\u00e1n y Eritrea, adem\u00e1s de Camer\u00fan y el&nbsp; Congo<\/p>\n","protected":false},"excerpt":{"rendered":"<p>Mohammad Subat &#8211; Taima Dehni El pasado domingo se clausuraron los Juegos Ol\u00edmpicos de Tokio, celebrados en medio de intensas medidas preventivas ante la propagaci\u00f3n de la pandemia (Covid-19) que provoc\u00f3 el aplazamiento de los Juegos el a\u00f1o pasado. Esta edici\u00f3n fue testigo de la segunda y mayor participaci\u00f3n del Equipo Ol\u00edmpico de Refugiados (EOR). &hellip;<\/p>\n","protected":false},"author":2,"featured_media":3187,"comment_status":"closed","ping_status":"closed","sticky":false,"template":"","format":"standard","meta":{"inline_featured_image":false,"footnotes":""},"categories":[11,52],"tags":[91,384],"ppma_author":[503],"class_list":["post-3185","post","type-post","status-publish","format-standard","has-post-thumbnail","hentry","category-inicio","category-reportajes","tag-revista-baynana","tag--es"],"acf":[],"yoast_head":"<!-- This site is optimized with the Yoast SEO plugin v25.3.1 - https:\/\/yoast.com\/wordpress\/plugins\/seo\/ -->\n<title>Separados por la guerra, reunidos por los Juegos Ol\u00edmpicos de Tokio<\/title>\n<meta name=\"description\" content=\"Los reci\u00e9n clausurados Juegos Ol\u00edmpicos de Tokio han sido escenario de la segunda edici\u00f3n del Equipo Ol\u00edmpico de Refugiados (EOR).\" \/>\n<meta name=\"robots\" content=\"index, follow, max-snippet:-1, max-image-preview:large, max-video-preview:-1\" \/>\n<link rel=\"canonical\" href=\"https:\/\/baynana.es\/es\/separados-por-la-guerra-reunidos-por-los-juegos-olimpicos-de-tokio\/\" \/>\n<meta property=\"og:locale\" content=\"es_ES\" \/>\n<meta property=\"og:type\" content=\"article\" \/>\n<meta property=\"og:title\" content=\"Separados por la guerra, reunidos por los Juegos Ol\u00edmpicos de Tokio\" \/>\n<meta property=\"og:description\" content=\"Los reci\u00e9n clausurados Juegos Ol\u00edmpicos de Tokio han sido escenario de la segunda edici\u00f3n del Equipo Ol\u00edmpico de Refugiados (EOR).\" \/>\n<meta property=\"og:url\" content=\"https:\/\/baynana.es\/es\/separados-por-la-guerra-reunidos-por-los-juegos-olimpicos-de-tokio\/\" \/>\n<meta property=\"og:site_name\" content=\"Baynana \u0628\u064a\u0646\u0646\u0627\" \/>\n<meta property=\"article:publisher\" content=\"https:\/\/www.facebook.com\/baynanaes\" \/>\n<meta property=\"article:published_time\" content=\"2021-08-09T16:27:04+00:00\" \/>\n<meta property=\"article:modified_time\" content=\"2022-02-28T11:18:59+00:00\" \/>\n<meta property=\"og:image\" content=\"https:\/\/baynana.es\/wp-content\/uploads\/2021\/08\/-\u0627\u0644\u063a\u0644\u0627\u0641-\u0645\u0646-\u0645\u0634\u0627\u0631\u0643\u0629-\u0641\u0631\u064a\u0642-\u0627\u0644\u0644\u0627\u062c\u0626\u064a\u0646-\u0627\u0644\u0627\u0648\u0644\u0645\u0628\u064a-\u0641\u064a-\u0627\u0648\u0644\u0645\u0628\u064a\u0627\u062f-\u0631\u064a\u0648-\u062f\u064a-\u062c\u0627\u0646\u064a\u0631\u0648-e1645620450767.jpg\" \/>\n\t<meta property=\"og:image:width\" content=\"700\" \/>\n\t<meta property=\"og:image:height\" content=\"366\" \/>\n\t<meta property=\"og:image:type\" content=\"image\/jpeg\" \/>\n<meta name=\"author\" content=\"baynana\" \/>\n<meta name=\"twitter:card\" content=\"summary_large_image\" \/>\n<meta name=\"twitter:image\" content=\"https:\/\/baynana.es\/wp-content\/uploads\/2021\/08\/-\u0627\u0644\u063a\u0644\u0627\u0641-\u0645\u0646-\u0645\u0634\u0627\u0631\u0643\u0629-\u0641\u0631\u064a\u0642-\u0627\u0644\u0644\u0627\u062c\u0626\u064a\u0646-\u0627\u0644\u0627\u0648\u0644\u0645\u0628\u064a-\u0641\u064a-\u0627\u0648\u0644\u0645\u0628\u064a\u0627\u062f-\u0631\u064a\u0648-\u062f\u064a-\u062c\u0627\u0646\u064a\u0631\u0648-e1645620450767.jpg\" \/>\n<meta name=\"twitter:creator\" content=\"@baynanaes\" \/>\n<meta name=\"twitter:site\" content=\"@baynanaes\" \/>\n<meta name=\"twitter:label1\" content=\"Escrito por\" \/>\n\t<meta name=\"twitter:data1\" content=\"baynana\" \/>\n\t<meta name=\"twitter:label2\" content=\"Tiempo de lectura\" \/>\n\t<meta name=\"twitter:data2\" content=\"7 minutos\" \/>\n<script type=\"application\/ld+json\" class=\"yoast-schema-graph\">{\"@context\":\"https:\/\/schema.org\",\"@graph\":[{\"@type\":\"Article\",\"@id\":\"https:\/\/baynana.es\/es\/separados-por-la-guerra-reunidos-por-los-juegos-olimpicos-de-tokio\/#article\",\"isPartOf\":{\"@id\":\"https:\/\/baynana.es\/es\/separados-por-la-guerra-reunidos-por-los-juegos-olimpicos-de-tokio\/\"},\"author\":{\"name\":\"baynana\",\"@id\":\"https:\/\/baynana.es\/#\/schema\/person\/d743d5ffbf13ef7c04034c063666fe95\"},\"headline\":\"Separados por la guerra, reunidos por los Juegos Ol\u00edmpicos de Tokio\",\"datePublished\":\"2021-08-09T16:27:04+00:00\",\"dateModified\":\"2022-02-28T11:18:59+00:00\",\"mainEntityOfPage\":{\"@id\":\"https:\/\/baynana.es\/es\/separados-por-la-guerra-reunidos-por-los-juegos-olimpicos-de-tokio\/\"},\"wordCount\":1290,\"publisher\":{\"@id\":\"https:\/\/baynana.es\/#organization\"},\"image\":{\"@id\":\"https:\/\/baynana.es\/es\/separados-por-la-guerra-reunidos-por-los-juegos-olimpicos-de-tokio\/#primaryimage\"},\"thumbnailUrl\":\"https:\/\/baynana.es\/wp-content\/uploads\/2021\/08\/-\u0627\u0644\u063a\u0644\u0627\u0641-\u0645\u0646-\u0645\u0634\u0627\u0631\u0643\u0629-\u0641\u0631\u064a\u0642-\u0627\u0644\u0644\u0627\u062c\u0626\u064a\u0646-\u0627\u0644\u0627\u0648\u0644\u0645\u0628\u064a-\u0641\u064a-\u0627\u0648\u0644\u0645\u0628\u064a\u0627\u062f-\u0631\u064a\u0648-\u062f\u064a-\u062c\u0627\u0646\u064a\u0631\u0648-e1645620450767.jpg\",\"keywords\":[\"REVISTA BAYNANA\",\"\u0633\u0648\u0631\u064a\u0627\"],\"articleSection\":[\"INICIO\",\"REPORTAJES\"],\"inLanguage\":\"es\"},{\"@type\":\"WebPage\",\"@id\":\"https:\/\/baynana.es\/es\/separados-por-la-guerra-reunidos-por-los-juegos-olimpicos-de-tokio\/\",\"url\":\"https:\/\/baynana.es\/es\/separados-por-la-guerra-reunidos-por-los-juegos-olimpicos-de-tokio\/\",\"name\":\"Separados por la guerra, reunidos por los Juegos Ol\u00edmpicos de Tokio\",\"isPartOf\":{\"@id\":\"https:\/\/baynana.es\/#website\"},\"primaryImageOfPage\":{\"@id\":\"https:\/\/baynana.es\/es\/separados-por-la-guerra-reunidos-por-los-juegos-olimpicos-de-tokio\/#primaryimage\"},\"image\":{\"@id\":\"https:\/\/baynana.es\/es\/separados-por-la-guerra-reunidos-por-los-juegos-olimpicos-de-tokio\/#primaryimage\"},\"thumbnailUrl\":\"https:\/\/baynana.es\/wp-content\/uploads\/2021\/08\/-\u0627\u0644\u063a\u0644\u0627\u0641-\u0645\u0646-\u0645\u0634\u0627\u0631\u0643\u0629-\u0641\u0631\u064a\u0642-\u0627\u0644\u0644\u0627\u062c\u0626\u064a\u0646-\u0627\u0644\u0627\u0648\u0644\u0645\u0628\u064a-\u0641\u064a-\u0627\u0648\u0644\u0645\u0628\u064a\u0627\u062f-\u0631\u064a\u0648-\u062f\u064a-\u062c\u0627\u0646\u064a\u0631\u0648-e1645620450767.jpg\",\"datePublished\":\"2021-08-09T16:27:04+00:00\",\"dateModified\":\"2022-02-28T11:18:59+00:00\",\"description\":\"Los reci\u00e9n clausurados Juegos Ol\u00edmpicos de Tokio han sido escenario de la segunda edici\u00f3n del Equipo Ol\u00edmpico de Refugiados (EOR).\",\"breadcrumb\":{\"@id\":\"https:\/\/baynana.es\/es\/separados-por-la-guerra-reunidos-por-los-juegos-olimpicos-de-tokio\/#breadcrumb\"},\"inLanguage\":\"es\",\"potentialAction\":[{\"@type\":\"ReadAction\",\"target\":[\"https:\/\/baynana.es\/es\/separados-por-la-guerra-reunidos-por-los-juegos-olimpicos-de-tokio\/\"]}]},{\"@type\":\"ImageObject\",\"inLanguage\":\"es\",\"@id\":\"https:\/\/baynana.es\/es\/separados-por-la-guerra-reunidos-por-los-juegos-olimpicos-de-tokio\/#primaryimage\",\"url\":\"https:\/\/baynana.es\/wp-content\/uploads\/2021\/08\/-\u0627\u0644\u063a\u0644\u0627\u0641-\u0645\u0646-\u0645\u0634\u0627\u0631\u0643\u0629-\u0641\u0631\u064a\u0642-\u0627\u0644\u0644\u0627\u062c\u0626\u064a\u0646-\u0627\u0644\u0627\u0648\u0644\u0645\u0628\u064a-\u0641\u064a-\u0627\u0648\u0644\u0645\u0628\u064a\u0627\u062f-\u0631\u064a\u0648-\u062f\u064a-\u062c\u0627\u0646\u064a\u0631\u0648-e1645620450767.jpg\",\"contentUrl\":\"https:\/\/baynana.es\/wp-content\/uploads\/2021\/08\/-\u0627\u0644\u063a\u0644\u0627\u0641-\u0645\u0646-\u0645\u0634\u0627\u0631\u0643\u0629-\u0641\u0631\u064a\u0642-\u0627\u0644\u0644\u0627\u062c\u0626\u064a\u0646-\u0627\u0644\u0627\u0648\u0644\u0645\u0628\u064a-\u0641\u064a-\u0627\u0648\u0644\u0645\u0628\u064a\u0627\u062f-\u0631\u064a\u0648-\u062f\u064a-\u062c\u0627\u0646\u064a\u0631\u0648-e1645620450767.jpg\",\"width\":700,\"height\":366,\"caption\":\"El Equipo Ol\u00edmpico de Refugiados\"},{\"@type\":\"BreadcrumbList\",\"@id\":\"https:\/\/baynana.es\/es\/separados-por-la-guerra-reunidos-por-los-juegos-olimpicos-de-tokio\/#breadcrumb\",\"itemListElement\":[{\"@type\":\"ListItem\",\"position\":1,\"name\":\"Portada\",\"item\":\"https:\/\/baynana.es\/es\/\"},{\"@type\":\"ListItem\",\"position\":2,\"name\":\"Separados por la guerra, reunidos por los Juegos Ol\u00edmpicos de Tokio\"}]},{\"@type\":\"WebSite\",\"@id\":\"https:\/\/baynana.es\/#website\",\"url\":\"https:\/\/baynana.es\/\",\"name\":\"Baynana \u0628\u064a\u0646\u0646\u0627\",\"description\":\"Baynana Revista \u0645\u062c\u0644\u0629 \u0628\u064a\u0646\u0646\u0627\",\"publisher\":{\"@id\":\"https:\/\/baynana.es\/#organization\"},\"potentialAction\":[{\"@type\":\"SearchAction\",\"target\":{\"@type\":\"EntryPoint\",\"urlTemplate\":\"https:\/\/baynana.es\/?s={search_term_string}\"},\"query-input\":{\"@type\":\"PropertyValueSpecification\",\"valueRequired\":true,\"valueName\":\"search_term_string\"}}],\"inLanguage\":\"es\"},{\"@type\":\"Organization\",\"@id\":\"https:\/\/baynana.es\/#organization\",\"name\":\"\u0628\u064a\u0646\u0646\u0627 Baynana\",\"url\":\"https:\/\/baynana.es\/\",\"logo\":{\"@type\":\"ImageObject\",\"inLanguage\":\"es\",\"@id\":\"https:\/\/baynana.es\/#\/schema\/logo\/image\/\",\"url\":\"https:\/\/baynana.es\/wp-content\/uploads\/2021\/03\/Artboard-1.png\",\"contentUrl\":\"https:\/\/baynana.es\/wp-content\/uploads\/2021\/03\/Artboard-1.png\",\"width\":315,\"height\":228,\"caption\":\"\u0628\u064a\u0646\u0646\u0627 Baynana\"},\"image\":{\"@id\":\"https:\/\/baynana.es\/#\/schema\/logo\/image\/\"},\"sameAs\":[\"https:\/\/www.facebook.com\/baynanaes\",\"https:\/\/x.com\/baynanaes\",\"https:\/\/www.instagram.com\/baynanaes\/\",\"https:\/\/www.linkedin.com\/in\/baynana-\u0628\u064a\u0646\u0646\u0627-887599211\/\",\"https:\/\/www.youtube.com\/channel\/UC3019bsq5wOpi61SOufKxPA\"]},{\"@type\":\"Person\",\"@id\":\"https:\/\/baynana.es\/#\/schema\/person\/d743d5ffbf13ef7c04034c063666fe95\",\"name\":\"baynana\",\"image\":{\"@type\":\"ImageObject\",\"inLanguage\":\"es\",\"@id\":\"https:\/\/baynana.es\/#\/schema\/person\/image\/2fdb3ad168978c52d9db4d0a4825fb0a\",\"url\":\"https:\/\/baynana.es\/wp-content\/uploads\/2022\/04\/baynana-A011-96x96.png\",\"contentUrl\":\"https:\/\/baynana.es\/wp-content\/uploads\/2022\/04\/baynana-A011-96x96.png\",\"caption\":\"baynana\"},\"description\":\"Baynana es un medio online biling\u00fce -en \u00e1rabe y espa\u00f1ol- que apuesta por el periodismo social y de servicio p\u00fablico. Nuestra revista aspira a ofrecer informaci\u00f3n de utilidad a la comunidad arab\u00f3fona en Espa\u00f1a y, al mismo tiempo, tender puentes entre las personas migrantes, refugiadas y espa\u00f1olas de origen extranjero, y el resto de la poblaci\u00f3n.\",\"sameAs\":[\"http:\/\/moussa\"],\"url\":\"https:\/\/baynana.es\/es\/author\/moussa\/\"}]}<\/script>\n<!-- \/ Yoast SEO plugin. -->","yoast_head_json":{"title":"Separados por la guerra, reunidos por los Juegos Ol\u00edmpicos de Tokio","description":"Los reci\u00e9n clausurados Juegos Ol\u00edmpicos de Tokio han sido escenario de la segunda edici\u00f3n del Equipo Ol\u00edmpico de Refugiados (EOR).","robots":{"index":"index","follow":"follow","max-snippet":"max-snippet:-1","max-image-preview":"max-image-preview:large","max-video-preview":"max-video-preview:-1"},"canonical":"https:\/\/baynana.es\/es\/separados-por-la-guerra-reunidos-por-los-juegos-olimpicos-de-tokio\/","og_locale":"es_ES","og_type":"article","og_title":"Separados por la guerra, reunidos por los Juegos Ol\u00edmpicos de Tokio","og_description":"Los reci\u00e9n clausurados Juegos Ol\u00edmpicos de Tokio han sido escenario de la segunda edici\u00f3n del Equipo Ol\u00edmpico de Refugiados (EOR).","og_url":"https:\/\/baynana.es\/es\/separados-por-la-guerra-reunidos-por-los-juegos-olimpicos-de-tokio\/","og_site_name":"Baynana \u0628\u064a\u0646\u0646\u0627","article_publisher":"https:\/\/www.facebook.com\/baynanaes","article_published_time":"2021-08-09T16:27:04+00:00","article_modified_time":"2022-02-28T11:18:59+00:00","og_image":[{"width":700,"height":366,"url":"https:\/\/baynana.es\/wp-content\/uploads\/2021\/08\/-\u0627\u0644\u063a\u0644\u0627\u0641-\u0645\u0646-\u0645\u0634\u0627\u0631\u0643\u0629-\u0641\u0631\u064a\u0642-\u0627\u0644\u0644\u0627\u062c\u0626\u064a\u0646-\u0627\u0644\u0627\u0648\u0644\u0645\u0628\u064a-\u0641\u064a-\u0627\u0648\u0644\u0645\u0628\u064a\u0627\u062f-\u0631\u064a\u0648-\u062f\u064a-\u062c\u0627\u0646\u064a\u0631\u0648-e1645620450767.jpg","type":"image\/jpeg"}],"author":"baynana","twitter_card":"summary_large_image","twitter_image":"https:\/\/baynana.es\/wp-content\/uploads\/2021\/08\/-\u0627\u0644\u063a\u0644\u0627\u0641-\u0645\u0646-\u0645\u0634\u0627\u0631\u0643\u0629-\u0641\u0631\u064a\u0642-\u0627\u0644\u0644\u0627\u062c\u0626\u064a\u0646-\u0627\u0644\u0627\u0648\u0644\u0645\u0628\u064a-\u0641\u064a-\u0627\u0648\u0644\u0645\u0628\u064a\u0627\u062f-\u0631\u064a\u0648-\u062f\u064a-\u062c\u0627\u0646\u064a\u0631\u0648-e1645620450767.jpg","twitter_creator":"@baynanaes","twitter_site":"@baynanaes","twitter_misc":{"Escrito por":"baynana","Tiempo de lectura":"7 minutos"},"schema":{"@context":"https:\/\/schema.org","@graph":[{"@type":"Article","@id":"https:\/\/baynana.es\/es\/separados-por-la-guerra-reunidos-por-los-juegos-olimpicos-de-tokio\/#article","isPartOf":{"@id":"https:\/\/baynana.es\/es\/separados-por-la-guerra-reunidos-por-los-juegos-olimpicos-de-tokio\/"},"author":{"name":"baynana","@id":"https:\/\/baynana.es\/#\/schema\/person\/d743d5ffbf13ef7c04034c063666fe95"},"headline":"Separados por la guerra, reunidos por los Juegos Ol\u00edmpicos de Tokio","datePublished":"2021-08-09T16:27:04+00:00","dateModified":"2022-02-28T11:18:59+00:00","mainEntityOfPage":{"@id":"https:\/\/baynana.es\/es\/separados-por-la-guerra-reunidos-por-los-juegos-olimpicos-de-tokio\/"},"wordCount":1290,"publisher":{"@id":"https:\/\/baynana.es\/#organization"},"image":{"@id":"https:\/\/baynana.es\/es\/separados-por-la-guerra-reunidos-por-los-juegos-olimpicos-de-tokio\/#primaryimage"},"thumbnailUrl":"https:\/\/baynana.es\/wp-content\/uploads\/2021\/08\/-\u0627\u0644\u063a\u0644\u0627\u0641-\u0645\u0646-\u0645\u0634\u0627\u0631\u0643\u0629-\u0641\u0631\u064a\u0642-\u0627\u0644\u0644\u0627\u062c\u0626\u064a\u0646-\u0627\u0644\u0627\u0648\u0644\u0645\u0628\u064a-\u0641\u064a-\u0627\u0648\u0644\u0645\u0628\u064a\u0627\u062f-\u0631\u064a\u0648-\u062f\u064a-\u062c\u0627\u0646\u064a\u0631\u0648-e1645620450767.jpg","keywords":["REVISTA BAYNANA","\u0633\u0648\u0631\u064a\u0627"],"articleSection":["INICIO","REPORTAJES"],"inLanguage":"es"},{"@type":"WebPage","@id":"https:\/\/baynana.es\/es\/separados-por-la-guerra-reunidos-por-los-juegos-olimpicos-de-tokio\/","url":"https:\/\/baynana.es\/es\/separados-por-la-guerra-reunidos-por-los-juegos-olimpicos-de-tokio\/","name":"Separados por la guerra, reunidos por los Juegos Ol\u00edmpicos de Tokio","isPartOf":{"@id":"https:\/\/baynana.es\/#website"},"primaryImageOfPage":{"@id":"https:\/\/baynana.es\/es\/separados-por-la-guerra-reunidos-por-los-juegos-olimpicos-de-tokio\/#primaryimage"},"image":{"@id":"https:\/\/baynana.es\/es\/separados-por-la-guerra-reunidos-por-los-juegos-olimpicos-de-tokio\/#primaryimage"},"thumbnailUrl":"https:\/\/baynana.es\/wp-content\/uploads\/2021\/08\/-\u0627\u0644\u063a\u0644\u0627\u0641-\u0645\u0646-\u0645\u0634\u0627\u0631\u0643\u0629-\u0641\u0631\u064a\u0642-\u0627\u0644\u0644\u0627\u062c\u0626\u064a\u0646-\u0627\u0644\u0627\u0648\u0644\u0645\u0628\u064a-\u0641\u064a-\u0627\u0648\u0644\u0645\u0628\u064a\u0627\u062f-\u0631\u064a\u0648-\u062f\u064a-\u062c\u0627\u0646\u064a\u0631\u0648-e1645620450767.jpg","datePublished":"2021-08-09T16:27:04+00:00","dateModified":"2022-02-28T11:18:59+00:00","description":"Los reci\u00e9n clausurados Juegos Ol\u00edmpicos de Tokio han sido escenario de la segunda edici\u00f3n del Equipo Ol\u00edmpico de Refugiados (EOR).","breadcrumb":{"@id":"https:\/\/baynana.es\/es\/separados-por-la-guerra-reunidos-por-los-juegos-olimpicos-de-tokio\/#breadcrumb"},"inLanguage":"es","potentialAction":[{"@type":"ReadAction","target":["https:\/\/baynana.es\/es\/separados-por-la-guerra-reunidos-por-los-juegos-olimpicos-de-tokio\/"]}]},{"@type":"ImageObject","inLanguage":"es","@id":"https:\/\/baynana.es\/es\/separados-por-la-guerra-reunidos-por-los-juegos-olimpicos-de-tokio\/#primaryimage","url":"https:\/\/baynana.es\/wp-content\/uploads\/2021\/08\/-\u0627\u0644\u063a\u0644\u0627\u0641-\u0645\u0646-\u0645\u0634\u0627\u0631\u0643\u0629-\u0641\u0631\u064a\u0642-\u0627\u0644\u0644\u0627\u062c\u0626\u064a\u0646-\u0627\u0644\u0627\u0648\u0644\u0645\u0628\u064a-\u0641\u064a-\u0627\u0648\u0644\u0645\u0628\u064a\u0627\u062f-\u0631\u064a\u0648-\u062f\u064a-\u062c\u0627\u0646\u064a\u0631\u0648-e1645620450767.jpg","contentUrl":"https:\/\/baynana.es\/wp-content\/uploads\/2021\/08\/-\u0627\u0644\u063a\u0644\u0627\u0641-\u0645\u0646-\u0645\u0634\u0627\u0631\u0643\u0629-\u0641\u0631\u064a\u0642-\u0627\u0644\u0644\u0627\u062c\u0626\u064a\u0646-\u0627\u0644\u0627\u0648\u0644\u0645\u0628\u064a-\u0641\u064a-\u0627\u0648\u0644\u0645\u0628\u064a\u0627\u062f-\u0631\u064a\u0648-\u062f\u064a-\u062c\u0627\u0646\u064a\u0631\u0648-e1645620450767.jpg","width":700,"height":366,"caption":"El Equipo Ol\u00edmpico de Refugiados"},{"@type":"BreadcrumbList","@id":"https:\/\/baynana.es\/es\/separados-por-la-guerra-reunidos-por-los-juegos-olimpicos-de-tokio\/#breadcrumb","itemListElement":[{"@type":"ListItem","position":1,"name":"Portada","item":"https:\/\/baynana.es\/es\/"},{"@type":"ListItem","position":2,"name":"Separados por la guerra, reunidos por los Juegos Ol\u00edmpicos de Tokio"}]},{"@type":"WebSite","@id":"https:\/\/baynana.es\/#website","url":"https:\/\/baynana.es\/","name":"Baynana \u0628\u064a\u0646\u0646\u0627","description":"Baynana Revista \u0645\u062c\u0644\u0629 \u0628\u064a\u0646\u0646\u0627","publisher":{"@id":"https:\/\/baynana.es\/#organization"},"potentialAction":[{"@type":"SearchAction","target":{"@type":"EntryPoint","urlTemplate":"https:\/\/baynana.es\/?s={search_term_string}"},"query-input":{"@type":"PropertyValueSpecification","valueRequired":true,"valueName":"search_term_string"}}],"inLanguage":"es"},{"@type":"Organization","@id":"https:\/\/baynana.es\/#organization","name":"\u0628\u064a\u0646\u0646\u0627 Baynana","url":"https:\/\/baynana.es\/","logo":{"@type":"ImageObject","inLanguage":"es","@id":"https:\/\/baynana.es\/#\/schema\/logo\/image\/","url":"https:\/\/baynana.es\/wp-content\/uploads\/2021\/03\/Artboard-1.png","contentUrl":"https:\/\/baynana.es\/wp-content\/uploads\/2021\/03\/Artboard-1.png","width":315,"height":228,"caption":"\u0628\u064a\u0646\u0646\u0627 Baynana"},"image":{"@id":"https:\/\/baynana.es\/#\/schema\/logo\/image\/"},"sameAs":["https:\/\/www.facebook.com\/baynanaes","https:\/\/x.com\/baynanaes","https:\/\/www.instagram.com\/baynanaes\/","https:\/\/www.linkedin.com\/in\/baynana-\u0628\u064a\u0646\u0646\u0627-887599211\/","https:\/\/www.youtube.com\/channel\/UC3019bsq5wOpi61SOufKxPA"]},{"@type":"Person","@id":"https:\/\/baynana.es\/#\/schema\/person\/d743d5ffbf13ef7c04034c063666fe95","name":"baynana","image":{"@type":"ImageObject","inLanguage":"es","@id":"https:\/\/baynana.es\/#\/schema\/person\/image\/2fdb3ad168978c52d9db4d0a4825fb0a","url":"https:\/\/baynana.es\/wp-content\/uploads\/2022\/04\/baynana-A011-96x96.png","contentUrl":"https:\/\/baynana.es\/wp-content\/uploads\/2022\/04\/baynana-A011-96x96.png","caption":"baynana"},"description":"Baynana es un medio online biling\u00fce -en \u00e1rabe y espa\u00f1ol- que apuesta por el periodismo social y de servicio p\u00fablico. Nuestra revista aspira a ofrecer informaci\u00f3n de utilidad a la comunidad arab\u00f3fona en Espa\u00f1a y, al mismo tiempo, tender puentes entre las personas migrantes, refugiadas y espa\u00f1olas de origen extranjero, y el resto de la poblaci\u00f3n.","sameAs":["http:\/\/moussa"],"url":"https:\/\/baynana.es\/es\/author\/moussa\/"}]}},"authors":[{"term_id":503,"user_id":2,"is_guest":0,"slug":"moussa","display_name":"baynana","avatar_url":"https:\/\/baynana.es\/wp-content\/uploads\/2022\/04\/baynana-A011-96x96.png","author_category":"","first_name":"Moussa","last_name":"Al jamaat","user_url":"http:\/\/moussa","job_title":"","description":"Baynana es un medio online biling\u00fce -en \u00e1rabe y espa\u00f1ol- que apuesta por el periodismo social y de servicio p\u00fablico. Nuestra revista aspira a ofrecer informaci\u00f3n de utilidad a la comunidad arab\u00f3fona en Espa\u00f1a y, al mismo tiempo, tender puentes entre las personas migrantes, refugiadas y espa\u00f1olas de origen extranjero, y el resto de la poblaci\u00f3n."}],"_links":{"self":[{"href":"https:\/\/baynana.es\/es\/wp-json\/wp\/v2\/posts\/3185","targetHints":{"allow":["GET"]}}],"collection":[{"href":"https:\/\/baynana.es\/es\/wp-json\/wp\/v2\/posts"}],"about":[{"href":"https:\/\/baynana.es\/es\/wp-json\/wp\/v2\/types\/post"}],"author":[{"embeddable":true,"href":"https:\/\/baynana.es\/es\/wp-json\/wp\/v2\/users\/2"}],"replies":[{"embeddable":true,"href":"https:\/\/baynana.es\/es\/wp-json\/wp\/v2\/comments?post=3185"}],"version-history":[{"count":1,"href":"https:\/\/baynana.es\/es\/wp-json\/wp\/v2\/posts\/3185\/revisions"}],"predecessor-version":[{"id":4921,"href":"https:\/\/baynana.es\/es\/wp-json\/wp\/v2\/posts\/3185\/revisions\/4921"}],"wp:featuredmedia":[{"embeddable":true,"href":"https:\/\/baynana.es\/es\/wp-json\/wp\/v2\/media\/3187"}],"wp:attachment":[{"href":"https:\/\/baynana.es\/es\/wp-json\/wp\/v2\/media?parent=3185"}],"wp:term":[{"taxonomy":"category","embeddable":true,"href":"https:\/\/baynana.es\/es\/wp-json\/wp\/v2\/categories?post=3185"},{"taxonomy":"post_tag","embeddable":true,"href":"https:\/\/baynana.es\/es\/wp-json\/wp\/v2\/tags?post=3185"},{"taxonomy":"author","embeddable":true,"href":"https:\/\/baynana.es\/es\/wp-json\/wp\/v2\/ppma_author?post=3185"}],"curies":[{"name":"wp","href":"https:\/\/api.w.org\/{rel}","templated":true}]}}