{"id":3715,"date":"2021-11-07T15:39:13","date_gmt":"2021-11-07T14:39:13","guid":{"rendered":"https:\/\/baynana.es\/?p=3715"},"modified":"2022-02-28T10:26:14","modified_gmt":"2022-02-28T09:26:14","slug":"dinamarca-nos-devolvio-a-la-zona-cero-cuando-nos-metieron-en-el-campo-de-deportacion","status":"publish","type":"post","link":"https:\/\/baynana.es\/es\/dinamarca-nos-devolvio-a-la-zona-cero-cuando-nos-metieron-en-el-campo-de-deportacion\/","title":{"rendered":"\u00abDinamarca nos devolvi\u00f3 a la zona cero cuando nos metieron en el campo de deportaci\u00f3n\u00bb"},"content":{"rendered":"<div class=\"wp-block-post-date\"><time datetime=\"2021-11-07T15:39:13+01:00\">7 noviembre\u060c 2021<\/time><\/div>\n\n\n<p>Asmaa Al-Natour y su esposo pasan su duod\u00e9cimo d\u00eda en el campo de deportaci\u00f3n de Sj\u00e6lsmark. A 28 km de Copenhague, la capital danesa, despu\u00e9s de que se transfieran por las autoridades danesas el 26 de octubre, a ra\u00edz de una decisi\u00f3n judicial. El campo, que la mujer describe como \u201cmuy antiguo, se parece a un campamento militar\u201d.&nbsp;<\/p>\n\n\n\n<p>Asmaa Al-Natour, apareci\u00f3 en las redes en una <a href=\"https:\/\/twitter.com\/HassounMazen\/status\/1453787146393903106?s=20\" target=\"_blank\" rel=\"noreferrer noopener\">foto<\/a>, mientras se desped\u00eda de su vecina danesa entre llantos, justo antes de su partida al campo. Ven\u00eda de Daraa, del sur de Siria. Esta mujer viv\u00eda en el campo de refugiados de Yarmuk, en Damasco. Tras el ataque por parte de aviones de combate del r\u00e9gimen a su casa en 2012, se mud\u00f3 con sus parientes a Daraa. Tampoco durar\u00eda mucho en esta ciudad, ya que el r\u00e9gimen tambi\u00e9n atac\u00f3 all\u00ed el lugar donde resid\u00eda. Fue entonces cuando Asmaa, su esposo y su hijo decidieron venir hacia Europa. Llegaron a Dinamarca despu\u00e9s de un atormentado viaje de casi dos meses. Pagando mucho dinero y haciendo frente a numerosas dificultades.<\/p>\n\n\n\n<p>\u201cSalimos debido al r\u00e9gimen criminal de Bashar al-Assad y a la guerra que estall\u00f3 como consecuencia de sus actos. Mi marido fue arrestado y amenazado en Siria. Mi hijo mayor fue detenido debido a su participaci\u00f3n en las manifestaciones. Ten\u00edamos miedo de ser arrestados y asesinados. Salimos porque nos amenazaron, pagamos mucho dinero a los retenes militares del r\u00e9gimen sirio durante nuestra huida\u201d, explica Asma a <em>Baynana<\/em> en entrevista telef\u00f3nica.<\/p>\n\n\n\n<p>En octubre de 2015, Dinamarca les otorg\u00f3 tarjetas de protecci\u00f3n humanitaria con el n\u00famero 7\/3, el n\u00famero del tipo de la residencia. Asmaa asegura que este tipo de residencia no se adapta a su caso. En ese momento, no distingu\u00edan entre las modalidades de residencia, debido a su falta de conocimiento sobre el tema y la dificultad del idioma. \u00abSi supiera las ventajas de esta residencia, no la acept\u00e9 y sal\u00ed de Dinamarca&#8230;\u00bb, comenta la mujer.<\/p>\n\n\n\n<p style=\"font-size:18px\"><strong><span style=\"color:#ec4e35\" class=\"has-inline-color\">La deportaci\u00f3n y sus consecuencias<\/span><\/strong><\/p>\n\n\n\n<p>La familia residi\u00f3 en la ciudad de Rinsted durante 7 a\u00f1os, donde sintieron cierta estabilidad. Asmaa estuvo trabajando con su esposo en una tienda de productos \u00e1rabes. Hab\u00eda comenzado a estudiar de nuevo, a pesar de ya haber ejercido como profesora de \u00e1rabe en Siria. Pero Dinamarca decidi\u00f3 retirar su permiso de residencia y enviarlos al llamado campo de deportaci\u00f3n, en el que los refugiados esperan hasta que se resuelven sus casos.<\/p>\n\n\n\n<p>El campo de deportaci\u00f3n Sj\u00e6lsmark, es un lugar donde realojan a los refugiados cuyos permisos de residencia han sido revocados. Como el de esta familia, hasta que sus casos de asilo sean reevaluados y resueltos.<\/p>\n\n\n\n<p>En abril de 2021, se les inform\u00f3 de que sus permisos de residencia no ser\u00edan renovados y que sus papeles hab\u00edan sido transferidos al Tribunal de Apelaciones de Copenhague. \u00abFuimos juzgados en Copenhague, en un juicio que dur\u00f3 7 horas. Sent\u00ed que estaba pasando algo sospechoso. La decisi\u00f3n de negar la renovaci\u00f3n de nuestros papeles se emiti\u00f3 18 d\u00edas m\u00e1s tarde, pero el abogado nos dijo que esto es injusto y que apelar\u00e1 la decisi\u00f3n\u00bb, comenta Asmaa.&nbsp;<\/p>\n\n\n\n<p>Posteriormente, la familia recibi\u00f3 un correo electr\u00f3nico de las autoridades dici\u00e9ndoles que ten\u00edan una cita en la Oficina de Repatriaci\u00f3n y, cuando acudieron a la misma, intentaron persuadirlos para que regresaran a Siria, ofreci\u00e9ndoles 144.000 coronas por persona (alrededor de 23 mil euros). Asmaa afirma que se negaron a aceptar esta propuesta porque su firma supon\u00eda la garant\u00eda de ser ejecutados. La Oficina consider\u00f3 su negativa a firmar como una violaci\u00f3n de la ley, dice la mujer.&nbsp;<\/p>\n\n\n\n<p>D\u00edas despu\u00e9s de informar a la familia de la decisi\u00f3n, el esposo de Asmaa, Omar Al-Natour, sufri\u00f3 un derrame cerebral que su mujer achaca al miedo y la presi\u00f3n psicol\u00f3gica de esta noticia. Y no fue el \u00fanico caso. El refugiado sirio <a href=\"https:\/\/germanynews24.com\/2021\/04\/05\/%D9%88%D9%81%D8%A7%D8%A9-%D9%84%D8%A7%D8%AC%D8%A6-%D8%B3%D9%88%D8%B1%D9%8A-%D9%81%D9%8A-%D8%A7%D9%84%D8%AF%D9%86%D9%85%D8%A7%D8%B1%D9%83-%D8%A8%D8%B9%D8%AF-%D8%AA%D9%84%D9%82%D9%8A%D9%87-%D8%AE%D8%A8\/\" target=\"_blank\" rel=\"noreferrer noopener\">Akram Bathish<\/a> muri\u00f3 en abril de este a\u00f1o como consecuencia de un infarto despu\u00e9s de que las autoridades danesas le informaran de que le hab\u00edan retirado el permiso de residencia. Akram tem\u00eda que la polic\u00eda asaltara su casa, como <a href=\"https:\/\/verify-sy.com\/ar\/details\/9152\" target=\"_blank\" rel=\"noreferrer noopener\">dijo <\/a>su hijo a los medios.<\/p>\n\n\n\n<p>Las autoridades danesas trasladaron a la familia Al Natour al campamento el 26 de octubre, separ\u00e1ndolos de sus dos hijos de 21 y 25 a\u00f1os, que s\u00ed tienen asilo pol\u00edtico. La pareja describe el campo como un campamento militar, sucio y falto de higiene, y a la mujer le parece que las infraestructuras se remontan a la \u00e9poca romana.<\/p>\n\n\n\n<p>El Gobierno Democr\u00e1tico de Dinamarca, encabezado por el presidente del Gobierno Mitt Frederiksen , anunci\u00f3 en marzo de 2021 que se retirar\u00edan los permisos de residencia a los refugiados sirios, considerando que Damasco en un sitio seguro, bas\u00e1ndose en el <a href=\"https:\/\/fln.dk\/-\/media\/FLN\/Materiale\/Baggrundsmateriale\/2020\/10\/08\/10\/18\/syri1348.pdf\" target=\"_blank\" rel=\"noreferrer noopener\">informe<\/a> emitido por la oficina de la Inmigraci\u00f3n danesa en octubre de 2020 que eval\u00faa la situaci\u00f3n en Damasco. La revista Baynana public\u00f3 un <a href=\"https:\/\/baynana.es\/es\/archives\/2596\" target=\"_blank\" rel=\"noreferrer noopener\">reportaje<\/a> en ese momento que muestra la manipulaci\u00f3n por parte de Dinamarca del contexto y del testimonio de los periodistas entrevistados para este informe y el maquillaje de la informaci\u00f3n para legitimar la deportaci\u00f3n de refugiados sirios, lo que llev\u00f3 a el Alto Comisionado de las Naciones Unidas para los Refugiados, adem\u00e1s de otras organizaciones, a emitir un <a href=\"https:\/\/www.dw.com\/ar\/%D9%85%D9%81%D9%88%D8%B6%D9%8A%D8%A9-%D8%A7%D9%84%D9%84%D8%A7%D8%AC%D8%A6%D9%8A%D9%86-%D8%B3%D8%B9%D9%8A-%D8%A7%D9%84%D8%AF%D9%86%D9%85%D8%A7%D8%B1%D9%83-%D9%84%D8%AA%D8%B1%D8%AD%D9%8A%D9%84-%D9%84%D8%A7%D8%AC%D8%A6%D9%8A%D9%86-%D8%B3%D9%88%D8%B1%D9%8A%D9%8A%D9%86-%D8%BA%D9%8A%D8%B1-%D9%85%D8%A8%D8%B1%D8%B1\/a-57150471\" target=\"_blank\" rel=\"noreferrer noopener\">comunicado<\/a> expresando su preocupaci\u00f3n al respecto.<\/p>\n\n\n\n<p>En este contexto, Human Rights Watch public\u00f3 un <a href=\"https:\/\/www.hrw.org\/ar\/report\/2021\/10\/20\/380106\" target=\"_blank\" rel=\"noreferrer noopener\">informe<\/a> titulado <em>Life Like Death<\/em> que, a trav\u00e9s de 65 entrevistas con refugiados sirios que regresaron voluntariamente de Jordania y L\u00edbano entre 2017 y 2021, ilustra las graves violaciones de derechos humanos por parte del Gobierno sirio y sus milicias afiliadas, como asesinatos fuera del \u00e1mbito de la ley, desapariciones forzosas y tortura.<\/p>\n\n\n\n<p>El peri\u00f3dico Asharq Al-Awsat <a href=\"https:\/\/aawsat.com\/home\/article\/3009841\/%D8%B3%D9%88%D8%B1%D9%8A%D9%88%D9%86-%D9%81%D9%8A-%D8%A7%D9%84%D8%AF%D9%86%D9%85%D8%A7%D8%B1%D9%83-%D9%82%D9%84%D9%82%D9%88%D9%86-%D9%85%D9%86-%D8%AA%D8%B1%D8%AD%D9%8A%D9%84%D9%87%D9%85-%D8%A5%D9%84%D9%89-%D8%B1%D9%88%D8%A7%D9%86%D8%AF%D8%A7\" target=\"_blank\" rel=\"noreferrer noopener\">dijo<\/a> que hay 900 refugiados sirios en Dinamarca que est\u00e1n amenazados con ser deportados a su pa\u00eds, mientras que muchos otros esperan con temor la resoluci\u00f3n de sus casos.<\/p>\n\n\n\n<p style=\"font-size:18px\"><strong><span style=\"color:#ec4e35\" class=\"has-inline-color\">La \u00faltima conversaci\u00f3n con su vecina<\/span><\/strong><\/p>\n\n\n\n<p>Justo antes de ser trasladada al campamento, Asmaa estaba siendo entrevistada por un <a href=\"https:\/\/www.sn.dk\/ringsted-kommune\/hjerteskaerende-farvel-til-syrisk-aegtepar\/\" target=\"_blank\" rel=\"noreferrer noopener\">diario dan\u00e9s<\/a> y por Al Jazeera cuando, en el \u00faltimo momento, mientras met\u00eda su equipaje en el autom\u00f3vil, su vecina mayor sali\u00f3 del balc\u00f3n de la casa y pregunt\u00f3 si se iba de viaje. \u201cYo le respond\u00ed: no, no estoy viajando. Me voy al campo de deportaci\u00f3n\u201d. Su vecina Gerda, de 92 a\u00f1os, se enfad\u00f3 y comenz\u00f3 a gritar a los polic\u00edas: \u201c\u00bfA d\u00f3nde la vas a llevar? Ella no es una criminal, no ha hecho nada&#8230; \u00bfQuieres enviarla al asesinato y la guerra y al criminal Bashar al-Assad? \u00bfC\u00f3mo puede ser eso? Porque Siria no es segura\u201d.<\/p>\n\n\n\n<p>\u00abMe tendi\u00f3 la mano desde la ventana mientras temblaba, y en esos momentos s\u00f3lo pod\u00eda llorar. Ha sido mi vecina durante 6 a\u00f1os. Sol\u00edamos visitarnos, le llevaba comida, la cuidaba. He vivido aqu\u00ed durante 7 a\u00f1os, \u00bfpor qu\u00e9 Dinamarca quiere eliminar estos a\u00f1os en un santiam\u00e9n?\u201d, concluye Asmaa. \u201cAl-Assad bombarde\u00f3 nuestras casas en Siria y Dinamarca bombarde\u00f3 nuestras vidas y nos ha devuelto al principio de todo cuando ha decidido mandarnos al campo\u00bb.<\/p>\n\n\n\n<p>Tras la finalizaci\u00f3n de este reportaje, las autoridades danesas siguen estudiando el expediente de Asmaa y su marido. \u00bfLes permitir\u00e1n quedarse en Dinamarca para que vivan una vida normal con sus hijos? \u00bfO es m\u00e1s probable la decisi\u00f3n de deportar a Siria?<\/p>\n","protected":false},"excerpt":{"rendered":"<p>7 noviembre\u060c 2021 Asmaa Al-Natour y su esposo pasan su duod\u00e9cimo d\u00eda en el campo de deportaci\u00f3n de Sj\u00e6lsmark. A 28 km de Copenhague, la capital danesa, despu\u00e9s de que se transfieran por las autoridades danesas el 26 de octubre, a ra\u00edz de una decisi\u00f3n judicial. El campo, que la mujer describe como \u201cmuy antiguo, &hellip;<\/p>\n","protected":false},"author":6,"featured_media":3717,"comment_status":"closed","ping_status":"closed","sticky":false,"template":"","format":"standard","meta":{"inline_featured_image":false,"footnotes":""},"categories":[65,48],"tags":[88,376,384],"ppma_author":[506],"class_list":["post-3715","post","type-post","status-publish","format-standard","has-post-thumbnail","hentry","category-derechos","category-noticias","tag-refugiados","tag-siria","tag--es"],"acf":[],"yoast_head":"<!-- This site is optimized with the Yoast SEO plugin v25.3.1 - https:\/\/yoast.com\/wordpress\/plugins\/seo\/ -->\n<title>&quot;Nos mandaron a la zona cero meti\u00e9ndonos en el campo de deportaci\u00f3n&quot;<\/title>\n<meta name=\"description\" content=\"Las autoridades de Dinamarca trasladaron a la refugiada siria Asmaa Al-Natour y a su esposo a un campo de deportaci\u00f3n.\" \/>\n<meta name=\"robots\" content=\"index, follow, max-snippet:-1, max-image-preview:large, max-video-preview:-1\" \/>\n<link rel=\"canonical\" href=\"https:\/\/baynana.es\/es\/dinamarca-nos-devolvio-a-la-zona-cero-cuando-nos-metieron-en-el-campo-de-deportacion\/\" \/>\n<meta property=\"og:locale\" content=\"es_ES\" \/>\n<meta property=\"og:type\" content=\"article\" \/>\n<meta property=\"og:title\" content=\"&quot;Nos mandaron a la zona cero meti\u00e9ndonos en el campo de deportaci\u00f3n&quot;\" \/>\n<meta property=\"og:description\" content=\"Las autoridades de Dinamarca trasladaron a la refugiada siria Asmaa Al-Natour y a su esposo a un campo de deportaci\u00f3n.\" \/>\n<meta property=\"og:url\" content=\"https:\/\/baynana.es\/es\/dinamarca-nos-devolvio-a-la-zona-cero-cuando-nos-metieron-en-el-campo-de-deportacion\/\" \/>\n<meta property=\"og:site_name\" content=\"Baynana \u0628\u064a\u0646\u0646\u0627\" \/>\n<meta property=\"article:publisher\" content=\"https:\/\/www.facebook.com\/baynanaes\" \/>\n<meta property=\"article:published_time\" content=\"2021-11-07T14:39:13+00:00\" \/>\n<meta property=\"article:modified_time\" content=\"2022-02-28T09:26:14+00:00\" \/>\n<meta property=\"og:image\" content=\"https:\/\/baynana.es\/wp-content\/uploads\/2021\/11\/png_20211107_003347_\u0660\u0660\u0660\u0660.png\" \/>\n\t<meta property=\"og:image:width\" content=\"1920\" \/>\n\t<meta property=\"og:image:height\" content=\"1080\" \/>\n\t<meta property=\"og:image:type\" content=\"image\/png\" \/>\n<meta name=\"author\" content=\"Okba Mohammad\" \/>\n<meta name=\"twitter:card\" content=\"summary_large_image\" \/>\n<meta name=\"twitter:creator\" content=\"@OkbaMohammad\" \/>\n<meta name=\"twitter:site\" content=\"@baynanaes\" \/>\n<meta name=\"twitter:label1\" content=\"Escrito por\" \/>\n\t<meta name=\"twitter:data1\" content=\"Okba Mohammad\" \/>\n\t<meta name=\"twitter:label2\" content=\"Tiempo de lectura\" \/>\n\t<meta name=\"twitter:data2\" content=\"6 minutos\" \/>\n<script type=\"application\/ld+json\" class=\"yoast-schema-graph\">{\"@context\":\"https:\/\/schema.org\",\"@graph\":[{\"@type\":\"Article\",\"@id\":\"https:\/\/baynana.es\/es\/dinamarca-nos-devolvio-a-la-zona-cero-cuando-nos-metieron-en-el-campo-de-deportacion\/#article\",\"isPartOf\":{\"@id\":\"https:\/\/baynana.es\/es\/dinamarca-nos-devolvio-a-la-zona-cero-cuando-nos-metieron-en-el-campo-de-deportacion\/\"},\"author\":{\"name\":\"Okba Mohammad\",\"@id\":\"https:\/\/baynana.es\/#\/schema\/person\/2beac5545c08e1117a9ce409cfb3c754\"},\"headline\":\"\u00abDinamarca nos devolvi\u00f3 a la zona cero cuando nos metieron en el campo de deportaci\u00f3n\u00bb\",\"datePublished\":\"2021-11-07T14:39:13+00:00\",\"dateModified\":\"2022-02-28T09:26:14+00:00\",\"mainEntityOfPage\":{\"@id\":\"https:\/\/baynana.es\/es\/dinamarca-nos-devolvio-a-la-zona-cero-cuando-nos-metieron-en-el-campo-de-deportacion\/\"},\"wordCount\":1280,\"publisher\":{\"@id\":\"https:\/\/baynana.es\/#organization\"},\"image\":{\"@id\":\"https:\/\/baynana.es\/es\/dinamarca-nos-devolvio-a-la-zona-cero-cuando-nos-metieron-en-el-campo-de-deportacion\/#primaryimage\"},\"thumbnailUrl\":\"https:\/\/baynana.es\/wp-content\/uploads\/2021\/11\/png_20211107_003347_\u0660\u0660\u0660\u0660.png\",\"keywords\":[\"refugiados\",\"SIRIA\",\"\u0633\u0648\u0631\u064a\u0627\"],\"articleSection\":[\"DERECHOS\",\"NOTICIAS\"],\"inLanguage\":\"es\"},{\"@type\":\"WebPage\",\"@id\":\"https:\/\/baynana.es\/es\/dinamarca-nos-devolvio-a-la-zona-cero-cuando-nos-metieron-en-el-campo-de-deportacion\/\",\"url\":\"https:\/\/baynana.es\/es\/dinamarca-nos-devolvio-a-la-zona-cero-cuando-nos-metieron-en-el-campo-de-deportacion\/\",\"name\":\"\\\"Nos mandaron a la zona cero meti\u00e9ndonos en el campo de deportaci\u00f3n\\\"\",\"isPartOf\":{\"@id\":\"https:\/\/baynana.es\/#website\"},\"primaryImageOfPage\":{\"@id\":\"https:\/\/baynana.es\/es\/dinamarca-nos-devolvio-a-la-zona-cero-cuando-nos-metieron-en-el-campo-de-deportacion\/#primaryimage\"},\"image\":{\"@id\":\"https:\/\/baynana.es\/es\/dinamarca-nos-devolvio-a-la-zona-cero-cuando-nos-metieron-en-el-campo-de-deportacion\/#primaryimage\"},\"thumbnailUrl\":\"https:\/\/baynana.es\/wp-content\/uploads\/2021\/11\/png_20211107_003347_\u0660\u0660\u0660\u0660.png\",\"datePublished\":\"2021-11-07T14:39:13+00:00\",\"dateModified\":\"2022-02-28T09:26:14+00:00\",\"description\":\"Las autoridades de Dinamarca trasladaron a la refugiada siria Asmaa Al-Natour y a su esposo a un campo de deportaci\u00f3n.\",\"breadcrumb\":{\"@id\":\"https:\/\/baynana.es\/es\/dinamarca-nos-devolvio-a-la-zona-cero-cuando-nos-metieron-en-el-campo-de-deportacion\/#breadcrumb\"},\"inLanguage\":\"es\",\"potentialAction\":[{\"@type\":\"ReadAction\",\"target\":[\"https:\/\/baynana.es\/es\/dinamarca-nos-devolvio-a-la-zona-cero-cuando-nos-metieron-en-el-campo-de-deportacion\/\"]}]},{\"@type\":\"ImageObject\",\"inLanguage\":\"es\",\"@id\":\"https:\/\/baynana.es\/es\/dinamarca-nos-devolvio-a-la-zona-cero-cuando-nos-metieron-en-el-campo-de-deportacion\/#primaryimage\",\"url\":\"https:\/\/baynana.es\/wp-content\/uploads\/2021\/11\/png_20211107_003347_\u0660\u0660\u0660\u0660.png\",\"contentUrl\":\"https:\/\/baynana.es\/wp-content\/uploads\/2021\/11\/png_20211107_003347_\u0660\u0660\u0660\u0660.png\",\"width\":1920,\"height\":1080,\"caption\":\"Asmaa Al-Natour y su esposo en el campo de deportaci\u00f3n\"},{\"@type\":\"BreadcrumbList\",\"@id\":\"https:\/\/baynana.es\/es\/dinamarca-nos-devolvio-a-la-zona-cero-cuando-nos-metieron-en-el-campo-de-deportacion\/#breadcrumb\",\"itemListElement\":[{\"@type\":\"ListItem\",\"position\":1,\"name\":\"Portada\",\"item\":\"https:\/\/baynana.es\/es\/\"},{\"@type\":\"ListItem\",\"position\":2,\"name\":\"\u00abDinamarca nos devolvi\u00f3 a la zona cero cuando nos metieron en el campo de deportaci\u00f3n\u00bb\"}]},{\"@type\":\"WebSite\",\"@id\":\"https:\/\/baynana.es\/#website\",\"url\":\"https:\/\/baynana.es\/\",\"name\":\"Baynana \u0628\u064a\u0646\u0646\u0627\",\"description\":\"Baynana Revista \u0645\u062c\u0644\u0629 \u0628\u064a\u0646\u0646\u0627\",\"publisher\":{\"@id\":\"https:\/\/baynana.es\/#organization\"},\"potentialAction\":[{\"@type\":\"SearchAction\",\"target\":{\"@type\":\"EntryPoint\",\"urlTemplate\":\"https:\/\/baynana.es\/?s={search_term_string}\"},\"query-input\":{\"@type\":\"PropertyValueSpecification\",\"valueRequired\":true,\"valueName\":\"search_term_string\"}}],\"inLanguage\":\"es\"},{\"@type\":\"Organization\",\"@id\":\"https:\/\/baynana.es\/#organization\",\"name\":\"\u0628\u064a\u0646\u0646\u0627 Baynana\",\"url\":\"https:\/\/baynana.es\/\",\"logo\":{\"@type\":\"ImageObject\",\"inLanguage\":\"es\",\"@id\":\"https:\/\/baynana.es\/#\/schema\/logo\/image\/\",\"url\":\"https:\/\/baynana.es\/wp-content\/uploads\/2021\/03\/Artboard-1.png\",\"contentUrl\":\"https:\/\/baynana.es\/wp-content\/uploads\/2021\/03\/Artboard-1.png\",\"width\":315,\"height\":228,\"caption\":\"\u0628\u064a\u0646\u0646\u0627 Baynana\"},\"image\":{\"@id\":\"https:\/\/baynana.es\/#\/schema\/logo\/image\/\"},\"sameAs\":[\"https:\/\/www.facebook.com\/baynanaes\",\"https:\/\/x.com\/baynanaes\",\"https:\/\/www.instagram.com\/baynanaes\/\",\"https:\/\/www.linkedin.com\/in\/baynana-\u0628\u064a\u0646\u0646\u0627-887599211\/\",\"https:\/\/www.youtube.com\/channel\/UC3019bsq5wOpi61SOufKxPA\"]},{\"@type\":\"Person\",\"@id\":\"https:\/\/baynana.es\/#\/schema\/person\/2beac5545c08e1117a9ce409cfb3c754\",\"name\":\"Okba Mohammad\",\"image\":{\"@type\":\"ImageObject\",\"inLanguage\":\"es\",\"@id\":\"https:\/\/baynana.es\/#\/schema\/person\/image\/9fff0fcb4a1e27e49950a4bf4e7699d1\",\"url\":\"https:\/\/baynana.es\/wp-content\/uploads\/2021\/01\/okba-96x96.jpg\",\"contentUrl\":\"https:\/\/baynana.es\/wp-content\/uploads\/2021\/01\/okba-96x96.jpg\",\"caption\":\"Okba Mohammad\"},\"description\":\"Cubri\u00f3 la guerra en el sur de Siria de 2015 a 2018 con medios locales. Tambi\u00e9n se ha dedicado a documentar violaciones de derechos humanos de detenidos durante el conflicto. En 2019 trabaj\u00f3 como corresponsal independiente en Turqu\u00eda y posteriormente viaj\u00f3 a Espa\u00f1a, donde ha colaborado con medios como Global Voices y el diario P\u00fablico. Actualmente trabaja como reportero en Baynana\",\"sameAs\":[\"http:\/\/moussa\",\"https:\/\/x.com\/@OkbaMohammad\"],\"url\":\"https:\/\/baynana.es\/es\/author\/okba\/\"}]}<\/script>\n<!-- \/ Yoast SEO plugin. -->","yoast_head_json":{"title":"\"Nos mandaron a la zona cero meti\u00e9ndonos en el campo de deportaci\u00f3n\"","description":"Las autoridades de Dinamarca trasladaron a la refugiada siria Asmaa Al-Natour y a su esposo a un campo de deportaci\u00f3n.","robots":{"index":"index","follow":"follow","max-snippet":"max-snippet:-1","max-image-preview":"max-image-preview:large","max-video-preview":"max-video-preview:-1"},"canonical":"https:\/\/baynana.es\/es\/dinamarca-nos-devolvio-a-la-zona-cero-cuando-nos-metieron-en-el-campo-de-deportacion\/","og_locale":"es_ES","og_type":"article","og_title":"\"Nos mandaron a la zona cero meti\u00e9ndonos en el campo de deportaci\u00f3n\"","og_description":"Las autoridades de Dinamarca trasladaron a la refugiada siria Asmaa Al-Natour y a su esposo a un campo de deportaci\u00f3n.","og_url":"https:\/\/baynana.es\/es\/dinamarca-nos-devolvio-a-la-zona-cero-cuando-nos-metieron-en-el-campo-de-deportacion\/","og_site_name":"Baynana \u0628\u064a\u0646\u0646\u0627","article_publisher":"https:\/\/www.facebook.com\/baynanaes","article_published_time":"2021-11-07T14:39:13+00:00","article_modified_time":"2022-02-28T09:26:14+00:00","og_image":[{"width":1920,"height":1080,"url":"https:\/\/baynana.es\/wp-content\/uploads\/2021\/11\/png_20211107_003347_\u0660\u0660\u0660\u0660.png","type":"image\/png"}],"author":"Okba Mohammad","twitter_card":"summary_large_image","twitter_creator":"@OkbaMohammad","twitter_site":"@baynanaes","twitter_misc":{"Escrito por":"Okba Mohammad","Tiempo de lectura":"6 minutos"},"schema":{"@context":"https:\/\/schema.org","@graph":[{"@type":"Article","@id":"https:\/\/baynana.es\/es\/dinamarca-nos-devolvio-a-la-zona-cero-cuando-nos-metieron-en-el-campo-de-deportacion\/#article","isPartOf":{"@id":"https:\/\/baynana.es\/es\/dinamarca-nos-devolvio-a-la-zona-cero-cuando-nos-metieron-en-el-campo-de-deportacion\/"},"author":{"name":"Okba Mohammad","@id":"https:\/\/baynana.es\/#\/schema\/person\/2beac5545c08e1117a9ce409cfb3c754"},"headline":"\u00abDinamarca nos devolvi\u00f3 a la zona cero cuando nos metieron en el campo de deportaci\u00f3n\u00bb","datePublished":"2021-11-07T14:39:13+00:00","dateModified":"2022-02-28T09:26:14+00:00","mainEntityOfPage":{"@id":"https:\/\/baynana.es\/es\/dinamarca-nos-devolvio-a-la-zona-cero-cuando-nos-metieron-en-el-campo-de-deportacion\/"},"wordCount":1280,"publisher":{"@id":"https:\/\/baynana.es\/#organization"},"image":{"@id":"https:\/\/baynana.es\/es\/dinamarca-nos-devolvio-a-la-zona-cero-cuando-nos-metieron-en-el-campo-de-deportacion\/#primaryimage"},"thumbnailUrl":"https:\/\/baynana.es\/wp-content\/uploads\/2021\/11\/png_20211107_003347_\u0660\u0660\u0660\u0660.png","keywords":["refugiados","SIRIA","\u0633\u0648\u0631\u064a\u0627"],"articleSection":["DERECHOS","NOTICIAS"],"inLanguage":"es"},{"@type":"WebPage","@id":"https:\/\/baynana.es\/es\/dinamarca-nos-devolvio-a-la-zona-cero-cuando-nos-metieron-en-el-campo-de-deportacion\/","url":"https:\/\/baynana.es\/es\/dinamarca-nos-devolvio-a-la-zona-cero-cuando-nos-metieron-en-el-campo-de-deportacion\/","name":"\"Nos mandaron a la zona cero meti\u00e9ndonos en el campo de deportaci\u00f3n\"","isPartOf":{"@id":"https:\/\/baynana.es\/#website"},"primaryImageOfPage":{"@id":"https:\/\/baynana.es\/es\/dinamarca-nos-devolvio-a-la-zona-cero-cuando-nos-metieron-en-el-campo-de-deportacion\/#primaryimage"},"image":{"@id":"https:\/\/baynana.es\/es\/dinamarca-nos-devolvio-a-la-zona-cero-cuando-nos-metieron-en-el-campo-de-deportacion\/#primaryimage"},"thumbnailUrl":"https:\/\/baynana.es\/wp-content\/uploads\/2021\/11\/png_20211107_003347_\u0660\u0660\u0660\u0660.png","datePublished":"2021-11-07T14:39:13+00:00","dateModified":"2022-02-28T09:26:14+00:00","description":"Las autoridades de Dinamarca trasladaron a la refugiada siria Asmaa Al-Natour y a su esposo a un campo de deportaci\u00f3n.","breadcrumb":{"@id":"https:\/\/baynana.es\/es\/dinamarca-nos-devolvio-a-la-zona-cero-cuando-nos-metieron-en-el-campo-de-deportacion\/#breadcrumb"},"inLanguage":"es","potentialAction":[{"@type":"ReadAction","target":["https:\/\/baynana.es\/es\/dinamarca-nos-devolvio-a-la-zona-cero-cuando-nos-metieron-en-el-campo-de-deportacion\/"]}]},{"@type":"ImageObject","inLanguage":"es","@id":"https:\/\/baynana.es\/es\/dinamarca-nos-devolvio-a-la-zona-cero-cuando-nos-metieron-en-el-campo-de-deportacion\/#primaryimage","url":"https:\/\/baynana.es\/wp-content\/uploads\/2021\/11\/png_20211107_003347_\u0660\u0660\u0660\u0660.png","contentUrl":"https:\/\/baynana.es\/wp-content\/uploads\/2021\/11\/png_20211107_003347_\u0660\u0660\u0660\u0660.png","width":1920,"height":1080,"caption":"Asmaa Al-Natour y su esposo en el campo de deportaci\u00f3n"},{"@type":"BreadcrumbList","@id":"https:\/\/baynana.es\/es\/dinamarca-nos-devolvio-a-la-zona-cero-cuando-nos-metieron-en-el-campo-de-deportacion\/#breadcrumb","itemListElement":[{"@type":"ListItem","position":1,"name":"Portada","item":"https:\/\/baynana.es\/es\/"},{"@type":"ListItem","position":2,"name":"\u00abDinamarca nos devolvi\u00f3 a la zona cero cuando nos metieron en el campo de deportaci\u00f3n\u00bb"}]},{"@type":"WebSite","@id":"https:\/\/baynana.es\/#website","url":"https:\/\/baynana.es\/","name":"Baynana \u0628\u064a\u0646\u0646\u0627","description":"Baynana Revista \u0645\u062c\u0644\u0629 \u0628\u064a\u0646\u0646\u0627","publisher":{"@id":"https:\/\/baynana.es\/#organization"},"potentialAction":[{"@type":"SearchAction","target":{"@type":"EntryPoint","urlTemplate":"https:\/\/baynana.es\/?s={search_term_string}"},"query-input":{"@type":"PropertyValueSpecification","valueRequired":true,"valueName":"search_term_string"}}],"inLanguage":"es"},{"@type":"Organization","@id":"https:\/\/baynana.es\/#organization","name":"\u0628\u064a\u0646\u0646\u0627 Baynana","url":"https:\/\/baynana.es\/","logo":{"@type":"ImageObject","inLanguage":"es","@id":"https:\/\/baynana.es\/#\/schema\/logo\/image\/","url":"https:\/\/baynana.es\/wp-content\/uploads\/2021\/03\/Artboard-1.png","contentUrl":"https:\/\/baynana.es\/wp-content\/uploads\/2021\/03\/Artboard-1.png","width":315,"height":228,"caption":"\u0628\u064a\u0646\u0646\u0627 Baynana"},"image":{"@id":"https:\/\/baynana.es\/#\/schema\/logo\/image\/"},"sameAs":["https:\/\/www.facebook.com\/baynanaes","https:\/\/x.com\/baynanaes","https:\/\/www.instagram.com\/baynanaes\/","https:\/\/www.linkedin.com\/in\/baynana-\u0628\u064a\u0646\u0646\u0627-887599211\/","https:\/\/www.youtube.com\/channel\/UC3019bsq5wOpi61SOufKxPA"]},{"@type":"Person","@id":"https:\/\/baynana.es\/#\/schema\/person\/2beac5545c08e1117a9ce409cfb3c754","name":"Okba Mohammad","image":{"@type":"ImageObject","inLanguage":"es","@id":"https:\/\/baynana.es\/#\/schema\/person\/image\/9fff0fcb4a1e27e49950a4bf4e7699d1","url":"https:\/\/baynana.es\/wp-content\/uploads\/2021\/01\/okba-96x96.jpg","contentUrl":"https:\/\/baynana.es\/wp-content\/uploads\/2021\/01\/okba-96x96.jpg","caption":"Okba Mohammad"},"description":"Cubri\u00f3 la guerra en el sur de Siria de 2015 a 2018 con medios locales. Tambi\u00e9n se ha dedicado a documentar violaciones de derechos humanos de detenidos durante el conflicto. En 2019 trabaj\u00f3 como corresponsal independiente en Turqu\u00eda y posteriormente viaj\u00f3 a Espa\u00f1a, donde ha colaborado con medios como Global Voices y el diario P\u00fablico. Actualmente trabaja como reportero en Baynana","sameAs":["http:\/\/moussa","https:\/\/x.com\/@OkbaMohammad"],"url":"https:\/\/baynana.es\/es\/author\/okba\/"}]}},"authors":[{"term_id":506,"user_id":6,"is_guest":0,"slug":"okba","display_name":"Okba Mohammad","avatar_url":"https:\/\/baynana.es\/wp-content\/uploads\/2021\/01\/okba-96x96.jpg","author_category":"","first_name":"Okba","last_name":"Mohammad","user_url":"http:\/\/moussa","job_title":"","description":"Cubri\u00f3 la guerra en el sur de Siria de 2015 a 2018 con medios locales. Tambi\u00e9n se ha dedicado a documentar violaciones de derechos humanos de detenidos durante el conflicto. En 2019 trabaj\u00f3 como corresponsal independiente en Turqu\u00eda y posteriormente viaj\u00f3 a Espa\u00f1a, donde ha colaborado con medios como Global Voices y el diario P\u00fablico. Actualmente trabaja como reportero en Baynana"}],"_links":{"self":[{"href":"https:\/\/baynana.es\/es\/wp-json\/wp\/v2\/posts\/3715","targetHints":{"allow":["GET"]}}],"collection":[{"href":"https:\/\/baynana.es\/es\/wp-json\/wp\/v2\/posts"}],"about":[{"href":"https:\/\/baynana.es\/es\/wp-json\/wp\/v2\/types\/post"}],"author":[{"embeddable":true,"href":"https:\/\/baynana.es\/es\/wp-json\/wp\/v2\/users\/6"}],"replies":[{"embeddable":true,"href":"https:\/\/baynana.es\/es\/wp-json\/wp\/v2\/comments?post=3715"}],"version-history":[{"count":2,"href":"https:\/\/baynana.es\/es\/wp-json\/wp\/v2\/posts\/3715\/revisions"}],"predecessor-version":[{"id":4970,"href":"https:\/\/baynana.es\/es\/wp-json\/wp\/v2\/posts\/3715\/revisions\/4970"}],"wp:featuredmedia":[{"embeddable":true,"href":"https:\/\/baynana.es\/es\/wp-json\/wp\/v2\/media\/3717"}],"wp:attachment":[{"href":"https:\/\/baynana.es\/es\/wp-json\/wp\/v2\/media?parent=3715"}],"wp:term":[{"taxonomy":"category","embeddable":true,"href":"https:\/\/baynana.es\/es\/wp-json\/wp\/v2\/categories?post=3715"},{"taxonomy":"post_tag","embeddable":true,"href":"https:\/\/baynana.es\/es\/wp-json\/wp\/v2\/tags?post=3715"},{"taxonomy":"author","embeddable":true,"href":"https:\/\/baynana.es\/es\/wp-json\/wp\/v2\/ppma_author?post=3715"}],"curies":[{"name":"wp","href":"https:\/\/api.w.org\/{rel}","templated":true}]}}