{"id":3831,"date":"2021-12-20T18:17:19","date_gmt":"2021-12-20T17:17:19","guid":{"rendered":"https:\/\/baynana.es\/?p=3831"},"modified":"2022-02-28T11:53:11","modified_gmt":"2022-02-28T10:53:11","slug":"menores-extranjeros-contra-odio","status":"publish","type":"post","link":"https:\/\/baynana.es\/es\/menores-extranjeros-contra-odio\/","title":{"rendered":"Los menores extranjeros en la diana del discurso de odio"},"content":{"rendered":"<div class=\"wp-block-post-date\"><time datetime=\"2021-12-20T18:17:19+01:00\">20 diciembre\u060c 2021<\/time><\/div>\n\n\n<p>El combate contra el racismo es uno de los grandes desaf\u00edos de nuestro tiempo. Est\u00e1 en la calle, en las instituciones y, sobre todo, en Internet. Pero entre los ataques que todos los d\u00edas se vierten en las redes sociales hay un colectivo que acapara las mentiras y publicaciones m\u00e1s graves: los menores extranjeros no acompa\u00f1ados. Aunque en Espa\u00f1a el n\u00famero de ni\u00f1os que migraron solos <a href=\"https:\/\/www.epdata.es\/datos\/menores-extranjeros-no-acompanados-espana-datos-estadisticas\/621\" target=\"_blank\" rel=\"noreferrer noopener\">no supera los 10.000<\/a>, son el blanco predilecto de los discursos de odio en la red.<\/p>\n\n\n\n<p>As\u00ed lo revela el Observatorio Espa\u00f1ol del Racismo y la Xenofobia (<a href=\"https:\/\/www.inclusion.gob.es\/oberaxe\/es\/index.htm\" target=\"_blank\" rel=\"noreferrer noopener\">OBERAXE<\/a>) en su \u00faltimo <a href=\"https:\/\/www.inclusion.gob.es\/oberaxe\/ficheros\/ejes\/discursoodio\/Boletn-julio-agosto-2021.pdf\" target=\"_blank\" rel=\"noreferrer noopener\">bolet\u00edn<\/a> que analiza los discursos de odio en las redes sociales entre los meses de entre julio y agosto de este a\u00f1o. El documento concluye que los discursos contra los menores inmigrantes acapararon un 30% de las declaraciones de odio. Se trata de 13 puntos m\u00e1s que en mayo y junio. Ese dato solo lo superan los discursos anti-inmigraci\u00f3n, que tambi\u00e9n los incluyen, con un 30,8%.&nbsp;<\/p>\n\n\n\n<p>Ismail El Majdoubi ha pasado a\u00f1os en Espa\u00f1a sufriendo estos ataques. \u201cEl responsable de este discurso es el Estado que, b\u00e1sicamente, ha institucionalizado pol\u00edticas racistas\u201d.\u00a0El Majdoubi lleg\u00f3 a Ceuta cuando ten\u00eda 16 a\u00f1os desde su pueblo de Castillejos, fronterizo con Espa\u00f1a. Ah\u00ed, los ni\u00f1os conviven con el sue\u00f1o de la emigraci\u00f3n.\u00a0Pero, la mirada de los ni\u00f1os que migran siempre va m\u00e1s all\u00e1 de Ceuta: el objetivo es cruzar a la Pen\u00ednsula. Lo han hecho y contin\u00faan en ello miles de menores. El Majdoubi lo hizo por el puerto, debajo de un cami\u00f3n. Dice: \u201cEste proceso se llama el \u2018riski\u2019 y est\u00e1 tomado del franc\u00e9s &#8216;risque&#8217;, que significa riesgo. No estaba solo, hab\u00eda cientos de ni\u00f1os cuyo objetivo era cruzar a Algeciras, escondidos bajo estos camiones, en un trayecto\u201d. <\/p>\n\n\n\n<p>\u00c9l lo consigui\u00f3. M\u00e1s adelante, suspir\u00f3 aliviado tras su llegada a Madrid, despu\u00e9s de pasar por siete centros para menores en Andaluc\u00eda. \u201cAl final estamos aqu\u00ed, he conseguido algo con lo que so\u00f1\u00e9\u201d, dice.<\/p>\n\n\n\n<p>Cuando El Majdoubi cumpli\u00f3 la mayor\u00eda de edad -dos a\u00f1os despu\u00e9s de su llegada a Espa\u00f1a- se enfrent\u00f3 al momento m\u00e1s duro para estos menores, el que suele complicarles a\u00fan m\u00e1s la vida: salir del centro. Si bien El Majdoubi hab\u00eda comenzado a formarse en electr\u00f3nica (hab\u00eda completado el primero de dos a\u00f1os de formaci\u00f3n), era igualmente probable que se encontrara en la calle como miles de menores antes que \u00e9l. Al final acab\u00f3 en un centro de la Fundaci\u00f3n <a href=\"https:\/\/www.cipem.org.ec\/\" target=\"_blank\" rel=\"noreferrer noopener\">CIPEM<\/a> que le asegur\u00f3 un empleo hasta lograr hacer realidad su sue\u00f1o de emanciparse.<\/p>\n\n\n\n<p>El Majdoubi trabaja ahora como mediador social entre culturas en Cruz Roja. Al mismo tiempo, es fundador y portavoz del grupo <a href=\"https:\/\/www.facebook.com\/Ex-MENAS-Madrid-272194903729465\" target=\"_blank\" rel=\"noreferrer noopener\">Ex Menas<\/a>, que atiende y defiende los derechos de los menores migrantes no acompa\u00f1ados. Con ello realiza una gran labor pol\u00edtica y social para revertir la opini\u00f3n p\u00fablica y poder cambiar las leyes relativas a los menores y los centros que los acogen.<\/p>\n\n\n\n<p style=\"font-size:18px\"><strong><span style=\"color:#ec4e35\" class=\"has-inline-color\">Luchan contra el discurso de odio con su \u00e9xito<\/span><\/strong><\/p>\n\n\n\n<p>Un gran n\u00famero como El Majdoubi, menores de dieciocho a\u00f1os, se ven inmersos en una realidad de conflicto ante su complicado presente e incierto futuro. Acaban intentando cruzar el Mediterr\u00e1neo e incluso el Atl\u00e1ntico para llegar a Espa\u00f1a. Vienen de todo el continente africano, aunque, seg\u00fan <a href=\"https:\/\/www.apdha.org\/quienes-somos\/\" target=\"_blank\" rel=\"noreferrer noopener\">el informe de la Asociaci\u00f3n Pro Derechos Humanos Andaluc\u00eda<\/a> (APDHA), el 71% son de Marruecos.<\/p>\n\n\n\n<p>Con desembarcar en Espa\u00f1a, estos menores se imaginan un futuro mejor. Pero la realidad con la que se encuentran es mucho m\u00e1s dif\u00edcil de lo que esperaban. Como ocurri\u00f3 con algunos de los ni\u00f1os de Ceuta, es posible que unos pocos sean repatriados, pero la inmensa mayor\u00eda se quedar\u00e1 en Espa\u00f1a. En muchos casos, sufriendo en los centros de menores en los que acabar\u00e1n acogidos. Se quejan de falta de apoyo, actividades, formaci\u00f3n y buena acogida. La mayor\u00eda sale de ellos sin documentar siquiera. A la exclusi\u00f3n social a la que se exponen, se suma la estigmatizaci\u00f3n y la criminalizaci\u00f3n en las campa\u00f1as electorales, lideradas por los partidos de extrema derecha.<em> <\/em>A pesar de todos estos obst\u00e1culos, muchos de ellos logran establecerse en Espa\u00f1a, convirti\u00e9ndose en miembros independientes y activos de la sociedad y sin depender de ayudas gubernamentales.&nbsp;<\/p>\n\n\n\n<p>Elouali Al-Charafi Aarab es uno de estos ejemplos. Vino a Espa\u00f1a en 1999, cuando ten\u00eda 17 a\u00f1os. La polic\u00eda le identific\u00f3 como menor no acompa\u00f1ado. Fue trasladado a centros de menores. All\u00ed aprendi\u00f3 espa\u00f1ol y realiz\u00f3 varias formaciones. En menos de dos a\u00f1os, con la ayuda de supervisores de los centros, logr\u00f3 independizarse e iniciar su vida laboral.<strong>&nbsp;<\/strong><\/p>\n\n\n\n<p>Al-Charafi trabaja hoy como presidente de la<a href=\"https:\/\/www.facebook.com\/alafaq2019\/\" target=\"_blank\" rel=\"noreferrer noopener\"> Asociaci\u00f3n al afaq lanza<\/a> en Canarias y en otras asociaciones. \u00c9l mismo, con sus compa\u00f1eros, ha hablado con pol\u00edticos sobre migraci\u00f3n y racismo social e institucional. Dice haber encontrado tanto entendimiento y comprensi\u00f3n en sus palabras por parte de unos, como rechazo y cierre de puertas por parte de otros.<\/p>\n\n\n\n<p style=\"font-size:18px\"><strong><span style=\"color:#ec4e35\" class=\"has-inline-color\">El discurso de odio va en aumento y criminalizaci\u00f3n injustificada<\/span><\/strong><\/p>\n\n\n\n<p>Al-Charafi lamenta el creciente discurso de odio contra los menores extranjeros. \u200bEspecialmente con la aparici\u00f3n de un partido de extrema derecha, que usa rumores y mentiras para difundir este tipo de narrativa. Especialmente por Internet, pero tambi\u00e9n en lugares p\u00fablicos y a pie de calle. Al-Charafi explica: \u201cHay mucha gente aqu\u00ed que escucha los discursos racistas de estos partidos y piensa que son ciertos. Pero el inmigrante, en realidad, est\u00e1 buscando nuevas oportunidades y una nueva vida. Viene por eso, no por lo que se est\u00e1 promoviendo. Creemos que la migraci\u00f3n es un derecho humano. Cualquiera deber\u00eda poder hacerlo en completa libertad\u201d.<\/p>\n\n\n\n<p>\u201cEl discurso de odio contra los menores inmigrantes en Espa\u00f1a no se hab\u00eda visto en el pasado como lo estamos viviendo estos \u00faltimos a\u00f1os\u201d, dice Al-Charafim.<\/p>\n\n\n\n<p>El <a href=\"https:\/\/www.fiscal.es\/memorias\/memoria2021\/FISCALIA_SITE\/index.html\" target=\"_blank\" rel=\"noreferrer noopener\">informe anual<\/a> de la Fiscal\u00eda, publicado a finales de septiembre, advirti\u00f3 sobre la preocupante criminalizaci\u00f3n de los menores extranjeros no acompa\u00f1ados de manera injustificada y discriminatoria. Se les responsabiliza por la inseguridad y la delincuencia, lo que deriva en actos de hostigamiento que alcanzan la hostilidad y violencia contra ellos.<\/p>\n\n\n\n<p>En el informe, los fiscales expresaron preocupaci\u00f3n por la difusi\u00f3n de informaci\u00f3n falsa sobre la asociaci\u00f3n de menores migrantes con un aumento de la delincuencia. Se debe tener siempre presente la vulnerabilidad impl\u00edcita de estos ni\u00f1os como extranjeros, acentuada a\u00fan m\u00e1s por la falta de ra\u00edces personales y familiares.<\/p>\n\n\n\n<p>El ya mayor de edad El Majdoubi responde diciendo: \u201cLa principal raz\u00f3n que contribuye a que los menores sean vulnerables al crimen o la experimentaci\u00f3n con drogas y ser un peligro para la sociedad son las leyes migratorias vigentes- Dejan a estos ni\u00f1os en una etapa temprana de sus vidas, incluso en las situaciones m\u00e1s peligrosas. Lo que necesitan es ayuda, orientaci\u00f3n y direcci\u00f3n\u201d.<\/p>\n\n\n\n<p>Por su parte, Al-Charafi, que lleg\u00f3 a Espa\u00f1a procedente de Marruecos por v\u00eda mar\u00edtima hace m\u00e1s de veinte a\u00f1os y hoy ostenta la ciudadan\u00eda espa\u00f1ola, asegura: \u201cSufr\u00ed durante largas horas en el mar, y la muerte no estaba lejos. Hay cientos que no pudieron cruzar y perdieron la vida frente a la costa. La verdad es que esta es una aventura extremadamente dif\u00edcil\u201d. Tras este viaje y huida de la muerte, confirma: \u201cHay muchas violaciones de los derechos de los menores en Espa\u00f1a. Estas leyes que dicen proteger a los menores no son v\u00e1lidas. Esto es algo que existe en nuestro entorno, que nos rodea. Debes visitar estos centros para comprobarlo, no&nbsp;conformarte con lo que escuchas en televisi\u00f3n\u201d.&nbsp;<\/p>\n\n\n\n<p>No hay cifras reales que hablen de la cantidad de menores que superaron estas dificultades, como s\u00ed lo hicieron Al-Sharif y El Majdoubi. Son solo dos ejemplos de muchos. A pesar de todas las leyes contra la inmigraci\u00f3n, a pesar de todo el discurso de odio y el racismo al que est\u00e1n expuestos, contin\u00faan teniendo \u00e9xito y convirti\u00e9ndose en miembros activos de la sociedad de acogida. Son el ejemplo que demuestra que lo que estas personas esperan hoy es solo una vida segura en la que puedan lograr aquello con lo que sue\u00f1an.<\/p>\n","protected":false},"excerpt":{"rendered":"<p>20 diciembre\u060c 2021 El combate contra el racismo es uno de los grandes desaf\u00edos de nuestro tiempo. Est\u00e1 en la calle, en las instituciones y, sobre todo, en Internet. Pero entre los ataques que todos los d\u00edas se vierten en las redes sociales hay un colectivo que acapara las mentiras y publicaciones m\u00e1s graves: los &hellip;<\/p>\n","protected":false},"author":3,"featured_media":4082,"comment_status":"closed","ping_status":"closed","sticky":false,"template":"","format":"standard","meta":{"inline_featured_image":false,"footnotes":""},"categories":[65,11,56],"tags":[91],"ppma_author":[505],"class_list":["post-3831","post","type-post","status-publish","format-standard","has-post-thumbnail","hentry","category-derechos","category-inicio","category-sociedad","tag-revista-baynana"],"acf":[],"yoast_head":"<!-- This site is optimized with the Yoast SEO plugin v25.3.1 - https:\/\/yoast.com\/wordpress\/plugins\/seo\/ -->\n<title>Los menores extranjeros en la diana del discurso de odio<\/title>\n<meta name=\"description\" content=\"Los menores que migran solos acaparan la mayor\u00eda de los ataques en la red. J\u00f3venes ex-tutelados combaten mentiras y ataques contra ellos.\" \/>\n<meta name=\"robots\" content=\"index, follow, max-snippet:-1, max-image-preview:large, max-video-preview:-1\" \/>\n<link rel=\"canonical\" href=\"https:\/\/baynana.es\/es\/menores-extranjeros-contra-odio\/\" \/>\n<meta property=\"og:locale\" content=\"es_ES\" \/>\n<meta property=\"og:type\" content=\"article\" \/>\n<meta property=\"og:title\" content=\"Los menores extranjeros en la diana del discurso de odio\" \/>\n<meta property=\"og:description\" content=\"Los menores que migran solos acaparan la mayor\u00eda de los ataques en la red. J\u00f3venes ex-tutelados combaten mentiras y ataques contra ellos.\" \/>\n<meta property=\"og:url\" content=\"https:\/\/baynana.es\/es\/menores-extranjeros-contra-odio\/\" \/>\n<meta property=\"og:site_name\" content=\"Baynana \u0628\u064a\u0646\u0646\u0627\" \/>\n<meta property=\"article:publisher\" content=\"https:\/\/www.facebook.com\/baynanaes\" \/>\n<meta property=\"article:author\" content=\"https:\/\/www.facebook.com\/ayham.greeb\" \/>\n<meta property=\"article:published_time\" content=\"2021-12-20T17:17:19+00:00\" \/>\n<meta property=\"article:modified_time\" content=\"2022-02-28T10:53:11+00:00\" \/>\n<meta property=\"og:image\" content=\"https:\/\/baynana.es\/wp-content\/uploads\/2021\/12\/DSC_3965-780x470-1-e1642492057882.jpg\" \/>\n\t<meta property=\"og:image:width\" content=\"700\" \/>\n\t<meta property=\"og:image:height\" content=\"422\" \/>\n\t<meta property=\"og:image:type\" content=\"image\/jpeg\" \/>\n<meta name=\"author\" content=\"Ayham Al Sati\" \/>\n<meta name=\"twitter:card\" content=\"summary_large_image\" \/>\n<meta name=\"twitter:creator\" content=\"@https:\/\/twitter.com\/ayham_greeb\" \/>\n<meta name=\"twitter:site\" content=\"@baynanaes\" \/>\n<meta name=\"twitter:label1\" content=\"Escrito por\" \/>\n\t<meta name=\"twitter:data1\" content=\"Ayham Al Sati\" \/>\n\t<meta name=\"twitter:label2\" content=\"Tiempo de lectura\" \/>\n\t<meta name=\"twitter:data2\" content=\"7 minutos\" \/>\n<script type=\"application\/ld+json\" class=\"yoast-schema-graph\">{\"@context\":\"https:\/\/schema.org\",\"@graph\":[{\"@type\":\"Article\",\"@id\":\"https:\/\/baynana.es\/es\/menores-extranjeros-contra-odio\/#article\",\"isPartOf\":{\"@id\":\"https:\/\/baynana.es\/es\/menores-extranjeros-contra-odio\/\"},\"author\":{\"name\":\"Ayham Al Sati\",\"@id\":\"https:\/\/baynana.es\/#\/schema\/person\/6fedc1eac5fcc0abafdb25a881f2a92e\"},\"headline\":\"Los menores extranjeros en la diana del discurso de odio\",\"datePublished\":\"2021-12-20T17:17:19+00:00\",\"dateModified\":\"2022-02-28T10:53:11+00:00\",\"mainEntityOfPage\":{\"@id\":\"https:\/\/baynana.es\/es\/menores-extranjeros-contra-odio\/\"},\"wordCount\":1461,\"publisher\":{\"@id\":\"https:\/\/baynana.es\/#organization\"},\"image\":{\"@id\":\"https:\/\/baynana.es\/es\/menores-extranjeros-contra-odio\/#primaryimage\"},\"thumbnailUrl\":\"https:\/\/baynana.es\/wp-content\/uploads\/2021\/12\/DSC_3965-780x470-1-e1642492057882.jpg\",\"keywords\":[\"REVISTA BAYNANA\"],\"articleSection\":[\"DERECHOS\",\"INICIO\",\"SOCIEDAD\"],\"inLanguage\":\"es\"},{\"@type\":\"WebPage\",\"@id\":\"https:\/\/baynana.es\/es\/menores-extranjeros-contra-odio\/\",\"url\":\"https:\/\/baynana.es\/es\/menores-extranjeros-contra-odio\/\",\"name\":\"Los menores extranjeros en la diana del discurso de odio\",\"isPartOf\":{\"@id\":\"https:\/\/baynana.es\/#website\"},\"primaryImageOfPage\":{\"@id\":\"https:\/\/baynana.es\/es\/menores-extranjeros-contra-odio\/#primaryimage\"},\"image\":{\"@id\":\"https:\/\/baynana.es\/es\/menores-extranjeros-contra-odio\/#primaryimage\"},\"thumbnailUrl\":\"https:\/\/baynana.es\/wp-content\/uploads\/2021\/12\/DSC_3965-780x470-1-e1642492057882.jpg\",\"datePublished\":\"2021-12-20T17:17:19+00:00\",\"dateModified\":\"2022-02-28T10:53:11+00:00\",\"description\":\"Los menores que migran solos acaparan la mayor\u00eda de los ataques en la red. J\u00f3venes ex-tutelados combaten mentiras y ataques contra ellos.\",\"breadcrumb\":{\"@id\":\"https:\/\/baynana.es\/es\/menores-extranjeros-contra-odio\/#breadcrumb\"},\"inLanguage\":\"es\",\"potentialAction\":[{\"@type\":\"ReadAction\",\"target\":[\"https:\/\/baynana.es\/es\/menores-extranjeros-contra-odio\/\"]}]},{\"@type\":\"ImageObject\",\"inLanguage\":\"es\",\"@id\":\"https:\/\/baynana.es\/es\/menores-extranjeros-contra-odio\/#primaryimage\",\"url\":\"https:\/\/baynana.es\/wp-content\/uploads\/2021\/12\/DSC_3965-780x470-1-e1642492057882.jpg\",\"contentUrl\":\"https:\/\/baynana.es\/wp-content\/uploads\/2021\/12\/DSC_3965-780x470-1-e1642492057882.jpg\",\"width\":700,\"height\":422,\"caption\":\"Ismail El Majdoubi, joven extutelado en una manifestaci\u00f3n contra el racismo en Madrid\"},{\"@type\":\"BreadcrumbList\",\"@id\":\"https:\/\/baynana.es\/es\/menores-extranjeros-contra-odio\/#breadcrumb\",\"itemListElement\":[{\"@type\":\"ListItem\",\"position\":1,\"name\":\"Portada\",\"item\":\"https:\/\/baynana.es\/es\/\"},{\"@type\":\"ListItem\",\"position\":2,\"name\":\"Los menores extranjeros en la diana del discurso de odio\"}]},{\"@type\":\"WebSite\",\"@id\":\"https:\/\/baynana.es\/#website\",\"url\":\"https:\/\/baynana.es\/\",\"name\":\"Baynana \u0628\u064a\u0646\u0646\u0627\",\"description\":\"Baynana Revista \u0645\u062c\u0644\u0629 \u0628\u064a\u0646\u0646\u0627\",\"publisher\":{\"@id\":\"https:\/\/baynana.es\/#organization\"},\"potentialAction\":[{\"@type\":\"SearchAction\",\"target\":{\"@type\":\"EntryPoint\",\"urlTemplate\":\"https:\/\/baynana.es\/?s={search_term_string}\"},\"query-input\":{\"@type\":\"PropertyValueSpecification\",\"valueRequired\":true,\"valueName\":\"search_term_string\"}}],\"inLanguage\":\"es\"},{\"@type\":\"Organization\",\"@id\":\"https:\/\/baynana.es\/#organization\",\"name\":\"\u0628\u064a\u0646\u0646\u0627 Baynana\",\"url\":\"https:\/\/baynana.es\/\",\"logo\":{\"@type\":\"ImageObject\",\"inLanguage\":\"es\",\"@id\":\"https:\/\/baynana.es\/#\/schema\/logo\/image\/\",\"url\":\"https:\/\/baynana.es\/wp-content\/uploads\/2021\/03\/Artboard-1.png\",\"contentUrl\":\"https:\/\/baynana.es\/wp-content\/uploads\/2021\/03\/Artboard-1.png\",\"width\":315,\"height\":228,\"caption\":\"\u0628\u064a\u0646\u0646\u0627 Baynana\"},\"image\":{\"@id\":\"https:\/\/baynana.es\/#\/schema\/logo\/image\/\"},\"sameAs\":[\"https:\/\/www.facebook.com\/baynanaes\",\"https:\/\/x.com\/baynanaes\",\"https:\/\/www.instagram.com\/baynanaes\/\",\"https:\/\/www.linkedin.com\/in\/baynana-\u0628\u064a\u0646\u0646\u0627-887599211\/\",\"https:\/\/www.youtube.com\/channel\/UC3019bsq5wOpi61SOufKxPA\"]},{\"@type\":\"Person\",\"@id\":\"https:\/\/baynana.es\/#\/schema\/person\/6fedc1eac5fcc0abafdb25a881f2a92e\",\"name\":\"Ayham Al Sati\",\"image\":{\"@type\":\"ImageObject\",\"inLanguage\":\"es\",\"@id\":\"https:\/\/baynana.es\/#\/schema\/person\/image\/86e6e0fe2166e9f2ea79af43e73d6904\",\"url\":\"https:\/\/baynana.es\/wp-content\/uploads\/2021\/01\/ayhamm-96x96.jpg\",\"contentUrl\":\"https:\/\/baynana.es\/wp-content\/uploads\/2021\/01\/ayhamm-96x96.jpg\",\"caption\":\"Ayham Al Sati\"},\"description\":\"\u0635\u062d\u0641\u064a \u0633\u0648\u0631\u064a\u060c \u064a\u0639\u064a\u0634 \u0641\u064a \u0645\u062f\u0631\u064a\u062f \u0645\u0646\u0630 \u0639\u0627\u0645 2019. \u0645\u0624\u0633\u0633 \u0648\u0645\u062d\u0631\u0631 \u0641\u064a \u0645\u062c\u0644\u0629 \u0628\u064a\u0646\u0646\u0627\u060c \u0645\u062a\u062e\u0635\u0635 \u0641\u064a \u0627\u0644\u0623\u062f\u0628 \u0627\u0644\u0639\u0631\u0628\u064a \u0645\u0646 \u062c\u0627\u0645\u0639\u0629 \u062f\u0645\u0634\u0642\u060c \u0648\u0639\u0645\u0644 \u0643\u0635\u062d\u0641\u064a \u062e\u0644\u0627\u0644 \u0627\u0644\u062d\u0631\u0628 \u0641\u064a \u0633\u0648\u0631\u064a\u0627 \u0645\u0646\u0630 \u0627\u0644\u0639\u0627\u0645 2011. Es un periodista sirio.\u00a0Vive en Madrid desde el a\u00f1o 2019.\u00a0Cofundador y editor en la revista de Baynana.es. Es especialista en Literatura \u00c1rabe por la Universidad de Damasco y trabaj\u00f3 como periodista durante la guerra en Siria desde el a\u00f1o 2011.\u00a0\",\"sameAs\":[\"https:\/\/www.facebook.com\/ayham.greeb\",\"https:\/\/www.instagram.com\/ayham_al_sati\/\",\"https:\/\/x.com\/https:\/\/twitter.com\/ayham_greeb\",\"ayham\"],\"url\":\"https:\/\/baynana.es\/es\/author\/ayham\/\"}]}<\/script>\n<!-- \/ Yoast SEO plugin. -->","yoast_head_json":{"title":"Los menores extranjeros en la diana del discurso de odio","description":"Los menores que migran solos acaparan la mayor\u00eda de los ataques en la red. J\u00f3venes ex-tutelados combaten mentiras y ataques contra ellos.","robots":{"index":"index","follow":"follow","max-snippet":"max-snippet:-1","max-image-preview":"max-image-preview:large","max-video-preview":"max-video-preview:-1"},"canonical":"https:\/\/baynana.es\/es\/menores-extranjeros-contra-odio\/","og_locale":"es_ES","og_type":"article","og_title":"Los menores extranjeros en la diana del discurso de odio","og_description":"Los menores que migran solos acaparan la mayor\u00eda de los ataques en la red. J\u00f3venes ex-tutelados combaten mentiras y ataques contra ellos.","og_url":"https:\/\/baynana.es\/es\/menores-extranjeros-contra-odio\/","og_site_name":"Baynana \u0628\u064a\u0646\u0646\u0627","article_publisher":"https:\/\/www.facebook.com\/baynanaes","article_author":"https:\/\/www.facebook.com\/ayham.greeb","article_published_time":"2021-12-20T17:17:19+00:00","article_modified_time":"2022-02-28T10:53:11+00:00","og_image":[{"width":700,"height":422,"url":"https:\/\/baynana.es\/wp-content\/uploads\/2021\/12\/DSC_3965-780x470-1-e1642492057882.jpg","type":"image\/jpeg"}],"author":"Ayham Al Sati","twitter_card":"summary_large_image","twitter_creator":"@https:\/\/twitter.com\/ayham_greeb","twitter_site":"@baynanaes","twitter_misc":{"Escrito por":"Ayham Al Sati","Tiempo de lectura":"7 minutos"},"schema":{"@context":"https:\/\/schema.org","@graph":[{"@type":"Article","@id":"https:\/\/baynana.es\/es\/menores-extranjeros-contra-odio\/#article","isPartOf":{"@id":"https:\/\/baynana.es\/es\/menores-extranjeros-contra-odio\/"},"author":{"name":"Ayham Al Sati","@id":"https:\/\/baynana.es\/#\/schema\/person\/6fedc1eac5fcc0abafdb25a881f2a92e"},"headline":"Los menores extranjeros en la diana del discurso de odio","datePublished":"2021-12-20T17:17:19+00:00","dateModified":"2022-02-28T10:53:11+00:00","mainEntityOfPage":{"@id":"https:\/\/baynana.es\/es\/menores-extranjeros-contra-odio\/"},"wordCount":1461,"publisher":{"@id":"https:\/\/baynana.es\/#organization"},"image":{"@id":"https:\/\/baynana.es\/es\/menores-extranjeros-contra-odio\/#primaryimage"},"thumbnailUrl":"https:\/\/baynana.es\/wp-content\/uploads\/2021\/12\/DSC_3965-780x470-1-e1642492057882.jpg","keywords":["REVISTA BAYNANA"],"articleSection":["DERECHOS","INICIO","SOCIEDAD"],"inLanguage":"es"},{"@type":"WebPage","@id":"https:\/\/baynana.es\/es\/menores-extranjeros-contra-odio\/","url":"https:\/\/baynana.es\/es\/menores-extranjeros-contra-odio\/","name":"Los menores extranjeros en la diana del discurso de odio","isPartOf":{"@id":"https:\/\/baynana.es\/#website"},"primaryImageOfPage":{"@id":"https:\/\/baynana.es\/es\/menores-extranjeros-contra-odio\/#primaryimage"},"image":{"@id":"https:\/\/baynana.es\/es\/menores-extranjeros-contra-odio\/#primaryimage"},"thumbnailUrl":"https:\/\/baynana.es\/wp-content\/uploads\/2021\/12\/DSC_3965-780x470-1-e1642492057882.jpg","datePublished":"2021-12-20T17:17:19+00:00","dateModified":"2022-02-28T10:53:11+00:00","description":"Los menores que migran solos acaparan la mayor\u00eda de los ataques en la red. J\u00f3venes ex-tutelados combaten mentiras y ataques contra ellos.","breadcrumb":{"@id":"https:\/\/baynana.es\/es\/menores-extranjeros-contra-odio\/#breadcrumb"},"inLanguage":"es","potentialAction":[{"@type":"ReadAction","target":["https:\/\/baynana.es\/es\/menores-extranjeros-contra-odio\/"]}]},{"@type":"ImageObject","inLanguage":"es","@id":"https:\/\/baynana.es\/es\/menores-extranjeros-contra-odio\/#primaryimage","url":"https:\/\/baynana.es\/wp-content\/uploads\/2021\/12\/DSC_3965-780x470-1-e1642492057882.jpg","contentUrl":"https:\/\/baynana.es\/wp-content\/uploads\/2021\/12\/DSC_3965-780x470-1-e1642492057882.jpg","width":700,"height":422,"caption":"Ismail El Majdoubi, joven extutelado en una manifestaci\u00f3n contra el racismo en Madrid"},{"@type":"BreadcrumbList","@id":"https:\/\/baynana.es\/es\/menores-extranjeros-contra-odio\/#breadcrumb","itemListElement":[{"@type":"ListItem","position":1,"name":"Portada","item":"https:\/\/baynana.es\/es\/"},{"@type":"ListItem","position":2,"name":"Los menores extranjeros en la diana del discurso de odio"}]},{"@type":"WebSite","@id":"https:\/\/baynana.es\/#website","url":"https:\/\/baynana.es\/","name":"Baynana \u0628\u064a\u0646\u0646\u0627","description":"Baynana Revista \u0645\u062c\u0644\u0629 \u0628\u064a\u0646\u0646\u0627","publisher":{"@id":"https:\/\/baynana.es\/#organization"},"potentialAction":[{"@type":"SearchAction","target":{"@type":"EntryPoint","urlTemplate":"https:\/\/baynana.es\/?s={search_term_string}"},"query-input":{"@type":"PropertyValueSpecification","valueRequired":true,"valueName":"search_term_string"}}],"inLanguage":"es"},{"@type":"Organization","@id":"https:\/\/baynana.es\/#organization","name":"\u0628\u064a\u0646\u0646\u0627 Baynana","url":"https:\/\/baynana.es\/","logo":{"@type":"ImageObject","inLanguage":"es","@id":"https:\/\/baynana.es\/#\/schema\/logo\/image\/","url":"https:\/\/baynana.es\/wp-content\/uploads\/2021\/03\/Artboard-1.png","contentUrl":"https:\/\/baynana.es\/wp-content\/uploads\/2021\/03\/Artboard-1.png","width":315,"height":228,"caption":"\u0628\u064a\u0646\u0646\u0627 Baynana"},"image":{"@id":"https:\/\/baynana.es\/#\/schema\/logo\/image\/"},"sameAs":["https:\/\/www.facebook.com\/baynanaes","https:\/\/x.com\/baynanaes","https:\/\/www.instagram.com\/baynanaes\/","https:\/\/www.linkedin.com\/in\/baynana-\u0628\u064a\u0646\u0646\u0627-887599211\/","https:\/\/www.youtube.com\/channel\/UC3019bsq5wOpi61SOufKxPA"]},{"@type":"Person","@id":"https:\/\/baynana.es\/#\/schema\/person\/6fedc1eac5fcc0abafdb25a881f2a92e","name":"Ayham Al Sati","image":{"@type":"ImageObject","inLanguage":"es","@id":"https:\/\/baynana.es\/#\/schema\/person\/image\/86e6e0fe2166e9f2ea79af43e73d6904","url":"https:\/\/baynana.es\/wp-content\/uploads\/2021\/01\/ayhamm-96x96.jpg","contentUrl":"https:\/\/baynana.es\/wp-content\/uploads\/2021\/01\/ayhamm-96x96.jpg","caption":"Ayham Al Sati"},"description":"\u0635\u062d\u0641\u064a \u0633\u0648\u0631\u064a\u060c \u064a\u0639\u064a\u0634 \u0641\u064a \u0645\u062f\u0631\u064a\u062f \u0645\u0646\u0630 \u0639\u0627\u0645 2019. \u0645\u0624\u0633\u0633 \u0648\u0645\u062d\u0631\u0631 \u0641\u064a \u0645\u062c\u0644\u0629 \u0628\u064a\u0646\u0646\u0627\u060c \u0645\u062a\u062e\u0635\u0635 \u0641\u064a \u0627\u0644\u0623\u062f\u0628 \u0627\u0644\u0639\u0631\u0628\u064a \u0645\u0646 \u062c\u0627\u0645\u0639\u0629 \u062f\u0645\u0634\u0642\u060c \u0648\u0639\u0645\u0644 \u0643\u0635\u062d\u0641\u064a \u062e\u0644\u0627\u0644 \u0627\u0644\u062d\u0631\u0628 \u0641\u064a \u0633\u0648\u0631\u064a\u0627 \u0645\u0646\u0630 \u0627\u0644\u0639\u0627\u0645 2011. Es un periodista sirio.\u00a0Vive en Madrid desde el a\u00f1o 2019.\u00a0Cofundador y editor en la revista de Baynana.es. Es especialista en Literatura \u00c1rabe por la Universidad de Damasco y trabaj\u00f3 como periodista durante la guerra en Siria desde el a\u00f1o 2011.\u00a0","sameAs":["https:\/\/www.facebook.com\/ayham.greeb","https:\/\/www.instagram.com\/ayham_al_sati\/","https:\/\/x.com\/https:\/\/twitter.com\/ayham_greeb","ayham"],"url":"https:\/\/baynana.es\/es\/author\/ayham\/"}]}},"authors":[{"term_id":505,"user_id":3,"is_guest":0,"slug":"ayham","display_name":"Ayham Al Sati","avatar_url":"https:\/\/baynana.es\/wp-content\/uploads\/2021\/01\/ayhamm-96x96.jpg","author_category":"","first_name":"Ayham","last_name":"Al Sati","user_url":"","job_title":"","description":"\u0635\u062d\u0641\u064a \u0633\u0648\u0631\u064a\u060c \u064a\u0639\u064a\u0634 \u0641\u064a \u0645\u062f\u0631\u064a\u062f \u0645\u0646\u0630 \u0639\u0627\u0645 2019. \u0645\u0624\u0633\u0633 \u0648\u0645\u062d\u0631\u0631 \u0641\u064a \u0645\u062c\u0644\u0629 \u0628\u064a\u0646\u0646\u0627\u060c \u0645\u062a\u062e\u0635\u0635 \u0641\u064a \u0627\u0644\u0623\u062f\u0628 \u0627\u0644\u0639\u0631\u0628\u064a \u0645\u0646 \u062c\u0627\u0645\u0639\u0629 \u062f\u0645\u0634\u0642\u060c \u0648\u0639\u0645\u0644 \u0643\u0635\u062d\u0641\u064a \u062e\u0644\u0627\u0644 \u0627\u0644\u062d\u0631\u0628 \u0641\u064a \u0633\u0648\u0631\u064a\u0627 \u0645\u0646\u0630 \u0627\u0644\u0639\u0627\u0645 2011.\r\n\r\nEs un periodista sirio.\u00a0Vive en Madrid desde el a\u00f1o 2019.\u00a0Cofundador y editor en la revista de Baynana.es. Es especialista en Literatura \u00c1rabe por la Universidad de Damasco y trabaj\u00f3 como periodista durante la guerra en Siria desde el a\u00f1o 2011.\u00a0"}],"_links":{"self":[{"href":"https:\/\/baynana.es\/es\/wp-json\/wp\/v2\/posts\/3831","targetHints":{"allow":["GET"]}}],"collection":[{"href":"https:\/\/baynana.es\/es\/wp-json\/wp\/v2\/posts"}],"about":[{"href":"https:\/\/baynana.es\/es\/wp-json\/wp\/v2\/types\/post"}],"author":[{"embeddable":true,"href":"https:\/\/baynana.es\/es\/wp-json\/wp\/v2\/users\/3"}],"replies":[{"embeddable":true,"href":"https:\/\/baynana.es\/es\/wp-json\/wp\/v2\/comments?post=3831"}],"version-history":[{"count":3,"href":"https:\/\/baynana.es\/es\/wp-json\/wp\/v2\/posts\/3831\/revisions"}],"predecessor-version":[{"id":4981,"href":"https:\/\/baynana.es\/es\/wp-json\/wp\/v2\/posts\/3831\/revisions\/4981"}],"wp:featuredmedia":[{"embeddable":true,"href":"https:\/\/baynana.es\/es\/wp-json\/wp\/v2\/media\/4082"}],"wp:attachment":[{"href":"https:\/\/baynana.es\/es\/wp-json\/wp\/v2\/media?parent=3831"}],"wp:term":[{"taxonomy":"category","embeddable":true,"href":"https:\/\/baynana.es\/es\/wp-json\/wp\/v2\/categories?post=3831"},{"taxonomy":"post_tag","embeddable":true,"href":"https:\/\/baynana.es\/es\/wp-json\/wp\/v2\/tags?post=3831"},{"taxonomy":"author","embeddable":true,"href":"https:\/\/baynana.es\/es\/wp-json\/wp\/v2\/ppma_author?post=3831"}],"curies":[{"name":"wp","href":"https:\/\/api.w.org\/{rel}","templated":true}]}}