{"id":4243,"date":"2022-01-24T14:31:17","date_gmt":"2022-01-24T13:31:17","guid":{"rendered":"https:\/\/baynana.es\/?p=4243"},"modified":"2022-03-03T10:24:50","modified_gmt":"2022-03-03T09:24:50","slug":"rosa-maria-calaf-se-invierte-mas-en-desinformar-que-en-informar","status":"publish","type":"post","link":"https:\/\/baynana.es\/es\/rosa-maria-calaf-se-invierte-mas-en-desinformar-que-en-informar\/","title":{"rendered":"Rosa Mar\u00eda Calaf: \u201cSe invierte m\u00e1s en desinformar que en informar\u201d"},"content":{"rendered":"<div class=\"wp-block-post-date\"><time datetime=\"2022-01-24T14:31:17+01:00\">24 enero\u060c 2022<\/time><\/div>\n\n\n<p><a href=\"https:\/\/twitter.com\/ClarisJoplin\" target=\"_blank\" rel=\"noreferrer noopener\">Clara Pino<\/a> \/ <a href=\"https:\/\/porcausa.org\/\" target=\"_blank\" rel=\"noreferrer noopener\">PorCausa<\/a><\/p>\n\n\n\n<p>Dec\u00eda el periodista polaco Ryszard Kapu\u015bci\u0144ski que \u201cpara ejercer el periodismo, ante todo, hay que ser buenos seres humanos\u201d, un mantra que parece envolver a Rosa Mar\u00eda Calaf a lo largo de sus 50 a\u00f1os de trayectoria. Calaf es una de las periodistas m\u00e1s reconocidas de Espa\u00f1a. A lo largo de su carrera ha recorrido el mundo por completo como corresponsal en Estados Unidos, Rusia, Argentina, Italia y una larga lista de pa\u00edses en Asia. En esta entrevista, la periodista aborda la cobertura sobre migraciones, se redefine como una firme defensora del periodismo como un servicio para el bien com\u00fan y destaca que todo lo que no cumple esta funci\u00f3n \u201cno puede llamarse periodismo\u201d.<\/p>\n\n\n\n<p><strong>Durante el <\/strong><a href=\"https:\/\/www.periodismodemigraciones.org\/iv-congreso-internacional-periodismo-migraciones\/el-congreso\/\" target=\"_blank\" rel=\"noreferrer noopener\"><strong>Congreso de Periodismo de Migraciones de M\u00e9rida<\/strong><\/a><strong> pudimos escuchar a diferentes profesionales sobre c\u00f3mo abordar diferentes temas migratorios, pero, \u00bfa qu\u00e9 retos crees que se enfrenta el periodismo de migraciones actualmente?&nbsp;<\/strong><\/p>\n\n\n\n<p>El reto del periodismo siempre ha sido contar aquello que no se quer\u00eda que se viera, y aquello que se quer\u00eda que se callara. Por tanto, siempre ha sido problem\u00e1tico porque siempre han enfrentado intereses que son alejados, obviamente, del bien com\u00fan. Dicho esto, en este momento el reto es el mismo. Lo que ocurre es que actualmente tenemos la tecnolog\u00eda, un sistema que podr\u00eda servir como aliada porque es una herramienta magn\u00edfica, pues en realidad se convierte en un peligro si es mal utilizada.&nbsp;<\/p>\n\n\n\n<figure class=\"wp-block-image size-large is-resized\"><img decoding=\"async\" src=\"https:\/\/baynana.es\/wp-content\/uploads\/2022\/01\/Rosa-Maria-Calaf-en-el-congreso-de-merida-1024x681.jpg\" alt=\"\" class=\"wp-image-4250\" width=\"750\" srcset=\"https:\/\/baynana.es\/wp-content\/uploads\/2022\/01\/Rosa-Maria-Calaf-en-el-congreso-de-merida-1024x681.jpg 1024w, https:\/\/baynana.es\/wp-content\/uploads\/2022\/01\/Rosa-Maria-Calaf-en-el-congreso-de-merida-scaled-600x399.jpg 600w, https:\/\/baynana.es\/wp-content\/uploads\/2022\/01\/Rosa-Maria-Calaf-en-el-congreso-de-merida-300x200.jpg 300w, https:\/\/baynana.es\/wp-content\/uploads\/2022\/01\/Rosa-Maria-Calaf-en-el-congreso-de-merida-768x511.jpg 768w, https:\/\/baynana.es\/wp-content\/uploads\/2022\/01\/Rosa-Maria-Calaf-en-el-congreso-de-merida-1536x1022.jpg 1536w, https:\/\/baynana.es\/wp-content\/uploads\/2022\/01\/Rosa-Maria-Calaf-en-el-congreso-de-merida-2048x1363.jpg 2048w\" sizes=\"(max-width: 1024px) 100vw, 1024px\" \/><figcaption>La periodista Rosa Mar\u00eda Calaf durante su intervenci\u00f3n en el Congreso de M\u00e9rida el pasado noviembre. <a href=\"https:\/\/twitter.com\/mohammed_shobat\" target=\"_blank\" rel=\"noreferrer noopener\">Mohammad Subat<\/a>                       <\/figcaption><\/figure>\n\n\n\n<p><strong><span style=\"color:#ec4e35\" class=\"has-inline-color\">\u00bfA qu\u00e9 se debe ese peligro?<\/span><\/strong><\/p>\n\n\n\n<p>Se debe a que la tecnolog\u00eda te permite que la divulgaci\u00f3n sea la mentira. La voluntad de manipular ha existido siempre, pero la posibilidad de hacerlo con la amplitud, la eficacia, el alcance y la rapidez de diseminaci\u00f3n que tenemos en este momento nunca hab\u00eda existido. Por tanto, esa herramienta que bien utilizada es una herramienta de conocimiento y de acercamiento a lo diferente y de comprensi\u00f3n de lo distinto, que es lo fundamental a la hora de tratar el tema de las migraciones, se convierte en una herramienta de todo lo contrario: de desconocimiento, alejamiento, discurso de odio, rechazo y xenofobia. <\/p>\n\n\n\n<p>Aquellos que siempre han tenido voluntad de manejar las realidades y los hechos en su propio beneficio, en lugar de en beneficio del bien com\u00fan, en este momento tienen una herramienta que les permite hacerlo mucho mejor, con mayor eficacia. Adem\u00e1s, creo que en este momento estamos en una situaci\u00f3n en la que se invierte mucho m\u00e1s dinero y recursos en desinformar que en informar.\u00a0<\/p>\n\n\n\n<p><strong><span style=\"color:#ec4e35\" class=\"has-inline-color\">Al final, la informaci\u00f3n period\u00edstica deber\u00eda estar verificada desde un principio y sin necesidad de recurrir a una verificaci\u00f3n a posteriori.<\/span><\/strong><\/p>\n\n\n\n<p>Exactamente. Obviamente el periodismo tiene que ser r\u00e1pido, pero eso nunca puede ir en detrimento de la calidad del contenido. La tecnolog\u00eda tiene que ser puesta al servicio de un mejor contenido y no al rev\u00e9s. Y cuando decimos \u2018un mejor contenido\u2019 es un contenido riguroso, \u00e9tico y fiable. Si no se hace eso, no se est\u00e1 haciendo buen periodismo.<\/p>\n\n\n\n<p><strong><span style=\"color:#ec4e35\" class=\"has-inline-color\">En materia migratoria, \u00bfla desinformaci\u00f3n y la manipulaci\u00f3n generan un discurso de odio?<\/span><\/strong><\/p>\n\n\n\n<p>Claro. Si manipulas los hechos y los datos y tu pr\u00f3ximo objetivo es el <a href=\"https:\/\/baynana.es\/es\/archives\/3831\" target=\"_blank\" rel=\"noreferrer noopener\">discurso de odio<\/a>, obviamente te va a salir un discurso del odio mucho mejor. Eso es contra lo que hay que luchar. Esto no es algo nuevo en el periodismo: la mentira ha existido siempre y la voluntad de manipular tambi\u00e9n, y realmente lo que ha habido que hacer es no sucumbir a los cantos de sirena. El periodismo debe ser siempre justo, ecu\u00e1nime, reposado, riguroso, debe atenerse a los hechos y ser independiente. Por lo tanto, nunca puede sucumbir a la propaganda. <\/p>\n\n\n\n<p>Y desde luego, debe ser fundamentalmente humano, es decir, que no cause da\u00f1o y sea transparente. El objetivo final del periodismo es proporcionar los elementos de conocimiento suficientes para que el receptor de esa informaci\u00f3n se pare a pensar y se haga preguntas. Si los hechos y los datos est\u00e1n manipulados no se genera una sociedad de opini\u00f3n, sino de emoci\u00f3n.<\/p>\n\n\n\n<p><strong><span style=\"color:#ec4e35\" class=\"has-inline-color\">\u00bfEn el periodismo de migraciones prima la emoci\u00f3n?<\/span><\/strong><\/p>\n\n\n\n<p>S\u00ed, y la emoci\u00f3n es tremendamente manipulable. Tiene que haber emoci\u00f3n y sentimiento, pero no tiene que ser emotividad y sentimentalismo porque s\u00ed. La emoci\u00f3n y el sentimiento tienen que venir del conocimiento y la sensaci\u00f3n de injusticia. Con los migrantes no se trata de compadecer, piedad, caridad, de tener \u00fanicamente solidaridad por la solidaridad. Es una cuesti\u00f3n de justicia. Por tanto, hay que ver muy claro d\u00f3nde est\u00e1 la justicia.&nbsp;<\/p>\n\n\n\n<p><strong><span style=\"color:#ec4e35\" class=\"has-inline-color\">Igual uno de los problemas es llamar periodismo a aquello que no ofrece informaci\u00f3n: que desinforma, hace del bulo la noticia, el <em>clickbait<\/em>\u2026<\/span><\/strong><\/p>\n\n\n\n<p>Las redes han facilitado y propiciado la mezcla de g\u00e9neros. Por tanto, mezclan informaci\u00f3n con opini\u00f3n y, por supuesto, lo que es opini\u00f3n con emoci\u00f3n, y lo hacen muy bien. Los medios convencionales han ca\u00eddo en esa trampa y ofrecen realidades fragmentadas muy dif\u00edciles de entender si no se ponen en el acontecimiento general, porque los fragmentos de realidad no dicen nada por s\u00ed mismos. Cada vez la informaci\u00f3n es m\u00e1s breve, superficial y banal. Se busca la emoci\u00f3n y no crear opini\u00f3n.<\/p>\n\n\n\n<p><strong><span style=\"color:#ec4e35\" class=\"has-inline-color\">El periodismo se nutre de lo urgente. \u00daltima hora.&nbsp;<\/span><\/strong><\/p>\n\n\n\n<p>Se ha hecho creer que la \u00faltima hora es m\u00e1s importante que lo anterior. Adem\u00e1s, muchas veces no solo no es lo m\u00e1s importante, sino que lo que hace es distraer de lo importante. El periodismo se est\u00e1 convirtiendo en una b\u00fasqueda de proporcionar lo que impacta y no lo que importa del conocimiento de la realidad. Al no dar conocimiento, no provocas preguntas ni propicias la b\u00fasqueda de responsabilidades ajenas y propias. \u00bfQu\u00e9 parte de responsabilidad tenemos cada uno de nosotros en que los migrantes tengan que moverse y tengan que abandonar sus lugares? <\/p>\n\n\n\n<p>Nadie quiere dejar sus tierras, sus ciudades, sus pueblos, su familia, sus amigos. Nadie quiere hacer eso. \u00bfPor qu\u00e9 lo hacen? \u00bfQu\u00e9 es lo que les empuja? Por tanto, no se pueden permitir estas noticias ef\u00edmeras que se superponen velozmente, con relatos simplificados, que no proporcionan ning\u00fan tipo de an\u00e1lisis ni de reflexi\u00f3n posible. Hay claramente un doble rasero ante los dramas humanos. Esto ha provocado que si se produce un atentado en Par\u00eds, en Bruselas, en Madrid o en Estados Unidos tengamos una repercusi\u00f3n brutal. Pero se producen much\u00edsimas m\u00e1s muertes en el Mediterr\u00e1neo y no importan.\u00a0<\/p>\n\n\n\n<p><strong><span style=\"color:#ec4e35\" class=\"has-inline-color\">En la d\u00e9cada de los a\u00f1os 40 y posteriores, muchos espa\u00f1oles migraban a otros pa\u00edses de Europa y Am\u00e9rica Latina. Ahora la \u201cnovedad\u201d es que Espa\u00f1a se ha convertido en el destino de personas procedentes de Am\u00e9rica Latina, \u00c1frica, el Magreb\u2026 \u00bfEs importante tener presente la historia reciente a la hora de informar sobre el fen\u00f3meno migratorio?<\/span><\/strong><\/p>\n\n\n\n<p>Es absolutamente fundamental, porque la memoria es la que nos va a permitir entender el hoy. Cuando uno quiere ser un ciudadano preparado, tiene que saber de d\u00f3nde venimos para saber d\u00f3nde estamos, el por qu\u00e9, a d\u00f3nde vamos y c\u00f3mo queremos ir hacia ese d\u00f3nde. La memoria es fundamental y por eso hay tanta fuerza en querer borrarla por parte de aquellos que saben que si recurrimos a la memoria, vamos a tener es una ciudadan\u00eda con sentido cr\u00edtico.&nbsp;<\/p>\n\n\n\n<p>Es claramente necesario ir hacia atr\u00e1s y ver de d\u00f3nde venimos. No podemos seguir informando de acontecimientos como si lo que sucediera hoy viniera ca\u00eddo del cielo. Lo que sucede nunca es fortuito, ni siquiera aquellas cosas que lo parecen m\u00e1s. Si construyes en lugares peligrosos y permites que la ciudadan\u00eda est\u00e9 expuesta a peligros como, por ejemplo, un terremoto, ah\u00ed s\u00ed que tienes una intervenci\u00f3n directa en la consecuencia del hecho. No debemos buscar solo el acontecimiento, sino el proceso total: la precrisis, la crisis y la postcrisis.&nbsp;<\/p>\n\n\n\n<p><strong><span style=\"color:#ec4e35\" class=\"has-inline-color\">Vivimos una \u00e9poca dif\u00edcil para el periodismo, cargada de precariedad y casi nula estabilidad. Ya no se apuesta por la figura de corresponsal, sino que se busca al mejor postor, disfrazado a veces de falsos aut\u00f3nomos o <em>freelance<\/em>. \u00bfC\u00f3mo la precariedad y la crisis est\u00e1n afectando a la calidad del periodismo de migraciones? \u00bfQu\u00e9 podemos hacer para rescatar al periodismo?<\/span><\/strong><\/p>\n\n\n\n<p>Es obvio que ha cambiado la forma de producir las noticias y cambian los soportes. Pero lo que hay que resistir es a que esto se lleve por delante los contenidos. El objetivo siempre va a ser el mismo con un soporte o con otro, con un sistema de producci\u00f3n u otro. Ahora la pelea es defender los contenidos y luchar por la dignidad del trabajo. Eso no solo pasa en el periodismo, en este momento hay un desprecio por el trabajo de las personas. Hay que recuperar la dignidad del trabajo, del compromiso personal y de toda la \u00e9tica. El periodismo en este momento lucha contra una ofensiva fundamentalmente econ\u00f3mica, para convertir el periodismo en una profesi\u00f3n de servicio a medida de algunos intereses particulares.&nbsp;<\/p>\n\n\n\n<p><strong><span style=\"color:#ec4e35\" class=\"has-inline-color\">La lucha constante del periodismo.&nbsp;<\/span><\/strong><\/p>\n\n\n\n<p>Pues s\u00ed. Tenemos que darnos cuenta de que s\u00f3lo una sociedad democr\u00e1tica, con una democracia de calidad, va a ser capaz de defender los derechos de la mayor\u00eda. Estos derechos deben sustentarse en una educaci\u00f3n e informaci\u00f3n de calidad y por tanto debemos defenderlo tanto como periodistas como ciudadanos, con u\u00f1as y dientes.&nbsp;<\/p>\n\n\n\n<p><strong><span style=\"color:#ec4e35\" class=\"has-inline-color\">En <\/span><\/strong><a href=\"https:\/\/www.youtube.com\/watch?v=nzBNX8sheHE&amp;ab_channel=porCausa\"><span style=\"color:#ec4e35\" class=\"has-inline-color\"><strong>M\u00e9rida <\/strong><\/span><\/a><strong><span style=\"color:#ec4e35\" class=\"has-inline-color\">vimos c\u00f3mo grandes medios crean redacciones enfocadas \u00fanicamente en migraci\u00f3n. \u00bfCrees que est\u00e1s redacciones deben estar formadas por perfiles diversos?<\/span><\/strong><\/p>\n\n\n\n<p>Por supuesto. Una de las mayores reclamaciones de la <a href=\"https:\/\/fundaciongabo.org\/es\/keywords\/red-de-periodismo-%C3%A9tico\">Red de Periodismo \u00c9tico<\/a> es la importancia de contar la historia completa y eso significa contar con especialistas. Cuanto m\u00e1s transversales sean, m\u00e1s van a aportar. Por ejemplo, en cuanto a la igualdad de g\u00e9nero, es evidente que los hombres tienen que estar ah\u00ed, pero cuando hablamos de determinados problemas y temas, lo tenemos que contar las mujeres, porque somos quien lo sufrimos y lo conocemos mejor. Con la migraci\u00f3n es lo mismo. Tiene que contar con profesionales con conciencia de movilizaci\u00f3n, con conocimientos de los t\u00e9rminos legales y que sepan dar respuesta al lenguaje de odio. Si a eso le a\u00f1adimos contar con personas de or\u00edgenes distintos, el contenido va a enriquecerse.&nbsp;<\/p>\n\n\n\n<p><strong><span style=\"color:#ec4e35\" class=\"has-inline-color\">La diversidad es fundamental.<\/span><\/strong><\/p>\n\n\n\n<p>S\u00ed. Hay que invertir en dar voz a esas personas an\u00f3nimas, que la tienen, pero no les damos medios para que se les escuchen. No solo hablamos de periodismo, sino tambi\u00e9n de instituciones o la Administraci\u00f3n, que deben contar con medios humanos bien preparados que sean capaces de superar los estereotipos y la estigmatizaci\u00f3n para poder presentar un cuadro ecu\u00e1nime y justo. Y ya a partir de ah\u00ed, que cada uno tenga sus opiniones.<\/p>\n","protected":false},"excerpt":{"rendered":"<p>24 enero\u060c 2022 Clara Pino \/ PorCausa Dec\u00eda el periodista polaco Ryszard Kapu\u015bci\u0144ski que \u201cpara ejercer el periodismo, ante todo, hay que ser buenos seres humanos\u201d, un mantra que parece envolver a Rosa Mar\u00eda Calaf a lo largo de sus 50 a\u00f1os de trayectoria. Calaf es una de las periodistas m\u00e1s reconocidas de Espa\u00f1a. A &hellip;<\/p>\n","protected":false},"author":2,"featured_media":4246,"comment_status":"closed","ping_status":"closed","sticky":false,"template":"","format":"standard","meta":{"inline_featured_image":false,"footnotes":""},"categories":[58,11,54],"tags":[247,417,292,416,91],"ppma_author":[503],"class_list":["post-4243","post","type-post","status-publish","format-standard","has-post-thumbnail","hentry","category-entrevistas","category-inicio","category-politica","tag-espana","tag-migracion-3","tag-migrantes","tag-perodismo","tag-revista-baynana"],"acf":[],"yoast_head":"<!-- This site is optimized with the Yoast SEO plugin v25.3.1 - https:\/\/yoast.com\/wordpress\/plugins\/seo\/ -->\n<title>Rosa Mar\u00eda Calaf: \u201cSe invierte m\u00e1s en desinformar que en informar\u201d<\/title>\n<meta name=\"description\" content=\"Dec\u00eda el periodista polaco Ryszard Kapu\u015bci\u0144ski que \u201cpara ejercer el periodismo, ante todo, hay que ser buenos seres humanos\u201d.\" \/>\n<meta name=\"robots\" content=\"index, follow, max-snippet:-1, max-image-preview:large, max-video-preview:-1\" \/>\n<link rel=\"canonical\" href=\"https:\/\/baynana.es\/es\/rosa-maria-calaf-se-invierte-mas-en-desinformar-que-en-informar\/\" \/>\n<meta property=\"og:locale\" content=\"es_ES\" \/>\n<meta property=\"og:type\" content=\"article\" \/>\n<meta property=\"og:title\" content=\"Rosa Mar\u00eda Calaf: \u201cSe invierte m\u00e1s en desinformar que en informar\u201d\" \/>\n<meta property=\"og:description\" content=\"Dec\u00eda el periodista polaco Ryszard Kapu\u015bci\u0144ski que \u201cpara ejercer el periodismo, ante todo, hay que ser buenos seres humanos\u201d.\" \/>\n<meta property=\"og:url\" content=\"https:\/\/baynana.es\/es\/rosa-maria-calaf-se-invierte-mas-en-desinformar-que-en-informar\/\" \/>\n<meta property=\"og:site_name\" content=\"Baynana \u0628\u064a\u0646\u0646\u0627\" \/>\n<meta property=\"article:publisher\" content=\"https:\/\/www.facebook.com\/baynanaes\" \/>\n<meta property=\"article:published_time\" content=\"2022-01-24T13:31:17+00:00\" \/>\n<meta property=\"article:modified_time\" content=\"2022-03-03T09:24:50+00:00\" \/>\n<meta property=\"og:image\" content=\"https:\/\/baynana.es\/wp-content\/uploads\/2022\/01\/Rosa-Maria-Calaf-scaled-e1643026113512.jpg\" \/>\n\t<meta property=\"og:image:width\" content=\"750\" \/>\n\t<meta property=\"og:image:height\" content=\"499\" \/>\n\t<meta property=\"og:image:type\" content=\"image\/jpeg\" \/>\n<meta name=\"author\" content=\"baynana\" \/>\n<meta name=\"twitter:card\" content=\"summary_large_image\" \/>\n<meta name=\"twitter:creator\" content=\"@baynanaes\" \/>\n<meta name=\"twitter:site\" content=\"@baynanaes\" \/>\n<meta name=\"twitter:label1\" content=\"Escrito por\" \/>\n\t<meta name=\"twitter:data1\" content=\"baynana\" \/>\n\t<meta name=\"twitter:label2\" content=\"Tiempo de lectura\" \/>\n\t<meta name=\"twitter:data2\" content=\"9 minutos\" \/>\n<script type=\"application\/ld+json\" class=\"yoast-schema-graph\">{\"@context\":\"https:\/\/schema.org\",\"@graph\":[{\"@type\":\"Article\",\"@id\":\"https:\/\/baynana.es\/es\/rosa-maria-calaf-se-invierte-mas-en-desinformar-que-en-informar\/#article\",\"isPartOf\":{\"@id\":\"https:\/\/baynana.es\/es\/rosa-maria-calaf-se-invierte-mas-en-desinformar-que-en-informar\/\"},\"author\":{\"name\":\"baynana\",\"@id\":\"https:\/\/baynana.es\/#\/schema\/person\/d743d5ffbf13ef7c04034c063666fe95\"},\"headline\":\"Rosa Mar\u00eda Calaf: \u201cSe invierte m\u00e1s en desinformar que en informar\u201d\",\"datePublished\":\"2022-01-24T13:31:17+00:00\",\"dateModified\":\"2022-03-03T09:24:50+00:00\",\"mainEntityOfPage\":{\"@id\":\"https:\/\/baynana.es\/es\/rosa-maria-calaf-se-invierte-mas-en-desinformar-que-en-informar\/\"},\"wordCount\":1910,\"publisher\":{\"@id\":\"https:\/\/baynana.es\/#organization\"},\"image\":{\"@id\":\"https:\/\/baynana.es\/es\/rosa-maria-calaf-se-invierte-mas-en-desinformar-que-en-informar\/#primaryimage\"},\"thumbnailUrl\":\"https:\/\/baynana.es\/wp-content\/uploads\/2022\/01\/Rosa-Maria-Calaf-scaled-e1643026113512.jpg\",\"keywords\":[\"ESPA\u00d1A\",\"migracion\",\"migrantes\",\"perodismo\",\"REVISTA BAYNANA\"],\"articleSection\":[\"ENTREVISTAS\",\"INICIO\",\"POL\u00cdTICA\"],\"inLanguage\":\"es\"},{\"@type\":\"WebPage\",\"@id\":\"https:\/\/baynana.es\/es\/rosa-maria-calaf-se-invierte-mas-en-desinformar-que-en-informar\/\",\"url\":\"https:\/\/baynana.es\/es\/rosa-maria-calaf-se-invierte-mas-en-desinformar-que-en-informar\/\",\"name\":\"Rosa Mar\u00eda Calaf: \u201cSe invierte m\u00e1s en desinformar que en informar\u201d\",\"isPartOf\":{\"@id\":\"https:\/\/baynana.es\/#website\"},\"primaryImageOfPage\":{\"@id\":\"https:\/\/baynana.es\/es\/rosa-maria-calaf-se-invierte-mas-en-desinformar-que-en-informar\/#primaryimage\"},\"image\":{\"@id\":\"https:\/\/baynana.es\/es\/rosa-maria-calaf-se-invierte-mas-en-desinformar-que-en-informar\/#primaryimage\"},\"thumbnailUrl\":\"https:\/\/baynana.es\/wp-content\/uploads\/2022\/01\/Rosa-Maria-Calaf-scaled-e1643026113512.jpg\",\"datePublished\":\"2022-01-24T13:31:17+00:00\",\"dateModified\":\"2022-03-03T09:24:50+00:00\",\"description\":\"Dec\u00eda el periodista polaco Ryszard Kapu\u015bci\u0144ski que \u201cpara ejercer el periodismo, ante todo, hay que ser buenos seres humanos\u201d.\",\"breadcrumb\":{\"@id\":\"https:\/\/baynana.es\/es\/rosa-maria-calaf-se-invierte-mas-en-desinformar-que-en-informar\/#breadcrumb\"},\"inLanguage\":\"es\",\"potentialAction\":[{\"@type\":\"ReadAction\",\"target\":[\"https:\/\/baynana.es\/es\/rosa-maria-calaf-se-invierte-mas-en-desinformar-que-en-informar\/\"]}]},{\"@type\":\"ImageObject\",\"inLanguage\":\"es\",\"@id\":\"https:\/\/baynana.es\/es\/rosa-maria-calaf-se-invierte-mas-en-desinformar-que-en-informar\/#primaryimage\",\"url\":\"https:\/\/baynana.es\/wp-content\/uploads\/2022\/01\/Rosa-Maria-Calaf-scaled-e1643026113512.jpg\",\"contentUrl\":\"https:\/\/baynana.es\/wp-content\/uploads\/2022\/01\/Rosa-Maria-Calaf-scaled-e1643026113512.jpg\",\"width\":750,\"height\":499,\"caption\":\"Rosa Mar\u00eda Calaf en el lV Congreso de Periodismo de Migraciones (M\u00e9rida). Mohammad Subat\"},{\"@type\":\"BreadcrumbList\",\"@id\":\"https:\/\/baynana.es\/es\/rosa-maria-calaf-se-invierte-mas-en-desinformar-que-en-informar\/#breadcrumb\",\"itemListElement\":[{\"@type\":\"ListItem\",\"position\":1,\"name\":\"Portada\",\"item\":\"https:\/\/baynana.es\/es\/\"},{\"@type\":\"ListItem\",\"position\":2,\"name\":\"Rosa Mar\u00eda Calaf: \u201cSe invierte m\u00e1s en desinformar que en informar\u201d\"}]},{\"@type\":\"WebSite\",\"@id\":\"https:\/\/baynana.es\/#website\",\"url\":\"https:\/\/baynana.es\/\",\"name\":\"Baynana \u0628\u064a\u0646\u0646\u0627\",\"description\":\"Baynana Revista \u0645\u062c\u0644\u0629 \u0628\u064a\u0646\u0646\u0627\",\"publisher\":{\"@id\":\"https:\/\/baynana.es\/#organization\"},\"potentialAction\":[{\"@type\":\"SearchAction\",\"target\":{\"@type\":\"EntryPoint\",\"urlTemplate\":\"https:\/\/baynana.es\/?s={search_term_string}\"},\"query-input\":{\"@type\":\"PropertyValueSpecification\",\"valueRequired\":true,\"valueName\":\"search_term_string\"}}],\"inLanguage\":\"es\"},{\"@type\":\"Organization\",\"@id\":\"https:\/\/baynana.es\/#organization\",\"name\":\"\u0628\u064a\u0646\u0646\u0627 Baynana\",\"url\":\"https:\/\/baynana.es\/\",\"logo\":{\"@type\":\"ImageObject\",\"inLanguage\":\"es\",\"@id\":\"https:\/\/baynana.es\/#\/schema\/logo\/image\/\",\"url\":\"https:\/\/baynana.es\/wp-content\/uploads\/2021\/03\/Artboard-1.png\",\"contentUrl\":\"https:\/\/baynana.es\/wp-content\/uploads\/2021\/03\/Artboard-1.png\",\"width\":315,\"height\":228,\"caption\":\"\u0628\u064a\u0646\u0646\u0627 Baynana\"},\"image\":{\"@id\":\"https:\/\/baynana.es\/#\/schema\/logo\/image\/\"},\"sameAs\":[\"https:\/\/www.facebook.com\/baynanaes\",\"https:\/\/x.com\/baynanaes\",\"https:\/\/www.instagram.com\/baynanaes\/\",\"https:\/\/www.linkedin.com\/in\/baynana-\u0628\u064a\u0646\u0646\u0627-887599211\/\",\"https:\/\/www.youtube.com\/channel\/UC3019bsq5wOpi61SOufKxPA\"]},{\"@type\":\"Person\",\"@id\":\"https:\/\/baynana.es\/#\/schema\/person\/d743d5ffbf13ef7c04034c063666fe95\",\"name\":\"baynana\",\"image\":{\"@type\":\"ImageObject\",\"inLanguage\":\"es\",\"@id\":\"https:\/\/baynana.es\/#\/schema\/person\/image\/2fdb3ad168978c52d9db4d0a4825fb0a\",\"url\":\"https:\/\/baynana.es\/wp-content\/uploads\/2022\/04\/baynana-A011-96x96.png\",\"contentUrl\":\"https:\/\/baynana.es\/wp-content\/uploads\/2022\/04\/baynana-A011-96x96.png\",\"caption\":\"baynana\"},\"description\":\"Baynana es un medio online biling\u00fce -en \u00e1rabe y espa\u00f1ol- que apuesta por el periodismo social y de servicio p\u00fablico. Nuestra revista aspira a ofrecer informaci\u00f3n de utilidad a la comunidad arab\u00f3fona en Espa\u00f1a y, al mismo tiempo, tender puentes entre las personas migrantes, refugiadas y espa\u00f1olas de origen extranjero, y el resto de la poblaci\u00f3n.\",\"sameAs\":[\"http:\/\/moussa\"],\"url\":\"https:\/\/baynana.es\/es\/author\/moussa\/\"}]}<\/script>\n<!-- \/ Yoast SEO plugin. -->","yoast_head_json":{"title":"Rosa Mar\u00eda Calaf: \u201cSe invierte m\u00e1s en desinformar que en informar\u201d","description":"Dec\u00eda el periodista polaco Ryszard Kapu\u015bci\u0144ski que \u201cpara ejercer el periodismo, ante todo, hay que ser buenos seres humanos\u201d.","robots":{"index":"index","follow":"follow","max-snippet":"max-snippet:-1","max-image-preview":"max-image-preview:large","max-video-preview":"max-video-preview:-1"},"canonical":"https:\/\/baynana.es\/es\/rosa-maria-calaf-se-invierte-mas-en-desinformar-que-en-informar\/","og_locale":"es_ES","og_type":"article","og_title":"Rosa Mar\u00eda Calaf: \u201cSe invierte m\u00e1s en desinformar que en informar\u201d","og_description":"Dec\u00eda el periodista polaco Ryszard Kapu\u015bci\u0144ski que \u201cpara ejercer el periodismo, ante todo, hay que ser buenos seres humanos\u201d.","og_url":"https:\/\/baynana.es\/es\/rosa-maria-calaf-se-invierte-mas-en-desinformar-que-en-informar\/","og_site_name":"Baynana \u0628\u064a\u0646\u0646\u0627","article_publisher":"https:\/\/www.facebook.com\/baynanaes","article_published_time":"2022-01-24T13:31:17+00:00","article_modified_time":"2022-03-03T09:24:50+00:00","og_image":[{"width":750,"height":499,"url":"https:\/\/baynana.es\/wp-content\/uploads\/2022\/01\/Rosa-Maria-Calaf-scaled-e1643026113512.jpg","type":"image\/jpeg"}],"author":"baynana","twitter_card":"summary_large_image","twitter_creator":"@baynanaes","twitter_site":"@baynanaes","twitter_misc":{"Escrito por":"baynana","Tiempo de lectura":"9 minutos"},"schema":{"@context":"https:\/\/schema.org","@graph":[{"@type":"Article","@id":"https:\/\/baynana.es\/es\/rosa-maria-calaf-se-invierte-mas-en-desinformar-que-en-informar\/#article","isPartOf":{"@id":"https:\/\/baynana.es\/es\/rosa-maria-calaf-se-invierte-mas-en-desinformar-que-en-informar\/"},"author":{"name":"baynana","@id":"https:\/\/baynana.es\/#\/schema\/person\/d743d5ffbf13ef7c04034c063666fe95"},"headline":"Rosa Mar\u00eda Calaf: \u201cSe invierte m\u00e1s en desinformar que en informar\u201d","datePublished":"2022-01-24T13:31:17+00:00","dateModified":"2022-03-03T09:24:50+00:00","mainEntityOfPage":{"@id":"https:\/\/baynana.es\/es\/rosa-maria-calaf-se-invierte-mas-en-desinformar-que-en-informar\/"},"wordCount":1910,"publisher":{"@id":"https:\/\/baynana.es\/#organization"},"image":{"@id":"https:\/\/baynana.es\/es\/rosa-maria-calaf-se-invierte-mas-en-desinformar-que-en-informar\/#primaryimage"},"thumbnailUrl":"https:\/\/baynana.es\/wp-content\/uploads\/2022\/01\/Rosa-Maria-Calaf-scaled-e1643026113512.jpg","keywords":["ESPA\u00d1A","migracion","migrantes","perodismo","REVISTA BAYNANA"],"articleSection":["ENTREVISTAS","INICIO","POL\u00cdTICA"],"inLanguage":"es"},{"@type":"WebPage","@id":"https:\/\/baynana.es\/es\/rosa-maria-calaf-se-invierte-mas-en-desinformar-que-en-informar\/","url":"https:\/\/baynana.es\/es\/rosa-maria-calaf-se-invierte-mas-en-desinformar-que-en-informar\/","name":"Rosa Mar\u00eda Calaf: \u201cSe invierte m\u00e1s en desinformar que en informar\u201d","isPartOf":{"@id":"https:\/\/baynana.es\/#website"},"primaryImageOfPage":{"@id":"https:\/\/baynana.es\/es\/rosa-maria-calaf-se-invierte-mas-en-desinformar-que-en-informar\/#primaryimage"},"image":{"@id":"https:\/\/baynana.es\/es\/rosa-maria-calaf-se-invierte-mas-en-desinformar-que-en-informar\/#primaryimage"},"thumbnailUrl":"https:\/\/baynana.es\/wp-content\/uploads\/2022\/01\/Rosa-Maria-Calaf-scaled-e1643026113512.jpg","datePublished":"2022-01-24T13:31:17+00:00","dateModified":"2022-03-03T09:24:50+00:00","description":"Dec\u00eda el periodista polaco Ryszard Kapu\u015bci\u0144ski que \u201cpara ejercer el periodismo, ante todo, hay que ser buenos seres humanos\u201d.","breadcrumb":{"@id":"https:\/\/baynana.es\/es\/rosa-maria-calaf-se-invierte-mas-en-desinformar-que-en-informar\/#breadcrumb"},"inLanguage":"es","potentialAction":[{"@type":"ReadAction","target":["https:\/\/baynana.es\/es\/rosa-maria-calaf-se-invierte-mas-en-desinformar-que-en-informar\/"]}]},{"@type":"ImageObject","inLanguage":"es","@id":"https:\/\/baynana.es\/es\/rosa-maria-calaf-se-invierte-mas-en-desinformar-que-en-informar\/#primaryimage","url":"https:\/\/baynana.es\/wp-content\/uploads\/2022\/01\/Rosa-Maria-Calaf-scaled-e1643026113512.jpg","contentUrl":"https:\/\/baynana.es\/wp-content\/uploads\/2022\/01\/Rosa-Maria-Calaf-scaled-e1643026113512.jpg","width":750,"height":499,"caption":"Rosa Mar\u00eda Calaf en el lV Congreso de Periodismo de Migraciones (M\u00e9rida). Mohammad Subat"},{"@type":"BreadcrumbList","@id":"https:\/\/baynana.es\/es\/rosa-maria-calaf-se-invierte-mas-en-desinformar-que-en-informar\/#breadcrumb","itemListElement":[{"@type":"ListItem","position":1,"name":"Portada","item":"https:\/\/baynana.es\/es\/"},{"@type":"ListItem","position":2,"name":"Rosa Mar\u00eda Calaf: \u201cSe invierte m\u00e1s en desinformar que en informar\u201d"}]},{"@type":"WebSite","@id":"https:\/\/baynana.es\/#website","url":"https:\/\/baynana.es\/","name":"Baynana \u0628\u064a\u0646\u0646\u0627","description":"Baynana Revista \u0645\u062c\u0644\u0629 \u0628\u064a\u0646\u0646\u0627","publisher":{"@id":"https:\/\/baynana.es\/#organization"},"potentialAction":[{"@type":"SearchAction","target":{"@type":"EntryPoint","urlTemplate":"https:\/\/baynana.es\/?s={search_term_string}"},"query-input":{"@type":"PropertyValueSpecification","valueRequired":true,"valueName":"search_term_string"}}],"inLanguage":"es"},{"@type":"Organization","@id":"https:\/\/baynana.es\/#organization","name":"\u0628\u064a\u0646\u0646\u0627 Baynana","url":"https:\/\/baynana.es\/","logo":{"@type":"ImageObject","inLanguage":"es","@id":"https:\/\/baynana.es\/#\/schema\/logo\/image\/","url":"https:\/\/baynana.es\/wp-content\/uploads\/2021\/03\/Artboard-1.png","contentUrl":"https:\/\/baynana.es\/wp-content\/uploads\/2021\/03\/Artboard-1.png","width":315,"height":228,"caption":"\u0628\u064a\u0646\u0646\u0627 Baynana"},"image":{"@id":"https:\/\/baynana.es\/#\/schema\/logo\/image\/"},"sameAs":["https:\/\/www.facebook.com\/baynanaes","https:\/\/x.com\/baynanaes","https:\/\/www.instagram.com\/baynanaes\/","https:\/\/www.linkedin.com\/in\/baynana-\u0628\u064a\u0646\u0646\u0627-887599211\/","https:\/\/www.youtube.com\/channel\/UC3019bsq5wOpi61SOufKxPA"]},{"@type":"Person","@id":"https:\/\/baynana.es\/#\/schema\/person\/d743d5ffbf13ef7c04034c063666fe95","name":"baynana","image":{"@type":"ImageObject","inLanguage":"es","@id":"https:\/\/baynana.es\/#\/schema\/person\/image\/2fdb3ad168978c52d9db4d0a4825fb0a","url":"https:\/\/baynana.es\/wp-content\/uploads\/2022\/04\/baynana-A011-96x96.png","contentUrl":"https:\/\/baynana.es\/wp-content\/uploads\/2022\/04\/baynana-A011-96x96.png","caption":"baynana"},"description":"Baynana es un medio online biling\u00fce -en \u00e1rabe y espa\u00f1ol- que apuesta por el periodismo social y de servicio p\u00fablico. Nuestra revista aspira a ofrecer informaci\u00f3n de utilidad a la comunidad arab\u00f3fona en Espa\u00f1a y, al mismo tiempo, tender puentes entre las personas migrantes, refugiadas y espa\u00f1olas de origen extranjero, y el resto de la poblaci\u00f3n.","sameAs":["http:\/\/moussa"],"url":"https:\/\/baynana.es\/es\/author\/moussa\/"}]}},"authors":[{"term_id":503,"user_id":2,"is_guest":0,"slug":"moussa","display_name":"baynana","avatar_url":"https:\/\/baynana.es\/wp-content\/uploads\/2022\/04\/baynana-A011-96x96.png","author_category":"","first_name":"Moussa","last_name":"Al jamaat","user_url":"http:\/\/moussa","job_title":"","description":"Baynana es un medio online biling\u00fce -en \u00e1rabe y espa\u00f1ol- que apuesta por el periodismo social y de servicio p\u00fablico. Nuestra revista aspira a ofrecer informaci\u00f3n de utilidad a la comunidad arab\u00f3fona en Espa\u00f1a y, al mismo tiempo, tender puentes entre las personas migrantes, refugiadas y espa\u00f1olas de origen extranjero, y el resto de la poblaci\u00f3n."}],"_links":{"self":[{"href":"https:\/\/baynana.es\/es\/wp-json\/wp\/v2\/posts\/4243","targetHints":{"allow":["GET"]}}],"collection":[{"href":"https:\/\/baynana.es\/es\/wp-json\/wp\/v2\/posts"}],"about":[{"href":"https:\/\/baynana.es\/es\/wp-json\/wp\/v2\/types\/post"}],"author":[{"embeddable":true,"href":"https:\/\/baynana.es\/es\/wp-json\/wp\/v2\/users\/2"}],"replies":[{"embeddable":true,"href":"https:\/\/baynana.es\/es\/wp-json\/wp\/v2\/comments?post=4243"}],"version-history":[{"count":1,"href":"https:\/\/baynana.es\/es\/wp-json\/wp\/v2\/posts\/4243\/revisions"}],"predecessor-version":[{"id":5018,"href":"https:\/\/baynana.es\/es\/wp-json\/wp\/v2\/posts\/4243\/revisions\/5018"}],"wp:featuredmedia":[{"embeddable":true,"href":"https:\/\/baynana.es\/es\/wp-json\/wp\/v2\/media\/4246"}],"wp:attachment":[{"href":"https:\/\/baynana.es\/es\/wp-json\/wp\/v2\/media?parent=4243"}],"wp:term":[{"taxonomy":"category","embeddable":true,"href":"https:\/\/baynana.es\/es\/wp-json\/wp\/v2\/categories?post=4243"},{"taxonomy":"post_tag","embeddable":true,"href":"https:\/\/baynana.es\/es\/wp-json\/wp\/v2\/tags?post=4243"},{"taxonomy":"author","embeddable":true,"href":"https:\/\/baynana.es\/es\/wp-json\/wp\/v2\/ppma_author?post=4243"}],"curies":[{"name":"wp","href":"https:\/\/api.w.org\/{rel}","templated":true}]}}