{"id":4270,"date":"2022-01-25T01:02:01","date_gmt":"2022-01-25T00:02:01","guid":{"rendered":"https:\/\/baynana.es\/?p=4270"},"modified":"2022-03-03T10:35:03","modified_gmt":"2022-03-03T09:35:03","slug":"la-nieve-aumenta-la-miseria-de-los-desplazados-en-el-norte-de-siria","status":"publish","type":"post","link":"https:\/\/baynana.es\/es\/la-nieve-aumenta-la-miseria-de-los-desplazados-en-el-norte-de-siria\/","title":{"rendered":"La nieve aumenta la miseria de los desplazados en el norte de Siria"},"content":{"rendered":"<div class=\"wp-block-post-date\"><time datetime=\"2022-01-25T01:02:01+01:00\">25 enero\u060c 2022<\/time><\/div>\n\n\n<p>Aunque la nieve puede ser un motivo de alegr\u00eda para muchos, la situaci\u00f3n en <a href=\"https:\/\/baynana.es\/es\/siria-no-es-un-pais-seguro\/\" target=\"_blank\" rel=\"noreferrer noopener\">Siria<\/a> es completamente diferente. All\u00ed, la fuerte nevada de estos \u00faltimos d\u00edas se ha convertido en una verdadera tragedia y sufrimiento para los residentes de los campamentos provisionales en la frontera turca. M\u00e1s de <a href=\"https:\/\/www.google.com\/amp\/s\/www.aljazeera.net\/amp\/news\/humanrights\/2022\/1\/21\/%25D9%2584%25D8%25AC%25D9%2586%25D8%25A9-%25D8%25A7%25D9%2584%25D8%25A5%25D9%2586%25D9%2582%25D8%25A7%25D8%25B0-%25D8%25A7%25D9%2584%25D8%25AF%25D9%2588%25D9%2584%25D9%258A%25D8%25A9-%25D8%25AA%25D8%25AD%25D8%25B0%25D8%25B1%25D8%25A2%25D9%2584%25D8%25A7%25D9%2581\" target=\"_blank\" rel=\"noreferrer noopener\">1,7 millones <\/a>de ellos viven en rudimentarios campamentos en ruinas o en edificios sin terminar. Una gran cantidad de viviendas temporales en estos campamentos no tienen techo, ni aislamiento. O han sido severamente da\u00f1adas debido a desastres naturales <a href=\"https:\/\/news.un.org\/es\/story\/2021\/12\/1501742\" target=\"_blank\" rel=\"noreferrer noopener\">como las lluvias<\/a> del 2021.<\/p>\n\n\n\n<blockquote class=\"twitter-tweet\"><p lang=\"en\" dir=\"ltr\">People in refugee camps suffer from the cold. Unheated tents do not provide any protection from the bitter cold and many shelters have already collapsed under the weight of blocks of ice. In addition,children are not wearing enough clothes to protect them from these temperatures <a href=\"https:\/\/t.co\/sJdOxQU9FW\">pic.twitter.com\/sJdOxQU9FW<\/a><\/p>\u2014 Adham &#8211; Haj Ahmed (@adham_syria1) <a href=\"https:\/\/twitter.com\/adham_syria1\/status\/1485000287144357893?ref_src=twsrc%5Etfw\">January 22, 2022<\/a><\/blockquote> <script async=\"\" src=\"https:\/\/platform.twitter.com\/widgets.js\" charset=\"utf-8\"><\/script>\n\n\n\n<p>Las tormentas de nieve comenzaron a azotar la regi\u00f3n norte de Siria el 18 de enero de 2022. All\u00ed se encuentran los campos de refugiados de las regiones de Idlib y Alepo. Esto caus\u00f3 graves da\u00f1os, que se reflejaron nada menos que en cuarenta y siete campamentos para desplazados sirios. Hasta ahora, se ha informado de la <a href=\"https:\/\/edition.cnn.com\/2022\/01\/19\/middleeast\/syria-children-middle-east-winter-storms-intl\/index.html?fbclid=IwAR1uNHZHZJD1O7t_C2YdMx3L9kJLBaZqosLLXnSZybatEXvr32qdWUfJcvM\" target=\"_blank\" rel=\"noreferrer noopener\">muerte de tres ni\u00f1os<\/a> y del aislamiento de las carreteras cortadas por la acumulaci\u00f3n de nieve. Las nevadas y las bajas temperaturas solo empeoran una tr\u00e1gica situaci\u00f3n cotidiana en estos primitivos campamentos. Los campamentos de desplazados han quedado cubiertos por grandes capas de nieve. Eso ha provocado la ca\u00edda de algunas tiendas de campa\u00f1a por el peso de la nieve. As\u00ed lo ha confirmado Omar Al-Hourani, corresponsal de Al-Jazeera, en una entrevista con la revista <em>Baynana<\/em>.<\/p>\n\n\n\n<blockquote class=\"twitter-tweet\"><p lang=\"en\" dir=\"ltr\">The death of a young girl from freezing in Zogara camp near Jarablus, northeast of Aleppo. <a href=\"https:\/\/t.co\/3w8LeawXCe\">pic.twitter.com\/3w8LeawXCe<\/a><\/p>\u2014 Adham &#8211; Haj Ahmed (@adham_syria1) <a href=\"https:\/\/twitter.com\/adham_syria1\/status\/1485225649715486722?ref_src=twsrc%5Etfw\">January 23, 2022<\/a><\/blockquote> <script async=\"\" src=\"https:\/\/platform.twitter.com\/widgets.js\" charset=\"utf-8\"><\/script>\n\n\n\n<p>Al-Hurani ha explicado que la tormenta de nieve que azota la regi\u00f3n es la primera de tal gravedad en las \u00faltimas 4 d\u00e9cadas. \u201cEstas tiendas de campa\u00f1a no son resistentes a tales condiciones clim\u00e1ticas\u201d. Ha confirmado que la mayor\u00eda de las tiendas de campa\u00f1a que ha visitado durante su rueda de prensa en el campo del norte de Alepo en Siria hab\u00edan sido destruidas por el temporal.<\/p>\n\n\n\n<p>Al-Hurani ha agregado: \u201cLa situaci\u00f3n humanitaria es catastr\u00f3fica, especialmente por la falta de calefacci\u00f3n y alimentos. Hay muchas personas atrapadas, las carreteras est\u00e1n cerradas debido a la acumulaci\u00f3n de nieve y los ni\u00f1os y los ancianos son el grupo m\u00e1s vulnerable\u00bb. La falta de recursos recrudece a\u00fan m\u00e1s la situaci\u00f3n. Las personas se ponen en peligro a cambio de un poco de calor: recurren a quemar restos de basura, bolsas y ropa a falta de otros medios m\u00e1s seguros.<\/p>\n\n\n\n<iframe loading=\"lazy\" src=\"https:\/\/www.facebook.com\/plugins\/video.php?height=476&#038;href=https%3A%2F%2Fwww.facebook.com%2Fomar.alhourani.756%2Fvideos%2F231001612562345%2F&#038;show_text=false&#038;width=261&#038;t=0\" width=\"261\" height=\"476\" style=\"border:none;overflow:hidden\" scrolling=\"no\" frameborder=\"0\" allowfullscreen=\"true\" allow=\"autoplay; clipboard-write; encrypted-media; picture-in-picture; web-share\" allowFullScreen=\"true\"><\/iframe>\n\n\n\n<p>El pron\u00f3stico indica que las temperaturas en estas \u00e1reas caer\u00e1n por debajo de -14\u00baC, la temperatura m\u00e1s baja en casi cuarenta a\u00f1os, <a href=\"https:\/\/www.care-international.org\/news\/press-releases\/winter-storms-in-syria-lebanon-and-jordan-care-warns-syrians-yet-again-at-great-risk\" target=\"_blank\" rel=\"noreferrer noopener\">seg\u00fan<\/a> la ONG CARE International. Al menos 362 tiendas de campa\u00f1a han acabado destruidas por el temporal en 31 lugares diferentes, dejando as\u00ed a m\u00e1s de dos mil personas al aire libre <a href=\"https:\/\/reliefweb.int\/report\/syrian-arab-republic\/heavy-snowfall-hits-northern-syria-s-displaced-communities-flash-update\" target=\"_blank\" rel=\"noreferrer noopener\">seg\u00fan<\/a> la Oficina de Coordinaci\u00f3n de Asuntos Humanitarios de las Naciones Unidas.<\/p>\n\n\n\n<p>El reportero dice que adem\u00e1s del severo da\u00f1o a los campamentos, muchas personas no han conseguido encontrar refugio despu\u00e9s de que sus tiendas hayan sido destruidas.&nbsp;<\/p>\n\n\n\n<p>Un estado de impotencia est\u00e1 afectando a los residentes del campamento dentro de Siria. Acompa\u00f1ado del miedo a que vuelvan a caer nevadas, ya que no pueden reconstruir sus tiendas sepultadas por la nieve. Si bien las agencias y organizaciones de ayuda humanitaria no pueden encontrar una alternativa efectiva, la situaci\u00f3n requiere una acci\u00f3n internacional para salvar a estas personas. Ofrecer alternativas y soluciones para poner fin a este sufrimiento.<\/p>\n\n\n\n<iframe loading=\"lazy\" src=\"https:\/\/www.facebook.com\/plugins\/post.php?href=https%3A%2F%2Fwww.facebook.com%2Fmolhamteam%2Fposts%2F6817735621635100&amp;show_text=true&amp;width=500\" width=\"500\" height=\"466\" style=\"border:none;overflow:hidden\" scrolling=\"no\" frameborder=\"0\" allowfullscreen=\"true\" allow=\"autoplay; clipboard-write; encrypted-media; picture-in-picture; web-share\"><\/iframe>\n\n\n\n<p><br>El trabajo de algunas organizaciones de ayuda humanitaria y trabajo en emergencias, a pesar de sus buenas intenciones, es muy limitado pues no cuentan con suficientes recursos. Hasta la fecha solo han conseguido abrir y limpiar los caminos, as\u00ed como proporcionar combustible y alimentos. Pueden ser suficientes para apenas una semana. Estas organizaciones est\u00e1n preocupadas por la posibilidad de inundaciones cuando la nieve comience a derretirse. En un intento por encontrar alternativas a las tiendas de campa\u00f1a, la Organizaci\u00f3n de <a href=\"https:\/\/molhamteam.com\/en\/until_last_tent\" target=\"_blank\" rel=\"noreferrer noopener\">Voluntarios de Mulham<\/a> ha lanzado una transmisi\u00f3n en vivo en sus redes. Para <a href=\"https:\/\/molhamteam.com\/en\/until_last_tent\" target=\"_blank\" rel=\"noreferrer noopener\">recoger donaciones<\/a> para los afectados y terminar con esta emergencia dentro de la ya crisis humanitaria.<\/p>\n\n\n\n<p><\/p>\n\n\n\n<p><\/p>\n\n\n\n<p><\/p>\n","protected":false},"excerpt":{"rendered":"<p>25 enero\u060c 2022 Aunque la nieve puede ser un motivo de alegr\u00eda para muchos, la situaci\u00f3n en Siria es completamente diferente. All\u00ed, la fuerte nevada de estos \u00faltimos d\u00edas se ha convertido en una verdadera tragedia y sufrimiento para los residentes de los campamentos provisionales en la frontera turca. M\u00e1s de 1,7 millones de ellos &hellip;<\/p>\n","protected":false},"author":7,"featured_media":4266,"comment_status":"closed","ping_status":"closed","sticky":false,"template":"","format":"standard","meta":{"inline_featured_image":false,"footnotes":""},"categories":[65,52],"tags":[],"ppma_author":[508],"class_list":["post-4270","post","type-post","status-publish","format-standard","has-post-thumbnail","hentry","category-derechos","category-reportajes"],"acf":[],"yoast_head":"<!-- This site is optimized with the Yoast SEO plugin v25.3.1 - https:\/\/yoast.com\/wordpress\/plugins\/seo\/ -->\n<title>La nieve aumenta la miseria de los desplazados en el norte de Siria<\/title>\n<meta name=\"description\" content=\"Una tormenta de nieve golpea los campos de desplazados dentro de Siria, dejando incomunicados a muchos de ellos.\" \/>\n<meta name=\"robots\" content=\"index, follow, max-snippet:-1, max-image-preview:large, max-video-preview:-1\" \/>\n<link rel=\"canonical\" href=\"https:\/\/baynana.es\/es\/la-nieve-aumenta-la-miseria-de-los-desplazados-en-el-norte-de-siria\/\" \/>\n<meta property=\"og:locale\" content=\"es_ES\" \/>\n<meta property=\"og:type\" content=\"article\" \/>\n<meta property=\"og:title\" content=\"La nieve aumenta la miseria de los desplazados en el norte de Siria\" \/>\n<meta property=\"og:description\" content=\"Una tormenta de nieve golpea los campos de desplazados dentro de Siria, dejando incomunicados a muchos de ellos.\" \/>\n<meta property=\"og:url\" content=\"https:\/\/baynana.es\/es\/la-nieve-aumenta-la-miseria-de-los-desplazados-en-el-norte-de-siria\/\" \/>\n<meta property=\"og:site_name\" content=\"Baynana \u0628\u064a\u0646\u0646\u0627\" \/>\n<meta property=\"article:publisher\" content=\"https:\/\/www.facebook.com\/baynanaes\" \/>\n<meta property=\"article:published_time\" content=\"2022-01-25T00:02:01+00:00\" \/>\n<meta property=\"article:modified_time\" content=\"2022-03-03T09:35:03+00:00\" \/>\n<meta property=\"og:image\" content=\"https:\/\/baynana.es\/wp-content\/uploads\/2022\/01\/WhatsApp-Image-2022-01-24-at-1.17.56-PM.jpeg\" \/>\n\t<meta property=\"og:image:width\" content=\"1024\" \/>\n\t<meta property=\"og:image:height\" content=\"768\" \/>\n\t<meta property=\"og:image:type\" content=\"image\/jpeg\" \/>\n<meta name=\"author\" content=\"Moussa Al Jamaat\" \/>\n<meta name=\"twitter:card\" content=\"summary_large_image\" \/>\n<meta name=\"twitter:creator\" content=\"@moussajamaat\" \/>\n<meta name=\"twitter:site\" content=\"@baynanaes\" \/>\n<meta name=\"twitter:label1\" content=\"Escrito por\" \/>\n\t<meta name=\"twitter:data1\" content=\"Moussa Al Jamaat\" \/>\n\t<meta name=\"twitter:label2\" content=\"Tiempo de lectura\" \/>\n\t<meta name=\"twitter:data2\" content=\"4 minutos\" \/>\n<script type=\"application\/ld+json\" class=\"yoast-schema-graph\">{\"@context\":\"https:\/\/schema.org\",\"@graph\":[{\"@type\":\"Article\",\"@id\":\"https:\/\/baynana.es\/es\/la-nieve-aumenta-la-miseria-de-los-desplazados-en-el-norte-de-siria\/#article\",\"isPartOf\":{\"@id\":\"https:\/\/baynana.es\/es\/la-nieve-aumenta-la-miseria-de-los-desplazados-en-el-norte-de-siria\/\"},\"author\":{\"name\":\"Moussa Al Jamaat\",\"@id\":\"https:\/\/baynana.es\/#\/schema\/person\/b025556a8b06dd3c230ee9117ca455ed\"},\"headline\":\"La nieve aumenta la miseria de los desplazados en el norte de Siria\",\"datePublished\":\"2022-01-25T00:02:01+00:00\",\"dateModified\":\"2022-03-03T09:35:03+00:00\",\"mainEntityOfPage\":{\"@id\":\"https:\/\/baynana.es\/es\/la-nieve-aumenta-la-miseria-de-los-desplazados-en-el-norte-de-siria\/\"},\"wordCount\":785,\"publisher\":{\"@id\":\"https:\/\/baynana.es\/#organization\"},\"image\":{\"@id\":\"https:\/\/baynana.es\/es\/la-nieve-aumenta-la-miseria-de-los-desplazados-en-el-norte-de-siria\/#primaryimage\"},\"thumbnailUrl\":\"https:\/\/baynana.es\/wp-content\/uploads\/2022\/01\/WhatsApp-Image-2022-01-24-at-1.17.56-PM.jpeg\",\"articleSection\":[\"DERECHOS\",\"REPORTAJES\"],\"inLanguage\":\"es\"},{\"@type\":\"WebPage\",\"@id\":\"https:\/\/baynana.es\/es\/la-nieve-aumenta-la-miseria-de-los-desplazados-en-el-norte-de-siria\/\",\"url\":\"https:\/\/baynana.es\/es\/la-nieve-aumenta-la-miseria-de-los-desplazados-en-el-norte-de-siria\/\",\"name\":\"La nieve aumenta la miseria de los desplazados en el norte de Siria\",\"isPartOf\":{\"@id\":\"https:\/\/baynana.es\/#website\"},\"primaryImageOfPage\":{\"@id\":\"https:\/\/baynana.es\/es\/la-nieve-aumenta-la-miseria-de-los-desplazados-en-el-norte-de-siria\/#primaryimage\"},\"image\":{\"@id\":\"https:\/\/baynana.es\/es\/la-nieve-aumenta-la-miseria-de-los-desplazados-en-el-norte-de-siria\/#primaryimage\"},\"thumbnailUrl\":\"https:\/\/baynana.es\/wp-content\/uploads\/2022\/01\/WhatsApp-Image-2022-01-24-at-1.17.56-PM.jpeg\",\"datePublished\":\"2022-01-25T00:02:01+00:00\",\"dateModified\":\"2022-03-03T09:35:03+00:00\",\"description\":\"Una tormenta de nieve golpea los campos de desplazados dentro de Siria, dejando incomunicados a muchos de ellos.\",\"breadcrumb\":{\"@id\":\"https:\/\/baynana.es\/es\/la-nieve-aumenta-la-miseria-de-los-desplazados-en-el-norte-de-siria\/#breadcrumb\"},\"inLanguage\":\"es\",\"potentialAction\":[{\"@type\":\"ReadAction\",\"target\":[\"https:\/\/baynana.es\/es\/la-nieve-aumenta-la-miseria-de-los-desplazados-en-el-norte-de-siria\/\"]}]},{\"@type\":\"ImageObject\",\"inLanguage\":\"es\",\"@id\":\"https:\/\/baynana.es\/es\/la-nieve-aumenta-la-miseria-de-los-desplazados-en-el-norte-de-siria\/#primaryimage\",\"url\":\"https:\/\/baynana.es\/wp-content\/uploads\/2022\/01\/WhatsApp-Image-2022-01-24-at-1.17.56-PM.jpeg\",\"contentUrl\":\"https:\/\/baynana.es\/wp-content\/uploads\/2022\/01\/WhatsApp-Image-2022-01-24-at-1.17.56-PM.jpeg\",\"width\":1024,\"height\":768,\"caption\":\"Una tienda se derrumb\u00f3 debido a la nieve en el norte de Siria.Omar Al-Horani\"},{\"@type\":\"BreadcrumbList\",\"@id\":\"https:\/\/baynana.es\/es\/la-nieve-aumenta-la-miseria-de-los-desplazados-en-el-norte-de-siria\/#breadcrumb\",\"itemListElement\":[{\"@type\":\"ListItem\",\"position\":1,\"name\":\"Portada\",\"item\":\"https:\/\/baynana.es\/es\/\"},{\"@type\":\"ListItem\",\"position\":2,\"name\":\"La nieve aumenta la miseria de los desplazados en el norte de Siria\"}]},{\"@type\":\"WebSite\",\"@id\":\"https:\/\/baynana.es\/#website\",\"url\":\"https:\/\/baynana.es\/\",\"name\":\"Baynana \u0628\u064a\u0646\u0646\u0627\",\"description\":\"Baynana Revista \u0645\u062c\u0644\u0629 \u0628\u064a\u0646\u0646\u0627\",\"publisher\":{\"@id\":\"https:\/\/baynana.es\/#organization\"},\"potentialAction\":[{\"@type\":\"SearchAction\",\"target\":{\"@type\":\"EntryPoint\",\"urlTemplate\":\"https:\/\/baynana.es\/?s={search_term_string}\"},\"query-input\":{\"@type\":\"PropertyValueSpecification\",\"valueRequired\":true,\"valueName\":\"search_term_string\"}}],\"inLanguage\":\"es\"},{\"@type\":\"Organization\",\"@id\":\"https:\/\/baynana.es\/#organization\",\"name\":\"\u0628\u064a\u0646\u0646\u0627 Baynana\",\"url\":\"https:\/\/baynana.es\/\",\"logo\":{\"@type\":\"ImageObject\",\"inLanguage\":\"es\",\"@id\":\"https:\/\/baynana.es\/#\/schema\/logo\/image\/\",\"url\":\"https:\/\/baynana.es\/wp-content\/uploads\/2021\/03\/Artboard-1.png\",\"contentUrl\":\"https:\/\/baynana.es\/wp-content\/uploads\/2021\/03\/Artboard-1.png\",\"width\":315,\"height\":228,\"caption\":\"\u0628\u064a\u0646\u0646\u0627 Baynana\"},\"image\":{\"@id\":\"https:\/\/baynana.es\/#\/schema\/logo\/image\/\"},\"sameAs\":[\"https:\/\/www.facebook.com\/baynanaes\",\"https:\/\/x.com\/baynanaes\",\"https:\/\/www.instagram.com\/baynanaes\/\",\"https:\/\/www.linkedin.com\/in\/baynana-\u0628\u064a\u0646\u0646\u0627-887599211\/\",\"https:\/\/www.youtube.com\/channel\/UC3019bsq5wOpi61SOufKxPA\"]},{\"@type\":\"Person\",\"@id\":\"https:\/\/baynana.es\/#\/schema\/person\/b025556a8b06dd3c230ee9117ca455ed\",\"name\":\"Moussa Al Jamaat\",\"image\":{\"@type\":\"ImageObject\",\"inLanguage\":\"es\",\"@id\":\"https:\/\/baynana.es\/#\/schema\/person\/image\/571a1e3457b90164719fbb2b7cfdaf2c\",\"url\":\"https:\/\/baynana.es\/wp-content\/uploads\/2021\/11\/MOSA-96x96.png\",\"contentUrl\":\"https:\/\/baynana.es\/wp-content\/uploads\/2021\/11\/MOSA-96x96.png\",\"caption\":\"Moussa Al Jamaat\"},\"description\":\"Periodista sirio residente en Madrid desde 2019. Empez\u00f3 a estudiar Inform\u00e1tica en la Universidad de Damasco (campus de Daraa), pero abandon\u00f3 sus estudios por la erupci\u00f3n del conflicto en Siria. Entre 2011 y 2019 trabaj\u00f3 como reportero y fot\u00f3grafo para agencias de noticias locales. Ahora trabaja como reportero, fot\u00f3grafo y se encarga de la web de Baynana. \u0643\u0627\u0646\u0628\/ \u0645\u0635\u0648\u0631 \/\u0645\u0635\u0645\u0645 \u0635\u062d\u0641\u064a \u0633\u0648\u0631\u064a \u0645\u0642\u064a\u0645 \u0641\u064a \u0645\u062f\u0631\u064a\u062f \u0645\u0646\u0630 \u0639\u0627\u0645 2019. \u0628\u062f\u0623 \u062f\u0631\u0627\u0633\u0629 \u0639\u0644\u0648\u0645 \u0627\u0644\u0643\u0645\u0628\u064a\u0648\u062a\u0631 \u0641\u064a \u062c\u0627\u0645\u0639\u0629 \u062f\u0645\u0634\u0642 (\u0641\u0631\u0639 \u062f\u0631\u0639\u0627) \u060c \u0644\u0643\u0646\u0647 \u062a\u062e\u0644\u0649 \u0639\u0646 \u062f\u0631\u0627\u0633\u062a\u0647 \u0628\u0633\u0628\u0628 \u0627\u0646\u062f\u0644\u0627\u0639 \u0627\u0644\u0635\u0631\u0627\u0639 \u0641\u064a \u0633\u0648\u0631\u064a\u0627. \u0628\u064a\u0646 \u0639\u0627\u0645\u064a 2011 \u0648 2019 \u0639\u0645\u0644 \u0643\u0645\u0631\u0627\u0633\u0644 \u0648\u0645\u0635\u0648\u0631 \u0644\u0648\u0643\u0627\u0644\u0627\u062a \u0627\u0644\u0623\u0646\u0628\u0627\u0621 \u0627\u0644\u0645\u062d\u0644\u064a\u0629. \u064a\u0639\u0645\u0644 \u0627\u0644\u0622\u0646 \u0643\u0645\u0631\u0627\u0633\u0644 \u0648\u0645\u0635\u0648\u0631 \u0648\u0645\u0635\u0645\u0645 \u0648\u064a\u062f\u064a\u0631 \u0645\u0648\u0642\u0639 \u0645\u062c\u0644\u0629 \u0628\u064a\u0646\u0646\u0627 \u0627\u0644\u0625\u0644\u0643\u062a\u0631\u0648\u0646\u064a.\",\"sameAs\":[\"https:\/\/x.com\/@moussajamaat\"],\"url\":\"https:\/\/baynana.es\/es\/author\/mousa\/\"}]}<\/script>\n<!-- \/ Yoast SEO plugin. -->","yoast_head_json":{"title":"La nieve aumenta la miseria de los desplazados en el norte de Siria","description":"Una tormenta de nieve golpea los campos de desplazados dentro de Siria, dejando incomunicados a muchos de ellos.","robots":{"index":"index","follow":"follow","max-snippet":"max-snippet:-1","max-image-preview":"max-image-preview:large","max-video-preview":"max-video-preview:-1"},"canonical":"https:\/\/baynana.es\/es\/la-nieve-aumenta-la-miseria-de-los-desplazados-en-el-norte-de-siria\/","og_locale":"es_ES","og_type":"article","og_title":"La nieve aumenta la miseria de los desplazados en el norte de Siria","og_description":"Una tormenta de nieve golpea los campos de desplazados dentro de Siria, dejando incomunicados a muchos de ellos.","og_url":"https:\/\/baynana.es\/es\/la-nieve-aumenta-la-miseria-de-los-desplazados-en-el-norte-de-siria\/","og_site_name":"Baynana \u0628\u064a\u0646\u0646\u0627","article_publisher":"https:\/\/www.facebook.com\/baynanaes","article_published_time":"2022-01-25T00:02:01+00:00","article_modified_time":"2022-03-03T09:35:03+00:00","og_image":[{"width":1024,"height":768,"url":"https:\/\/baynana.es\/wp-content\/uploads\/2022\/01\/WhatsApp-Image-2022-01-24-at-1.17.56-PM.jpeg","type":"image\/jpeg"}],"author":"Moussa Al Jamaat","twitter_card":"summary_large_image","twitter_creator":"@moussajamaat","twitter_site":"@baynanaes","twitter_misc":{"Escrito por":"Moussa Al Jamaat","Tiempo de lectura":"4 minutos"},"schema":{"@context":"https:\/\/schema.org","@graph":[{"@type":"Article","@id":"https:\/\/baynana.es\/es\/la-nieve-aumenta-la-miseria-de-los-desplazados-en-el-norte-de-siria\/#article","isPartOf":{"@id":"https:\/\/baynana.es\/es\/la-nieve-aumenta-la-miseria-de-los-desplazados-en-el-norte-de-siria\/"},"author":{"name":"Moussa Al Jamaat","@id":"https:\/\/baynana.es\/#\/schema\/person\/b025556a8b06dd3c230ee9117ca455ed"},"headline":"La nieve aumenta la miseria de los desplazados en el norte de Siria","datePublished":"2022-01-25T00:02:01+00:00","dateModified":"2022-03-03T09:35:03+00:00","mainEntityOfPage":{"@id":"https:\/\/baynana.es\/es\/la-nieve-aumenta-la-miseria-de-los-desplazados-en-el-norte-de-siria\/"},"wordCount":785,"publisher":{"@id":"https:\/\/baynana.es\/#organization"},"image":{"@id":"https:\/\/baynana.es\/es\/la-nieve-aumenta-la-miseria-de-los-desplazados-en-el-norte-de-siria\/#primaryimage"},"thumbnailUrl":"https:\/\/baynana.es\/wp-content\/uploads\/2022\/01\/WhatsApp-Image-2022-01-24-at-1.17.56-PM.jpeg","articleSection":["DERECHOS","REPORTAJES"],"inLanguage":"es"},{"@type":"WebPage","@id":"https:\/\/baynana.es\/es\/la-nieve-aumenta-la-miseria-de-los-desplazados-en-el-norte-de-siria\/","url":"https:\/\/baynana.es\/es\/la-nieve-aumenta-la-miseria-de-los-desplazados-en-el-norte-de-siria\/","name":"La nieve aumenta la miseria de los desplazados en el norte de Siria","isPartOf":{"@id":"https:\/\/baynana.es\/#website"},"primaryImageOfPage":{"@id":"https:\/\/baynana.es\/es\/la-nieve-aumenta-la-miseria-de-los-desplazados-en-el-norte-de-siria\/#primaryimage"},"image":{"@id":"https:\/\/baynana.es\/es\/la-nieve-aumenta-la-miseria-de-los-desplazados-en-el-norte-de-siria\/#primaryimage"},"thumbnailUrl":"https:\/\/baynana.es\/wp-content\/uploads\/2022\/01\/WhatsApp-Image-2022-01-24-at-1.17.56-PM.jpeg","datePublished":"2022-01-25T00:02:01+00:00","dateModified":"2022-03-03T09:35:03+00:00","description":"Una tormenta de nieve golpea los campos de desplazados dentro de Siria, dejando incomunicados a muchos de ellos.","breadcrumb":{"@id":"https:\/\/baynana.es\/es\/la-nieve-aumenta-la-miseria-de-los-desplazados-en-el-norte-de-siria\/#breadcrumb"},"inLanguage":"es","potentialAction":[{"@type":"ReadAction","target":["https:\/\/baynana.es\/es\/la-nieve-aumenta-la-miseria-de-los-desplazados-en-el-norte-de-siria\/"]}]},{"@type":"ImageObject","inLanguage":"es","@id":"https:\/\/baynana.es\/es\/la-nieve-aumenta-la-miseria-de-los-desplazados-en-el-norte-de-siria\/#primaryimage","url":"https:\/\/baynana.es\/wp-content\/uploads\/2022\/01\/WhatsApp-Image-2022-01-24-at-1.17.56-PM.jpeg","contentUrl":"https:\/\/baynana.es\/wp-content\/uploads\/2022\/01\/WhatsApp-Image-2022-01-24-at-1.17.56-PM.jpeg","width":1024,"height":768,"caption":"Una tienda se derrumb\u00f3 debido a la nieve en el norte de Siria.Omar Al-Horani"},{"@type":"BreadcrumbList","@id":"https:\/\/baynana.es\/es\/la-nieve-aumenta-la-miseria-de-los-desplazados-en-el-norte-de-siria\/#breadcrumb","itemListElement":[{"@type":"ListItem","position":1,"name":"Portada","item":"https:\/\/baynana.es\/es\/"},{"@type":"ListItem","position":2,"name":"La nieve aumenta la miseria de los desplazados en el norte de Siria"}]},{"@type":"WebSite","@id":"https:\/\/baynana.es\/#website","url":"https:\/\/baynana.es\/","name":"Baynana \u0628\u064a\u0646\u0646\u0627","description":"Baynana Revista \u0645\u062c\u0644\u0629 \u0628\u064a\u0646\u0646\u0627","publisher":{"@id":"https:\/\/baynana.es\/#organization"},"potentialAction":[{"@type":"SearchAction","target":{"@type":"EntryPoint","urlTemplate":"https:\/\/baynana.es\/?s={search_term_string}"},"query-input":{"@type":"PropertyValueSpecification","valueRequired":true,"valueName":"search_term_string"}}],"inLanguage":"es"},{"@type":"Organization","@id":"https:\/\/baynana.es\/#organization","name":"\u0628\u064a\u0646\u0646\u0627 Baynana","url":"https:\/\/baynana.es\/","logo":{"@type":"ImageObject","inLanguage":"es","@id":"https:\/\/baynana.es\/#\/schema\/logo\/image\/","url":"https:\/\/baynana.es\/wp-content\/uploads\/2021\/03\/Artboard-1.png","contentUrl":"https:\/\/baynana.es\/wp-content\/uploads\/2021\/03\/Artboard-1.png","width":315,"height":228,"caption":"\u0628\u064a\u0646\u0646\u0627 Baynana"},"image":{"@id":"https:\/\/baynana.es\/#\/schema\/logo\/image\/"},"sameAs":["https:\/\/www.facebook.com\/baynanaes","https:\/\/x.com\/baynanaes","https:\/\/www.instagram.com\/baynanaes\/","https:\/\/www.linkedin.com\/in\/baynana-\u0628\u064a\u0646\u0646\u0627-887599211\/","https:\/\/www.youtube.com\/channel\/UC3019bsq5wOpi61SOufKxPA"]},{"@type":"Person","@id":"https:\/\/baynana.es\/#\/schema\/person\/b025556a8b06dd3c230ee9117ca455ed","name":"Moussa Al Jamaat","image":{"@type":"ImageObject","inLanguage":"es","@id":"https:\/\/baynana.es\/#\/schema\/person\/image\/571a1e3457b90164719fbb2b7cfdaf2c","url":"https:\/\/baynana.es\/wp-content\/uploads\/2021\/11\/MOSA-96x96.png","contentUrl":"https:\/\/baynana.es\/wp-content\/uploads\/2021\/11\/MOSA-96x96.png","caption":"Moussa Al Jamaat"},"description":"Periodista sirio residente en Madrid desde 2019. Empez\u00f3 a estudiar Inform\u00e1tica en la Universidad de Damasco (campus de Daraa), pero abandon\u00f3 sus estudios por la erupci\u00f3n del conflicto en Siria. Entre 2011 y 2019 trabaj\u00f3 como reportero y fot\u00f3grafo para agencias de noticias locales. Ahora trabaja como reportero, fot\u00f3grafo y se encarga de la web de Baynana. \u0643\u0627\u0646\u0628\/ \u0645\u0635\u0648\u0631 \/\u0645\u0635\u0645\u0645 \u0635\u062d\u0641\u064a \u0633\u0648\u0631\u064a \u0645\u0642\u064a\u0645 \u0641\u064a \u0645\u062f\u0631\u064a\u062f \u0645\u0646\u0630 \u0639\u0627\u0645 2019. \u0628\u062f\u0623 \u062f\u0631\u0627\u0633\u0629 \u0639\u0644\u0648\u0645 \u0627\u0644\u0643\u0645\u0628\u064a\u0648\u062a\u0631 \u0641\u064a \u062c\u0627\u0645\u0639\u0629 \u062f\u0645\u0634\u0642 (\u0641\u0631\u0639 \u062f\u0631\u0639\u0627) \u060c \u0644\u0643\u0646\u0647 \u062a\u062e\u0644\u0649 \u0639\u0646 \u062f\u0631\u0627\u0633\u062a\u0647 \u0628\u0633\u0628\u0628 \u0627\u0646\u062f\u0644\u0627\u0639 \u0627\u0644\u0635\u0631\u0627\u0639 \u0641\u064a \u0633\u0648\u0631\u064a\u0627. \u0628\u064a\u0646 \u0639\u0627\u0645\u064a 2011 \u0648 2019 \u0639\u0645\u0644 \u0643\u0645\u0631\u0627\u0633\u0644 \u0648\u0645\u0635\u0648\u0631 \u0644\u0648\u0643\u0627\u0644\u0627\u062a \u0627\u0644\u0623\u0646\u0628\u0627\u0621 \u0627\u0644\u0645\u062d\u0644\u064a\u0629. \u064a\u0639\u0645\u0644 \u0627\u0644\u0622\u0646 \u0643\u0645\u0631\u0627\u0633\u0644 \u0648\u0645\u0635\u0648\u0631 \u0648\u0645\u0635\u0645\u0645 \u0648\u064a\u062f\u064a\u0631 \u0645\u0648\u0642\u0639 \u0645\u062c\u0644\u0629 \u0628\u064a\u0646\u0646\u0627 \u0627\u0644\u0625\u0644\u0643\u062a\u0631\u0648\u0646\u064a.","sameAs":["https:\/\/x.com\/@moussajamaat"],"url":"https:\/\/baynana.es\/es\/author\/mousa\/"}]}},"authors":[{"term_id":508,"user_id":7,"is_guest":0,"slug":"mousa","display_name":"Moussa Al Jamaat","avatar_url":"https:\/\/baynana.es\/wp-content\/uploads\/2021\/11\/MOSA-96x96.png","author_category":"","first_name":"Moussa","last_name":"Al Jamaat","user_url":"","job_title":"","description":"Periodista sirio residente en Madrid desde 2019. Empez\u00f3 a estudiar Inform\u00e1tica en la Universidad de Damasco (campus de Daraa), pero abandon\u00f3 sus estudios por la erupci\u00f3n del conflicto en Siria. Entre 2011 y 2019 trabaj\u00f3 como reportero y fot\u00f3grafo para agencias de noticias locales. Ahora trabaja como reportero, fot\u00f3grafo y se encarga de la web de Baynana.\r\n\u0643\u0627\u0646\u0628\/ \u0645\u0635\u0648\u0631 \/\u0645\u0635\u0645\u0645 \r\n\u0635\u062d\u0641\u064a \u0633\u0648\u0631\u064a \u0645\u0642\u064a\u0645 \u0641\u064a \u0645\u062f\u0631\u064a\u062f \u0645\u0646\u0630 \u0639\u0627\u0645 2019. \u0628\u062f\u0623 \u062f\u0631\u0627\u0633\u0629 \u0639\u0644\u0648\u0645 \u0627\u0644\u0643\u0645\u0628\u064a\u0648\u062a\u0631 \u0641\u064a \u062c\u0627\u0645\u0639\u0629 \u062f\u0645\u0634\u0642 (\u0641\u0631\u0639 \u062f\u0631\u0639\u0627) \u060c \u0644\u0643\u0646\u0647 \u062a\u062e\u0644\u0649 \u0639\u0646 \u062f\u0631\u0627\u0633\u062a\u0647 \u0628\u0633\u0628\u0628 \u0627\u0646\u062f\u0644\u0627\u0639 \u0627\u0644\u0635\u0631\u0627\u0639 \u0641\u064a \u0633\u0648\u0631\u064a\u0627. \u0628\u064a\u0646 \u0639\u0627\u0645\u064a 2011 \u0648 2019 \u0639\u0645\u0644 \u0643\u0645\u0631\u0627\u0633\u0644 \u0648\u0645\u0635\u0648\u0631 \u0644\u0648\u0643\u0627\u0644\u0627\u062a \u0627\u0644\u0623\u0646\u0628\u0627\u0621 \u0627\u0644\u0645\u062d\u0644\u064a\u0629. \u064a\u0639\u0645\u0644 \u0627\u0644\u0622\u0646 \u0643\u0645\u0631\u0627\u0633\u0644 \u0648\u0645\u0635\u0648\u0631 \u0648\u0645\u0635\u0645\u0645 \u0648\u064a\u062f\u064a\u0631 \u0645\u0648\u0642\u0639 \u0645\u062c\u0644\u0629 \u0628\u064a\u0646\u0646\u0627 \u0627\u0644\u0625\u0644\u0643\u062a\u0631\u0648\u0646\u064a."}],"_links":{"self":[{"href":"https:\/\/baynana.es\/es\/wp-json\/wp\/v2\/posts\/4270","targetHints":{"allow":["GET"]}}],"collection":[{"href":"https:\/\/baynana.es\/es\/wp-json\/wp\/v2\/posts"}],"about":[{"href":"https:\/\/baynana.es\/es\/wp-json\/wp\/v2\/types\/post"}],"author":[{"embeddable":true,"href":"https:\/\/baynana.es\/es\/wp-json\/wp\/v2\/users\/7"}],"replies":[{"embeddable":true,"href":"https:\/\/baynana.es\/es\/wp-json\/wp\/v2\/comments?post=4270"}],"version-history":[{"count":1,"href":"https:\/\/baynana.es\/es\/wp-json\/wp\/v2\/posts\/4270\/revisions"}],"predecessor-version":[{"id":5020,"href":"https:\/\/baynana.es\/es\/wp-json\/wp\/v2\/posts\/4270\/revisions\/5020"}],"wp:featuredmedia":[{"embeddable":true,"href":"https:\/\/baynana.es\/es\/wp-json\/wp\/v2\/media\/4266"}],"wp:attachment":[{"href":"https:\/\/baynana.es\/es\/wp-json\/wp\/v2\/media?parent=4270"}],"wp:term":[{"taxonomy":"category","embeddable":true,"href":"https:\/\/baynana.es\/es\/wp-json\/wp\/v2\/categories?post=4270"},{"taxonomy":"post_tag","embeddable":true,"href":"https:\/\/baynana.es\/es\/wp-json\/wp\/v2\/tags?post=4270"},{"taxonomy":"author","embeddable":true,"href":"https:\/\/baynana.es\/es\/wp-json\/wp\/v2\/ppma_author?post=4270"}],"curies":[{"name":"wp","href":"https:\/\/api.w.org\/{rel}","templated":true}]}}