{"id":4825,"date":"2022-02-16T10:27:37","date_gmt":"2022-02-16T09:27:37","guid":{"rendered":"https:\/\/baynana.es\/?p=4825"},"modified":"2022-03-03T11:17:30","modified_gmt":"2022-03-03T10:17:30","slug":"samir-faranji-youtuber-contra-los-prejuicios-hacia-los-jovenes-migrantes","status":"publish","type":"post","link":"https:\/\/baynana.es\/es\/samir-faranji-youtuber-contra-los-prejuicios-hacia-los-jovenes-migrantes\/","title":{"rendered":"Un \u2018youtuber\u2019 contra los prejuicios hacia los j\u00f3venes migrantes"},"content":{"rendered":"<div class=\"wp-block-post-date\"><time datetime=\"2022-02-16T10:27:37+01:00\">16 febrero\u060c 2022<\/time><\/div>\n\n\n<div class=\"wp-block-columns is-layout-flex wp-container-core-columns-is-layout-9d6595d7 wp-block-columns-is-layout-flex\">\n<div class=\"wp-block-column is-layout-flow wp-block-column-is-layout-flow\">\n<p class=\"has-background\" style=\"background-color:#bdbf88\"><em>Samir Faranji, de 20 a\u00f1os, ten\u00eda 17 cuando sali\u00f3 de su pa\u00eds Marruecos hacia Espa\u00f1a. Lleg\u00f3 en patera, en un viaje muy dif\u00edcil en el que asegura que sufri\u00f3 mucho. Desde entonces aprendi\u00f3 espa\u00f1ol r\u00e1pidamente y se benefici\u00f3 de todos los recursos y cursos de formaci\u00f3n disponibles. Hoy en d\u00eda se ha convertido en un miembro activo de la comunidad de migrantes y tiene un contrato de trabajo. Adem\u00e1s, es influencer en las redes sociales, y lleva un canal de YouTube que acerca las culturas espa\u00f1ola y \u00e1rabe.<\/em><\/p>\n<\/div>\n\n\n\n<div class=\"wp-block-column is-layout-flow wp-block-column-is-layout-flow\">\n<p style=\"font-size:18px\">\u201cEmpec\u00e9 de cero en Espa\u00f1a y ahora estoy trabajando y consiguiendo muchas cosas con las que so\u00f1\u00e9 cuando estaba en Marruecos\u201d. Estas son las primeras palabras que eligi\u00f3 el joven marroqu\u00ed Samir Faranji, de 20 a\u00f1os, para iniciar su conversaci\u00f3n con Baynana. El joven lleg\u00f3 a Espa\u00f1a el 18 de agosto de 2018, cuando era menor de edad. Ese a\u00f1o llegaron a Espa\u00f1a m\u00e1s de 6.000 menores migrantes no acompa\u00f1ados. Un 150% m\u00e1s que el a\u00f1o anterior <a href=\"http:\/\/unicef.es\/noticia\/ninos-migrantes-no-acompanados-espana-debe-tomar-medidas-para-garantizar-los-derechos-de-estos-ninos-en-la\" target=\"_blank\" rel=\"noreferrer noopener\">seg\u00fan UNICEF<\/a>.<\/p>\n<\/div>\n<\/div>\n\n\n\n<p><\/p>\n\n\n\n<p>El joven proviene del peque\u00f1o pueblo de Ichiwen. Ese nombre, una palabra de Amazigh, significa \u201cgemelos\u201d. Para su gente representa la uni\u00f3n y hermandad entre ellos. Como todos los j\u00f3venes de su pueblo, \u00e9l ten\u00eda la intenci\u00f3n de terminar sus estudios y conseguir un trabajo en su tierra natal. En la adolescencia cambi\u00f3 el plan: vio que muchos j\u00f3venes a su alrededor no lograban encontrar trabajo ni oportunidades de futuro. Su selecci\u00f3n se bas\u00f3 en la experiencia, en lo que se denomina &#8216;wasta&#8217;. Por ello, decidi\u00f3 emigrar a Espa\u00f1a, la m\u00e1s cercana a su pa\u00eds, Marruecos. Para buscar un futuro que no encontr\u00f3 en su tierra natal.<\/p>\n\n\n\n<p style=\"font-size:17px\"><strong><span style=\"color:#ec4e35\" class=\"has-inline-color\"><strong>\u2018\u00a1Vete, espero que todo vaya bien!\u2019<\/strong><\/span><\/strong><\/p>\n\n\n\n<p>No ser\u00eda f\u00e1cil para una familia arrojar a su hijo al mar, de no ser por la losa de la pobreza y la falta de futuro. Es el caso de Samir. Al ser el m\u00e1s peque\u00f1o de su familia era el favorito de todos, por lo que esta decisi\u00f3n fue rechazada categ\u00f3ricamente por su familia en un principio. Sin embargo, tras un a\u00f1o de insistir, su madre le dijo un d\u00eda: \u00abNo voy a impedir que te vayas ahora para que no vengas despu\u00e9s y nos culpes por impedirte conseguir tu futuro. \u00a1Vete! Espero que todo salga bien y hagas lo que quieras, \u00a1vete!\u201d.<\/p>\n\n\n\n<p>Era una barca de madera hecha por otros j\u00f3venes que se dedican a la pesca y tambi\u00e9n quieren emigrar. \u00abNo particip\u00e9 en su elaboraci\u00f3n porque era joven, pero pagu\u00e9 lo que deb\u00eda con el dinero que me dieron mis hermanos que trabajan principalmente fuera del pa\u00eds\u00bb, explica.<\/p>\n\n\n\n<p>Samir recuerda con precisi\u00f3n las fechas y momentos mezclados entre la alegr\u00eda y la tristeza, pues era el segundo d\u00eda de la fiesta de Eid al-Adha. La alegr\u00eda del gran Eid se transform\u00f3 en una gran tristeza con la noticia de que todo estaba listo para partir y cruzar el mar, porque las olas estaban en calma. \u00c9l dice: \u00abTrajimos algo de comida y agua para no morirnos de hambre y sed. Me desped\u00ed de mi familia con l\u00e1grimas y me fui\u00bb.<\/p>\n\n\n\n<p style=\"font-size:17px\"><strong><span style=\"color:#ec4e35\" class=\"has-inline-color\"><strong>Inicio del viaje<\/strong><\/span><\/strong><\/p>\n\n\n\n<p>Los inmigrantes tienen <a href=\"https:\/\/baynana.es\/es\/llegar-a-la-peninsula-un-sueno-peligroso\/\" target=\"_blank\" rel=\"noreferrer noopener\">miedo<\/a> de ser detenidos por la polic\u00eda marroqu\u00ed al comienzo del viaje. Tambi\u00e9n, temen que la polic\u00eda espa\u00f1ola los trate mal o los golpee despu\u00e9s de que finalmente escapen del mar. Mientras sentimientos y pensamientos se mezclan en medio del mar, el agua te envuelve por todos lados, y todo se desconoce y no se sabe que puede pasar en esos momentos. A pesar de todo esto, la idea de sobrevivir y hacer realidad el sue\u00f1o de llegar a Espa\u00f1a suele ser superior. \u201cEn ese momento yo estaba en medio del mar, anhelando desesperadamente llegar a este pa\u00eds, y no me importaba si me iba a morir en el mar. Estaba todo oscuro en la noche\u201d, agrega Samir.<\/p>\n\n\n\n<p>Tras 21 horas en medio del mar, Samir y sus acompa\u00f1antes vieron la playa. La alegr\u00eda dur\u00f3 poco: tras bajar a la arena, la mayor\u00eda fueron detenidos por la Guardia Civil, mientras que otros huyeron por no ser menores y con el temor de ser devueltos a Marruecos. Samir explica: \u00abNo sab\u00eda ninguna palabra en espa\u00f1ol, pero estaban muy enfadados, gritando, y eso me asust\u00f3 mucho\u00bb. Tras pasar por una estaci\u00f3n de polic\u00eda, y despu\u00e9s de una investigaci\u00f3n y verificaci\u00f3n, Samir fue trasladado a uno de los centros de menores de Granada.<\/p>\n\n\n\n<p>Durante la conversaci\u00f3n, sus ojos reflejan cierta tristeza que trata de disimular con su sonrisa, sobre todo cuando habla de los primeros d\u00edas y noches en el centro de menores. El centro estaba en las monta\u00f1as, lejos de la ciudad. La comida all\u00ed era fr\u00eda y no demasiado buena; la ropa, inadecuada. El lugar carec\u00eda de calefacci\u00f3n. El centro de menores all\u00ed no era apto para ni\u00f1os, seg\u00fan Samir, que permaneci\u00f3 all\u00ed s\u00f3lo tres d\u00edas, hasta que decidi\u00f3 escaparse. Durmi\u00f3 en la calle los primeros d\u00edas. Despu\u00e9s se puso rumbo a Madrid, donde \u00e9l y sus compa\u00f1eros no conoc\u00edan a nadie.<\/p>\n\n\n\n<p style=\"font-size:17px\"><strong><span style=\"color:#ec4e35\" class=\"has-inline-color\"><strong>La carrera contrarreloj ante la escasez de recursos<\/strong><\/span><\/strong><\/p>\n\n\n\n<p>Los menores de los centros que los albergan deben trabajar duro para no quedarse en la calle cuando cumplen los 18 a\u00f1os. Eso es exactamente lo que hizo Samir: tras aprender espa\u00f1ol, comenz\u00f3 a recibir formaci\u00f3n profesional, participando en un curso de peluquer\u00eda en la ma\u00f1ana y de camarero por la noche. \u201cNo ten\u00eda mucho tiempo, solo siete meses. En estos pocos meses tuve que conseguir muchas cosas para no estar en la calle cuando cumpliera 18 a\u00f1os\u201d, dice.<\/p>\n\n\n\n<p>En efecto, tras cumplir los 18 a\u00f1os, Samir consigui\u00f3 completar su formaci\u00f3n profesional, y una vivienda compartida con j\u00f3venes de su misma edad, con la ayuda de los empleados de Cesal, la organizaci\u00f3n que se encarg\u00f3 de ayudarle a su llegada a Madrid. Finalmente logr\u00f3 una oportunidad laboral en un restaurante de Madrid. Hoy agradece al personal de esa organizaci\u00f3n que a d\u00eda de hoy le siguen ayudando a pesar de que dej\u00f3 el centro de menores hace a\u00f1os.<\/p>\n\n\n\n<p style=\"font-size:17px\"><strong><span style=\"color:#ec4e35\" class=\"has-inline-color\"><strong>Influencia en redes sociales<\/strong><\/span><\/strong><\/p>\n\n\n\n<p>Los v\u00eddeos de entrevistas con personas en la calle generalmente son bien recibidos por la generaci\u00f3n m\u00e1s joven. Pueden ser un espacio de debate, di\u00e1logo y sensibilizaci\u00f3n sobre diversos temas. Esto llam\u00f3 la atenci\u00f3n del joven Samir, a quien siempre le encant\u00f3 aprender a hacer v\u00eddeos y publicarlos en las redes sociales. Por eso decidi\u00f3 crear <a href=\"https:\/\/www.youtube.com\/channel\/UCBj2p5DrIeYhwi0jz-PV08A\/videos\" target=\"_blank\" rel=\"noreferrer noopener\">un canal de YouTube<\/a> en el que comparte v\u00eddeos sobre su vida en Espa\u00f1a y sobre cosas de la cultura \u00e1rabe y espa\u00f1ola.<\/p>\n\n\n\n<figure class=\"wp-block-image size-large\"><img loading=\"lazy\" decoding=\"async\" width=\"1024\" height=\"681\" src=\"https:\/\/baynana.es\/wp-content\/uploads\/2022\/02\/DSC_0795-1024x681.jpg\" alt=\"\u0633\u0645\u064a\u0631 \u0641\u0631\u0646\u062c\u064a\" class=\"wp-image-4812\"\/><figcaption>El Youtuber marroqu\u00ed Samir Faranji en la Puerta del Sol. Mohammed Subbat. <\/figcaption><\/figure>\n\n\n\n<p>El joven usa YouTube, Instagram y Facebook como plataformas donde habla desde las calles de Madrid, y se muestra sorprendido por la gran cantidad de interacci\u00f3n. Pero no se lo toma como un trabajo o una forma de ganar dinero, sino de hacer activismo. \u201cTengo metas m\u00e1s grandes que las que me esfuerzo por lograr a nivel personal\u201d, explica el joven, \u201cy no lo hago por dinero, sino en mi tiempo libre. Me gusta salir y disfrutar grabando para tener esta conexi\u00f3n con la gente. Estoy recibiendo muchos comentarios positivos y eso me anima a hacer m\u00e1s v\u00eddeos\u00bb.\u00a0<\/p>\n\n\n\n<p>Sus publicaciones recibieron mucha aceptaci\u00f3n. Eso contribuy\u00f3 a que definiera mejor su objetivo, lo anim\u00f3 a romper la barrera de la timidez, pararse frente a la c\u00e1mara y hablar bien tanto en \u00e1rabe como en espa\u00f1ol.<\/p>\n\n\n\n<p style=\"font-size:17px\"><strong><span style=\"color:#ec4e35\" class=\"has-inline-color\"><strong>Todo lo que quisiste preguntarme<\/strong><\/span><\/strong><\/p>\n\n\n\n<p>De la mano de Cesal, Samir ha lanzado un proyecto llamado \u00ab<a href=\"https:\/\/www.cesal.org\/juventud\/samir\" target=\"_blank\" rel=\"noreferrer noopener\">Todo lo que quisiste preguntarme<\/a>\u00ab.\u00a0\u201cHace unos a\u00f1os cada vez hay m\u00e1s noticias sobre los j\u00f3venes inmigrantes. Han surgido muchas preguntas sobre la inmigraci\u00f3n. Pero, \u00bfQu\u00e9 pasa con nosotros, los j\u00f3venes, cuando ya estamos aqu\u00ed?\u201d, dice Samir en uno de los v\u00eddeos, en el que habla de su experiencia como menor y joven en Espa\u00f1a, y charla con otras personas. El objetivo general de esta serie es responder a las preguntas m\u00e1s frecuentes sobre inmigraci\u00f3n y en particular sobre los colectivos de los menores y ex-tutelados, as\u00ed como los procedentes de Oriente Medio y Norte de \u00c1frica. De ese modo, Samir contribuye a romper con los prejuicios sobre los inmigrantes menores de edad reconociendo sus caminos de integraci\u00f3n, las dificultades a las que se enfrentan y el discurso de odio contra ellos.\u00a0<\/p>\n","protected":false},"excerpt":{"rendered":"<p>16 febrero\u060c 2022 Samir Faranji, de 20 a\u00f1os, ten\u00eda 17 cuando sali\u00f3 de su pa\u00eds Marruecos hacia Espa\u00f1a. Lleg\u00f3 en patera, en un viaje muy dif\u00edcil en el que asegura que sufri\u00f3 mucho. Desde entonces aprendi\u00f3 espa\u00f1ol r\u00e1pidamente y se benefici\u00f3 de todos los recursos y cursos de formaci\u00f3n disponibles. Hoy en d\u00eda se ha &hellip;<\/p>\n","protected":false},"author":3,"featured_media":4826,"comment_status":"closed","ping_status":"closed","sticky":false,"template":"","format":"standard","meta":{"inline_featured_image":false,"footnotes":""},"categories":[67],"tags":[],"ppma_author":[505],"class_list":["post-4825","post","type-post","status-publish","format-standard","has-post-thumbnail","hentry","category-nuestras-historias"],"acf":[],"yoast_head":"<!-- This site is optimized with the Yoast SEO plugin v25.3.1 - https:\/\/yoast.com\/wordpress\/plugins\/seo\/ -->\n<title>Un \u2018youtuber\u2019 contra los prejuicios hacia los j\u00f3venes migrantes<\/title>\n<meta name=\"description\" content=\"Faranji viaj\u00f3 de Marruecos a Espa\u00f1a en un peque\u00f1o barco pesquero. Hoy, se ha convertido en un miembro activo de la comunidad de migrantes.\" \/>\n<meta name=\"robots\" content=\"index, follow, max-snippet:-1, max-image-preview:large, max-video-preview:-1\" \/>\n<link rel=\"canonical\" href=\"https:\/\/baynana.es\/es\/samir-faranji-youtuber-contra-los-prejuicios-hacia-los-jovenes-migrantes\/\" \/>\n<meta property=\"og:locale\" content=\"es_ES\" \/>\n<meta property=\"og:type\" content=\"article\" \/>\n<meta property=\"og:title\" content=\"Un \u2018youtuber\u2019 contra los prejuicios hacia los j\u00f3venes migrantes\" \/>\n<meta property=\"og:description\" content=\"Faranji viaj\u00f3 de Marruecos a Espa\u00f1a en un peque\u00f1o barco pesquero. Hoy, se ha convertido en un miembro activo de la comunidad de migrantes.\" \/>\n<meta property=\"og:url\" content=\"https:\/\/baynana.es\/es\/samir-faranji-youtuber-contra-los-prejuicios-hacia-los-jovenes-migrantes\/\" \/>\n<meta property=\"og:site_name\" content=\"Baynana \u0628\u064a\u0646\u0646\u0627\" \/>\n<meta property=\"article:publisher\" content=\"https:\/\/www.facebook.com\/baynanaes\" \/>\n<meta property=\"article:author\" content=\"https:\/\/www.facebook.com\/ayham.greeb\" \/>\n<meta property=\"article:published_time\" content=\"2022-02-16T09:27:37+00:00\" \/>\n<meta property=\"article:modified_time\" content=\"2022-03-03T10:17:30+00:00\" \/>\n<meta property=\"og:image\" content=\"https:\/\/baynana.es\/wp-content\/uploads\/2022\/02\/DSC_0767-scaled-e1646302063459.jpg\" \/>\n\t<meta property=\"og:image:width\" content=\"700\" \/>\n\t<meta property=\"og:image:height\" content=\"466\" \/>\n\t<meta property=\"og:image:type\" content=\"image\/jpeg\" \/>\n<meta name=\"author\" content=\"Ayham Al Sati\" \/>\n<meta name=\"twitter:card\" content=\"summary_large_image\" \/>\n<meta name=\"twitter:creator\" content=\"@https:\/\/twitter.com\/ayham_greeb\" \/>\n<meta name=\"twitter:site\" content=\"@baynanaes\" \/>\n<meta name=\"twitter:label1\" content=\"Escrito por\" \/>\n\t<meta name=\"twitter:data1\" content=\"Ayham Al Sati\" \/>\n\t<meta name=\"twitter:label2\" content=\"Tiempo de lectura\" \/>\n\t<meta name=\"twitter:data2\" content=\"7 minutos\" \/>\n<script type=\"application\/ld+json\" class=\"yoast-schema-graph\">{\"@context\":\"https:\/\/schema.org\",\"@graph\":[{\"@type\":\"Article\",\"@id\":\"https:\/\/baynana.es\/es\/samir-faranji-youtuber-contra-los-prejuicios-hacia-los-jovenes-migrantes\/#article\",\"isPartOf\":{\"@id\":\"https:\/\/baynana.es\/es\/samir-faranji-youtuber-contra-los-prejuicios-hacia-los-jovenes-migrantes\/\"},\"author\":{\"name\":\"Ayham Al Sati\",\"@id\":\"https:\/\/baynana.es\/#\/schema\/person\/6fedc1eac5fcc0abafdb25a881f2a92e\"},\"headline\":\"Un \u2018youtuber\u2019 contra los prejuicios hacia los j\u00f3venes migrantes\",\"datePublished\":\"2022-02-16T09:27:37+00:00\",\"dateModified\":\"2022-03-03T10:17:30+00:00\",\"mainEntityOfPage\":{\"@id\":\"https:\/\/baynana.es\/es\/samir-faranji-youtuber-contra-los-prejuicios-hacia-los-jovenes-migrantes\/\"},\"wordCount\":1497,\"publisher\":{\"@id\":\"https:\/\/baynana.es\/#organization\"},\"image\":{\"@id\":\"https:\/\/baynana.es\/es\/samir-faranji-youtuber-contra-los-prejuicios-hacia-los-jovenes-migrantes\/#primaryimage\"},\"thumbnailUrl\":\"https:\/\/baynana.es\/wp-content\/uploads\/2022\/02\/DSC_0767-scaled-e1646302063459.jpg\",\"articleSection\":[\"NUESTRAS HISTORIAS\"],\"inLanguage\":\"es\"},{\"@type\":\"WebPage\",\"@id\":\"https:\/\/baynana.es\/es\/samir-faranji-youtuber-contra-los-prejuicios-hacia-los-jovenes-migrantes\/\",\"url\":\"https:\/\/baynana.es\/es\/samir-faranji-youtuber-contra-los-prejuicios-hacia-los-jovenes-migrantes\/\",\"name\":\"Un \u2018youtuber\u2019 contra los prejuicios hacia los j\u00f3venes migrantes\",\"isPartOf\":{\"@id\":\"https:\/\/baynana.es\/#website\"},\"primaryImageOfPage\":{\"@id\":\"https:\/\/baynana.es\/es\/samir-faranji-youtuber-contra-los-prejuicios-hacia-los-jovenes-migrantes\/#primaryimage\"},\"image\":{\"@id\":\"https:\/\/baynana.es\/es\/samir-faranji-youtuber-contra-los-prejuicios-hacia-los-jovenes-migrantes\/#primaryimage\"},\"thumbnailUrl\":\"https:\/\/baynana.es\/wp-content\/uploads\/2022\/02\/DSC_0767-scaled-e1646302063459.jpg\",\"datePublished\":\"2022-02-16T09:27:37+00:00\",\"dateModified\":\"2022-03-03T10:17:30+00:00\",\"description\":\"Faranji viaj\u00f3 de Marruecos a Espa\u00f1a en un peque\u00f1o barco pesquero. Hoy, se ha convertido en un miembro activo de la comunidad de migrantes.\",\"breadcrumb\":{\"@id\":\"https:\/\/baynana.es\/es\/samir-faranji-youtuber-contra-los-prejuicios-hacia-los-jovenes-migrantes\/#breadcrumb\"},\"inLanguage\":\"es\",\"potentialAction\":[{\"@type\":\"ReadAction\",\"target\":[\"https:\/\/baynana.es\/es\/samir-faranji-youtuber-contra-los-prejuicios-hacia-los-jovenes-migrantes\/\"]}]},{\"@type\":\"ImageObject\",\"inLanguage\":\"es\",\"@id\":\"https:\/\/baynana.es\/es\/samir-faranji-youtuber-contra-los-prejuicios-hacia-los-jovenes-migrantes\/#primaryimage\",\"url\":\"https:\/\/baynana.es\/wp-content\/uploads\/2022\/02\/DSC_0767-scaled-e1646302063459.jpg\",\"contentUrl\":\"https:\/\/baynana.es\/wp-content\/uploads\/2022\/02\/DSC_0767-scaled-e1646302063459.jpg\",\"width\":700,\"height\":466,\"caption\":\"El youtuber \\\"Samir Faranji\\\". Mohammad Shubat\"},{\"@type\":\"BreadcrumbList\",\"@id\":\"https:\/\/baynana.es\/es\/samir-faranji-youtuber-contra-los-prejuicios-hacia-los-jovenes-migrantes\/#breadcrumb\",\"itemListElement\":[{\"@type\":\"ListItem\",\"position\":1,\"name\":\"Portada\",\"item\":\"https:\/\/baynana.es\/es\/\"},{\"@type\":\"ListItem\",\"position\":2,\"name\":\"Un \u2018youtuber\u2019 contra los prejuicios hacia los j\u00f3venes migrantes\"}]},{\"@type\":\"WebSite\",\"@id\":\"https:\/\/baynana.es\/#website\",\"url\":\"https:\/\/baynana.es\/\",\"name\":\"Baynana \u0628\u064a\u0646\u0646\u0627\",\"description\":\"Baynana Revista \u0645\u062c\u0644\u0629 \u0628\u064a\u0646\u0646\u0627\",\"publisher\":{\"@id\":\"https:\/\/baynana.es\/#organization\"},\"potentialAction\":[{\"@type\":\"SearchAction\",\"target\":{\"@type\":\"EntryPoint\",\"urlTemplate\":\"https:\/\/baynana.es\/?s={search_term_string}\"},\"query-input\":{\"@type\":\"PropertyValueSpecification\",\"valueRequired\":true,\"valueName\":\"search_term_string\"}}],\"inLanguage\":\"es\"},{\"@type\":\"Organization\",\"@id\":\"https:\/\/baynana.es\/#organization\",\"name\":\"\u0628\u064a\u0646\u0646\u0627 Baynana\",\"url\":\"https:\/\/baynana.es\/\",\"logo\":{\"@type\":\"ImageObject\",\"inLanguage\":\"es\",\"@id\":\"https:\/\/baynana.es\/#\/schema\/logo\/image\/\",\"url\":\"https:\/\/baynana.es\/wp-content\/uploads\/2021\/03\/Artboard-1.png\",\"contentUrl\":\"https:\/\/baynana.es\/wp-content\/uploads\/2021\/03\/Artboard-1.png\",\"width\":315,\"height\":228,\"caption\":\"\u0628\u064a\u0646\u0646\u0627 Baynana\"},\"image\":{\"@id\":\"https:\/\/baynana.es\/#\/schema\/logo\/image\/\"},\"sameAs\":[\"https:\/\/www.facebook.com\/baynanaes\",\"https:\/\/x.com\/baynanaes\",\"https:\/\/www.instagram.com\/baynanaes\/\",\"https:\/\/www.linkedin.com\/in\/baynana-\u0628\u064a\u0646\u0646\u0627-887599211\/\",\"https:\/\/www.youtube.com\/channel\/UC3019bsq5wOpi61SOufKxPA\"]},{\"@type\":\"Person\",\"@id\":\"https:\/\/baynana.es\/#\/schema\/person\/6fedc1eac5fcc0abafdb25a881f2a92e\",\"name\":\"Ayham Al Sati\",\"image\":{\"@type\":\"ImageObject\",\"inLanguage\":\"es\",\"@id\":\"https:\/\/baynana.es\/#\/schema\/person\/image\/86e6e0fe2166e9f2ea79af43e73d6904\",\"url\":\"https:\/\/baynana.es\/wp-content\/uploads\/2021\/01\/ayhamm-96x96.jpg\",\"contentUrl\":\"https:\/\/baynana.es\/wp-content\/uploads\/2021\/01\/ayhamm-96x96.jpg\",\"caption\":\"Ayham Al Sati\"},\"description\":\"\u0635\u062d\u0641\u064a \u0633\u0648\u0631\u064a\u060c \u064a\u0639\u064a\u0634 \u0641\u064a \u0645\u062f\u0631\u064a\u062f \u0645\u0646\u0630 \u0639\u0627\u0645 2019. \u0645\u0624\u0633\u0633 \u0648\u0645\u062d\u0631\u0631 \u0641\u064a \u0645\u062c\u0644\u0629 \u0628\u064a\u0646\u0646\u0627\u060c \u0645\u062a\u062e\u0635\u0635 \u0641\u064a \u0627\u0644\u0623\u062f\u0628 \u0627\u0644\u0639\u0631\u0628\u064a \u0645\u0646 \u062c\u0627\u0645\u0639\u0629 \u062f\u0645\u0634\u0642\u060c \u0648\u0639\u0645\u0644 \u0643\u0635\u062d\u0641\u064a \u062e\u0644\u0627\u0644 \u0627\u0644\u062d\u0631\u0628 \u0641\u064a \u0633\u0648\u0631\u064a\u0627 \u0645\u0646\u0630 \u0627\u0644\u0639\u0627\u0645 2011. Es un periodista sirio.\u00a0Vive en Madrid desde el a\u00f1o 2019.\u00a0Cofundador y editor en la revista de Baynana.es. Es especialista en Literatura \u00c1rabe por la Universidad de Damasco y trabaj\u00f3 como periodista durante la guerra en Siria desde el a\u00f1o 2011.\u00a0\",\"sameAs\":[\"https:\/\/www.facebook.com\/ayham.greeb\",\"https:\/\/www.instagram.com\/ayham_al_sati\/\",\"https:\/\/x.com\/https:\/\/twitter.com\/ayham_greeb\",\"ayham\"],\"url\":\"https:\/\/baynana.es\/es\/author\/ayham\/\"}]}<\/script>\n<!-- \/ Yoast SEO plugin. -->","yoast_head_json":{"title":"Un \u2018youtuber\u2019 contra los prejuicios hacia los j\u00f3venes migrantes","description":"Faranji viaj\u00f3 de Marruecos a Espa\u00f1a en un peque\u00f1o barco pesquero. Hoy, se ha convertido en un miembro activo de la comunidad de migrantes.","robots":{"index":"index","follow":"follow","max-snippet":"max-snippet:-1","max-image-preview":"max-image-preview:large","max-video-preview":"max-video-preview:-1"},"canonical":"https:\/\/baynana.es\/es\/samir-faranji-youtuber-contra-los-prejuicios-hacia-los-jovenes-migrantes\/","og_locale":"es_ES","og_type":"article","og_title":"Un \u2018youtuber\u2019 contra los prejuicios hacia los j\u00f3venes migrantes","og_description":"Faranji viaj\u00f3 de Marruecos a Espa\u00f1a en un peque\u00f1o barco pesquero. Hoy, se ha convertido en un miembro activo de la comunidad de migrantes.","og_url":"https:\/\/baynana.es\/es\/samir-faranji-youtuber-contra-los-prejuicios-hacia-los-jovenes-migrantes\/","og_site_name":"Baynana \u0628\u064a\u0646\u0646\u0627","article_publisher":"https:\/\/www.facebook.com\/baynanaes","article_author":"https:\/\/www.facebook.com\/ayham.greeb","article_published_time":"2022-02-16T09:27:37+00:00","article_modified_time":"2022-03-03T10:17:30+00:00","og_image":[{"width":700,"height":466,"url":"https:\/\/baynana.es\/wp-content\/uploads\/2022\/02\/DSC_0767-scaled-e1646302063459.jpg","type":"image\/jpeg"}],"author":"Ayham Al Sati","twitter_card":"summary_large_image","twitter_creator":"@https:\/\/twitter.com\/ayham_greeb","twitter_site":"@baynanaes","twitter_misc":{"Escrito por":"Ayham Al Sati","Tiempo de lectura":"7 minutos"},"schema":{"@context":"https:\/\/schema.org","@graph":[{"@type":"Article","@id":"https:\/\/baynana.es\/es\/samir-faranji-youtuber-contra-los-prejuicios-hacia-los-jovenes-migrantes\/#article","isPartOf":{"@id":"https:\/\/baynana.es\/es\/samir-faranji-youtuber-contra-los-prejuicios-hacia-los-jovenes-migrantes\/"},"author":{"name":"Ayham Al Sati","@id":"https:\/\/baynana.es\/#\/schema\/person\/6fedc1eac5fcc0abafdb25a881f2a92e"},"headline":"Un \u2018youtuber\u2019 contra los prejuicios hacia los j\u00f3venes migrantes","datePublished":"2022-02-16T09:27:37+00:00","dateModified":"2022-03-03T10:17:30+00:00","mainEntityOfPage":{"@id":"https:\/\/baynana.es\/es\/samir-faranji-youtuber-contra-los-prejuicios-hacia-los-jovenes-migrantes\/"},"wordCount":1497,"publisher":{"@id":"https:\/\/baynana.es\/#organization"},"image":{"@id":"https:\/\/baynana.es\/es\/samir-faranji-youtuber-contra-los-prejuicios-hacia-los-jovenes-migrantes\/#primaryimage"},"thumbnailUrl":"https:\/\/baynana.es\/wp-content\/uploads\/2022\/02\/DSC_0767-scaled-e1646302063459.jpg","articleSection":["NUESTRAS HISTORIAS"],"inLanguage":"es"},{"@type":"WebPage","@id":"https:\/\/baynana.es\/es\/samir-faranji-youtuber-contra-los-prejuicios-hacia-los-jovenes-migrantes\/","url":"https:\/\/baynana.es\/es\/samir-faranji-youtuber-contra-los-prejuicios-hacia-los-jovenes-migrantes\/","name":"Un \u2018youtuber\u2019 contra los prejuicios hacia los j\u00f3venes migrantes","isPartOf":{"@id":"https:\/\/baynana.es\/#website"},"primaryImageOfPage":{"@id":"https:\/\/baynana.es\/es\/samir-faranji-youtuber-contra-los-prejuicios-hacia-los-jovenes-migrantes\/#primaryimage"},"image":{"@id":"https:\/\/baynana.es\/es\/samir-faranji-youtuber-contra-los-prejuicios-hacia-los-jovenes-migrantes\/#primaryimage"},"thumbnailUrl":"https:\/\/baynana.es\/wp-content\/uploads\/2022\/02\/DSC_0767-scaled-e1646302063459.jpg","datePublished":"2022-02-16T09:27:37+00:00","dateModified":"2022-03-03T10:17:30+00:00","description":"Faranji viaj\u00f3 de Marruecos a Espa\u00f1a en un peque\u00f1o barco pesquero. Hoy, se ha convertido en un miembro activo de la comunidad de migrantes.","breadcrumb":{"@id":"https:\/\/baynana.es\/es\/samir-faranji-youtuber-contra-los-prejuicios-hacia-los-jovenes-migrantes\/#breadcrumb"},"inLanguage":"es","potentialAction":[{"@type":"ReadAction","target":["https:\/\/baynana.es\/es\/samir-faranji-youtuber-contra-los-prejuicios-hacia-los-jovenes-migrantes\/"]}]},{"@type":"ImageObject","inLanguage":"es","@id":"https:\/\/baynana.es\/es\/samir-faranji-youtuber-contra-los-prejuicios-hacia-los-jovenes-migrantes\/#primaryimage","url":"https:\/\/baynana.es\/wp-content\/uploads\/2022\/02\/DSC_0767-scaled-e1646302063459.jpg","contentUrl":"https:\/\/baynana.es\/wp-content\/uploads\/2022\/02\/DSC_0767-scaled-e1646302063459.jpg","width":700,"height":466,"caption":"El youtuber \"Samir Faranji\". Mohammad Shubat"},{"@type":"BreadcrumbList","@id":"https:\/\/baynana.es\/es\/samir-faranji-youtuber-contra-los-prejuicios-hacia-los-jovenes-migrantes\/#breadcrumb","itemListElement":[{"@type":"ListItem","position":1,"name":"Portada","item":"https:\/\/baynana.es\/es\/"},{"@type":"ListItem","position":2,"name":"Un \u2018youtuber\u2019 contra los prejuicios hacia los j\u00f3venes migrantes"}]},{"@type":"WebSite","@id":"https:\/\/baynana.es\/#website","url":"https:\/\/baynana.es\/","name":"Baynana \u0628\u064a\u0646\u0646\u0627","description":"Baynana Revista \u0645\u062c\u0644\u0629 \u0628\u064a\u0646\u0646\u0627","publisher":{"@id":"https:\/\/baynana.es\/#organization"},"potentialAction":[{"@type":"SearchAction","target":{"@type":"EntryPoint","urlTemplate":"https:\/\/baynana.es\/?s={search_term_string}"},"query-input":{"@type":"PropertyValueSpecification","valueRequired":true,"valueName":"search_term_string"}}],"inLanguage":"es"},{"@type":"Organization","@id":"https:\/\/baynana.es\/#organization","name":"\u0628\u064a\u0646\u0646\u0627 Baynana","url":"https:\/\/baynana.es\/","logo":{"@type":"ImageObject","inLanguage":"es","@id":"https:\/\/baynana.es\/#\/schema\/logo\/image\/","url":"https:\/\/baynana.es\/wp-content\/uploads\/2021\/03\/Artboard-1.png","contentUrl":"https:\/\/baynana.es\/wp-content\/uploads\/2021\/03\/Artboard-1.png","width":315,"height":228,"caption":"\u0628\u064a\u0646\u0646\u0627 Baynana"},"image":{"@id":"https:\/\/baynana.es\/#\/schema\/logo\/image\/"},"sameAs":["https:\/\/www.facebook.com\/baynanaes","https:\/\/x.com\/baynanaes","https:\/\/www.instagram.com\/baynanaes\/","https:\/\/www.linkedin.com\/in\/baynana-\u0628\u064a\u0646\u0646\u0627-887599211\/","https:\/\/www.youtube.com\/channel\/UC3019bsq5wOpi61SOufKxPA"]},{"@type":"Person","@id":"https:\/\/baynana.es\/#\/schema\/person\/6fedc1eac5fcc0abafdb25a881f2a92e","name":"Ayham Al Sati","image":{"@type":"ImageObject","inLanguage":"es","@id":"https:\/\/baynana.es\/#\/schema\/person\/image\/86e6e0fe2166e9f2ea79af43e73d6904","url":"https:\/\/baynana.es\/wp-content\/uploads\/2021\/01\/ayhamm-96x96.jpg","contentUrl":"https:\/\/baynana.es\/wp-content\/uploads\/2021\/01\/ayhamm-96x96.jpg","caption":"Ayham Al Sati"},"description":"\u0635\u062d\u0641\u064a \u0633\u0648\u0631\u064a\u060c \u064a\u0639\u064a\u0634 \u0641\u064a \u0645\u062f\u0631\u064a\u062f \u0645\u0646\u0630 \u0639\u0627\u0645 2019. \u0645\u0624\u0633\u0633 \u0648\u0645\u062d\u0631\u0631 \u0641\u064a \u0645\u062c\u0644\u0629 \u0628\u064a\u0646\u0646\u0627\u060c \u0645\u062a\u062e\u0635\u0635 \u0641\u064a \u0627\u0644\u0623\u062f\u0628 \u0627\u0644\u0639\u0631\u0628\u064a \u0645\u0646 \u062c\u0627\u0645\u0639\u0629 \u062f\u0645\u0634\u0642\u060c \u0648\u0639\u0645\u0644 \u0643\u0635\u062d\u0641\u064a \u062e\u0644\u0627\u0644 \u0627\u0644\u062d\u0631\u0628 \u0641\u064a \u0633\u0648\u0631\u064a\u0627 \u0645\u0646\u0630 \u0627\u0644\u0639\u0627\u0645 2011. Es un periodista sirio.\u00a0Vive en Madrid desde el a\u00f1o 2019.\u00a0Cofundador y editor en la revista de Baynana.es. Es especialista en Literatura \u00c1rabe por la Universidad de Damasco y trabaj\u00f3 como periodista durante la guerra en Siria desde el a\u00f1o 2011.\u00a0","sameAs":["https:\/\/www.facebook.com\/ayham.greeb","https:\/\/www.instagram.com\/ayham_al_sati\/","https:\/\/x.com\/https:\/\/twitter.com\/ayham_greeb","ayham"],"url":"https:\/\/baynana.es\/es\/author\/ayham\/"}]}},"authors":[{"term_id":505,"user_id":3,"is_guest":0,"slug":"ayham","display_name":"Ayham Al Sati","avatar_url":"https:\/\/baynana.es\/wp-content\/uploads\/2021\/01\/ayhamm-96x96.jpg","author_category":"","first_name":"Ayham","last_name":"Al Sati","user_url":"","job_title":"","description":"\u0635\u062d\u0641\u064a \u0633\u0648\u0631\u064a\u060c \u064a\u0639\u064a\u0634 \u0641\u064a \u0645\u062f\u0631\u064a\u062f \u0645\u0646\u0630 \u0639\u0627\u0645 2019. \u0645\u0624\u0633\u0633 \u0648\u0645\u062d\u0631\u0631 \u0641\u064a \u0645\u062c\u0644\u0629 \u0628\u064a\u0646\u0646\u0627\u060c \u0645\u062a\u062e\u0635\u0635 \u0641\u064a \u0627\u0644\u0623\u062f\u0628 \u0627\u0644\u0639\u0631\u0628\u064a \u0645\u0646 \u062c\u0627\u0645\u0639\u0629 \u062f\u0645\u0634\u0642\u060c \u0648\u0639\u0645\u0644 \u0643\u0635\u062d\u0641\u064a \u062e\u0644\u0627\u0644 \u0627\u0644\u062d\u0631\u0628 \u0641\u064a \u0633\u0648\u0631\u064a\u0627 \u0645\u0646\u0630 \u0627\u0644\u0639\u0627\u0645 2011.\r\n\r\nEs un periodista sirio.\u00a0Vive en Madrid desde el a\u00f1o 2019.\u00a0Cofundador y editor en la revista de Baynana.es. Es especialista en Literatura \u00c1rabe por la Universidad de Damasco y trabaj\u00f3 como periodista durante la guerra en Siria desde el a\u00f1o 2011.\u00a0"}],"_links":{"self":[{"href":"https:\/\/baynana.es\/es\/wp-json\/wp\/v2\/posts\/4825","targetHints":{"allow":["GET"]}}],"collection":[{"href":"https:\/\/baynana.es\/es\/wp-json\/wp\/v2\/posts"}],"about":[{"href":"https:\/\/baynana.es\/es\/wp-json\/wp\/v2\/types\/post"}],"author":[{"embeddable":true,"href":"https:\/\/baynana.es\/es\/wp-json\/wp\/v2\/users\/3"}],"replies":[{"embeddable":true,"href":"https:\/\/baynana.es\/es\/wp-json\/wp\/v2\/comments?post=4825"}],"version-history":[{"count":9,"href":"https:\/\/baynana.es\/es\/wp-json\/wp\/v2\/posts\/4825\/revisions"}],"predecessor-version":[{"id":5029,"href":"https:\/\/baynana.es\/es\/wp-json\/wp\/v2\/posts\/4825\/revisions\/5029"}],"wp:featuredmedia":[{"embeddable":true,"href":"https:\/\/baynana.es\/es\/wp-json\/wp\/v2\/media\/4826"}],"wp:attachment":[{"href":"https:\/\/baynana.es\/es\/wp-json\/wp\/v2\/media?parent=4825"}],"wp:term":[{"taxonomy":"category","embeddable":true,"href":"https:\/\/baynana.es\/es\/wp-json\/wp\/v2\/categories?post=4825"},{"taxonomy":"post_tag","embeddable":true,"href":"https:\/\/baynana.es\/es\/wp-json\/wp\/v2\/tags?post=4825"},{"taxonomy":"author","embeddable":true,"href":"https:\/\/baynana.es\/es\/wp-json\/wp\/v2\/ppma_author?post=4825"}],"curies":[{"name":"wp","href":"https:\/\/api.w.org\/{rel}","templated":true}]}}