{"id":5219,"date":"2022-04-04T17:46:30","date_gmt":"2022-04-04T15:46:30","guid":{"rendered":"https:\/\/baynana.es\/?p=5219"},"modified":"2022-04-05T11:12:14","modified_gmt":"2022-04-05T09:12:14","slug":"muath-hamed-la-tragedia-ucraniana-ha-comenzado-ahora","status":"publish","type":"post","link":"https:\/\/baynana.es\/es\/muath-hamed-la-tragedia-ucraniana-ha-comenzado-ahora\/","title":{"rendered":"Muath Hamed, corresponsal en la frontera de Ucrania: \u00abLa tragedia ucraniana ha comenzado ahora\u00bb"},"content":{"rendered":"<div class=\"wp-block-post-date\"><time datetime=\"2022-04-04T17:46:30+02:00\">4 abril\u060c 2022<\/time><\/div>\n\n\n<p>Esta d\u00e9cada fue testigo de una serie de guerras sangrientas, comenzando con la <a href=\"https:\/\/baynana.es\/es\/siria-y-espana\/\">guerra de Siria<\/a>, que dej\u00f3 casi siete millones de refugiados en m\u00e1s de 126 pa\u00edses de todo el mundo. Ahora presenciamos una nueva guerra en Ucrania como resultado de la invasi\u00f3n rusa, que comenz\u00f3 el 24 de febrero de este a\u00f1o. Aproximadamente una cuarta parte de la poblaci\u00f3n de Ucrania tuvo que abandonar sus hogares, un estimado de 10 millones de personas, <a href=\"https:\/\/www.dw.com\/es\/diez-millones-de-personas-han-debido-huir-de-sus-hogares-en-ucrania\/a-61192482\">seg\u00fan <\/a>ACNUR.<\/p>\n\n\n\n<p>Cientos de miles de refugiados huyeron desde Ucrania a pa\u00edses vecinos como Eslovaquia y Polonia, que se considera el destino m\u00e1s deseado para los refugiados ucranianos. Estos pa\u00edses est\u00e1n considerando establecer medidas de protecci\u00f3n excepcionales para tratar con ellos, pero \u00bfcu\u00e1l era la situaci\u00f3n de los refugiados de Ucrania de otras nacionalidades? En este contexto, la revista Baynana realiz\u00f3 una entrevista al periodista Muath Hamed, corresponsal del Alaraby TV, en Espa\u00f1a, que fue enviado a la frontera polaco-ucraniana para cubrir los hechos ocurridos all\u00ed.<\/p>\n\n\n\n<h3 class=\"wp-block-heading\"><strong><mark style=\"background-color:rgba(0, 0, 0, 0)\" class=\"has-inline-color has-vivid-red-color\">\u00bfQu\u00e9 cobertura de prensa est\u00e1 haciendo en la frontera ucraniano-polaca y qu\u00e9 le impuls\u00f3 a cubrir all\u00ed como corresponsal de Alaraby TV en Espa\u00f1a?<\/mark><\/strong><\/h3>\n\n\n\n<p><strong><br><\/strong>Lo que hago es cobertura de situaciones humanitarias en la frontera de Ucrania y datos sobre el flujo de inmigrantes hacia la Uni\u00f3n Europea. Y fui a las fronteras primero, como yo quer\u00eda, y por petici\u00f3n del canal en el que trabajo.<\/p>\n\n\n\n<h3 class=\"wp-block-heading\"><strong><mark style=\"background-color:rgba(0, 0, 0, 0)\" class=\"has-inline-color has-vivid-red-color\">\u00bfCu\u00e1les son las condiciones en las fronteras hoy y c\u00f3mo describir\u00eda la escena?<\/mark><\/strong><\/h3>\n\n\n\n<p><br><br>La situaci\u00f3n ahora es muy dif\u00edcil, sobre todo porque el n\u00famero de personas que ahora est\u00e1n llegando a las fronteras est\u00e1 aumentando debido a las batallas que estallan dentro de Ucrania. Estas personas que vemos todos los d\u00edas sufren traumas como resultado de los efectos y resultados de la guerra, por lo que tienen situaciones mucho m\u00e1s dif\u00edciles que la primera oleada de solicitantes de asilo, ya que estas personas sab\u00edan a d\u00f3nde iban y estaban preparadas para eso, y algunas de ellas ten\u00edan familiares, amigos y conocidos en los pa\u00edses de la Uni\u00f3n Europea. En comparaci\u00f3n, quienes huyen ahora no tienen idea de a d\u00f3nde ir y qu\u00e9 podr\u00eda pasarles. As\u00ed que creo que la verdadera crisis ha comenzado ahora.<\/p>\n\n\n\n<h3 class=\"wp-block-heading\"><strong><mark style=\"background-color:rgba(0, 0, 0, 0)\" class=\"has-inline-color has-vivid-red-color\">Si ha conocido refugiados de Ucrania de otras nacionalidades, \u00bfc\u00f3mo eran sus condiciones?<\/mark><\/strong><\/h3>\n\n\n\n<p>Ciertamente, he conocido a muchos refugiados de diferentes lugares, y entre ellos hab\u00eda refugiados \u00e1rabes, africanos y de otras nacionalidades. Sus condiciones eran miserables y muy malas, especialmente en la primera semana de la guerra, seg\u00fan los testimonios que obtuve de ellos. Muchos de ellos fueron expuestos a actitudes racistas principalmente por parte de las fuerzas de seguridad ucranianas, bajo el pretexto de la prioridad de asilo para el pueblo ucraniano. Pero hoy las cosas son un poco diferentes, porque el n\u00famero de refugiados se ha reducido dr\u00e1sticamente en la frontera y el gobierno polaco est\u00e1 facilitando su entrada m\u00e1s f\u00e1cilmente que antes.<\/p>\n\n\n\n<h3 class=\"wp-block-heading\"><strong><mark style=\"background-color:rgba(0, 0, 0, 0)\" class=\"has-inline-color has-vivid-red-color\">\u00bfHubo alguna diferencia en el trato de los refugiados ucranianos y otros de otras nacionalidades por parte de las autoridades polacas y ucranianas?<\/mark><\/strong><\/h3>\n\n\n\n<p>Del lado polaco, la \u00fanica distinci\u00f3n que not\u00e9 es que los refugiados de nacionalidad ucraniana pueden obtener boletos de transporte gratis, mientras que los refugiados de otras nacionalidades tienen que pagar por estos boletos. Adem\u00e1s, las autoridades polacas, del otro lado de la frontera con Bielorrusia, arrestan a refugiados y migrantes y los devuelven a Bielorrusia, y son de diferentes nacionalidades, la mayor\u00eda sirios, iraqu\u00edes, palestinos y afganos. Por lo tanto, las autoridades polacas dicen que son refugiados ilegales, pero el pa\u00eds de estas personas ha estado viviendo crisis y guerras durante mucho tiempo y hasta hoy no ha terminado. Por lo tanto, vemos muchas cr\u00edticas sobre la forma en que se trata a los refugiados.<\/p>\n\n\n\n<p>Seg\u00fan todo lo que vi durante mi estad\u00eda en la frontera polaco-ucraniana durante m\u00e1s de un mes, result\u00f3 que hay una gran ignorancia de parte del pueblo polaco en comparaci\u00f3n con otras culturas europeas, y hay mucha incitaci\u00f3n y odio. Hay un discurso liderado por la extrema derecha contra los inmigrantes que afirma que estos inmigrantes y refugiados vienen a robar su dinero y no quieren trabajar\u2026 etc. Esto constituye un gran problema y un punto de conflicto en la opini\u00f3n p\u00fablica polaca, pero con la entrada de la crisis de los refugiados ucranianos aparecieron muchas contradicciones en la forma en que se trataba a los refugiados (blancos y no blancos), por lo que hay muchas cr\u00edticas. Las autoridades polacas est\u00e1n expuestas, y hay intentos de algunas partes y personalidades de cambiar la pol\u00edtica en el trato con los refugiados.<\/p>\n\n\n\n<h3 class=\"wp-block-heading\"><strong><mark style=\"background-color:rgba(0, 0, 0, 0)\" class=\"has-inline-color has-vivid-red-color\">Si ha cubierto guerras antes, \u00bfcu\u00e1les cree que son las similitudes y diferencias? \u00bfC\u00f3mo ve la guerra de Ucrania desde su punto de vista como periodista?<\/mark><\/strong><\/h3>\n\n\n\n<p>En cuanto a m\u00ed, no puedo decir que cubr\u00ed las guerras en el verdadero sentido, por mucho que tendieran m\u00e1s a enfrentamientos entre el pueblo palestino y el ej\u00e9rcito de ocupaci\u00f3n israel\u00ed, y en la mayor\u00eda de los casos fueron enfrentamientos entre j\u00f3venes pac\u00edficos y el ej\u00e9rcito de ocupaci\u00f3n (algunos de ellos tomaron el car\u00e1cter de enfrentamiento armado, pero no est\u00e1 a la altura de decir que es la guerra).&nbsp;<\/p>\n\n\n\n<p>En cuanto a mi presencia para cubrir el tema ucraniano, no estuve en las zonas de enfrentamiento sino en la frontera para cubrir la crisis humanitaria. La situaci\u00f3n es dif\u00edcil debido a la presencia de ni\u00f1os y mujeres y el clima fr\u00edo, pero todo esto no es nada en comparaci\u00f3n con la crisis que han atravesado los sirios. Esto quiere decir que hacia los refugiados sirios, y antes que ellos los palestinos, no ha habido inter\u00e9s internacional como con el tema ucraniano, y no todas las puertas estaban abiertas. Recuerdo especialmente que los pa\u00edses vecinos a Siria cerraron sus fronteras ante los refugiados. Al final lo que est\u00e1 pasando aqu\u00ed es una crisis, pero es m\u00e1s f\u00e1cil que otras crisis, porque el refugiado que viene aqu\u00ed no pasa fr\u00edo, no pasa hambre, no vive en la nieve, no vive en campamentos.<\/p>\n\n\n\n<h3 class=\"wp-block-heading\"><strong><mark style=\"background-color:rgba(0, 0, 0, 0)\" class=\"has-inline-color has-vivid-red-color\">\u00bfEncontr\u00f3 problemas o violaciones de derechos humanos mientras trabajaba como periodista?<\/mark><\/strong><\/h3>\n\n\n\n<p>El problema m\u00e1s destacado al que me enfrent\u00e9 aqu\u00ed fue la barrera del idioma. Los polacos no hablan mucho ingl\u00e9s, por lo que siempre necesitamos un acompa\u00f1ante local o un traductor para poder hacer el trabajo. Adem\u00e1s, la polic\u00eda suele ir m\u00e1s all\u00e1 de la ley, sobre todo porque no existe una ley que establezca, por ejemplo, no fotografiar equipos y movimientos militares. Entonces es posible que emitan una nueva decisi\u00f3n y te detengan por m\u00e1s de seis horas, como me pas\u00f3 a m\u00ed en una de las giras, cuando estaba fotografiando las bater\u00edas Patriot en la frontera polaca, sin ninguna investigaci\u00f3n y sin ninguna justificaci\u00f3n para eso. Me interrogaron y vieron que no ten\u00eda mucha informaci\u00f3n, y me preguntaron c\u00f3mo pude averiguar informaci\u00f3n sobre la presencia de bater\u00edas Patriot. Las noticias sobre estas bater\u00edas estaban en los medios internacionales occidentales. Esto indica en gran medida la ignorancia y falta de conocimiento.<\/p>\n\n\n\n<h3 class=\"wp-block-heading\"><strong><mark style=\"background-color:rgba(0, 0, 0, 0)\" class=\"has-inline-color has-vivid-red-color\">\u00bfUn mensaje que quieras sellar y que creas que es importante?<\/mark><\/strong><\/h3>\n\n\n\n<p>Si Europa cree que tiene derecho a no acoger refugiados de nacionalidades no blancas o no europeas, es asunto suyo, pero la ley les obliga. Lo que quiero decir es que no es necesario que Europa adopte el ejemplo de humanidad, honor y consignas falsas, mientras muestra al mundo entero la discriminaci\u00f3n y el racismo que practican, especialmente contra los refugiados \u00e1rabes, ucranianos en muchos pa\u00edses europeos. Especialmente Espa\u00f1a, donde pueden necesitar hasta tres a\u00f1os para obtener un permiso de residencia.<\/p>\n\n\n\n<p>Ahora bien, si vamos a una de las instituciones del gobierno espa\u00f1ol u organizaciones de acogida, veremos grandes diferencias en el trato con refugiados blancos (europeos) y no blancos (venezolanos pol\u00edticamente oprimidos y sirios que huyen de la guerra por culpa de Rusia). Por eso me dirijo a Europa con este mensaje: \u00abDebe dejar de llamar a la humanidad y de sermonear con honor, porque no tiene derecho a hacerlo\u00bb.<\/p>\n","protected":false},"excerpt":{"rendered":"<p>4 abril\u060c 2022 Esta d\u00e9cada fue testigo de una serie de guerras sangrientas, comenzando con la guerra de Siria, que dej\u00f3 casi siete millones de refugiados en m\u00e1s de 126 pa\u00edses de todo el mundo. Ahora presenciamos una nueva guerra en Ucrania como resultado de la invasi\u00f3n rusa, que comenz\u00f3 el 24 de febrero de &hellip;<\/p>\n","protected":false},"author":7,"featured_media":5215,"comment_status":"closed","ping_status":"closed","sticky":false,"template":"","format":"standard","meta":{"inline_featured_image":false,"footnotes":""},"categories":[58,54],"tags":[],"ppma_author":[508],"class_list":["post-5219","post","type-post","status-publish","format-standard","has-post-thumbnail","hentry","category-entrevistas","category-politica"],"acf":[],"yoast_head":"<!-- This site is optimized with the Yoast SEO plugin v25.3.1 - https:\/\/yoast.com\/wordpress\/plugins\/seo\/ -->\n<title>Muath Hamed: &quot;La tragedia ucraniana ha comenzado ahora&quot;<\/title>\n<meta name=\"description\" content=\"Baynana ha entrevistado al periodista Muath Hamed, quien habl\u00f3 sobre la situaci\u00f3n de los refugiados de la frontera de Ucrania con Polonia.\" \/>\n<meta name=\"robots\" content=\"index, follow, max-snippet:-1, max-image-preview:large, max-video-preview:-1\" \/>\n<link rel=\"canonical\" href=\"https:\/\/baynana.es\/es\/muath-hamed-la-tragedia-ucraniana-ha-comenzado-ahora\/\" \/>\n<meta property=\"og:locale\" content=\"es_ES\" \/>\n<meta property=\"og:type\" content=\"article\" \/>\n<meta property=\"og:title\" content=\"Muath Hamed: &quot;La tragedia ucraniana ha comenzado ahora&quot;\" \/>\n<meta property=\"og:description\" content=\"Baynana ha entrevistado al periodista Muath Hamed, quien habl\u00f3 sobre la situaci\u00f3n de los refugiados de la frontera de Ucrania con Polonia.\" \/>\n<meta property=\"og:url\" content=\"https:\/\/baynana.es\/es\/muath-hamed-la-tragedia-ucraniana-ha-comenzado-ahora\/\" \/>\n<meta property=\"og:site_name\" content=\"Baynana \u0628\u064a\u0646\u0646\u0627\" \/>\n<meta property=\"article:publisher\" content=\"https:\/\/www.facebook.com\/baynanaes\" \/>\n<meta property=\"article:published_time\" content=\"2022-04-04T15:46:30+00:00\" \/>\n<meta property=\"article:modified_time\" content=\"2022-04-05T09:12:14+00:00\" \/>\n<meta property=\"og:image\" content=\"https:\/\/baynana.es\/wp-content\/uploads\/2022\/04\/image0.jpg\" \/>\n\t<meta property=\"og:image:width\" content=\"2532\" \/>\n\t<meta property=\"og:image:height\" content=\"1170\" \/>\n\t<meta property=\"og:image:type\" content=\"image\/jpeg\" \/>\n<meta name=\"author\" content=\"Moussa Al Jamaat\" \/>\n<meta name=\"twitter:card\" content=\"summary_large_image\" \/>\n<meta name=\"twitter:creator\" content=\"@moussajamaat\" \/>\n<meta name=\"twitter:site\" content=\"@baynanaes\" \/>\n<meta name=\"twitter:label1\" content=\"Escrito por\" \/>\n\t<meta name=\"twitter:data1\" content=\"Moussa Al Jamaat\" \/>\n\t<meta name=\"twitter:label2\" content=\"Tiempo de lectura\" \/>\n\t<meta name=\"twitter:data2\" content=\"7 minutos\" \/>\n<script type=\"application\/ld+json\" class=\"yoast-schema-graph\">{\"@context\":\"https:\/\/schema.org\",\"@graph\":[{\"@type\":\"Article\",\"@id\":\"https:\/\/baynana.es\/es\/muath-hamed-la-tragedia-ucraniana-ha-comenzado-ahora\/#article\",\"isPartOf\":{\"@id\":\"https:\/\/baynana.es\/es\/muath-hamed-la-tragedia-ucraniana-ha-comenzado-ahora\/\"},\"author\":{\"name\":\"Moussa Al Jamaat\",\"@id\":\"https:\/\/baynana.es\/#\/schema\/person\/b025556a8b06dd3c230ee9117ca455ed\"},\"headline\":\"Muath Hamed, corresponsal en la frontera de Ucrania: \u00abLa tragedia ucraniana ha comenzado ahora\u00bb\",\"datePublished\":\"2022-04-04T15:46:30+00:00\",\"dateModified\":\"2022-04-05T09:12:14+00:00\",\"mainEntityOfPage\":{\"@id\":\"https:\/\/baynana.es\/es\/muath-hamed-la-tragedia-ucraniana-ha-comenzado-ahora\/\"},\"wordCount\":1434,\"publisher\":{\"@id\":\"https:\/\/baynana.es\/#organization\"},\"image\":{\"@id\":\"https:\/\/baynana.es\/es\/muath-hamed-la-tragedia-ucraniana-ha-comenzado-ahora\/#primaryimage\"},\"thumbnailUrl\":\"https:\/\/baynana.es\/wp-content\/uploads\/2022\/04\/image0.jpg\",\"articleSection\":[\"ENTREVISTAS\",\"POL\u00cdTICA\"],\"inLanguage\":\"es\"},{\"@type\":\"WebPage\",\"@id\":\"https:\/\/baynana.es\/es\/muath-hamed-la-tragedia-ucraniana-ha-comenzado-ahora\/\",\"url\":\"https:\/\/baynana.es\/es\/muath-hamed-la-tragedia-ucraniana-ha-comenzado-ahora\/\",\"name\":\"Muath Hamed: \\\"La tragedia ucraniana ha comenzado ahora\\\"\",\"isPartOf\":{\"@id\":\"https:\/\/baynana.es\/#website\"},\"primaryImageOfPage\":{\"@id\":\"https:\/\/baynana.es\/es\/muath-hamed-la-tragedia-ucraniana-ha-comenzado-ahora\/#primaryimage\"},\"image\":{\"@id\":\"https:\/\/baynana.es\/es\/muath-hamed-la-tragedia-ucraniana-ha-comenzado-ahora\/#primaryimage\"},\"thumbnailUrl\":\"https:\/\/baynana.es\/wp-content\/uploads\/2022\/04\/image0.jpg\",\"datePublished\":\"2022-04-04T15:46:30+00:00\",\"dateModified\":\"2022-04-05T09:12:14+00:00\",\"description\":\"Baynana ha entrevistado al periodista Muath Hamed, quien habl\u00f3 sobre la situaci\u00f3n de los refugiados de la frontera de Ucrania con Polonia.\",\"breadcrumb\":{\"@id\":\"https:\/\/baynana.es\/es\/muath-hamed-la-tragedia-ucraniana-ha-comenzado-ahora\/#breadcrumb\"},\"inLanguage\":\"es\",\"potentialAction\":[{\"@type\":\"ReadAction\",\"target\":[\"https:\/\/baynana.es\/es\/muath-hamed-la-tragedia-ucraniana-ha-comenzado-ahora\/\"]}]},{\"@type\":\"ImageObject\",\"inLanguage\":\"es\",\"@id\":\"https:\/\/baynana.es\/es\/muath-hamed-la-tragedia-ucraniana-ha-comenzado-ahora\/#primaryimage\",\"url\":\"https:\/\/baynana.es\/wp-content\/uploads\/2022\/04\/image0.jpg\",\"contentUrl\":\"https:\/\/baynana.es\/wp-content\/uploads\/2022\/04\/image0.jpg\",\"width\":2532,\"height\":1170,\"caption\":\"Muath Hamed desde la frontera ucraniano-polaca\"},{\"@type\":\"BreadcrumbList\",\"@id\":\"https:\/\/baynana.es\/es\/muath-hamed-la-tragedia-ucraniana-ha-comenzado-ahora\/#breadcrumb\",\"itemListElement\":[{\"@type\":\"ListItem\",\"position\":1,\"name\":\"Portada\",\"item\":\"https:\/\/baynana.es\/es\/\"},{\"@type\":\"ListItem\",\"position\":2,\"name\":\"Muath Hamed, corresponsal en la frontera de Ucrania: \u00abLa tragedia ucraniana ha comenzado ahora\u00bb\"}]},{\"@type\":\"WebSite\",\"@id\":\"https:\/\/baynana.es\/#website\",\"url\":\"https:\/\/baynana.es\/\",\"name\":\"Baynana \u0628\u064a\u0646\u0646\u0627\",\"description\":\"Baynana Revista \u0645\u062c\u0644\u0629 \u0628\u064a\u0646\u0646\u0627\",\"publisher\":{\"@id\":\"https:\/\/baynana.es\/#organization\"},\"potentialAction\":[{\"@type\":\"SearchAction\",\"target\":{\"@type\":\"EntryPoint\",\"urlTemplate\":\"https:\/\/baynana.es\/?s={search_term_string}\"},\"query-input\":{\"@type\":\"PropertyValueSpecification\",\"valueRequired\":true,\"valueName\":\"search_term_string\"}}],\"inLanguage\":\"es\"},{\"@type\":\"Organization\",\"@id\":\"https:\/\/baynana.es\/#organization\",\"name\":\"\u0628\u064a\u0646\u0646\u0627 Baynana\",\"url\":\"https:\/\/baynana.es\/\",\"logo\":{\"@type\":\"ImageObject\",\"inLanguage\":\"es\",\"@id\":\"https:\/\/baynana.es\/#\/schema\/logo\/image\/\",\"url\":\"https:\/\/baynana.es\/wp-content\/uploads\/2021\/03\/Artboard-1.png\",\"contentUrl\":\"https:\/\/baynana.es\/wp-content\/uploads\/2021\/03\/Artboard-1.png\",\"width\":315,\"height\":228,\"caption\":\"\u0628\u064a\u0646\u0646\u0627 Baynana\"},\"image\":{\"@id\":\"https:\/\/baynana.es\/#\/schema\/logo\/image\/\"},\"sameAs\":[\"https:\/\/www.facebook.com\/baynanaes\",\"https:\/\/x.com\/baynanaes\",\"https:\/\/www.instagram.com\/baynanaes\/\",\"https:\/\/www.linkedin.com\/in\/baynana-\u0628\u064a\u0646\u0646\u0627-887599211\/\",\"https:\/\/www.youtube.com\/channel\/UC3019bsq5wOpi61SOufKxPA\"]},{\"@type\":\"Person\",\"@id\":\"https:\/\/baynana.es\/#\/schema\/person\/b025556a8b06dd3c230ee9117ca455ed\",\"name\":\"Moussa Al Jamaat\",\"image\":{\"@type\":\"ImageObject\",\"inLanguage\":\"es\",\"@id\":\"https:\/\/baynana.es\/#\/schema\/person\/image\/571a1e3457b90164719fbb2b7cfdaf2c\",\"url\":\"https:\/\/baynana.es\/wp-content\/uploads\/2021\/11\/MOSA-96x96.png\",\"contentUrl\":\"https:\/\/baynana.es\/wp-content\/uploads\/2021\/11\/MOSA-96x96.png\",\"caption\":\"Moussa Al Jamaat\"},\"description\":\"Periodista sirio residente en Madrid desde 2019. Empez\u00f3 a estudiar Inform\u00e1tica en la Universidad de Damasco (campus de Daraa), pero abandon\u00f3 sus estudios por la erupci\u00f3n del conflicto en Siria. Entre 2011 y 2019 trabaj\u00f3 como reportero y fot\u00f3grafo para agencias de noticias locales. Ahora trabaja como reportero, fot\u00f3grafo y se encarga de la web de Baynana. \u0643\u0627\u0646\u0628\/ \u0645\u0635\u0648\u0631 \/\u0645\u0635\u0645\u0645 \u0635\u062d\u0641\u064a \u0633\u0648\u0631\u064a \u0645\u0642\u064a\u0645 \u0641\u064a \u0645\u062f\u0631\u064a\u062f \u0645\u0646\u0630 \u0639\u0627\u0645 2019. \u0628\u062f\u0623 \u062f\u0631\u0627\u0633\u0629 \u0639\u0644\u0648\u0645 \u0627\u0644\u0643\u0645\u0628\u064a\u0648\u062a\u0631 \u0641\u064a \u062c\u0627\u0645\u0639\u0629 \u062f\u0645\u0634\u0642 (\u0641\u0631\u0639 \u062f\u0631\u0639\u0627) \u060c \u0644\u0643\u0646\u0647 \u062a\u062e\u0644\u0649 \u0639\u0646 \u062f\u0631\u0627\u0633\u062a\u0647 \u0628\u0633\u0628\u0628 \u0627\u0646\u062f\u0644\u0627\u0639 \u0627\u0644\u0635\u0631\u0627\u0639 \u0641\u064a \u0633\u0648\u0631\u064a\u0627. \u0628\u064a\u0646 \u0639\u0627\u0645\u064a 2011 \u0648 2019 \u0639\u0645\u0644 \u0643\u0645\u0631\u0627\u0633\u0644 \u0648\u0645\u0635\u0648\u0631 \u0644\u0648\u0643\u0627\u0644\u0627\u062a \u0627\u0644\u0623\u0646\u0628\u0627\u0621 \u0627\u0644\u0645\u062d\u0644\u064a\u0629. \u064a\u0639\u0645\u0644 \u0627\u0644\u0622\u0646 \u0643\u0645\u0631\u0627\u0633\u0644 \u0648\u0645\u0635\u0648\u0631 \u0648\u0645\u0635\u0645\u0645 \u0648\u064a\u062f\u064a\u0631 \u0645\u0648\u0642\u0639 \u0645\u062c\u0644\u0629 \u0628\u064a\u0646\u0646\u0627 \u0627\u0644\u0625\u0644\u0643\u062a\u0631\u0648\u0646\u064a.\",\"sameAs\":[\"https:\/\/x.com\/@moussajamaat\"],\"url\":\"https:\/\/baynana.es\/es\/author\/mousa\/\"}]}<\/script>\n<!-- \/ Yoast SEO plugin. -->","yoast_head_json":{"title":"Muath Hamed: \"La tragedia ucraniana ha comenzado ahora\"","description":"Baynana ha entrevistado al periodista Muath Hamed, quien habl\u00f3 sobre la situaci\u00f3n de los refugiados de la frontera de Ucrania con Polonia.","robots":{"index":"index","follow":"follow","max-snippet":"max-snippet:-1","max-image-preview":"max-image-preview:large","max-video-preview":"max-video-preview:-1"},"canonical":"https:\/\/baynana.es\/es\/muath-hamed-la-tragedia-ucraniana-ha-comenzado-ahora\/","og_locale":"es_ES","og_type":"article","og_title":"Muath Hamed: \"La tragedia ucraniana ha comenzado ahora\"","og_description":"Baynana ha entrevistado al periodista Muath Hamed, quien habl\u00f3 sobre la situaci\u00f3n de los refugiados de la frontera de Ucrania con Polonia.","og_url":"https:\/\/baynana.es\/es\/muath-hamed-la-tragedia-ucraniana-ha-comenzado-ahora\/","og_site_name":"Baynana \u0628\u064a\u0646\u0646\u0627","article_publisher":"https:\/\/www.facebook.com\/baynanaes","article_published_time":"2022-04-04T15:46:30+00:00","article_modified_time":"2022-04-05T09:12:14+00:00","og_image":[{"width":2532,"height":1170,"url":"https:\/\/baynana.es\/wp-content\/uploads\/2022\/04\/image0.jpg","type":"image\/jpeg"}],"author":"Moussa Al Jamaat","twitter_card":"summary_large_image","twitter_creator":"@moussajamaat","twitter_site":"@baynanaes","twitter_misc":{"Escrito por":"Moussa Al Jamaat","Tiempo de lectura":"7 minutos"},"schema":{"@context":"https:\/\/schema.org","@graph":[{"@type":"Article","@id":"https:\/\/baynana.es\/es\/muath-hamed-la-tragedia-ucraniana-ha-comenzado-ahora\/#article","isPartOf":{"@id":"https:\/\/baynana.es\/es\/muath-hamed-la-tragedia-ucraniana-ha-comenzado-ahora\/"},"author":{"name":"Moussa Al Jamaat","@id":"https:\/\/baynana.es\/#\/schema\/person\/b025556a8b06dd3c230ee9117ca455ed"},"headline":"Muath Hamed, corresponsal en la frontera de Ucrania: \u00abLa tragedia ucraniana ha comenzado ahora\u00bb","datePublished":"2022-04-04T15:46:30+00:00","dateModified":"2022-04-05T09:12:14+00:00","mainEntityOfPage":{"@id":"https:\/\/baynana.es\/es\/muath-hamed-la-tragedia-ucraniana-ha-comenzado-ahora\/"},"wordCount":1434,"publisher":{"@id":"https:\/\/baynana.es\/#organization"},"image":{"@id":"https:\/\/baynana.es\/es\/muath-hamed-la-tragedia-ucraniana-ha-comenzado-ahora\/#primaryimage"},"thumbnailUrl":"https:\/\/baynana.es\/wp-content\/uploads\/2022\/04\/image0.jpg","articleSection":["ENTREVISTAS","POL\u00cdTICA"],"inLanguage":"es"},{"@type":"WebPage","@id":"https:\/\/baynana.es\/es\/muath-hamed-la-tragedia-ucraniana-ha-comenzado-ahora\/","url":"https:\/\/baynana.es\/es\/muath-hamed-la-tragedia-ucraniana-ha-comenzado-ahora\/","name":"Muath Hamed: \"La tragedia ucraniana ha comenzado ahora\"","isPartOf":{"@id":"https:\/\/baynana.es\/#website"},"primaryImageOfPage":{"@id":"https:\/\/baynana.es\/es\/muath-hamed-la-tragedia-ucraniana-ha-comenzado-ahora\/#primaryimage"},"image":{"@id":"https:\/\/baynana.es\/es\/muath-hamed-la-tragedia-ucraniana-ha-comenzado-ahora\/#primaryimage"},"thumbnailUrl":"https:\/\/baynana.es\/wp-content\/uploads\/2022\/04\/image0.jpg","datePublished":"2022-04-04T15:46:30+00:00","dateModified":"2022-04-05T09:12:14+00:00","description":"Baynana ha entrevistado al periodista Muath Hamed, quien habl\u00f3 sobre la situaci\u00f3n de los refugiados de la frontera de Ucrania con Polonia.","breadcrumb":{"@id":"https:\/\/baynana.es\/es\/muath-hamed-la-tragedia-ucraniana-ha-comenzado-ahora\/#breadcrumb"},"inLanguage":"es","potentialAction":[{"@type":"ReadAction","target":["https:\/\/baynana.es\/es\/muath-hamed-la-tragedia-ucraniana-ha-comenzado-ahora\/"]}]},{"@type":"ImageObject","inLanguage":"es","@id":"https:\/\/baynana.es\/es\/muath-hamed-la-tragedia-ucraniana-ha-comenzado-ahora\/#primaryimage","url":"https:\/\/baynana.es\/wp-content\/uploads\/2022\/04\/image0.jpg","contentUrl":"https:\/\/baynana.es\/wp-content\/uploads\/2022\/04\/image0.jpg","width":2532,"height":1170,"caption":"Muath Hamed desde la frontera ucraniano-polaca"},{"@type":"BreadcrumbList","@id":"https:\/\/baynana.es\/es\/muath-hamed-la-tragedia-ucraniana-ha-comenzado-ahora\/#breadcrumb","itemListElement":[{"@type":"ListItem","position":1,"name":"Portada","item":"https:\/\/baynana.es\/es\/"},{"@type":"ListItem","position":2,"name":"Muath Hamed, corresponsal en la frontera de Ucrania: \u00abLa tragedia ucraniana ha comenzado ahora\u00bb"}]},{"@type":"WebSite","@id":"https:\/\/baynana.es\/#website","url":"https:\/\/baynana.es\/","name":"Baynana \u0628\u064a\u0646\u0646\u0627","description":"Baynana Revista \u0645\u062c\u0644\u0629 \u0628\u064a\u0646\u0646\u0627","publisher":{"@id":"https:\/\/baynana.es\/#organization"},"potentialAction":[{"@type":"SearchAction","target":{"@type":"EntryPoint","urlTemplate":"https:\/\/baynana.es\/?s={search_term_string}"},"query-input":{"@type":"PropertyValueSpecification","valueRequired":true,"valueName":"search_term_string"}}],"inLanguage":"es"},{"@type":"Organization","@id":"https:\/\/baynana.es\/#organization","name":"\u0628\u064a\u0646\u0646\u0627 Baynana","url":"https:\/\/baynana.es\/","logo":{"@type":"ImageObject","inLanguage":"es","@id":"https:\/\/baynana.es\/#\/schema\/logo\/image\/","url":"https:\/\/baynana.es\/wp-content\/uploads\/2021\/03\/Artboard-1.png","contentUrl":"https:\/\/baynana.es\/wp-content\/uploads\/2021\/03\/Artboard-1.png","width":315,"height":228,"caption":"\u0628\u064a\u0646\u0646\u0627 Baynana"},"image":{"@id":"https:\/\/baynana.es\/#\/schema\/logo\/image\/"},"sameAs":["https:\/\/www.facebook.com\/baynanaes","https:\/\/x.com\/baynanaes","https:\/\/www.instagram.com\/baynanaes\/","https:\/\/www.linkedin.com\/in\/baynana-\u0628\u064a\u0646\u0646\u0627-887599211\/","https:\/\/www.youtube.com\/channel\/UC3019bsq5wOpi61SOufKxPA"]},{"@type":"Person","@id":"https:\/\/baynana.es\/#\/schema\/person\/b025556a8b06dd3c230ee9117ca455ed","name":"Moussa Al Jamaat","image":{"@type":"ImageObject","inLanguage":"es","@id":"https:\/\/baynana.es\/#\/schema\/person\/image\/571a1e3457b90164719fbb2b7cfdaf2c","url":"https:\/\/baynana.es\/wp-content\/uploads\/2021\/11\/MOSA-96x96.png","contentUrl":"https:\/\/baynana.es\/wp-content\/uploads\/2021\/11\/MOSA-96x96.png","caption":"Moussa Al Jamaat"},"description":"Periodista sirio residente en Madrid desde 2019. Empez\u00f3 a estudiar Inform\u00e1tica en la Universidad de Damasco (campus de Daraa), pero abandon\u00f3 sus estudios por la erupci\u00f3n del conflicto en Siria. Entre 2011 y 2019 trabaj\u00f3 como reportero y fot\u00f3grafo para agencias de noticias locales. Ahora trabaja como reportero, fot\u00f3grafo y se encarga de la web de Baynana. \u0643\u0627\u0646\u0628\/ \u0645\u0635\u0648\u0631 \/\u0645\u0635\u0645\u0645 \u0635\u062d\u0641\u064a \u0633\u0648\u0631\u064a \u0645\u0642\u064a\u0645 \u0641\u064a \u0645\u062f\u0631\u064a\u062f \u0645\u0646\u0630 \u0639\u0627\u0645 2019. \u0628\u062f\u0623 \u062f\u0631\u0627\u0633\u0629 \u0639\u0644\u0648\u0645 \u0627\u0644\u0643\u0645\u0628\u064a\u0648\u062a\u0631 \u0641\u064a \u062c\u0627\u0645\u0639\u0629 \u062f\u0645\u0634\u0642 (\u0641\u0631\u0639 \u062f\u0631\u0639\u0627) \u060c \u0644\u0643\u0646\u0647 \u062a\u062e\u0644\u0649 \u0639\u0646 \u062f\u0631\u0627\u0633\u062a\u0647 \u0628\u0633\u0628\u0628 \u0627\u0646\u062f\u0644\u0627\u0639 \u0627\u0644\u0635\u0631\u0627\u0639 \u0641\u064a \u0633\u0648\u0631\u064a\u0627. \u0628\u064a\u0646 \u0639\u0627\u0645\u064a 2011 \u0648 2019 \u0639\u0645\u0644 \u0643\u0645\u0631\u0627\u0633\u0644 \u0648\u0645\u0635\u0648\u0631 \u0644\u0648\u0643\u0627\u0644\u0627\u062a \u0627\u0644\u0623\u0646\u0628\u0627\u0621 \u0627\u0644\u0645\u062d\u0644\u064a\u0629. \u064a\u0639\u0645\u0644 \u0627\u0644\u0622\u0646 \u0643\u0645\u0631\u0627\u0633\u0644 \u0648\u0645\u0635\u0648\u0631 \u0648\u0645\u0635\u0645\u0645 \u0648\u064a\u062f\u064a\u0631 \u0645\u0648\u0642\u0639 \u0645\u062c\u0644\u0629 \u0628\u064a\u0646\u0646\u0627 \u0627\u0644\u0625\u0644\u0643\u062a\u0631\u0648\u0646\u064a.","sameAs":["https:\/\/x.com\/@moussajamaat"],"url":"https:\/\/baynana.es\/es\/author\/mousa\/"}]}},"authors":[{"term_id":508,"user_id":7,"is_guest":0,"slug":"mousa","display_name":"Moussa Al Jamaat","avatar_url":"https:\/\/baynana.es\/wp-content\/uploads\/2021\/11\/MOSA-96x96.png","author_category":"","first_name":"Moussa","last_name":"Al Jamaat","user_url":"","job_title":"","description":"Periodista sirio residente en Madrid desde 2019. Empez\u00f3 a estudiar Inform\u00e1tica en la Universidad de Damasco (campus de Daraa), pero abandon\u00f3 sus estudios por la erupci\u00f3n del conflicto en Siria. Entre 2011 y 2019 trabaj\u00f3 como reportero y fot\u00f3grafo para agencias de noticias locales. Ahora trabaja como reportero, fot\u00f3grafo y se encarga de la web de Baynana.\r\n\u0643\u0627\u0646\u0628\/ \u0645\u0635\u0648\u0631 \/\u0645\u0635\u0645\u0645 \r\n\u0635\u062d\u0641\u064a \u0633\u0648\u0631\u064a \u0645\u0642\u064a\u0645 \u0641\u064a \u0645\u062f\u0631\u064a\u062f \u0645\u0646\u0630 \u0639\u0627\u0645 2019. \u0628\u062f\u0623 \u062f\u0631\u0627\u0633\u0629 \u0639\u0644\u0648\u0645 \u0627\u0644\u0643\u0645\u0628\u064a\u0648\u062a\u0631 \u0641\u064a \u062c\u0627\u0645\u0639\u0629 \u062f\u0645\u0634\u0642 (\u0641\u0631\u0639 \u062f\u0631\u0639\u0627) \u060c \u0644\u0643\u0646\u0647 \u062a\u062e\u0644\u0649 \u0639\u0646 \u062f\u0631\u0627\u0633\u062a\u0647 \u0628\u0633\u0628\u0628 \u0627\u0646\u062f\u0644\u0627\u0639 \u0627\u0644\u0635\u0631\u0627\u0639 \u0641\u064a \u0633\u0648\u0631\u064a\u0627. \u0628\u064a\u0646 \u0639\u0627\u0645\u064a 2011 \u0648 2019 \u0639\u0645\u0644 \u0643\u0645\u0631\u0627\u0633\u0644 \u0648\u0645\u0635\u0648\u0631 \u0644\u0648\u0643\u0627\u0644\u0627\u062a \u0627\u0644\u0623\u0646\u0628\u0627\u0621 \u0627\u0644\u0645\u062d\u0644\u064a\u0629. \u064a\u0639\u0645\u0644 \u0627\u0644\u0622\u0646 \u0643\u0645\u0631\u0627\u0633\u0644 \u0648\u0645\u0635\u0648\u0631 \u0648\u0645\u0635\u0645\u0645 \u0648\u064a\u062f\u064a\u0631 \u0645\u0648\u0642\u0639 \u0645\u062c\u0644\u0629 \u0628\u064a\u0646\u0646\u0627 \u0627\u0644\u0625\u0644\u0643\u062a\u0631\u0648\u0646\u064a."}],"_links":{"self":[{"href":"https:\/\/baynana.es\/es\/wp-json\/wp\/v2\/posts\/5219","targetHints":{"allow":["GET"]}}],"collection":[{"href":"https:\/\/baynana.es\/es\/wp-json\/wp\/v2\/posts"}],"about":[{"href":"https:\/\/baynana.es\/es\/wp-json\/wp\/v2\/types\/post"}],"author":[{"embeddable":true,"href":"https:\/\/baynana.es\/es\/wp-json\/wp\/v2\/users\/7"}],"replies":[{"embeddable":true,"href":"https:\/\/baynana.es\/es\/wp-json\/wp\/v2\/comments?post=5219"}],"version-history":[{"count":2,"href":"https:\/\/baynana.es\/es\/wp-json\/wp\/v2\/posts\/5219\/revisions"}],"predecessor-version":[{"id":5223,"href":"https:\/\/baynana.es\/es\/wp-json\/wp\/v2\/posts\/5219\/revisions\/5223"}],"wp:featuredmedia":[{"embeddable":true,"href":"https:\/\/baynana.es\/es\/wp-json\/wp\/v2\/media\/5215"}],"wp:attachment":[{"href":"https:\/\/baynana.es\/es\/wp-json\/wp\/v2\/media?parent=5219"}],"wp:term":[{"taxonomy":"category","embeddable":true,"href":"https:\/\/baynana.es\/es\/wp-json\/wp\/v2\/categories?post=5219"},{"taxonomy":"post_tag","embeddable":true,"href":"https:\/\/baynana.es\/es\/wp-json\/wp\/v2\/tags?post=5219"},{"taxonomy":"author","embeddable":true,"href":"https:\/\/baynana.es\/es\/wp-json\/wp\/v2\/ppma_author?post=5219"}],"curies":[{"name":"wp","href":"https:\/\/api.w.org\/{rel}","templated":true}]}}