{"id":5406,"date":"2022-04-18T02:08:59","date_gmt":"2022-04-18T00:08:59","guid":{"rendered":"https:\/\/baynana.es\/%d9%85%d9%87%d8%a7%d8%ac%d8%b1%d9%88%d9%86-%d9%81%d9%8a-%d8%a5%d8%b3%d8%a8%d8%a7%d9%86%d9%8a%d8%a7-%d9%8a%d8%b5%d9%88%d9%85%d9%88%d9%86-%d8%b1%d9%85%d8%b6%d8%a7%d9%86-%d8%a8%d8%b9%d9%8a%d8%af\/"},"modified":"2022-04-18T15:35:46","modified_gmt":"2022-04-18T13:35:46","slug":"vivir-el-ramadan-en-espana-lejos-de-casa","status":"publish","type":"post","link":"https:\/\/baynana.es\/es\/vivir-el-ramadan-en-espana-lejos-de-casa\/","title":{"rendered":"Vivir el Ramad\u00e1n en Espa\u00f1a, lejos de casa"},"content":{"rendered":"<div class=\"wp-block-post-date\"><time datetime=\"2022-04-18T02:08:59+02:00\">18 abril\u060c 2022<\/time><\/div>\n\n\n<p>El \u00faltimo Ramad\u00e1n de Sylla Morey (20 a\u00f1os) en su pa\u00eds y con su familia fue hace 10 a\u00f1os, cuando a\u00fan era ni\u00f1o. Actualmente este joven vive solo en Espa\u00f1a, a donde lleg\u00f3 en 2018 tras abandonar Costa de Marfil, huyendo de los rebeldes que mataron a su t\u00edo y le obligaron a empu\u00f1ar las armas. Sylla logr\u00f3 escapar y emprendi\u00f3 un duro camino hacia el continente europeo. Ahora trabaja en un restaurante, aspira a convertirse en actor y vive la fecha m\u00e1s importante de los musulmanes de una forma especial. El Ramad\u00e1n no es solo un evento religioso, sino que tiene una importancia a\u00fan m\u00e1s especial para muchas personas migrantes y sirve para reencontrarse con los seres queridos.<\/p>\n\n\n\n<p>Sylla no olvida los d\u00edas dif\u00edciles que pas\u00f3 para llegar a Madrid. Ahora le resulta f\u00e1cil superar el ayuno del Ramad\u00e1n (no comer ni beber nada durante el d\u00eda) porque durante su ruta migratoria \u00abestuve muchas veces sin comer ni beber durante varios d\u00edas\u00bb, explica. Al igual que Sylla, miles de migrantes aprovechan el Ramad\u00e1n para aliviar los miles de kil\u00f3metros que les separan de sus familias. Lo hacen reencontr\u00e1ndose para romper el ayuno con amigos, vecinos y miembros de su comunidad.<\/p>\n\n\n\n<p>Es domingo 10 de abril 2022, empieza a hacer calor y varios amigos de Sylla se han acercado hasta su casa porque viven cerca de \u00e9l, en el mismo barrio, Garc\u00edas Noblejas. Dos de ellos son Ibrahim Keita, de 21 a\u00f1os y procedente de Liberia y Mamadu Traore de 23 a\u00f1os. Ibrahim trabaja en instalaciones el\u00e9ctricas y lleva ocho a\u00f1os sin ver ni poder celebrar el Ramad\u00e1n con su familia. Otros amigos de Sylla no pueden ir a su casa porque est\u00e1n en horario laboral, pero lo hacen nada m\u00e1s terminar el trabajo para comer, ver partidos y fumar cachimba juntos.&nbsp;<\/p>\n\n\n\n<p>\u00bfC\u00f3mo se vive el Ramad\u00e1n en Espa\u00f1a? En este fotorreportaje explicamos c\u00f3mo Sylla trata de crear una atm\u00f3sfera de Ramad\u00e1n en su casa, que describe como \u00abun hogar para todos\u00bb, invitando a sus amigos a romper el ayuno con \u00e9l.<\/p>\n\n\n\n<figure class=\"wp-block-gallery has-nested-images columns-default is-cropped wp-block-gallery-1 is-layout-flex wp-block-gallery-is-layout-flex\">\n<figure class=\"wp-block-image size-large\"><img loading=\"lazy\" decoding=\"async\" width=\"1024\" height=\"682\" data-id=\"5344\" src=\"https:\/\/baynana.es\/wp-content\/uploads\/2022\/04\/DSC_3737-1024x682.jpg\" alt=\"\" class=\"wp-image-5344\" srcset=\"https:\/\/baynana.es\/wp-content\/uploads\/2022\/04\/DSC_3737-1024x682.jpg 1024w, https:\/\/baynana.es\/wp-content\/uploads\/2022\/04\/DSC_3737-300x200.jpg 300w, https:\/\/baynana.es\/wp-content\/uploads\/2022\/04\/DSC_3737-768x512.jpg 768w, https:\/\/baynana.es\/wp-content\/uploads\/2022\/04\/DSC_3737-1536x1023.jpg 1536w, https:\/\/baynana.es\/wp-content\/uploads\/2022\/04\/DSC_3737-2048x1364.jpg 2048w, https:\/\/baynana.es\/wp-content\/uploads\/2022\/04\/DSC_3737-600x400.jpg 600w, https:\/\/baynana.es\/wp-content\/uploads\/2022\/04\/DSC_3737-135x90.jpg 135w\" sizes=\"auto, (max-width: 1024px) 100vw, 1024px\" \/><\/figure>\n<figcaption class=\"blocks-gallery-caption\">Cuatro horas antes del ayuno, Sylla llama a sus amigos para invitarlos a comer en su casa. Foto: Okba Mohammad<\/figcaption><\/figure>\n\n\n\n<p><\/p>\n\n\n\n<figure class=\"wp-block-image size-large\"><img loading=\"lazy\" decoding=\"async\" width=\"1024\" height=\"682\" src=\"https:\/\/baynana.es\/wp-content\/uploads\/2022\/04\/DSC_3765-1024x682.jpg\" alt=\"\" class=\"wp-image-5347\" srcset=\"https:\/\/baynana.es\/wp-content\/uploads\/2022\/04\/DSC_3765-1024x682.jpg 1024w, https:\/\/baynana.es\/wp-content\/uploads\/2022\/04\/DSC_3765-300x200.jpg 300w, https:\/\/baynana.es\/wp-content\/uploads\/2022\/04\/DSC_3765-768x512.jpg 768w, https:\/\/baynana.es\/wp-content\/uploads\/2022\/04\/DSC_3765-1536x1023.jpg 1536w, https:\/\/baynana.es\/wp-content\/uploads\/2022\/04\/DSC_3765-2048x1365.jpg 2048w, https:\/\/baynana.es\/wp-content\/uploads\/2022\/04\/DSC_3765-600x400.jpg 600w, https:\/\/baynana.es\/wp-content\/uploads\/2022\/04\/DSC_3765-135x90.jpg 135w\" sizes=\"auto, (max-width: 1024px) 100vw, 1024px\" \/><figcaption><em>Sylla se ha encontrado con Ibrahim y Abed en el barrio. Abdul, otro amigo suyo, no ha podido venir con ellos por su obligaci\u00f3n de trabajar a la hora del ayuno. Despu\u00e9s, Sylla e Ibrahim han ido de compras. Foto: Okba Mohammad<\/em><\/figcaption><\/figure>\n\n\n\n<figure class=\"wp-block-image size-large\"><img loading=\"lazy\" decoding=\"async\" width=\"1024\" height=\"682\" src=\"https:\/\/baynana.es\/wp-content\/uploads\/2022\/04\/DSC_3777-1024x682.jpg\" alt=\"\" class=\"wp-image-5350\" srcset=\"https:\/\/baynana.es\/wp-content\/uploads\/2022\/04\/DSC_3777-1024x682.jpg 1024w, https:\/\/baynana.es\/wp-content\/uploads\/2022\/04\/DSC_3777-300x200.jpg 300w, https:\/\/baynana.es\/wp-content\/uploads\/2022\/04\/DSC_3777-768x512.jpg 768w, https:\/\/baynana.es\/wp-content\/uploads\/2022\/04\/DSC_3777-1536x1023.jpg 1536w, https:\/\/baynana.es\/wp-content\/uploads\/2022\/04\/DSC_3777-2048x1364.jpg 2048w, https:\/\/baynana.es\/wp-content\/uploads\/2022\/04\/DSC_3777-600x400.jpg 600w, https:\/\/baynana.es\/wp-content\/uploads\/2022\/04\/DSC_3777-135x90.jpg 135w\" sizes=\"auto, (max-width: 1024px) 100vw, 1024px\" \/><figcaption><em>Sylla e Ibrahim, que vive cerca, compran comida para romper el ayuno. Foto: Okba Mohammad<\/em><\/figcaption><\/figure>\n\n\n\n<figure class=\"wp-block-image size-large\"><img loading=\"lazy\" decoding=\"async\" width=\"1024\" height=\"682\" src=\"https:\/\/baynana.es\/wp-content\/uploads\/2022\/04\/DSC_3782-1024x682.jpg\" alt=\"\" class=\"wp-image-5353\" srcset=\"https:\/\/baynana.es\/wp-content\/uploads\/2022\/04\/DSC_3782-1024x682.jpg 1024w, https:\/\/baynana.es\/wp-content\/uploads\/2022\/04\/DSC_3782-300x200.jpg 300w, https:\/\/baynana.es\/wp-content\/uploads\/2022\/04\/DSC_3782-768x512.jpg 768w, https:\/\/baynana.es\/wp-content\/uploads\/2022\/04\/DSC_3782-1536x1023.jpg 1536w, https:\/\/baynana.es\/wp-content\/uploads\/2022\/04\/DSC_3782-2048x1364.jpg 2048w, https:\/\/baynana.es\/wp-content\/uploads\/2022\/04\/DSC_3782-600x400.jpg 600w, https:\/\/baynana.es\/wp-content\/uploads\/2022\/04\/DSC_3782-135x90.jpg 135w\" sizes=\"auto, (max-width: 1024px) 100vw, 1024px\" \/><figcaption><em>Ibrahim y Sylla vuelven a la casa de Sylla, despu\u00e9s de terminar sus compras. Okba Mohammad<\/em><\/figcaption><\/figure>\n\n\n\n<figure class=\"wp-block-image size-large\"><img loading=\"lazy\" decoding=\"async\" width=\"1024\" height=\"682\" src=\"https:\/\/baynana.es\/wp-content\/uploads\/2022\/04\/DSC_3810-1024x682.jpg\" alt=\"\" class=\"wp-image-5356\" srcset=\"https:\/\/baynana.es\/wp-content\/uploads\/2022\/04\/DSC_3810-1024x682.jpg 1024w, https:\/\/baynana.es\/wp-content\/uploads\/2022\/04\/DSC_3810-300x200.jpg 300w, https:\/\/baynana.es\/wp-content\/uploads\/2022\/04\/DSC_3810-768x512.jpg 768w, https:\/\/baynana.es\/wp-content\/uploads\/2022\/04\/DSC_3810-1536x1023.jpg 1536w, https:\/\/baynana.es\/wp-content\/uploads\/2022\/04\/DSC_3810-2048x1364.jpg 2048w, https:\/\/baynana.es\/wp-content\/uploads\/2022\/04\/DSC_3810-600x400.jpg 600w, https:\/\/baynana.es\/wp-content\/uploads\/2022\/04\/DSC_3810-135x90.jpg 135w\" sizes=\"auto, (max-width: 1024px) 100vw, 1024px\" \/><figcaption><em>Una hora antes del ayuno, Ibrahim lee el Cor\u00e1n en casa de Sylla. Okba Mohammad<\/em><\/figcaption><\/figure>\n\n\n\n<h3 class=\"wp-block-heading\"><strong><mark style=\"background-color:rgba(0, 0, 0, 0)\" class=\"has-inline-color has-vivid-red-color\"><strong>Preparar la comida y romper el ayuno<\/strong><\/mark><\/strong><\/h3>\n\n\n\n<p>Una hora antes del ayuno: mientras Ibrahim est\u00e1 leyendo el Cor\u00e1n, Sylla y Mamadu est\u00e1n preparando la comida.<\/p>\n\n\n\n<figure class=\"wp-block-gallery has-nested-images columns-default is-cropped wp-block-gallery-2 is-layout-flex wp-block-gallery-is-layout-flex\">\n<figure class=\"wp-block-image size-large\"><img loading=\"lazy\" decoding=\"async\" width=\"1024\" height=\"682\" data-id=\"5359\" src=\"https:\/\/baynana.es\/wp-content\/uploads\/2022\/04\/DSC_3833-1024x682.jpg\" alt=\"\" class=\"wp-image-5359\" srcset=\"https:\/\/baynana.es\/wp-content\/uploads\/2022\/04\/DSC_3833-1024x682.jpg 1024w, https:\/\/baynana.es\/wp-content\/uploads\/2022\/04\/DSC_3833-300x200.jpg 300w, https:\/\/baynana.es\/wp-content\/uploads\/2022\/04\/DSC_3833-768x512.jpg 768w, https:\/\/baynana.es\/wp-content\/uploads\/2022\/04\/DSC_3833-1536x1023.jpg 1536w, https:\/\/baynana.es\/wp-content\/uploads\/2022\/04\/DSC_3833-2048x1364.jpg 2048w, https:\/\/baynana.es\/wp-content\/uploads\/2022\/04\/DSC_3833-600x400.jpg 600w, https:\/\/baynana.es\/wp-content\/uploads\/2022\/04\/DSC_3833-135x90.jpg 135w\" sizes=\"auto, (max-width: 1024px) 100vw, 1024px\" \/><\/figure>\n\n\n\n<figure class=\"wp-block-image size-large\"><img loading=\"lazy\" decoding=\"async\" width=\"1024\" height=\"682\" data-id=\"5363\" src=\"https:\/\/baynana.es\/wp-content\/uploads\/2022\/04\/DSC_3841-1024x682.jpg\" alt=\"\" class=\"wp-image-5363\" srcset=\"https:\/\/baynana.es\/wp-content\/uploads\/2022\/04\/DSC_3841-1024x682.jpg 1024w, https:\/\/baynana.es\/wp-content\/uploads\/2022\/04\/DSC_3841-300x200.jpg 300w, https:\/\/baynana.es\/wp-content\/uploads\/2022\/04\/DSC_3841-768x512.jpg 768w, https:\/\/baynana.es\/wp-content\/uploads\/2022\/04\/DSC_3841-1536x1023.jpg 1536w, https:\/\/baynana.es\/wp-content\/uploads\/2022\/04\/DSC_3841-2048x1364.jpg 2048w, https:\/\/baynana.es\/wp-content\/uploads\/2022\/04\/DSC_3841-600x400.jpg 600w, https:\/\/baynana.es\/wp-content\/uploads\/2022\/04\/DSC_3841-135x90.jpg 135w\" sizes=\"auto, (max-width: 1024px) 100vw, 1024px\" \/><\/figure>\n\n\n\n<figure class=\"wp-block-image size-large\"><img loading=\"lazy\" decoding=\"async\" width=\"1024\" height=\"682\" data-id=\"5365\" src=\"https:\/\/baynana.es\/wp-content\/uploads\/2022\/04\/DSC_3864-1024x682.jpg\" alt=\"\" class=\"wp-image-5365\" srcset=\"https:\/\/baynana.es\/wp-content\/uploads\/2022\/04\/DSC_3864-1024x682.jpg 1024w, https:\/\/baynana.es\/wp-content\/uploads\/2022\/04\/DSC_3864-300x200.jpg 300w, https:\/\/baynana.es\/wp-content\/uploads\/2022\/04\/DSC_3864-768x512.jpg 768w, https:\/\/baynana.es\/wp-content\/uploads\/2022\/04\/DSC_3864-1536x1023.jpg 1536w, https:\/\/baynana.es\/wp-content\/uploads\/2022\/04\/DSC_3864-2048x1364.jpg 2048w, https:\/\/baynana.es\/wp-content\/uploads\/2022\/04\/DSC_3864-600x400.jpg 600w, https:\/\/baynana.es\/wp-content\/uploads\/2022\/04\/DSC_3864-135x90.jpg 135w\" sizes=\"auto, (max-width: 1024px) 100vw, 1024px\" \/><\/figure>\n<\/figure>\n\n\n\n<figure class=\"wp-block-image size-large\"><img loading=\"lazy\" decoding=\"async\" width=\"1024\" height=\"682\" src=\"https:\/\/baynana.es\/wp-content\/uploads\/2022\/04\/DSC_3896-1024x682.jpg\" alt=\"\" class=\"wp-image-5368\" srcset=\"https:\/\/baynana.es\/wp-content\/uploads\/2022\/04\/DSC_3896-1024x682.jpg 1024w, https:\/\/baynana.es\/wp-content\/uploads\/2022\/04\/DSC_3896-300x200.jpg 300w, https:\/\/baynana.es\/wp-content\/uploads\/2022\/04\/DSC_3896-768x512.jpg 768w, https:\/\/baynana.es\/wp-content\/uploads\/2022\/04\/DSC_3896-1536x1023.jpg 1536w, https:\/\/baynana.es\/wp-content\/uploads\/2022\/04\/DSC_3896-2048x1364.jpg 2048w, https:\/\/baynana.es\/wp-content\/uploads\/2022\/04\/DSC_3896-600x400.jpg 600w, https:\/\/baynana.es\/wp-content\/uploads\/2022\/04\/DSC_3896-135x90.jpg 135w\" sizes=\"auto, (max-width: 1024px) 100vw, 1024px\" \/><figcaption><em>Esto es lo que han cocinado, es un plato tradicional de la Costa de Marfil compuesto por carne y verduras. Foto: Okba Mohammad<\/em><\/figcaption><\/figure>\n\n\n\n<figure class=\"wp-block-gallery has-nested-images columns-default is-cropped wp-block-gallery-3 is-layout-flex wp-block-gallery-is-layout-flex\">\n<figure class=\"wp-block-image size-large\"><img loading=\"lazy\" decoding=\"async\" width=\"1024\" height=\"682\" data-id=\"5374\" src=\"https:\/\/baynana.es\/wp-content\/uploads\/2022\/04\/DSC_3898-1024x682.jpg\" alt=\"\" class=\"wp-image-5374\" srcset=\"https:\/\/baynana.es\/wp-content\/uploads\/2022\/04\/DSC_3898-1024x682.jpg 1024w, https:\/\/baynana.es\/wp-content\/uploads\/2022\/04\/DSC_3898-300x200.jpg 300w, https:\/\/baynana.es\/wp-content\/uploads\/2022\/04\/DSC_3898-768x512.jpg 768w, https:\/\/baynana.es\/wp-content\/uploads\/2022\/04\/DSC_3898-1536x1023.jpg 1536w, https:\/\/baynana.es\/wp-content\/uploads\/2022\/04\/DSC_3898-2048x1364.jpg 2048w, https:\/\/baynana.es\/wp-content\/uploads\/2022\/04\/DSC_3898-600x400.jpg 600w, https:\/\/baynana.es\/wp-content\/uploads\/2022\/04\/DSC_3898-135x90.jpg 135w\" sizes=\"auto, (max-width: 1024px) 100vw, 1024px\" \/><\/figure>\n<\/figure>\n\n\n\n<figure class=\"wp-block-image size-large\"><img loading=\"lazy\" decoding=\"async\" width=\"1024\" height=\"682\" src=\"https:\/\/baynana.es\/wp-content\/uploads\/2022\/04\/DSC_3901-1024x682.jpg\" alt=\"\" class=\"wp-image-5377\" srcset=\"https:\/\/baynana.es\/wp-content\/uploads\/2022\/04\/DSC_3901-1024x682.jpg 1024w, https:\/\/baynana.es\/wp-content\/uploads\/2022\/04\/DSC_3901-300x200.jpg 300w, https:\/\/baynana.es\/wp-content\/uploads\/2022\/04\/DSC_3901-768x512.jpg 768w, https:\/\/baynana.es\/wp-content\/uploads\/2022\/04\/DSC_3901-1536x1023.jpg 1536w, https:\/\/baynana.es\/wp-content\/uploads\/2022\/04\/DSC_3901-2048x1364.jpg 2048w, https:\/\/baynana.es\/wp-content\/uploads\/2022\/04\/DSC_3901-600x400.jpg 600w, https:\/\/baynana.es\/wp-content\/uploads\/2022\/04\/DSC_3901-135x90.jpg 135w\" sizes=\"auto, (max-width: 1024px) 100vw, 1024px\" \/><figcaption><em>Mamadou recita la s\u00faplica antes de comenzar la comida. Foto: Okba Mohammad<\/em><\/figcaption><\/figure>\n\n\n\n<figure class=\"wp-block-gallery has-nested-images columns-default is-cropped wp-block-gallery-4 is-layout-flex wp-block-gallery-is-layout-flex\">\n<figure class=\"wp-block-image size-large\"><img loading=\"lazy\" decoding=\"async\" width=\"1024\" height=\"682\" data-id=\"5380\" src=\"https:\/\/baynana.es\/wp-content\/uploads\/2022\/04\/DSC_39031-1024x682.jpg\" alt=\"\" class=\"wp-image-5380\" srcset=\"https:\/\/baynana.es\/wp-content\/uploads\/2022\/04\/DSC_39031-1024x682.jpg 1024w, https:\/\/baynana.es\/wp-content\/uploads\/2022\/04\/DSC_39031-300x200.jpg 300w, https:\/\/baynana.es\/wp-content\/uploads\/2022\/04\/DSC_39031-768x512.jpg 768w, https:\/\/baynana.es\/wp-content\/uploads\/2022\/04\/DSC_39031-1536x1023.jpg 1536w, https:\/\/baynana.es\/wp-content\/uploads\/2022\/04\/DSC_39031-2048x1364.jpg 2048w, https:\/\/baynana.es\/wp-content\/uploads\/2022\/04\/DSC_39031-600x400.jpg 600w, https:\/\/baynana.es\/wp-content\/uploads\/2022\/04\/DSC_39031-135x90.jpg 135w\" sizes=\"auto, (max-width: 1024px) 100vw, 1024px\" \/><figcaption><em>Sylla y Mamadu est\u00e1n rompiendo el ayuno. Okba Mohammad<\/em><\/figcaption><\/figure>\n\n\n\n<figure class=\"wp-block-image size-large\"><img loading=\"lazy\" decoding=\"async\" width=\"1024\" height=\"682\" data-id=\"5383\" src=\"https:\/\/baynana.es\/wp-content\/uploads\/2022\/04\/DSC_3908-1024x682.jpg\" alt=\"\" class=\"wp-image-5383\" srcset=\"https:\/\/baynana.es\/wp-content\/uploads\/2022\/04\/DSC_3908-1024x682.jpg 1024w, https:\/\/baynana.es\/wp-content\/uploads\/2022\/04\/DSC_3908-300x200.jpg 300w, https:\/\/baynana.es\/wp-content\/uploads\/2022\/04\/DSC_3908-768x512.jpg 768w, https:\/\/baynana.es\/wp-content\/uploads\/2022\/04\/DSC_3908-1536x1023.jpg 1536w, https:\/\/baynana.es\/wp-content\/uploads\/2022\/04\/DSC_3908-2048x1364.jpg 2048w, https:\/\/baynana.es\/wp-content\/uploads\/2022\/04\/DSC_3908-600x400.jpg 600w, https:\/\/baynana.es\/wp-content\/uploads\/2022\/04\/DSC_3908-135x90.jpg 135w\" sizes=\"auto, (max-width: 1024px) 100vw, 1024px\" \/><figcaption><em>Los chicos est\u00e1n comiendo despu\u00e9s de recibir a m\u00e1s personas en su casa. Foto: Okba Mohammad<\/em><\/figcaption><\/figure>\n<\/figure>\n\n\n\n<p><strong><strong><mark style=\"background-color:rgba(0, 0, 0, 0)\" class=\"has-inline-color has-vivid-red-color\">Despu\u00e9s del Iftar (romper el ayuno), los chicos rezando la oraci\u00f3n del Magreb, que es nombre de la reza en esa hora.<\/mark><\/strong><\/strong><\/p>\n\n\n\n<figure class=\"wp-block-gallery has-nested-images columns-default is-cropped wp-block-gallery-5 is-layout-flex wp-block-gallery-is-layout-flex\">\n<figure class=\"wp-block-image size-large\"><img loading=\"lazy\" decoding=\"async\" width=\"1024\" height=\"682\" data-id=\"5394\" src=\"https:\/\/baynana.es\/wp-content\/uploads\/2022\/04\/DSC_3920-1024x682.jpg\" alt=\"\" class=\"wp-image-5394\" srcset=\"https:\/\/baynana.es\/wp-content\/uploads\/2022\/04\/DSC_3920-1024x682.jpg 1024w, https:\/\/baynana.es\/wp-content\/uploads\/2022\/04\/DSC_3920-300x200.jpg 300w, https:\/\/baynana.es\/wp-content\/uploads\/2022\/04\/DSC_3920-768x512.jpg 768w, https:\/\/baynana.es\/wp-content\/uploads\/2022\/04\/DSC_3920-1536x1023.jpg 1536w, https:\/\/baynana.es\/wp-content\/uploads\/2022\/04\/DSC_3920-2048x1364.jpg 2048w, https:\/\/baynana.es\/wp-content\/uploads\/2022\/04\/DSC_3920-600x400.jpg 600w, https:\/\/baynana.es\/wp-content\/uploads\/2022\/04\/DSC_3920-135x90.jpg 135w\" sizes=\"auto, (max-width: 1024px) 100vw, 1024px\" \/><\/figure>\n\n\n\n<figure class=\"wp-block-image size-large\"><img loading=\"lazy\" decoding=\"async\" width=\"1024\" height=\"682\" data-id=\"5390\" src=\"https:\/\/baynana.es\/wp-content\/uploads\/2022\/04\/DSC_3922-1024x682.jpg\" alt=\"\" class=\"wp-image-5390\" srcset=\"https:\/\/baynana.es\/wp-content\/uploads\/2022\/04\/DSC_3922-1024x682.jpg 1024w, https:\/\/baynana.es\/wp-content\/uploads\/2022\/04\/DSC_3922-300x200.jpg 300w, https:\/\/baynana.es\/wp-content\/uploads\/2022\/04\/DSC_3922-768x512.jpg 768w, https:\/\/baynana.es\/wp-content\/uploads\/2022\/04\/DSC_3922-1536x1023.jpg 1536w, https:\/\/baynana.es\/wp-content\/uploads\/2022\/04\/DSC_3922-2048x1364.jpg 2048w, https:\/\/baynana.es\/wp-content\/uploads\/2022\/04\/DSC_3922-600x400.jpg 600w, https:\/\/baynana.es\/wp-content\/uploads\/2022\/04\/DSC_3922-135x90.jpg 135w\" sizes=\"auto, (max-width: 1024px) 100vw, 1024px\" \/><\/figure>\n\n\n\n<figure class=\"wp-block-image size-large\"><img loading=\"lazy\" decoding=\"async\" width=\"1024\" height=\"682\" data-id=\"5401\" src=\"https:\/\/baynana.es\/wp-content\/uploads\/2022\/04\/DSC_3925-1024x682.jpg\" alt=\"\" class=\"wp-image-5401\" srcset=\"https:\/\/baynana.es\/wp-content\/uploads\/2022\/04\/DSC_3925-1024x682.jpg 1024w, https:\/\/baynana.es\/wp-content\/uploads\/2022\/04\/DSC_3925-300x200.jpg 300w, https:\/\/baynana.es\/wp-content\/uploads\/2022\/04\/DSC_3925-768x512.jpg 768w, https:\/\/baynana.es\/wp-content\/uploads\/2022\/04\/DSC_3925-1536x1023.jpg 1536w, https:\/\/baynana.es\/wp-content\/uploads\/2022\/04\/DSC_3925-2048x1364.jpg 2048w, https:\/\/baynana.es\/wp-content\/uploads\/2022\/04\/DSC_3925-600x400.jpg 600w, https:\/\/baynana.es\/wp-content\/uploads\/2022\/04\/DSC_3925-135x90.jpg 135w\" sizes=\"auto, (max-width: 1024px) 100vw, 1024px\" \/><\/figure>\n\n\n\n<figure class=\"wp-block-image size-large\"><img loading=\"lazy\" decoding=\"async\" width=\"1024\" height=\"682\" data-id=\"5387\" src=\"https:\/\/baynana.es\/wp-content\/uploads\/2022\/04\/DSC_3929-1024x682.jpg\" alt=\"\" class=\"wp-image-5387\" srcset=\"https:\/\/baynana.es\/wp-content\/uploads\/2022\/04\/DSC_3929-1024x682.jpg 1024w, https:\/\/baynana.es\/wp-content\/uploads\/2022\/04\/DSC_3929-300x200.jpg 300w, https:\/\/baynana.es\/wp-content\/uploads\/2022\/04\/DSC_3929-768x512.jpg 768w, https:\/\/baynana.es\/wp-content\/uploads\/2022\/04\/DSC_3929-1536x1023.jpg 1536w, https:\/\/baynana.es\/wp-content\/uploads\/2022\/04\/DSC_3929-2048x1364.jpg 2048w, https:\/\/baynana.es\/wp-content\/uploads\/2022\/04\/DSC_3929-600x400.jpg 600w, https:\/\/baynana.es\/wp-content\/uploads\/2022\/04\/DSC_3929-135x90.jpg 135w\" sizes=\"auto, (max-width: 1024px) 100vw, 1024px\" \/><\/figure>\n\n\n\n<figure class=\"wp-block-image size-large\"><img loading=\"lazy\" decoding=\"async\" width=\"1024\" height=\"682\" data-id=\"5398\" src=\"https:\/\/baynana.es\/wp-content\/uploads\/2022\/04\/DSC_3932-1024x682.jpg\" alt=\"\" class=\"wp-image-5398\" srcset=\"https:\/\/baynana.es\/wp-content\/uploads\/2022\/04\/DSC_3932-1024x682.jpg 1024w, https:\/\/baynana.es\/wp-content\/uploads\/2022\/04\/DSC_3932-300x200.jpg 300w, https:\/\/baynana.es\/wp-content\/uploads\/2022\/04\/DSC_3932-768x512.jpg 768w, https:\/\/baynana.es\/wp-content\/uploads\/2022\/04\/DSC_3932-1536x1023.jpg 1536w, https:\/\/baynana.es\/wp-content\/uploads\/2022\/04\/DSC_3932-2048x1364.jpg 2048w, https:\/\/baynana.es\/wp-content\/uploads\/2022\/04\/DSC_3932-600x400.jpg 600w, https:\/\/baynana.es\/wp-content\/uploads\/2022\/04\/DSC_3932-135x90.jpg 135w\" sizes=\"auto, (max-width: 1024px) 100vw, 1024px\" \/><\/figure>\n\n\n\n<figure class=\"wp-block-image size-large\"><img loading=\"lazy\" decoding=\"async\" width=\"1024\" height=\"682\" data-id=\"5395\" src=\"https:\/\/baynana.es\/wp-content\/uploads\/2022\/04\/DSC_3934-1024x682.jpg\" alt=\"\" class=\"wp-image-5395\" srcset=\"https:\/\/baynana.es\/wp-content\/uploads\/2022\/04\/DSC_3934-1024x682.jpg 1024w, https:\/\/baynana.es\/wp-content\/uploads\/2022\/04\/DSC_3934-300x200.jpg 300w, https:\/\/baynana.es\/wp-content\/uploads\/2022\/04\/DSC_3934-768x512.jpg 768w, https:\/\/baynana.es\/wp-content\/uploads\/2022\/04\/DSC_3934-1536x1023.jpg 1536w, https:\/\/baynana.es\/wp-content\/uploads\/2022\/04\/DSC_3934-2048x1364.jpg 2048w, https:\/\/baynana.es\/wp-content\/uploads\/2022\/04\/DSC_3934-600x400.jpg 600w, https:\/\/baynana.es\/wp-content\/uploads\/2022\/04\/DSC_3934-135x90.jpg 135w\" sizes=\"auto, (max-width: 1024px) 100vw, 1024px\" \/><\/figure>\n<figcaption class=\"blocks-gallery-caption\"><em>Sylla, Ibrahim, Mamadu, y Ahmad empiezan a rezar despu\u00e9s de que Sylla y Ibrahim cambiarse la ropa, y poner galabeya prenda tradicional en los pa\u00edses isl\u00e1micos para sentirse m\u00e1s c\u00f3modos. Foto: Okba Mohammad<\/em><\/figcaption><\/figure>\n\n\n\n<p><\/p>\n\n\n\n<figure class=\"wp-block-image size-large\"><img loading=\"lazy\" decoding=\"async\" width=\"1024\" height=\"682\" src=\"https:\/\/baynana.es\/wp-content\/uploads\/2022\/04\/DSC_3950-1024x682.jpg\" alt=\"\" class=\"wp-image-5404\" srcset=\"https:\/\/baynana.es\/wp-content\/uploads\/2022\/04\/DSC_3950-1024x682.jpg 1024w, https:\/\/baynana.es\/wp-content\/uploads\/2022\/04\/DSC_3950-300x200.jpg 300w, https:\/\/baynana.es\/wp-content\/uploads\/2022\/04\/DSC_3950-768x512.jpg 768w, https:\/\/baynana.es\/wp-content\/uploads\/2022\/04\/DSC_3950-1536x1023.jpg 1536w, https:\/\/baynana.es\/wp-content\/uploads\/2022\/04\/DSC_3950-2048x1364.jpg 2048w, https:\/\/baynana.es\/wp-content\/uploads\/2022\/04\/DSC_3950-600x400.jpg 600w, https:\/\/baynana.es\/wp-content\/uploads\/2022\/04\/DSC_3950-135x90.jpg 135w\" sizes=\"auto, (max-width: 1024px) 100vw, 1024px\" \/><figcaption><em>Sylla, Ibrahim, Ahmad, Mamadu y su amiga Kati, viendo el partido Real Madrid vs Chelsea. Foto: Okba Mohammad<\/em><\/figcaption><\/figure>\n","protected":false},"excerpt":{"rendered":"<p>18 abril\u060c 2022 El \u00faltimo Ramad\u00e1n de Sylla Morey (20 a\u00f1os) en su pa\u00eds y con su familia fue hace 10 a\u00f1os, cuando a\u00fan era ni\u00f1o. Actualmente este joven vive solo en Espa\u00f1a, a donde lleg\u00f3 en 2018 tras abandonar Costa de Marfil, huyendo de los rebeldes que mataron a su t\u00edo y le obligaron &hellip;<\/p>\n","protected":false},"author":6,"featured_media":5341,"comment_status":"closed","ping_status":"closed","sticky":false,"template":"","format":"standard","meta":{"inline_featured_image":false,"footnotes":""},"categories":[51],"tags":[],"ppma_author":[506],"class_list":["post-5406","post","type-post","status-publish","format-standard","has-post-thumbnail","hentry","category-historia-y-cultura"],"acf":[],"yoast_head":"<!-- This site is optimized with the Yoast SEO plugin v25.3.1 - https:\/\/yoast.com\/wordpress\/plugins\/seo\/ -->\n<title>Vivir el Ramad\u00e1n en Espa\u00f1a, lejos de casa<\/title>\n<meta name=\"description\" content=\"Un fotorreportaje que ilustra como se vive el Ramad\u00e1n en Espa\u00f1a a trav\u00e9s de los ojos de Sylla. \u201cEsta casa es un hogar para todos\u201d.\" \/>\n<meta name=\"robots\" content=\"index, follow, max-snippet:-1, max-image-preview:large, max-video-preview:-1\" \/>\n<link rel=\"canonical\" href=\"https:\/\/baynana.es\/es\/vivir-el-ramadan-en-espana-lejos-de-casa\/\" \/>\n<meta property=\"og:locale\" content=\"es_ES\" \/>\n<meta property=\"og:type\" content=\"article\" \/>\n<meta property=\"og:title\" content=\"Vivir el Ramad\u00e1n en Espa\u00f1a, lejos de casa\" \/>\n<meta property=\"og:description\" content=\"Un fotorreportaje que ilustra como se vive el Ramad\u00e1n en Espa\u00f1a a trav\u00e9s de los ojos de Sylla. \u201cEsta casa es un hogar para todos\u201d.\" \/>\n<meta property=\"og:url\" content=\"https:\/\/baynana.es\/es\/vivir-el-ramadan-en-espana-lejos-de-casa\/\" \/>\n<meta property=\"og:site_name\" content=\"Baynana \u0628\u064a\u0646\u0646\u0627\" \/>\n<meta property=\"article:publisher\" content=\"https:\/\/www.facebook.com\/baynanaes\" \/>\n<meta property=\"article:published_time\" content=\"2022-04-18T00:08:59+00:00\" \/>\n<meta property=\"article:modified_time\" content=\"2022-04-18T13:35:46+00:00\" \/>\n<meta property=\"og:image\" content=\"https:\/\/baynana.es\/wp-content\/uploads\/2022\/04\/DSC_3757-scaled.jpg\" \/>\n\t<meta property=\"og:image:width\" content=\"2560\" \/>\n\t<meta property=\"og:image:height\" content=\"1705\" \/>\n\t<meta property=\"og:image:type\" content=\"image\/jpeg\" \/>\n<meta name=\"author\" content=\"Okba Mohammad\" \/>\n<meta name=\"twitter:card\" content=\"summary_large_image\" \/>\n<meta name=\"twitter:creator\" content=\"@OkbaMohammad\" \/>\n<meta name=\"twitter:site\" content=\"@baynanaes\" \/>\n<meta name=\"twitter:label1\" content=\"Escrito por\" \/>\n\t<meta name=\"twitter:data1\" content=\"Okba Mohammad\" \/>\n\t<meta name=\"twitter:label2\" content=\"Tiempo de lectura\" \/>\n\t<meta name=\"twitter:data2\" content=\"9 minutos\" \/>\n<script type=\"application\/ld+json\" class=\"yoast-schema-graph\">{\"@context\":\"https:\/\/schema.org\",\"@graph\":[{\"@type\":\"Article\",\"@id\":\"https:\/\/baynana.es\/es\/vivir-el-ramadan-en-espana-lejos-de-casa\/#article\",\"isPartOf\":{\"@id\":\"https:\/\/baynana.es\/es\/vivir-el-ramadan-en-espana-lejos-de-casa\/\"},\"author\":{\"name\":\"Okba Mohammad\",\"@id\":\"https:\/\/baynana.es\/#\/schema\/person\/2beac5545c08e1117a9ce409cfb3c754\"},\"headline\":\"Vivir el Ramad\u00e1n en Espa\u00f1a, lejos de casa\",\"datePublished\":\"2022-04-18T00:08:59+00:00\",\"dateModified\":\"2022-04-18T13:35:46+00:00\",\"mainEntityOfPage\":{\"@id\":\"https:\/\/baynana.es\/es\/vivir-el-ramadan-en-espana-lejos-de-casa\/\"},\"wordCount\":666,\"publisher\":{\"@id\":\"https:\/\/baynana.es\/#organization\"},\"image\":{\"@id\":\"https:\/\/baynana.es\/es\/vivir-el-ramadan-en-espana-lejos-de-casa\/#primaryimage\"},\"thumbnailUrl\":\"https:\/\/baynana.es\/wp-content\/uploads\/2022\/04\/DSC_3757-scaled.jpg\",\"articleSection\":[\"HISTORIA Y CULTURA\"],\"inLanguage\":\"es\"},{\"@type\":\"WebPage\",\"@id\":\"https:\/\/baynana.es\/es\/vivir-el-ramadan-en-espana-lejos-de-casa\/\",\"url\":\"https:\/\/baynana.es\/es\/vivir-el-ramadan-en-espana-lejos-de-casa\/\",\"name\":\"Vivir el Ramad\u00e1n en Espa\u00f1a, lejos de casa\",\"isPartOf\":{\"@id\":\"https:\/\/baynana.es\/#website\"},\"primaryImageOfPage\":{\"@id\":\"https:\/\/baynana.es\/es\/vivir-el-ramadan-en-espana-lejos-de-casa\/#primaryimage\"},\"image\":{\"@id\":\"https:\/\/baynana.es\/es\/vivir-el-ramadan-en-espana-lejos-de-casa\/#primaryimage\"},\"thumbnailUrl\":\"https:\/\/baynana.es\/wp-content\/uploads\/2022\/04\/DSC_3757-scaled.jpg\",\"datePublished\":\"2022-04-18T00:08:59+00:00\",\"dateModified\":\"2022-04-18T13:35:46+00:00\",\"description\":\"Un fotorreportaje que ilustra como se vive el Ramad\u00e1n en Espa\u00f1a a trav\u00e9s de los ojos de Sylla. \u201cEsta casa es un hogar para todos\u201d.\",\"breadcrumb\":{\"@id\":\"https:\/\/baynana.es\/es\/vivir-el-ramadan-en-espana-lejos-de-casa\/#breadcrumb\"},\"inLanguage\":\"es\",\"potentialAction\":[{\"@type\":\"ReadAction\",\"target\":[\"https:\/\/baynana.es\/es\/vivir-el-ramadan-en-espana-lejos-de-casa\/\"]}]},{\"@type\":\"ImageObject\",\"inLanguage\":\"es\",\"@id\":\"https:\/\/baynana.es\/es\/vivir-el-ramadan-en-espana-lejos-de-casa\/#primaryimage\",\"url\":\"https:\/\/baynana.es\/wp-content\/uploads\/2022\/04\/DSC_3757-scaled.jpg\",\"contentUrl\":\"https:\/\/baynana.es\/wp-content\/uploads\/2022\/04\/DSC_3757-scaled.jpg\",\"width\":2560,\"height\":1705,\"caption\":\"Sylla, Ibrahim y Abdul, hablando en el barrio de Garc\u00edas Noblejas donde vive Sylla. Okba Mohammad\"},{\"@type\":\"BreadcrumbList\",\"@id\":\"https:\/\/baynana.es\/es\/vivir-el-ramadan-en-espana-lejos-de-casa\/#breadcrumb\",\"itemListElement\":[{\"@type\":\"ListItem\",\"position\":1,\"name\":\"Portada\",\"item\":\"https:\/\/baynana.es\/es\/\"},{\"@type\":\"ListItem\",\"position\":2,\"name\":\"Vivir el Ramad\u00e1n en Espa\u00f1a, lejos de casa\"}]},{\"@type\":\"WebSite\",\"@id\":\"https:\/\/baynana.es\/#website\",\"url\":\"https:\/\/baynana.es\/\",\"name\":\"Baynana \u0628\u064a\u0646\u0646\u0627\",\"description\":\"Baynana Revista \u0645\u062c\u0644\u0629 \u0628\u064a\u0646\u0646\u0627\",\"publisher\":{\"@id\":\"https:\/\/baynana.es\/#organization\"},\"potentialAction\":[{\"@type\":\"SearchAction\",\"target\":{\"@type\":\"EntryPoint\",\"urlTemplate\":\"https:\/\/baynana.es\/?s={search_term_string}\"},\"query-input\":{\"@type\":\"PropertyValueSpecification\",\"valueRequired\":true,\"valueName\":\"search_term_string\"}}],\"inLanguage\":\"es\"},{\"@type\":\"Organization\",\"@id\":\"https:\/\/baynana.es\/#organization\",\"name\":\"\u0628\u064a\u0646\u0646\u0627 Baynana\",\"url\":\"https:\/\/baynana.es\/\",\"logo\":{\"@type\":\"ImageObject\",\"inLanguage\":\"es\",\"@id\":\"https:\/\/baynana.es\/#\/schema\/logo\/image\/\",\"url\":\"https:\/\/baynana.es\/wp-content\/uploads\/2021\/03\/Artboard-1.png\",\"contentUrl\":\"https:\/\/baynana.es\/wp-content\/uploads\/2021\/03\/Artboard-1.png\",\"width\":315,\"height\":228,\"caption\":\"\u0628\u064a\u0646\u0646\u0627 Baynana\"},\"image\":{\"@id\":\"https:\/\/baynana.es\/#\/schema\/logo\/image\/\"},\"sameAs\":[\"https:\/\/www.facebook.com\/baynanaes\",\"https:\/\/x.com\/baynanaes\",\"https:\/\/www.instagram.com\/baynanaes\/\",\"https:\/\/www.linkedin.com\/in\/baynana-\u0628\u064a\u0646\u0646\u0627-887599211\/\",\"https:\/\/www.youtube.com\/channel\/UC3019bsq5wOpi61SOufKxPA\"]},{\"@type\":\"Person\",\"@id\":\"https:\/\/baynana.es\/#\/schema\/person\/2beac5545c08e1117a9ce409cfb3c754\",\"name\":\"Okba Mohammad\",\"image\":{\"@type\":\"ImageObject\",\"inLanguage\":\"es\",\"@id\":\"https:\/\/baynana.es\/#\/schema\/person\/image\/9fff0fcb4a1e27e49950a4bf4e7699d1\",\"url\":\"https:\/\/baynana.es\/wp-content\/uploads\/2021\/01\/okba-96x96.jpg\",\"contentUrl\":\"https:\/\/baynana.es\/wp-content\/uploads\/2021\/01\/okba-96x96.jpg\",\"caption\":\"Okba Mohammad\"},\"description\":\"Cubri\u00f3 la guerra en el sur de Siria de 2015 a 2018 con medios locales. Tambi\u00e9n se ha dedicado a documentar violaciones de derechos humanos de detenidos durante el conflicto. En 2019 trabaj\u00f3 como corresponsal independiente en Turqu\u00eda y posteriormente viaj\u00f3 a Espa\u00f1a, donde ha colaborado con medios como Global Voices y el diario P\u00fablico. Actualmente trabaja como reportero en Baynana\",\"sameAs\":[\"http:\/\/moussa\",\"https:\/\/x.com\/@OkbaMohammad\"],\"url\":\"https:\/\/baynana.es\/es\/author\/okba\/\"}]}<\/script>\n<!-- \/ Yoast SEO plugin. -->","yoast_head_json":{"title":"Vivir el Ramad\u00e1n en Espa\u00f1a, lejos de casa","description":"Un fotorreportaje que ilustra como se vive el Ramad\u00e1n en Espa\u00f1a a trav\u00e9s de los ojos de Sylla. \u201cEsta casa es un hogar para todos\u201d.","robots":{"index":"index","follow":"follow","max-snippet":"max-snippet:-1","max-image-preview":"max-image-preview:large","max-video-preview":"max-video-preview:-1"},"canonical":"https:\/\/baynana.es\/es\/vivir-el-ramadan-en-espana-lejos-de-casa\/","og_locale":"es_ES","og_type":"article","og_title":"Vivir el Ramad\u00e1n en Espa\u00f1a, lejos de casa","og_description":"Un fotorreportaje que ilustra como se vive el Ramad\u00e1n en Espa\u00f1a a trav\u00e9s de los ojos de Sylla. \u201cEsta casa es un hogar para todos\u201d.","og_url":"https:\/\/baynana.es\/es\/vivir-el-ramadan-en-espana-lejos-de-casa\/","og_site_name":"Baynana \u0628\u064a\u0646\u0646\u0627","article_publisher":"https:\/\/www.facebook.com\/baynanaes","article_published_time":"2022-04-18T00:08:59+00:00","article_modified_time":"2022-04-18T13:35:46+00:00","og_image":[{"width":2560,"height":1705,"url":"https:\/\/baynana.es\/wp-content\/uploads\/2022\/04\/DSC_3757-scaled.jpg","type":"image\/jpeg"}],"author":"Okba Mohammad","twitter_card":"summary_large_image","twitter_creator":"@OkbaMohammad","twitter_site":"@baynanaes","twitter_misc":{"Escrito por":"Okba Mohammad","Tiempo de lectura":"9 minutos"},"schema":{"@context":"https:\/\/schema.org","@graph":[{"@type":"Article","@id":"https:\/\/baynana.es\/es\/vivir-el-ramadan-en-espana-lejos-de-casa\/#article","isPartOf":{"@id":"https:\/\/baynana.es\/es\/vivir-el-ramadan-en-espana-lejos-de-casa\/"},"author":{"name":"Okba Mohammad","@id":"https:\/\/baynana.es\/#\/schema\/person\/2beac5545c08e1117a9ce409cfb3c754"},"headline":"Vivir el Ramad\u00e1n en Espa\u00f1a, lejos de casa","datePublished":"2022-04-18T00:08:59+00:00","dateModified":"2022-04-18T13:35:46+00:00","mainEntityOfPage":{"@id":"https:\/\/baynana.es\/es\/vivir-el-ramadan-en-espana-lejos-de-casa\/"},"wordCount":666,"publisher":{"@id":"https:\/\/baynana.es\/#organization"},"image":{"@id":"https:\/\/baynana.es\/es\/vivir-el-ramadan-en-espana-lejos-de-casa\/#primaryimage"},"thumbnailUrl":"https:\/\/baynana.es\/wp-content\/uploads\/2022\/04\/DSC_3757-scaled.jpg","articleSection":["HISTORIA Y CULTURA"],"inLanguage":"es"},{"@type":"WebPage","@id":"https:\/\/baynana.es\/es\/vivir-el-ramadan-en-espana-lejos-de-casa\/","url":"https:\/\/baynana.es\/es\/vivir-el-ramadan-en-espana-lejos-de-casa\/","name":"Vivir el Ramad\u00e1n en Espa\u00f1a, lejos de casa","isPartOf":{"@id":"https:\/\/baynana.es\/#website"},"primaryImageOfPage":{"@id":"https:\/\/baynana.es\/es\/vivir-el-ramadan-en-espana-lejos-de-casa\/#primaryimage"},"image":{"@id":"https:\/\/baynana.es\/es\/vivir-el-ramadan-en-espana-lejos-de-casa\/#primaryimage"},"thumbnailUrl":"https:\/\/baynana.es\/wp-content\/uploads\/2022\/04\/DSC_3757-scaled.jpg","datePublished":"2022-04-18T00:08:59+00:00","dateModified":"2022-04-18T13:35:46+00:00","description":"Un fotorreportaje que ilustra como se vive el Ramad\u00e1n en Espa\u00f1a a trav\u00e9s de los ojos de Sylla. \u201cEsta casa es un hogar para todos\u201d.","breadcrumb":{"@id":"https:\/\/baynana.es\/es\/vivir-el-ramadan-en-espana-lejos-de-casa\/#breadcrumb"},"inLanguage":"es","potentialAction":[{"@type":"ReadAction","target":["https:\/\/baynana.es\/es\/vivir-el-ramadan-en-espana-lejos-de-casa\/"]}]},{"@type":"ImageObject","inLanguage":"es","@id":"https:\/\/baynana.es\/es\/vivir-el-ramadan-en-espana-lejos-de-casa\/#primaryimage","url":"https:\/\/baynana.es\/wp-content\/uploads\/2022\/04\/DSC_3757-scaled.jpg","contentUrl":"https:\/\/baynana.es\/wp-content\/uploads\/2022\/04\/DSC_3757-scaled.jpg","width":2560,"height":1705,"caption":"Sylla, Ibrahim y Abdul, hablando en el barrio de Garc\u00edas Noblejas donde vive Sylla. Okba Mohammad"},{"@type":"BreadcrumbList","@id":"https:\/\/baynana.es\/es\/vivir-el-ramadan-en-espana-lejos-de-casa\/#breadcrumb","itemListElement":[{"@type":"ListItem","position":1,"name":"Portada","item":"https:\/\/baynana.es\/es\/"},{"@type":"ListItem","position":2,"name":"Vivir el Ramad\u00e1n en Espa\u00f1a, lejos de casa"}]},{"@type":"WebSite","@id":"https:\/\/baynana.es\/#website","url":"https:\/\/baynana.es\/","name":"Baynana \u0628\u064a\u0646\u0646\u0627","description":"Baynana Revista \u0645\u062c\u0644\u0629 \u0628\u064a\u0646\u0646\u0627","publisher":{"@id":"https:\/\/baynana.es\/#organization"},"potentialAction":[{"@type":"SearchAction","target":{"@type":"EntryPoint","urlTemplate":"https:\/\/baynana.es\/?s={search_term_string}"},"query-input":{"@type":"PropertyValueSpecification","valueRequired":true,"valueName":"search_term_string"}}],"inLanguage":"es"},{"@type":"Organization","@id":"https:\/\/baynana.es\/#organization","name":"\u0628\u064a\u0646\u0646\u0627 Baynana","url":"https:\/\/baynana.es\/","logo":{"@type":"ImageObject","inLanguage":"es","@id":"https:\/\/baynana.es\/#\/schema\/logo\/image\/","url":"https:\/\/baynana.es\/wp-content\/uploads\/2021\/03\/Artboard-1.png","contentUrl":"https:\/\/baynana.es\/wp-content\/uploads\/2021\/03\/Artboard-1.png","width":315,"height":228,"caption":"\u0628\u064a\u0646\u0646\u0627 Baynana"},"image":{"@id":"https:\/\/baynana.es\/#\/schema\/logo\/image\/"},"sameAs":["https:\/\/www.facebook.com\/baynanaes","https:\/\/x.com\/baynanaes","https:\/\/www.instagram.com\/baynanaes\/","https:\/\/www.linkedin.com\/in\/baynana-\u0628\u064a\u0646\u0646\u0627-887599211\/","https:\/\/www.youtube.com\/channel\/UC3019bsq5wOpi61SOufKxPA"]},{"@type":"Person","@id":"https:\/\/baynana.es\/#\/schema\/person\/2beac5545c08e1117a9ce409cfb3c754","name":"Okba Mohammad","image":{"@type":"ImageObject","inLanguage":"es","@id":"https:\/\/baynana.es\/#\/schema\/person\/image\/9fff0fcb4a1e27e49950a4bf4e7699d1","url":"https:\/\/baynana.es\/wp-content\/uploads\/2021\/01\/okba-96x96.jpg","contentUrl":"https:\/\/baynana.es\/wp-content\/uploads\/2021\/01\/okba-96x96.jpg","caption":"Okba Mohammad"},"description":"Cubri\u00f3 la guerra en el sur de Siria de 2015 a 2018 con medios locales. Tambi\u00e9n se ha dedicado a documentar violaciones de derechos humanos de detenidos durante el conflicto. En 2019 trabaj\u00f3 como corresponsal independiente en Turqu\u00eda y posteriormente viaj\u00f3 a Espa\u00f1a, donde ha colaborado con medios como Global Voices y el diario P\u00fablico. Actualmente trabaja como reportero en Baynana","sameAs":["http:\/\/moussa","https:\/\/x.com\/@OkbaMohammad"],"url":"https:\/\/baynana.es\/es\/author\/okba\/"}]}},"authors":[{"term_id":506,"user_id":6,"is_guest":0,"slug":"okba","display_name":"Okba Mohammad","avatar_url":"https:\/\/baynana.es\/wp-content\/uploads\/2021\/01\/okba-96x96.jpg","author_category":"","first_name":"Okba","last_name":"Mohammad","user_url":"http:\/\/moussa","job_title":"","description":"Cubri\u00f3 la guerra en el sur de Siria de 2015 a 2018 con medios locales. Tambi\u00e9n se ha dedicado a documentar violaciones de derechos humanos de detenidos durante el conflicto. En 2019 trabaj\u00f3 como corresponsal independiente en Turqu\u00eda y posteriormente viaj\u00f3 a Espa\u00f1a, donde ha colaborado con medios como Global Voices y el diario P\u00fablico. Actualmente trabaja como reportero en Baynana"}],"_links":{"self":[{"href":"https:\/\/baynana.es\/es\/wp-json\/wp\/v2\/posts\/5406","targetHints":{"allow":["GET"]}}],"collection":[{"href":"https:\/\/baynana.es\/es\/wp-json\/wp\/v2\/posts"}],"about":[{"href":"https:\/\/baynana.es\/es\/wp-json\/wp\/v2\/types\/post"}],"author":[{"embeddable":true,"href":"https:\/\/baynana.es\/es\/wp-json\/wp\/v2\/users\/6"}],"replies":[{"embeddable":true,"href":"https:\/\/baynana.es\/es\/wp-json\/wp\/v2\/comments?post=5406"}],"version-history":[{"count":4,"href":"https:\/\/baynana.es\/es\/wp-json\/wp\/v2\/posts\/5406\/revisions"}],"predecessor-version":[{"id":5417,"href":"https:\/\/baynana.es\/es\/wp-json\/wp\/v2\/posts\/5406\/revisions\/5417"}],"wp:featuredmedia":[{"embeddable":true,"href":"https:\/\/baynana.es\/es\/wp-json\/wp\/v2\/media\/5341"}],"wp:attachment":[{"href":"https:\/\/baynana.es\/es\/wp-json\/wp\/v2\/media?parent=5406"}],"wp:term":[{"taxonomy":"category","embeddable":true,"href":"https:\/\/baynana.es\/es\/wp-json\/wp\/v2\/categories?post=5406"},{"taxonomy":"post_tag","embeddable":true,"href":"https:\/\/baynana.es\/es\/wp-json\/wp\/v2\/tags?post=5406"},{"taxonomy":"author","embeddable":true,"href":"https:\/\/baynana.es\/es\/wp-json\/wp\/v2\/ppma_author?post=5406"}],"curies":[{"name":"wp","href":"https:\/\/api.w.org\/{rel}","templated":true}]}}