{"id":6109,"date":"2022-08-04T16:25:18","date_gmt":"2022-08-04T14:25:18","guid":{"rendered":"https:\/\/baynana.es\/?p=6109"},"modified":"2022-08-04T16:45:00","modified_gmt":"2022-08-04T14:45:00","slug":"la-muerte-aqui-deja-atonito-rusia-intensifica-sus-ataques-en-el-noroeste-de-siria","status":"publish","type":"post","link":"https:\/\/baynana.es\/es\/la-muerte-aqui-deja-atonito-rusia-intensifica-sus-ataques-en-el-noroeste-de-siria\/","title":{"rendered":"\u00abLa muerte aqu\u00ed deja at\u00f3nito\u00bb: Rusia intensifica sus ataques en el noroeste de Siria"},"content":{"rendered":"<div class=\"wp-block-post-date\"><time datetime=\"2022-08-04T16:25:18+02:00\">4 agosto\u060c 2022<\/time><\/div>\n\n\n<p>En las \u00faltimas semanas, la masacre contra los civiles sirios es constante. El s\u00e1bado 30 de julio de 2022 dos ni\u00f1os murieron y dos hombres resultaron heridos como resultado del bombardeo de artiller\u00eda de las fuerzas del r\u00e9gimen sirio y Rusia, que atacaron la aldea de Kafr Ta&#8217;al en el campo de Alepo. Al d\u00eda siguiente los bombardeos tuvieron como objetivo el mismo pueblo, lo que no caus\u00f3 bajas civiles pero provoc\u00f3 la muerte de 25 ovejas. Tambi\u00e9n el lunes 25 de julio, una mujer muri\u00f3 en un bombardeo similar en la ciudad de Azaz, al norte de Alepo.<\/p>\n\n\n\n<p>La regi\u00f3n noroeste de Siria est\u00e1 presenciando una escalada continua en los \u00faltimos tiempos, ya que el r\u00e9gimen sirio y las fuerzas rusas atacan \u00e1reas separadas con artiller\u00eda pesada, misiles y aviones. La ciudad de Idlib en particular es objeto de repetidos ataques, a pesar de la continuaci\u00f3n del llamado <a href=\"https:\/\/www.reuters.com\/article\/us-syria-security-turkey-russia-idUSKBN2101H2\">acuerdo de Mosc\u00fa o el acuerdo de \u2018cese al fuego\u2019<\/a>, firmado entre Rusia y Turqu\u00eda en marzo de 2020, que se supone que salvar\u00e1 a esta ciudad de bombardeos y operaciones militares.<\/p>\n\n\n\n<h3 class=\"wp-block-heading\"><strong><mark style=\"background-color:rgba(0, 0, 0, 0)\" class=\"has-inline-color has-vivid-red-color\">Masacre contra una familia desplazada<\/mark><\/strong><\/h3>\n\n\n\n<p>Alrededor de las 6 de la ma\u00f1ana del viernes 22 de julio de 2022, un avi\u00f3n ruso hizo su primera incursi\u00f3n en una granja av\u00edcola en la ciudad de Al-Jadida, al oeste de Idlib, habitada por personas desplazadas del campo de Hama. El ataque dej\u00f3 cuatro muertos, entre ellos varios ni\u00f1os que eran hermanos, e hiri\u00f3 a sus padres. Cinco minutos despu\u00e9s del primer ataque, los aviones realizaron incursiones a\u00e9reas en el mismo lugar donde se produjo la masacre, lo que provoc\u00f3 la muerte de dos j\u00f3venes que se encontraban en las cercan\u00edas y se apresuraron a auxiliar a los heridos producto de la primera ofensiva.<\/p>\n\n\n\n<p>Al mismo tiempo, los aviones lanzaron dos ataques a\u00e9reos a 500 metros del lugar de los primeros ataques, lo que provoc\u00f3 la muerte de la s\u00e9ptima persona que se encontraba en la carretera cerca del lugar, seg\u00fan inform\u00f3 la Defensa Civil siria a Baynana a trav\u00e9s de un correo electr\u00f3nico: \u201cEstas son viviendas de civiles y deben ser neutralizadas y protegidas por la ley derecho internacional\u201d.<\/p>\n\n\n\n<p>En cuanto a los 13 heridos, entre ellos ocho ni\u00f1os, que fueron sacados de debajo de los escombros por equipos de protecci\u00f3n civil y trasladados a hospitales, la madre de los cuatro ni\u00f1os muertos se encuentra en cuidados intensivos en estado cr\u00edtico. Tambi\u00e9n hay una ni\u00f1a en estado cr\u00edtico, mientras que el padre y el resto de los heridos su estado es estable, seg\u00fan Defensa Civil.<\/p>\n\n\n\n<p>Los equipos de rescate de la Defensa Civil respondieron desde principios de a\u00f1o hasta el jueves 21 de julio de 2022 a 216 ataques contra civiles en el noroeste de Siria por parte del r\u00e9gimen sirio y Rusia, que provocaron la muerte de 24 civiles, incluidos ocho ni\u00f1os y cuatro mujeres, e hirieron a otros 45. Entre ellos se encuentran 44 ataques a\u00e9reos de aviones rusos.<\/p>\n\n\n\n<p>Las cadenas locales transmiten duras escenas <a href=\"https:\/\/twitter.com\/syriacivildef\/status\/1550420081569570817?s=24&amp;t=tfbAjR-M1pBcaNcnrysyLQ\">de los ni\u00f1os muertos <\/a>y familias devastadas. Las fuentes locales dijeron que el resto de la familia se vio obligada a huir nuevamente a las casas de sus conocidos en otra zona, luego de que perdieran su \u00faltimo refugio debido a los ataques rusos.<\/p>\n\n\n\n<p>La masacre y las escenas que se difundieron en las redes sociales causan ira y tristeza al mismo tiempo. Defensa Civil escribi\u00f3 en su cuenta de Twitter, comentando sobre la masacre: \u201cLa vida se par\u00f3 y los corazones lloraron en silencio. Algunas almas se desbordaron hacia el cielo y otras lloraron de dolor. La muerte aqu\u00ed deja at\u00f3nito. El silencio tambi\u00e9n.\u201d<\/p>\n\n\n\n<blockquote class=\"twitter-tweet\"><p lang=\"en\" dir=\"ltr\">Scenes show the <a href=\"https:\/\/twitter.com\/hashtag\/WhiteHelmets?src=hash&amp;ref_src=twsrc%5Etfw\">#WhiteHelmets<\/a>&#39; response to missile attacks that were fired from the SDF and the regime-controlled areas and hit the IDP camp, <a href=\"https:\/\/twitter.com\/hashtag\/Kuayt_Alrahma?src=hash&amp;ref_src=twsrc%5Etfw\">#Kuayt_Alrahma<\/a>, near <a href=\"https:\/\/twitter.com\/hashtag\/Afrin?src=hash&amp;ref_src=twsrc%5Etfw\">#Afrin<\/a>, north of <a href=\"https:\/\/twitter.com\/hashtag\/Aleppo?src=hash&amp;ref_src=twsrc%5Etfw\">#Aleppo<\/a>, killing a civilian and injuring two others. <a href=\"https:\/\/t.co\/nN1uyDk7yh\">pic.twitter.com\/nN1uyDk7yh<\/a><\/p>&mdash; The White Helmets (@SyriaCivilDef) <a href=\"https:\/\/twitter.com\/SyriaCivilDef\/status\/1551193298479579136?ref_src=twsrc%5Etfw\">July 24, 2022<\/a><\/blockquote> <script async src=\"https:\/\/platform.twitter.com\/widgets.js\" charset=\"utf-8\"><\/script> \n\n\n\n<p>Pocos d\u00edas despu\u00e9s de la masacre, un civil muri\u00f3 y dos resultaron heridos, entre ellos una mujer, por un ataque con misiles contra el campamento para desplazados de Kuwait Al-Rahma en la ciudad de Afrin, al norte de Alepo, el domingo 25 de julio de 2022. La fuente del bombardeo son las \u00e1reas controladas por las Fuerzas Democr\u00e1ticas Sirias y las fuerzas del r\u00e9gimen sirio, seg\u00fan la Defensa Civil, que dijo en un comunicado: \u00abEsta escalada es peligrosa y un nuevo crimen terrorista que entra dentro una pol\u00edtica sistem\u00e1tica dirigida a los civiles\u00bb.<\/p>\n\n\n\n<h3 class=\"wp-block-heading\"><strong><mark style=\"background-color:rgba(0, 0, 0, 0)\" class=\"has-inline-color has-vivid-red-color\">La sangre de los sirios: mensajes pol\u00edticos<\/mark><\/strong><\/h3>\n\n\n\n<p>Estos ataques se produjeron pocos d\u00edas despu\u00e9s de la cumbre tripartita de Teher\u00e1n entre los actores m\u00e1s destacados de <a href=\"https:\/\/www.eldiario.es\/internacional\/guerra-siria-continua-ultimo-bastion-rebelde-queda-periodo-sufrimiento_1_8662823.html\">la guerra de Siria<\/a>, Turqu\u00eda, Rusia e Ir\u00e1n. En ella, Teher\u00e1n expres\u00f3 a Erdogan su rechazo a la operaci\u00f3n militar que Turqu\u00eda pretende lanzar sobre las zonas bajo control de las Fuerzas Democr\u00e1ticas Sirias en las zonas rurales del norte y el este de Alepo.<\/p>\n\n\n\n<p>\u201cEl bombardeo de las \u00e1reas habitadas por los desplazados es un mensaje de Rusia e Ir\u00e1n a trav\u00e9s de los sirios: que estamos listos para escalar la situaci\u00f3n en todos los lugares y no tomar ninguna consideraci\u00f3n por los desplazados ni por nadie, y estamos listos para bombardear los lugares bajo su control\u201d, explica a Baynana el Jefe del Centro de Estudios Rassd, Brigadier Abdullah Al-Asaad.<\/p>\n\n\n\n<p>Al-Assaad ve los ataques que siguieron a la cumbre, que a\u00fan est\u00e1 en curso, como un medio de presi\u00f3n sobre Turqu\u00eda por parte de los rusos y los iran\u00edes para evitar que lleve a cabo la operaci\u00f3n militar. Tambi\u00e9n dijo que el objetivo de estos \u00abexcesos\u00bb por parte de Rusia es dar se\u00f1ales a Turqu\u00eda de que tiene una mano poderosa en el norte de Siria y que controla la geograf\u00eda siria a pesar del control turco.<\/p>\n\n\n\n<p>Hasta la primera mitad de 2022, el n\u00famero de sitios militares turcos en Siria lleg\u00f3 a 124, mientras que los sitios iran\u00edes fueron 469, los rusos 132 y los sitios de la coalici\u00f3n internacional liderada por Estados Unidos 28, <a href=\"https:\/\/jusoor.co\/details\/%D8%AE%D8%B1%D9%8A%D8%B7%D8%A9-%D9%86%D9%82%D8%A7%D8%B7-%D8%A7%D9%84%D9%82%D9%88%D9%89-%D8%A7%D9%84%D8%AE%D8%A7%D8%B1%D8%AC%D9%8A%D9%91%D8%A9-%D9%81%D9%8A-%D8%B3%D9%88%D8%B1%D9%8A%D8%A9-%E2%80%93-%D9%85%D9%86%D8%AA%D8%B5%D9%81-%D8%B9%D8%A7%D9%85-2022\/1100\/ar\">seg\u00fan el Centro de Estudios Jusoor.<\/a><\/p>\n\n\n\n<p>\u00abLa parte rusa no est\u00e1 comprometida con los acuerdos, y no ha pasado un mes sin cometer masacres, ya sea ella o su aliado, el r\u00e9gimen de Assad\u00bb, concluye Al-Assaad, que cree que la situaci\u00f3n se encaminar\u00e1 a una escalada que puede afectar a otros regiones, que es lo que realmente est\u00e1 sucediendo.<\/p>\n\n\n\n<p>Los ataques rusos a los que <a href=\"https:\/\/reliefweb.int\/report\/syrian-arab-republic\/1271-civilians-including-299-children-134-women-and-104-victims-torture\">respondieron los equipos de defensa civil ascendieron<\/a> a 5.586 desde el inicio de<a href=\"https:\/\/www.bbc.com\/mundo\/noticias-internacional-60654946\"> la intervenci\u00f3n rusa<\/a> en 2015 hasta 2021, y resultaron en la muerte de al menos 4.018 civiles, incluidos mujeres y ni\u00f1os. En su comunicado, la Defensa Civil aclar\u00f3 que estos ataques son solo ataques rusos y no incluyen aquellos conjuntos entre Rusia y el r\u00e9gimen sirio. Se\u00f1al\u00f3 que el n\u00famero de muertos es mayor que esa cifra, porque muchos de los heridos mueren despu\u00e9s de ser atendidos.<\/p>\n\n\n\n<p>Seg\u00fan Defensa Civil, \u201cla impunidad de los cr\u00edmenes de guerra cometidos por las fuerzas del r\u00e9gimen y Rusia y el uso de Siria como campo de pruebas para el desarrollo de armas rusas, sus efectos no se limitar\u00e1n a los sirios, ya que este comportamiento muestra un flagrante desprecio por la vida humana y las obligaciones en virtud del derecho internacional humanitario\u201d.<\/p>\n","protected":false},"excerpt":{"rendered":"<p>4 agosto\u060c 2022 En las \u00faltimas semanas, la masacre contra los civiles sirios es constante. El s\u00e1bado 30 de julio de 2022 dos ni\u00f1os murieron y dos hombres resultaron heridos como resultado del bombardeo de artiller\u00eda de las fuerzas del r\u00e9gimen sirio y Rusia, que atacaron la aldea de Kafr Ta&#8217;al en el campo de &hellip;<\/p>\n","protected":false},"author":6,"featured_media":6102,"comment_status":"closed","ping_status":"closed","sticky":false,"template":"","format":"standard","meta":{"inline_featured_image":false,"footnotes":""},"categories":[65,11,54,52],"tags":[91],"ppma_author":[506],"class_list":["post-6109","post","type-post","status-publish","format-standard","has-post-thumbnail","hentry","category-derechos","category-inicio","category-politica","category-reportajes","tag-revista-baynana"],"acf":[],"yoast_head":"<!-- This site is optimized with the Yoast SEO plugin v25.3.1 - https:\/\/yoast.com\/wordpress\/plugins\/seo\/ -->\n<title>&quot;La muerte aqu\u00ed deja at\u00f3nito&quot;: Rusia intensifica sus ataques en el noroeste de Siria<\/title>\n<meta name=\"description\" content=\"El r\u00e9gimen sirio y su aliado Rusia atacaron \u00e1reas separadas del noroeste de Siria, causando bajas civiles.\" \/>\n<meta name=\"robots\" content=\"index, follow, max-snippet:-1, max-image-preview:large, max-video-preview:-1\" \/>\n<link rel=\"canonical\" href=\"https:\/\/baynana.es\/es\/la-muerte-aqui-deja-atonito-rusia-intensifica-sus-ataques-en-el-noroeste-de-siria\/\" \/>\n<meta property=\"og:locale\" content=\"es_ES\" \/>\n<meta property=\"og:type\" content=\"article\" \/>\n<meta property=\"og:title\" content=\"&quot;La muerte aqu\u00ed deja at\u00f3nito&quot;: Rusia intensifica sus ataques en el noroeste de Siria\" \/>\n<meta property=\"og:description\" content=\"El r\u00e9gimen sirio y su aliado Rusia atacaron \u00e1reas separadas del noroeste de Siria, causando bajas civiles.\" \/>\n<meta property=\"og:url\" content=\"https:\/\/baynana.es\/es\/la-muerte-aqui-deja-atonito-rusia-intensifica-sus-ataques-en-el-noroeste-de-siria\/\" \/>\n<meta property=\"og:site_name\" content=\"Baynana \u0628\u064a\u0646\u0646\u0627\" \/>\n<meta property=\"article:publisher\" content=\"https:\/\/www.facebook.com\/baynanaes\" \/>\n<meta property=\"article:published_time\" content=\"2022-08-04T14:25:18+00:00\" \/>\n<meta property=\"article:modified_time\" content=\"2022-08-04T14:45:00+00:00\" \/>\n<meta property=\"og:image\" content=\"https:\/\/baynana.es\/wp-content\/uploads\/2022\/08\/\u0649\u062b\u0642222211-scaled.jpg\" \/>\n\t<meta property=\"og:image:width\" content=\"2560\" \/>\n\t<meta property=\"og:image:height\" content=\"1581\" \/>\n\t<meta property=\"og:image:type\" content=\"image\/jpeg\" \/>\n<meta name=\"author\" content=\"Okba Mohammad\" \/>\n<meta name=\"twitter:card\" content=\"summary_large_image\" \/>\n<meta name=\"twitter:creator\" content=\"@OkbaMohammad\" \/>\n<meta name=\"twitter:site\" content=\"@baynanaes\" \/>\n<meta name=\"twitter:label1\" content=\"Escrito por\" \/>\n\t<meta name=\"twitter:data1\" content=\"Okba Mohammad\" \/>\n\t<meta name=\"twitter:label2\" content=\"Tiempo de lectura\" \/>\n\t<meta name=\"twitter:data2\" content=\"9 minutos\" \/>\n<script type=\"application\/ld+json\" class=\"yoast-schema-graph\">{\"@context\":\"https:\/\/schema.org\",\"@graph\":[{\"@type\":\"Article\",\"@id\":\"https:\/\/baynana.es\/es\/la-muerte-aqui-deja-atonito-rusia-intensifica-sus-ataques-en-el-noroeste-de-siria\/#article\",\"isPartOf\":{\"@id\":\"https:\/\/baynana.es\/es\/la-muerte-aqui-deja-atonito-rusia-intensifica-sus-ataques-en-el-noroeste-de-siria\/\"},\"author\":{\"name\":\"Okba Mohammad\",\"@id\":\"https:\/\/baynana.es\/#\/schema\/person\/2beac5545c08e1117a9ce409cfb3c754\"},\"headline\":\"\u00abLa muerte aqu\u00ed deja at\u00f3nito\u00bb: Rusia intensifica sus ataques en el noroeste de Siria\",\"datePublished\":\"2022-08-04T14:25:18+00:00\",\"dateModified\":\"2022-08-04T14:45:00+00:00\",\"mainEntityOfPage\":{\"@id\":\"https:\/\/baynana.es\/es\/la-muerte-aqui-deja-atonito-rusia-intensifica-sus-ataques-en-el-noroeste-de-siria\/\"},\"wordCount\":1278,\"publisher\":{\"@id\":\"https:\/\/baynana.es\/#organization\"},\"image\":{\"@id\":\"https:\/\/baynana.es\/es\/la-muerte-aqui-deja-atonito-rusia-intensifica-sus-ataques-en-el-noroeste-de-siria\/#primaryimage\"},\"thumbnailUrl\":\"https:\/\/baynana.es\/wp-content\/uploads\/2022\/08\/\u0649\u062b\u0642222211-scaled.jpg\",\"keywords\":[\"REVISTA BAYNANA\"],\"articleSection\":[\"DERECHOS\",\"INICIO\",\"POL\u00cdTICA\",\"REPORTAJES\"],\"inLanguage\":\"es\"},{\"@type\":\"WebPage\",\"@id\":\"https:\/\/baynana.es\/es\/la-muerte-aqui-deja-atonito-rusia-intensifica-sus-ataques-en-el-noroeste-de-siria\/\",\"url\":\"https:\/\/baynana.es\/es\/la-muerte-aqui-deja-atonito-rusia-intensifica-sus-ataques-en-el-noroeste-de-siria\/\",\"name\":\"\\\"La muerte aqu\u00ed deja at\u00f3nito\\\": Rusia intensifica sus ataques en el noroeste de Siria\",\"isPartOf\":{\"@id\":\"https:\/\/baynana.es\/#website\"},\"primaryImageOfPage\":{\"@id\":\"https:\/\/baynana.es\/es\/la-muerte-aqui-deja-atonito-rusia-intensifica-sus-ataques-en-el-noroeste-de-siria\/#primaryimage\"},\"image\":{\"@id\":\"https:\/\/baynana.es\/es\/la-muerte-aqui-deja-atonito-rusia-intensifica-sus-ataques-en-el-noroeste-de-siria\/#primaryimage\"},\"thumbnailUrl\":\"https:\/\/baynana.es\/wp-content\/uploads\/2022\/08\/\u0649\u062b\u0642222211-scaled.jpg\",\"datePublished\":\"2022-08-04T14:25:18+00:00\",\"dateModified\":\"2022-08-04T14:45:00+00:00\",\"description\":\"El r\u00e9gimen sirio y su aliado Rusia atacaron \u00e1reas separadas del noroeste de Siria, causando bajas civiles.\",\"breadcrumb\":{\"@id\":\"https:\/\/baynana.es\/es\/la-muerte-aqui-deja-atonito-rusia-intensifica-sus-ataques-en-el-noroeste-de-siria\/#breadcrumb\"},\"inLanguage\":\"es\",\"potentialAction\":[{\"@type\":\"ReadAction\",\"target\":[\"https:\/\/baynana.es\/es\/la-muerte-aqui-deja-atonito-rusia-intensifica-sus-ataques-en-el-noroeste-de-siria\/\"]}]},{\"@type\":\"ImageObject\",\"inLanguage\":\"es\",\"@id\":\"https:\/\/baynana.es\/es\/la-muerte-aqui-deja-atonito-rusia-intensifica-sus-ataques-en-el-noroeste-de-siria\/#primaryimage\",\"url\":\"https:\/\/baynana.es\/wp-content\/uploads\/2022\/08\/\u0649\u062b\u0642222211-scaled.jpg\",\"contentUrl\":\"https:\/\/baynana.es\/wp-content\/uploads\/2022\/08\/\u0649\u062b\u0642222211-scaled.jpg\",\"width\":2560,\"height\":1581,\"caption\":\"La casa de la familia desplazada en el campo de Idlib, fue atacada por aviones rusos, matando a 4 ni\u00f1os. Omar Al Bam\"},{\"@type\":\"BreadcrumbList\",\"@id\":\"https:\/\/baynana.es\/es\/la-muerte-aqui-deja-atonito-rusia-intensifica-sus-ataques-en-el-noroeste-de-siria\/#breadcrumb\",\"itemListElement\":[{\"@type\":\"ListItem\",\"position\":1,\"name\":\"Portada\",\"item\":\"https:\/\/baynana.es\/es\/\"},{\"@type\":\"ListItem\",\"position\":2,\"name\":\"&#8220;La muerte aqu\u00ed deja at\u00f3nito&#8221;: Rusia intensifica sus ataques en el noroeste de Siria\"}]},{\"@type\":\"WebSite\",\"@id\":\"https:\/\/baynana.es\/#website\",\"url\":\"https:\/\/baynana.es\/\",\"name\":\"Baynana \u0628\u064a\u0646\u0646\u0627\",\"description\":\"Baynana Revista \u0645\u062c\u0644\u0629 \u0628\u064a\u0646\u0646\u0627\",\"publisher\":{\"@id\":\"https:\/\/baynana.es\/#organization\"},\"potentialAction\":[{\"@type\":\"SearchAction\",\"target\":{\"@type\":\"EntryPoint\",\"urlTemplate\":\"https:\/\/baynana.es\/?s={search_term_string}\"},\"query-input\":{\"@type\":\"PropertyValueSpecification\",\"valueRequired\":true,\"valueName\":\"search_term_string\"}}],\"inLanguage\":\"es\"},{\"@type\":\"Organization\",\"@id\":\"https:\/\/baynana.es\/#organization\",\"name\":\"\u0628\u064a\u0646\u0646\u0627 Baynana\",\"url\":\"https:\/\/baynana.es\/\",\"logo\":{\"@type\":\"ImageObject\",\"inLanguage\":\"es\",\"@id\":\"https:\/\/baynana.es\/#\/schema\/logo\/image\/\",\"url\":\"https:\/\/baynana.es\/wp-content\/uploads\/2021\/03\/Artboard-1.png\",\"contentUrl\":\"https:\/\/baynana.es\/wp-content\/uploads\/2021\/03\/Artboard-1.png\",\"width\":315,\"height\":228,\"caption\":\"\u0628\u064a\u0646\u0646\u0627 Baynana\"},\"image\":{\"@id\":\"https:\/\/baynana.es\/#\/schema\/logo\/image\/\"},\"sameAs\":[\"https:\/\/www.facebook.com\/baynanaes\",\"https:\/\/x.com\/baynanaes\",\"https:\/\/www.instagram.com\/baynanaes\/\",\"https:\/\/www.linkedin.com\/in\/baynana-\u0628\u064a\u0646\u0646\u0627-887599211\/\",\"https:\/\/www.youtube.com\/channel\/UC3019bsq5wOpi61SOufKxPA\"]},{\"@type\":\"Person\",\"@id\":\"https:\/\/baynana.es\/#\/schema\/person\/2beac5545c08e1117a9ce409cfb3c754\",\"name\":\"Okba Mohammad\",\"image\":{\"@type\":\"ImageObject\",\"inLanguage\":\"es\",\"@id\":\"https:\/\/baynana.es\/#\/schema\/person\/image\/9fff0fcb4a1e27e49950a4bf4e7699d1\",\"url\":\"https:\/\/baynana.es\/wp-content\/uploads\/2021\/01\/okba-96x96.jpg\",\"contentUrl\":\"https:\/\/baynana.es\/wp-content\/uploads\/2021\/01\/okba-96x96.jpg\",\"caption\":\"Okba Mohammad\"},\"description\":\"Cubri\u00f3 la guerra en el sur de Siria de 2015 a 2018 con medios locales. Tambi\u00e9n se ha dedicado a documentar violaciones de derechos humanos de detenidos durante el conflicto. En 2019 trabaj\u00f3 como corresponsal independiente en Turqu\u00eda y posteriormente viaj\u00f3 a Espa\u00f1a, donde ha colaborado con medios como Global Voices y el diario P\u00fablico. Actualmente trabaja como reportero en Baynana\",\"sameAs\":[\"http:\/\/moussa\",\"https:\/\/x.com\/@OkbaMohammad\"],\"url\":\"https:\/\/baynana.es\/es\/author\/okba\/\"}]}<\/script>\n<!-- \/ Yoast SEO plugin. -->","yoast_head_json":{"title":"\"La muerte aqu\u00ed deja at\u00f3nito\": Rusia intensifica sus ataques en el noroeste de Siria","description":"El r\u00e9gimen sirio y su aliado Rusia atacaron \u00e1reas separadas del noroeste de Siria, causando bajas civiles.","robots":{"index":"index","follow":"follow","max-snippet":"max-snippet:-1","max-image-preview":"max-image-preview:large","max-video-preview":"max-video-preview:-1"},"canonical":"https:\/\/baynana.es\/es\/la-muerte-aqui-deja-atonito-rusia-intensifica-sus-ataques-en-el-noroeste-de-siria\/","og_locale":"es_ES","og_type":"article","og_title":"\"La muerte aqu\u00ed deja at\u00f3nito\": Rusia intensifica sus ataques en el noroeste de Siria","og_description":"El r\u00e9gimen sirio y su aliado Rusia atacaron \u00e1reas separadas del noroeste de Siria, causando bajas civiles.","og_url":"https:\/\/baynana.es\/es\/la-muerte-aqui-deja-atonito-rusia-intensifica-sus-ataques-en-el-noroeste-de-siria\/","og_site_name":"Baynana \u0628\u064a\u0646\u0646\u0627","article_publisher":"https:\/\/www.facebook.com\/baynanaes","article_published_time":"2022-08-04T14:25:18+00:00","article_modified_time":"2022-08-04T14:45:00+00:00","og_image":[{"width":2560,"height":1581,"url":"https:\/\/baynana.es\/wp-content\/uploads\/2022\/08\/\u0649\u062b\u0642222211-scaled.jpg","type":"image\/jpeg"}],"author":"Okba Mohammad","twitter_card":"summary_large_image","twitter_creator":"@OkbaMohammad","twitter_site":"@baynanaes","twitter_misc":{"Escrito por":"Okba Mohammad","Tiempo de lectura":"9 minutos"},"schema":{"@context":"https:\/\/schema.org","@graph":[{"@type":"Article","@id":"https:\/\/baynana.es\/es\/la-muerte-aqui-deja-atonito-rusia-intensifica-sus-ataques-en-el-noroeste-de-siria\/#article","isPartOf":{"@id":"https:\/\/baynana.es\/es\/la-muerte-aqui-deja-atonito-rusia-intensifica-sus-ataques-en-el-noroeste-de-siria\/"},"author":{"name":"Okba Mohammad","@id":"https:\/\/baynana.es\/#\/schema\/person\/2beac5545c08e1117a9ce409cfb3c754"},"headline":"\u00abLa muerte aqu\u00ed deja at\u00f3nito\u00bb: Rusia intensifica sus ataques en el noroeste de Siria","datePublished":"2022-08-04T14:25:18+00:00","dateModified":"2022-08-04T14:45:00+00:00","mainEntityOfPage":{"@id":"https:\/\/baynana.es\/es\/la-muerte-aqui-deja-atonito-rusia-intensifica-sus-ataques-en-el-noroeste-de-siria\/"},"wordCount":1278,"publisher":{"@id":"https:\/\/baynana.es\/#organization"},"image":{"@id":"https:\/\/baynana.es\/es\/la-muerte-aqui-deja-atonito-rusia-intensifica-sus-ataques-en-el-noroeste-de-siria\/#primaryimage"},"thumbnailUrl":"https:\/\/baynana.es\/wp-content\/uploads\/2022\/08\/\u0649\u062b\u0642222211-scaled.jpg","keywords":["REVISTA BAYNANA"],"articleSection":["DERECHOS","INICIO","POL\u00cdTICA","REPORTAJES"],"inLanguage":"es"},{"@type":"WebPage","@id":"https:\/\/baynana.es\/es\/la-muerte-aqui-deja-atonito-rusia-intensifica-sus-ataques-en-el-noroeste-de-siria\/","url":"https:\/\/baynana.es\/es\/la-muerte-aqui-deja-atonito-rusia-intensifica-sus-ataques-en-el-noroeste-de-siria\/","name":"\"La muerte aqu\u00ed deja at\u00f3nito\": Rusia intensifica sus ataques en el noroeste de Siria","isPartOf":{"@id":"https:\/\/baynana.es\/#website"},"primaryImageOfPage":{"@id":"https:\/\/baynana.es\/es\/la-muerte-aqui-deja-atonito-rusia-intensifica-sus-ataques-en-el-noroeste-de-siria\/#primaryimage"},"image":{"@id":"https:\/\/baynana.es\/es\/la-muerte-aqui-deja-atonito-rusia-intensifica-sus-ataques-en-el-noroeste-de-siria\/#primaryimage"},"thumbnailUrl":"https:\/\/baynana.es\/wp-content\/uploads\/2022\/08\/\u0649\u062b\u0642222211-scaled.jpg","datePublished":"2022-08-04T14:25:18+00:00","dateModified":"2022-08-04T14:45:00+00:00","description":"El r\u00e9gimen sirio y su aliado Rusia atacaron \u00e1reas separadas del noroeste de Siria, causando bajas civiles.","breadcrumb":{"@id":"https:\/\/baynana.es\/es\/la-muerte-aqui-deja-atonito-rusia-intensifica-sus-ataques-en-el-noroeste-de-siria\/#breadcrumb"},"inLanguage":"es","potentialAction":[{"@type":"ReadAction","target":["https:\/\/baynana.es\/es\/la-muerte-aqui-deja-atonito-rusia-intensifica-sus-ataques-en-el-noroeste-de-siria\/"]}]},{"@type":"ImageObject","inLanguage":"es","@id":"https:\/\/baynana.es\/es\/la-muerte-aqui-deja-atonito-rusia-intensifica-sus-ataques-en-el-noroeste-de-siria\/#primaryimage","url":"https:\/\/baynana.es\/wp-content\/uploads\/2022\/08\/\u0649\u062b\u0642222211-scaled.jpg","contentUrl":"https:\/\/baynana.es\/wp-content\/uploads\/2022\/08\/\u0649\u062b\u0642222211-scaled.jpg","width":2560,"height":1581,"caption":"La casa de la familia desplazada en el campo de Idlib, fue atacada por aviones rusos, matando a 4 ni\u00f1os. Omar Al Bam"},{"@type":"BreadcrumbList","@id":"https:\/\/baynana.es\/es\/la-muerte-aqui-deja-atonito-rusia-intensifica-sus-ataques-en-el-noroeste-de-siria\/#breadcrumb","itemListElement":[{"@type":"ListItem","position":1,"name":"Portada","item":"https:\/\/baynana.es\/es\/"},{"@type":"ListItem","position":2,"name":"&#8220;La muerte aqu\u00ed deja at\u00f3nito&#8221;: Rusia intensifica sus ataques en el noroeste de Siria"}]},{"@type":"WebSite","@id":"https:\/\/baynana.es\/#website","url":"https:\/\/baynana.es\/","name":"Baynana \u0628\u064a\u0646\u0646\u0627","description":"Baynana Revista \u0645\u062c\u0644\u0629 \u0628\u064a\u0646\u0646\u0627","publisher":{"@id":"https:\/\/baynana.es\/#organization"},"potentialAction":[{"@type":"SearchAction","target":{"@type":"EntryPoint","urlTemplate":"https:\/\/baynana.es\/?s={search_term_string}"},"query-input":{"@type":"PropertyValueSpecification","valueRequired":true,"valueName":"search_term_string"}}],"inLanguage":"es"},{"@type":"Organization","@id":"https:\/\/baynana.es\/#organization","name":"\u0628\u064a\u0646\u0646\u0627 Baynana","url":"https:\/\/baynana.es\/","logo":{"@type":"ImageObject","inLanguage":"es","@id":"https:\/\/baynana.es\/#\/schema\/logo\/image\/","url":"https:\/\/baynana.es\/wp-content\/uploads\/2021\/03\/Artboard-1.png","contentUrl":"https:\/\/baynana.es\/wp-content\/uploads\/2021\/03\/Artboard-1.png","width":315,"height":228,"caption":"\u0628\u064a\u0646\u0646\u0627 Baynana"},"image":{"@id":"https:\/\/baynana.es\/#\/schema\/logo\/image\/"},"sameAs":["https:\/\/www.facebook.com\/baynanaes","https:\/\/x.com\/baynanaes","https:\/\/www.instagram.com\/baynanaes\/","https:\/\/www.linkedin.com\/in\/baynana-\u0628\u064a\u0646\u0646\u0627-887599211\/","https:\/\/www.youtube.com\/channel\/UC3019bsq5wOpi61SOufKxPA"]},{"@type":"Person","@id":"https:\/\/baynana.es\/#\/schema\/person\/2beac5545c08e1117a9ce409cfb3c754","name":"Okba Mohammad","image":{"@type":"ImageObject","inLanguage":"es","@id":"https:\/\/baynana.es\/#\/schema\/person\/image\/9fff0fcb4a1e27e49950a4bf4e7699d1","url":"https:\/\/baynana.es\/wp-content\/uploads\/2021\/01\/okba-96x96.jpg","contentUrl":"https:\/\/baynana.es\/wp-content\/uploads\/2021\/01\/okba-96x96.jpg","caption":"Okba Mohammad"},"description":"Cubri\u00f3 la guerra en el sur de Siria de 2015 a 2018 con medios locales. Tambi\u00e9n se ha dedicado a documentar violaciones de derechos humanos de detenidos durante el conflicto. En 2019 trabaj\u00f3 como corresponsal independiente en Turqu\u00eda y posteriormente viaj\u00f3 a Espa\u00f1a, donde ha colaborado con medios como Global Voices y el diario P\u00fablico. Actualmente trabaja como reportero en Baynana","sameAs":["http:\/\/moussa","https:\/\/x.com\/@OkbaMohammad"],"url":"https:\/\/baynana.es\/es\/author\/okba\/"}]}},"authors":[{"term_id":506,"user_id":6,"is_guest":0,"slug":"okba","display_name":"Okba Mohammad","avatar_url":"https:\/\/baynana.es\/wp-content\/uploads\/2021\/01\/okba-96x96.jpg","author_category":"","first_name":"Okba","last_name":"Mohammad","user_url":"http:\/\/moussa","job_title":"","description":"Cubri\u00f3 la guerra en el sur de Siria de 2015 a 2018 con medios locales. Tambi\u00e9n se ha dedicado a documentar violaciones de derechos humanos de detenidos durante el conflicto. En 2019 trabaj\u00f3 como corresponsal independiente en Turqu\u00eda y posteriormente viaj\u00f3 a Espa\u00f1a, donde ha colaborado con medios como Global Voices y el diario P\u00fablico. Actualmente trabaja como reportero en Baynana"}],"_links":{"self":[{"href":"https:\/\/baynana.es\/es\/wp-json\/wp\/v2\/posts\/6109","targetHints":{"allow":["GET"]}}],"collection":[{"href":"https:\/\/baynana.es\/es\/wp-json\/wp\/v2\/posts"}],"about":[{"href":"https:\/\/baynana.es\/es\/wp-json\/wp\/v2\/types\/post"}],"author":[{"embeddable":true,"href":"https:\/\/baynana.es\/es\/wp-json\/wp\/v2\/users\/6"}],"replies":[{"embeddable":true,"href":"https:\/\/baynana.es\/es\/wp-json\/wp\/v2\/comments?post=6109"}],"version-history":[{"count":4,"href":"https:\/\/baynana.es\/es\/wp-json\/wp\/v2\/posts\/6109\/revisions"}],"predecessor-version":[{"id":6114,"href":"https:\/\/baynana.es\/es\/wp-json\/wp\/v2\/posts\/6109\/revisions\/6114"}],"wp:featuredmedia":[{"embeddable":true,"href":"https:\/\/baynana.es\/es\/wp-json\/wp\/v2\/media\/6102"}],"wp:attachment":[{"href":"https:\/\/baynana.es\/es\/wp-json\/wp\/v2\/media?parent=6109"}],"wp:term":[{"taxonomy":"category","embeddable":true,"href":"https:\/\/baynana.es\/es\/wp-json\/wp\/v2\/categories?post=6109"},{"taxonomy":"post_tag","embeddable":true,"href":"https:\/\/baynana.es\/es\/wp-json\/wp\/v2\/tags?post=6109"},{"taxonomy":"author","embeddable":true,"href":"https:\/\/baynana.es\/es\/wp-json\/wp\/v2\/ppma_author?post=6109"}],"curies":[{"name":"wp","href":"https:\/\/api.w.org\/{rel}","templated":true}]}}