{"id":6235,"date":"2022-09-14T14:14:06","date_gmt":"2022-09-14T12:14:06","guid":{"rendered":"https:\/\/baynana.es\/?p=6235"},"modified":"2022-09-14T15:15:37","modified_gmt":"2022-09-14T13:15:37","slug":"nagua-alba-nunca-quise-que-la-politica-fuera-mi-profesion","status":"publish","type":"post","link":"https:\/\/baynana.es\/es\/nagua-alba-nunca-quise-que-la-politica-fuera-mi-profesion\/","title":{"rendered":"Nagua Alba: \u00abNunca quise que la pol\u00edtica fuera mi profesi\u00f3n\u00bb"},"content":{"rendered":"<div class=\"wp-block-post-date\"><time datetime=\"2022-09-14T14:14:06+02:00\">14 septiembre\u060c 2022<\/time><\/div>\n\n\n<div class=\"wp-block-columns is-layout-flex wp-container-core-columns-is-layout-9d6595d7 wp-block-columns-is-layout-flex\">\n<div class=\"wp-block-column is-layout-flow wp-block-column-is-layout-flow\">\n<p class=\"has-background\" style=\"background-color:#bdbf88;font-size:21px\">Nagua Alba es exdiputada en el parlamento espa\u00f1ol y una de las personas que estuvieron en el partido espa\u00f1ol Unidas Podemos. Luego prefiri\u00f3 dejar la pol\u00edtica y dedicarse al trabajo social. No oculta que ha sufrido actitudes racistas como hija de migrantes.<\/p>\n<\/div>\n\n\n\n<div class=\"wp-block-column is-layout-flow wp-block-column-is-layout-flow\">\n<p>Nacida en Madrid de madre espa\u00f1ola y padre egipcio, Nagua Alba (Madrid, 1991) se inici\u00f3 en pol\u00edtica con el 15M. \u201cUna de las cosas m\u00e1s importantes que defend\u00eda el movimiento era que la clase pol\u00edtica no estaba a la altura de representar los intereses de los ciudadanos\u201d, dice. \u201cHab\u00eda mucha desencanto con los partidos pol\u00edticos tradicionales porque estaban trabajando para los poderosos, pero los problemas y necesidades de la gente corriente no estaban representados dentro de estos partidos tradicionales\u00bb.<\/p>\n<\/div>\n<\/div>\n\n\n\n<p><\/p>\n\n\n\n<p>La joven licenciada en Psicolog\u00eda con especializaci\u00f3n en psicolog\u00eda infantil se acababa de mudar a Madrid para estudiar un m\u00e1ster cuando unos amigos suyos hab\u00edan fundado el partido Podemos, cuyo nacimiento estuvo influido por el 15M. \u201cMe gust\u00f3 la idea y me un\u00ed antes de que naciera. Empec\u00e9 en el equipo de redes sociales, luego una cosa llev\u00f3 a la otra y acab\u00e9 present\u00e1ndome a las elecciones generales\u201d, dice en su entrevista con Baynana.<\/p>\n\n\n\n<h3 class=\"wp-block-heading\"><strong><mark style=\"background-color:rgba(0, 0, 0, 0)\" class=\"has-inline-color has-vivid-red-color\">El miembro m\u00e1s joven del parlamento<\/mark><\/strong><\/h3>\n\n\n\n<p>De ese modo, de vuelta a San Sebasti\u00e1n, ciudad donde creci\u00f3, se convirti\u00f3 en la diputada m\u00e1s joven en marzo de 2016 al ser elegida secretaria general de Podemos Euskadi. Gan\u00f3 las elecciones con una mayor\u00eda de votos. \u00abEn ning\u00fan momento era mi intenci\u00f3n ser diputada, yo estaba ah\u00ed por activismo\u00bb, dice con firmeza.<\/p>\n\n\n\n<p>Ella opina que en aquel ambiente exist\u00eda cierto paternalismo: \u00abYo era joven y adem\u00e1s mujer, entonces hab\u00eda una parte de respeto extra que ten\u00eda que ganar. A los hombres de mediana edad se los respeta de base\u201d, observa. \u201cEra una pelea constante, primero para ganarte el respeto y el derecho a estar all\u00ed, y luego ya por hacer pol\u00edtica\u201d.<\/p>\n\n\n\n<p>La joven habla sobre sus logros durante su paso por la pol\u00edtica: \u201cCreo que hicimos un muy buen trabajo porque \u00e9ramos un partido que al ser nuevo y adem\u00e1s al ser la mayor\u00eda j\u00f3venes\u201d.<\/p>\n\n\n\n<p>Su misi\u00f3n era construir la paz en Euskadi, dice, as\u00ed como defender desde ah\u00ed el derecho de los ciudadanos a decidir su futuro. \u201cHa habido un trabajo que venimos haciendo desde hace muchos a\u00f1os y que ahora est\u00e1 dando sus frutos\u201d.<\/p>\n\n\n\n<h3 class=\"wp-block-heading\"><strong><mark style=\"background-color:rgba(0, 0, 0, 0)\" class=\"has-inline-color has-vivid-red-color\">\u201cLa pol\u00edtica no es mi profesi\u00f3n\u201d<\/mark><\/strong><\/h3>\n\n\n\n<p>Sin embargo, tres a\u00f1os despu\u00e9s decidi\u00f3 dejar la pol\u00edtica. \u00abDesde el principio una cosa que ten\u00eda muy clara era que esto ser\u00eda solo por unos a\u00f1os y no quer\u00eda hacer de la pol\u00edtica mi oficio. Es un trabajo muy duro, pasar todo el d\u00eda recibiendo presiones con much\u00edsimos conflictos, no s\u00f3lo con respecto a otros partidos, sino tambi\u00e9n dentro del propio partido. La vida interna de un partido es muy dura\u201d.<\/p>\n\n\n\n<p>Por eso lleg\u00f3 un punto en el que dud\u00f3 de si merec\u00eda la pena: \u201cAl final te descubres a ti mismo dedicando m\u00e1s tiempo a estos debates de la vida interna del partido que a trabajar en la instituci\u00f3n. As\u00ed que decid\u00ed que era el momento de dejarlo, pero tambi\u00e9n porque lo ten\u00eda planeado desde el principio\u201d, se\u00f1ala.<\/p>\n\n\n\n<figure class=\"wp-block-image size-large\"><img loading=\"lazy\" decoding=\"async\" width=\"1024\" height=\"591\" src=\"https:\/\/baynana.es\/wp-content\/uploads\/2022\/09\/ALBA1-1024x591.jpg\" alt=\"\" class=\"wp-image-6230\" srcset=\"https:\/\/baynana.es\/wp-content\/uploads\/2022\/09\/ALBA1-1024x591.jpg 1024w, https:\/\/baynana.es\/wp-content\/uploads\/2022\/09\/ALBA1-300x173.jpg 300w, https:\/\/baynana.es\/wp-content\/uploads\/2022\/09\/ALBA1-768x443.jpg 768w, https:\/\/baynana.es\/wp-content\/uploads\/2022\/09\/ALBA1-1536x886.jpg 1536w, https:\/\/baynana.es\/wp-content\/uploads\/2022\/09\/ALBA1-2048x1182.jpg 2048w, https:\/\/baynana.es\/wp-content\/uploads\/2022\/09\/ALBA1-600x346.jpg 600w\" sizes=\"auto, (max-width: 1024px) 100vw, 1024px\" \/><figcaption><em>Nagua Alba, en su entrevista con Baynana. \u00a9Mohammad Shubat<\/em><\/figcaption><\/figure>\n\n\n\n<h3 class=\"wp-block-heading\"><strong>\u00bfY el racismo en Espa\u00f1a?<\/strong><\/h3>\n\n\n\n<p>El padre de Nagua, nacido en Egipto, es un hombre de origen muy humilde que logr\u00f3 sin embargo hacer carrera en el \u00e1rea del turismo y se convirti\u00f3 en uno de los empresarios \u00e1rabes m\u00e1s destacados de Europa. Ella como miembro de esta \u201c<a href=\"https:\/\/baynana.es\/es\/nos-topamos-con-un-sistema-que-nos-deja-al-margen-como-hijos-de-inmigrantes\/\">segunda generaci\u00f3n<\/a>\u201d, ha percibido actitudes racistas y discriminatorias.&nbsp;<\/p>\n\n\n\n<p>Dichas actitudes las percibi\u00f3&nbsp; en una etapa avanzada de su vida, especialmente despu\u00e9s de irse a estudiar a Viena (Austria). \u00abEn Espa\u00f1a no se me percibe como una persona especialmente racializada, pero cuando fui a Austria enseguida me reconocieron como \u00e1rabe. Una vez tuve una situaci\u00f3n que no era muy agradable para m\u00ed, incluso tuve miedo, hubo bastantes grupos neonazis que tuve que bajar del metro porque hab\u00eda una actitud agresiva hacia m\u00ed de su parte\u201d, dice.<\/p>\n\n\n\n<p>Nagua cree que en Espa\u00f1a el racismo es estructural: est\u00e1 en la sociedad y en las instituciones: \u00abEn las instituciones no hay una perspectiva antirracista a la hora de dise\u00f1ar leyes. Hay un racismo en todo lo relacionado con la gesti\u00f3n del asilo de las fronteras y de las pol\u00edticas migratorias, y la ley de extranjer\u00eda espa\u00f1ola es una ley racista, porque lo que nos est\u00e1 diciendo es que hay personas de primera categor\u00eda y de segunda categor\u00eda en Espa\u00f1a, y hay personas tienen m\u00e1s derechos que otras\u00bb.<\/p>\n\n\n\n<p>Explica que hay claras violaciones de los derechos humanos por motivos raciales: \u201cLa pol\u00edtica de gesti\u00f3n de las fronteras lo que hace es impedir sistem\u00e1ticamente el acceso de las personas entre en el pa\u00eds, lo hemos visto ahora con <a href=\"https:\/\/baynana.es\/es\/el-viaje-de-la-muerte-desde-sudan-hasta-el-muro-de-melilla\/\">Melilla<\/a>. Se supone que t\u00fa tienes derecho a pedir asilo en Espa\u00f1a, luego se te puede conceder, pero tienes derecho a solicitarlo. Pero, \u00bfc\u00f3mo vas a solicitar ese asilo, si no te dejan ni siquiera acceder al pa\u00eds, y si puedes entrar al pa\u00eds muchas veces te devuelven en caliente, cosa que adem\u00e1s es ilegal?\u00bb<\/p>\n\n\n\n<p>Se muestra favorable a la acogida que est\u00e1n teniendo los refugiados de Ucrania por parte de Espa\u00f1a, pero ve una contradicci\u00f3n en c\u00f3mo se trata a los refugiados de otros pa\u00edses: \u201cPor ejemplo, escuchas testimonios de las personas que han vivido la guerra en Siria, y que han vivido la guerra en Ucrania y en realidad <a href=\"https:\/\/baynana.es\/es\/refugiados-de-ucrania-y-siria-historias-paralelas\/\">son muy parecidos<\/a>, las historias son bastante similares al sufrimiento pero luego el tratamiento es completamente distinto. Deber\u00eda ser tan f\u00e1cil para las personas que vienen de Siria como para las que han venido de Ucrania y ah\u00ed la \u00fanica diferencia es racial, en realidad es son prejuicios racistas\u00bb.<\/p>\n\n\n\n<p>Aunque ha abandonado la pol\u00edtica, no as\u00ed el activismo: hoy, Nagua trabaja en una ONG de derechos humanos, a la que dedica gran parte de su tiempo. Adem\u00e1s participa en campa\u00f1as feministas, y en la lucha por el derecho a la vivienda, un tema que cree que es especialmente grave y que va a peor en Espa\u00f1a. Y contin\u00faa abordando el racismo. Opina que si hablamos de racismo como algo estructural, tambi\u00e9n es algo que impregna a la sociedad. Los movimientos antirracistas han hecho un trabajo muy importante, considera: la sociedad espa\u00f1ola hace muy poco no hablaba de racismo directamente. \u201cCreo que ha habido progreso en los \u00faltimos a\u00f1os, pero el comienzo fue desde cero\u201d.&nbsp;&nbsp;<\/p>\n","protected":false},"excerpt":{"rendered":"<p>14 septiembre\u060c 2022 Nagua Alba es exdiputada en el parlamento espa\u00f1ol y una de las personas que estuvieron en el partido espa\u00f1ol Unidas Podemos. Luego prefiri\u00f3 dejar la pol\u00edtica y dedicarse al trabajo social. No oculta que ha sufrido actitudes racistas como hija de migrantes. Nacida en Madrid de madre espa\u00f1ola y padre egipcio, Nagua &hellip;<\/p>\n","protected":false},"author":3,"featured_media":6227,"comment_status":"closed","ping_status":"closed","sticky":false,"template":"","format":"standard","meta":{"inline_featured_image":false,"footnotes":""},"categories":[11,67,54],"tags":[91],"ppma_author":[505],"class_list":["post-6235","post","type-post","status-publish","format-standard","has-post-thumbnail","hentry","category-inicio","category-nuestras-historias","category-politica","tag-revista-baynana"],"acf":[],"yoast_head":"<!-- This site is optimized with the Yoast SEO plugin v25.3.1 - https:\/\/yoast.com\/wordpress\/plugins\/seo\/ -->\n<title>Nagua Alba: Nunca quise que la pol\u00edtica fuera mi profesi\u00f3n<\/title>\n<meta name=\"description\" content=\"Subt\u00edtulo: Hablamos con la exdiputada del Parlamento espa\u00f1ol y una de las personas que estuvieron en el partido Podemos de Espa\u00f1a .\" \/>\n<meta name=\"robots\" content=\"index, follow, max-snippet:-1, max-image-preview:large, max-video-preview:-1\" \/>\n<link rel=\"canonical\" href=\"https:\/\/baynana.es\/es\/nagua-alba-nunca-quise-que-la-politica-fuera-mi-profesion\/\" \/>\n<meta property=\"og:locale\" content=\"es_ES\" \/>\n<meta property=\"og:type\" content=\"article\" \/>\n<meta property=\"og:title\" content=\"Nagua Alba: Nunca quise que la pol\u00edtica fuera mi profesi\u00f3n\" \/>\n<meta property=\"og:description\" content=\"Subt\u00edtulo: Hablamos con la exdiputada del Parlamento espa\u00f1ol y una de las personas que estuvieron en el partido Podemos de Espa\u00f1a .\" \/>\n<meta property=\"og:url\" content=\"https:\/\/baynana.es\/es\/nagua-alba-nunca-quise-que-la-politica-fuera-mi-profesion\/\" \/>\n<meta property=\"og:site_name\" content=\"Baynana \u0628\u064a\u0646\u0646\u0627\" \/>\n<meta property=\"article:publisher\" content=\"https:\/\/www.facebook.com\/baynanaes\" \/>\n<meta property=\"article:author\" content=\"https:\/\/www.facebook.com\/ayham.greeb\" \/>\n<meta property=\"article:published_time\" content=\"2022-09-14T12:14:06+00:00\" \/>\n<meta property=\"article:modified_time\" content=\"2022-09-14T13:15:37+00:00\" \/>\n<meta property=\"og:image\" content=\"https:\/\/baynana.es\/wp-content\/uploads\/2022\/09\/ALBA-scaled.jpg\" \/>\n\t<meta property=\"og:image:width\" content=\"2560\" \/>\n\t<meta property=\"og:image:height\" content=\"1571\" \/>\n\t<meta property=\"og:image:type\" content=\"image\/jpeg\" \/>\n<meta name=\"author\" content=\"Ayham Al Sati\" \/>\n<meta name=\"twitter:card\" content=\"summary_large_image\" \/>\n<meta name=\"twitter:creator\" content=\"@https:\/\/twitter.com\/ayham_greeb\" \/>\n<meta name=\"twitter:site\" content=\"@baynanaes\" \/>\n<meta name=\"twitter:label1\" content=\"Escrito por\" \/>\n\t<meta name=\"twitter:data1\" content=\"Ayham Al Sati\" \/>\n\t<meta name=\"twitter:label2\" content=\"Tiempo de lectura\" \/>\n\t<meta name=\"twitter:data2\" content=\"8 minutos\" \/>\n<script type=\"application\/ld+json\" class=\"yoast-schema-graph\">{\"@context\":\"https:\/\/schema.org\",\"@graph\":[{\"@type\":\"Article\",\"@id\":\"https:\/\/baynana.es\/es\/nagua-alba-nunca-quise-que-la-politica-fuera-mi-profesion\/#article\",\"isPartOf\":{\"@id\":\"https:\/\/baynana.es\/es\/nagua-alba-nunca-quise-que-la-politica-fuera-mi-profesion\/\"},\"author\":{\"name\":\"Ayham Al Sati\",\"@id\":\"https:\/\/baynana.es\/#\/schema\/person\/6fedc1eac5fcc0abafdb25a881f2a92e\"},\"headline\":\"Nagua Alba: \u00abNunca quise que la pol\u00edtica fuera mi profesi\u00f3n\u00bb\",\"datePublished\":\"2022-09-14T12:14:06+00:00\",\"dateModified\":\"2022-09-14T13:15:37+00:00\",\"mainEntityOfPage\":{\"@id\":\"https:\/\/baynana.es\/es\/nagua-alba-nunca-quise-que-la-politica-fuera-mi-profesion\/\"},\"wordCount\":1176,\"publisher\":{\"@id\":\"https:\/\/baynana.es\/#organization\"},\"image\":{\"@id\":\"https:\/\/baynana.es\/es\/nagua-alba-nunca-quise-que-la-politica-fuera-mi-profesion\/#primaryimage\"},\"thumbnailUrl\":\"https:\/\/baynana.es\/wp-content\/uploads\/2022\/09\/ALBA-scaled.jpg\",\"keywords\":[\"REVISTA BAYNANA\"],\"articleSection\":[\"INICIO\",\"NUESTRAS HISTORIAS\",\"POL\u00cdTICA\"],\"inLanguage\":\"es\"},{\"@type\":\"WebPage\",\"@id\":\"https:\/\/baynana.es\/es\/nagua-alba-nunca-quise-que-la-politica-fuera-mi-profesion\/\",\"url\":\"https:\/\/baynana.es\/es\/nagua-alba-nunca-quise-que-la-politica-fuera-mi-profesion\/\",\"name\":\"Nagua Alba: Nunca quise que la pol\u00edtica fuera mi profesi\u00f3n\",\"isPartOf\":{\"@id\":\"https:\/\/baynana.es\/#website\"},\"primaryImageOfPage\":{\"@id\":\"https:\/\/baynana.es\/es\/nagua-alba-nunca-quise-que-la-politica-fuera-mi-profesion\/#primaryimage\"},\"image\":{\"@id\":\"https:\/\/baynana.es\/es\/nagua-alba-nunca-quise-que-la-politica-fuera-mi-profesion\/#primaryimage\"},\"thumbnailUrl\":\"https:\/\/baynana.es\/wp-content\/uploads\/2022\/09\/ALBA-scaled.jpg\",\"datePublished\":\"2022-09-14T12:14:06+00:00\",\"dateModified\":\"2022-09-14T13:15:37+00:00\",\"description\":\"Subt\u00edtulo: Hablamos con la exdiputada del Parlamento espa\u00f1ol y una de las personas que estuvieron en el partido Podemos de Espa\u00f1a .\",\"breadcrumb\":{\"@id\":\"https:\/\/baynana.es\/es\/nagua-alba-nunca-quise-que-la-politica-fuera-mi-profesion\/#breadcrumb\"},\"inLanguage\":\"es\",\"potentialAction\":[{\"@type\":\"ReadAction\",\"target\":[\"https:\/\/baynana.es\/es\/nagua-alba-nunca-quise-que-la-politica-fuera-mi-profesion\/\"]}]},{\"@type\":\"ImageObject\",\"inLanguage\":\"es\",\"@id\":\"https:\/\/baynana.es\/es\/nagua-alba-nunca-quise-que-la-politica-fuera-mi-profesion\/#primaryimage\",\"url\":\"https:\/\/baynana.es\/wp-content\/uploads\/2022\/09\/ALBA-scaled.jpg\",\"contentUrl\":\"https:\/\/baynana.es\/wp-content\/uploads\/2022\/09\/ALBA-scaled.jpg\",\"width\":2560,\"height\":1571,\"caption\":\"Nagua Alba en la plaza de Callao en Madrid. \u00a9Mohammad Shubat\"},{\"@type\":\"BreadcrumbList\",\"@id\":\"https:\/\/baynana.es\/es\/nagua-alba-nunca-quise-que-la-politica-fuera-mi-profesion\/#breadcrumb\",\"itemListElement\":[{\"@type\":\"ListItem\",\"position\":1,\"name\":\"Portada\",\"item\":\"https:\/\/baynana.es\/es\/\"},{\"@type\":\"ListItem\",\"position\":2,\"name\":\"Nagua Alba: &#8220;Nunca quise que la pol\u00edtica fuera mi profesi\u00f3n&#8221;\"}]},{\"@type\":\"WebSite\",\"@id\":\"https:\/\/baynana.es\/#website\",\"url\":\"https:\/\/baynana.es\/\",\"name\":\"Baynana \u0628\u064a\u0646\u0646\u0627\",\"description\":\"Baynana Revista \u0645\u062c\u0644\u0629 \u0628\u064a\u0646\u0646\u0627\",\"publisher\":{\"@id\":\"https:\/\/baynana.es\/#organization\"},\"potentialAction\":[{\"@type\":\"SearchAction\",\"target\":{\"@type\":\"EntryPoint\",\"urlTemplate\":\"https:\/\/baynana.es\/?s={search_term_string}\"},\"query-input\":{\"@type\":\"PropertyValueSpecification\",\"valueRequired\":true,\"valueName\":\"search_term_string\"}}],\"inLanguage\":\"es\"},{\"@type\":\"Organization\",\"@id\":\"https:\/\/baynana.es\/#organization\",\"name\":\"\u0628\u064a\u0646\u0646\u0627 Baynana\",\"url\":\"https:\/\/baynana.es\/\",\"logo\":{\"@type\":\"ImageObject\",\"inLanguage\":\"es\",\"@id\":\"https:\/\/baynana.es\/#\/schema\/logo\/image\/\",\"url\":\"https:\/\/baynana.es\/wp-content\/uploads\/2021\/03\/Artboard-1.png\",\"contentUrl\":\"https:\/\/baynana.es\/wp-content\/uploads\/2021\/03\/Artboard-1.png\",\"width\":315,\"height\":228,\"caption\":\"\u0628\u064a\u0646\u0646\u0627 Baynana\"},\"image\":{\"@id\":\"https:\/\/baynana.es\/#\/schema\/logo\/image\/\"},\"sameAs\":[\"https:\/\/www.facebook.com\/baynanaes\",\"https:\/\/x.com\/baynanaes\",\"https:\/\/www.instagram.com\/baynanaes\/\",\"https:\/\/www.linkedin.com\/in\/baynana-\u0628\u064a\u0646\u0646\u0627-887599211\/\",\"https:\/\/www.youtube.com\/channel\/UC3019bsq5wOpi61SOufKxPA\"]},{\"@type\":\"Person\",\"@id\":\"https:\/\/baynana.es\/#\/schema\/person\/6fedc1eac5fcc0abafdb25a881f2a92e\",\"name\":\"Ayham Al Sati\",\"image\":{\"@type\":\"ImageObject\",\"inLanguage\":\"es\",\"@id\":\"https:\/\/baynana.es\/#\/schema\/person\/image\/86e6e0fe2166e9f2ea79af43e73d6904\",\"url\":\"https:\/\/baynana.es\/wp-content\/uploads\/2021\/01\/ayhamm-96x96.jpg\",\"contentUrl\":\"https:\/\/baynana.es\/wp-content\/uploads\/2021\/01\/ayhamm-96x96.jpg\",\"caption\":\"Ayham Al Sati\"},\"description\":\"\u0635\u062d\u0641\u064a \u0633\u0648\u0631\u064a\u060c \u064a\u0639\u064a\u0634 \u0641\u064a \u0645\u062f\u0631\u064a\u062f \u0645\u0646\u0630 \u0639\u0627\u0645 2019. \u0645\u0624\u0633\u0633 \u0648\u0645\u062d\u0631\u0631 \u0641\u064a \u0645\u062c\u0644\u0629 \u0628\u064a\u0646\u0646\u0627\u060c \u0645\u062a\u062e\u0635\u0635 \u0641\u064a \u0627\u0644\u0623\u062f\u0628 \u0627\u0644\u0639\u0631\u0628\u064a \u0645\u0646 \u062c\u0627\u0645\u0639\u0629 \u062f\u0645\u0634\u0642\u060c \u0648\u0639\u0645\u0644 \u0643\u0635\u062d\u0641\u064a \u062e\u0644\u0627\u0644 \u0627\u0644\u062d\u0631\u0628 \u0641\u064a \u0633\u0648\u0631\u064a\u0627 \u0645\u0646\u0630 \u0627\u0644\u0639\u0627\u0645 2011. Es un periodista sirio.\u00a0Vive en Madrid desde el a\u00f1o 2019.\u00a0Cofundador y editor en la revista de Baynana.es. Es especialista en Literatura \u00c1rabe por la Universidad de Damasco y trabaj\u00f3 como periodista durante la guerra en Siria desde el a\u00f1o 2011.\u00a0\",\"sameAs\":[\"https:\/\/www.facebook.com\/ayham.greeb\",\"https:\/\/www.instagram.com\/ayham_al_sati\/\",\"https:\/\/x.com\/https:\/\/twitter.com\/ayham_greeb\",\"ayham\"],\"url\":\"https:\/\/baynana.es\/es\/author\/ayham\/\"}]}<\/script>\n<!-- \/ Yoast SEO plugin. -->","yoast_head_json":{"title":"Nagua Alba: Nunca quise que la pol\u00edtica fuera mi profesi\u00f3n","description":"Subt\u00edtulo: Hablamos con la exdiputada del Parlamento espa\u00f1ol y una de las personas que estuvieron en el partido Podemos de Espa\u00f1a .","robots":{"index":"index","follow":"follow","max-snippet":"max-snippet:-1","max-image-preview":"max-image-preview:large","max-video-preview":"max-video-preview:-1"},"canonical":"https:\/\/baynana.es\/es\/nagua-alba-nunca-quise-que-la-politica-fuera-mi-profesion\/","og_locale":"es_ES","og_type":"article","og_title":"Nagua Alba: Nunca quise que la pol\u00edtica fuera mi profesi\u00f3n","og_description":"Subt\u00edtulo: Hablamos con la exdiputada del Parlamento espa\u00f1ol y una de las personas que estuvieron en el partido Podemos de Espa\u00f1a .","og_url":"https:\/\/baynana.es\/es\/nagua-alba-nunca-quise-que-la-politica-fuera-mi-profesion\/","og_site_name":"Baynana \u0628\u064a\u0646\u0646\u0627","article_publisher":"https:\/\/www.facebook.com\/baynanaes","article_author":"https:\/\/www.facebook.com\/ayham.greeb","article_published_time":"2022-09-14T12:14:06+00:00","article_modified_time":"2022-09-14T13:15:37+00:00","og_image":[{"width":2560,"height":1571,"url":"https:\/\/baynana.es\/wp-content\/uploads\/2022\/09\/ALBA-scaled.jpg","type":"image\/jpeg"}],"author":"Ayham Al Sati","twitter_card":"summary_large_image","twitter_creator":"@https:\/\/twitter.com\/ayham_greeb","twitter_site":"@baynanaes","twitter_misc":{"Escrito por":"Ayham Al Sati","Tiempo de lectura":"8 minutos"},"schema":{"@context":"https:\/\/schema.org","@graph":[{"@type":"Article","@id":"https:\/\/baynana.es\/es\/nagua-alba-nunca-quise-que-la-politica-fuera-mi-profesion\/#article","isPartOf":{"@id":"https:\/\/baynana.es\/es\/nagua-alba-nunca-quise-que-la-politica-fuera-mi-profesion\/"},"author":{"name":"Ayham Al Sati","@id":"https:\/\/baynana.es\/#\/schema\/person\/6fedc1eac5fcc0abafdb25a881f2a92e"},"headline":"Nagua Alba: \u00abNunca quise que la pol\u00edtica fuera mi profesi\u00f3n\u00bb","datePublished":"2022-09-14T12:14:06+00:00","dateModified":"2022-09-14T13:15:37+00:00","mainEntityOfPage":{"@id":"https:\/\/baynana.es\/es\/nagua-alba-nunca-quise-que-la-politica-fuera-mi-profesion\/"},"wordCount":1176,"publisher":{"@id":"https:\/\/baynana.es\/#organization"},"image":{"@id":"https:\/\/baynana.es\/es\/nagua-alba-nunca-quise-que-la-politica-fuera-mi-profesion\/#primaryimage"},"thumbnailUrl":"https:\/\/baynana.es\/wp-content\/uploads\/2022\/09\/ALBA-scaled.jpg","keywords":["REVISTA BAYNANA"],"articleSection":["INICIO","NUESTRAS HISTORIAS","POL\u00cdTICA"],"inLanguage":"es"},{"@type":"WebPage","@id":"https:\/\/baynana.es\/es\/nagua-alba-nunca-quise-que-la-politica-fuera-mi-profesion\/","url":"https:\/\/baynana.es\/es\/nagua-alba-nunca-quise-que-la-politica-fuera-mi-profesion\/","name":"Nagua Alba: Nunca quise que la pol\u00edtica fuera mi profesi\u00f3n","isPartOf":{"@id":"https:\/\/baynana.es\/#website"},"primaryImageOfPage":{"@id":"https:\/\/baynana.es\/es\/nagua-alba-nunca-quise-que-la-politica-fuera-mi-profesion\/#primaryimage"},"image":{"@id":"https:\/\/baynana.es\/es\/nagua-alba-nunca-quise-que-la-politica-fuera-mi-profesion\/#primaryimage"},"thumbnailUrl":"https:\/\/baynana.es\/wp-content\/uploads\/2022\/09\/ALBA-scaled.jpg","datePublished":"2022-09-14T12:14:06+00:00","dateModified":"2022-09-14T13:15:37+00:00","description":"Subt\u00edtulo: Hablamos con la exdiputada del Parlamento espa\u00f1ol y una de las personas que estuvieron en el partido Podemos de Espa\u00f1a .","breadcrumb":{"@id":"https:\/\/baynana.es\/es\/nagua-alba-nunca-quise-que-la-politica-fuera-mi-profesion\/#breadcrumb"},"inLanguage":"es","potentialAction":[{"@type":"ReadAction","target":["https:\/\/baynana.es\/es\/nagua-alba-nunca-quise-que-la-politica-fuera-mi-profesion\/"]}]},{"@type":"ImageObject","inLanguage":"es","@id":"https:\/\/baynana.es\/es\/nagua-alba-nunca-quise-que-la-politica-fuera-mi-profesion\/#primaryimage","url":"https:\/\/baynana.es\/wp-content\/uploads\/2022\/09\/ALBA-scaled.jpg","contentUrl":"https:\/\/baynana.es\/wp-content\/uploads\/2022\/09\/ALBA-scaled.jpg","width":2560,"height":1571,"caption":"Nagua Alba en la plaza de Callao en Madrid. \u00a9Mohammad Shubat"},{"@type":"BreadcrumbList","@id":"https:\/\/baynana.es\/es\/nagua-alba-nunca-quise-que-la-politica-fuera-mi-profesion\/#breadcrumb","itemListElement":[{"@type":"ListItem","position":1,"name":"Portada","item":"https:\/\/baynana.es\/es\/"},{"@type":"ListItem","position":2,"name":"Nagua Alba: &#8220;Nunca quise que la pol\u00edtica fuera mi profesi\u00f3n&#8221;"}]},{"@type":"WebSite","@id":"https:\/\/baynana.es\/#website","url":"https:\/\/baynana.es\/","name":"Baynana \u0628\u064a\u0646\u0646\u0627","description":"Baynana Revista \u0645\u062c\u0644\u0629 \u0628\u064a\u0646\u0646\u0627","publisher":{"@id":"https:\/\/baynana.es\/#organization"},"potentialAction":[{"@type":"SearchAction","target":{"@type":"EntryPoint","urlTemplate":"https:\/\/baynana.es\/?s={search_term_string}"},"query-input":{"@type":"PropertyValueSpecification","valueRequired":true,"valueName":"search_term_string"}}],"inLanguage":"es"},{"@type":"Organization","@id":"https:\/\/baynana.es\/#organization","name":"\u0628\u064a\u0646\u0646\u0627 Baynana","url":"https:\/\/baynana.es\/","logo":{"@type":"ImageObject","inLanguage":"es","@id":"https:\/\/baynana.es\/#\/schema\/logo\/image\/","url":"https:\/\/baynana.es\/wp-content\/uploads\/2021\/03\/Artboard-1.png","contentUrl":"https:\/\/baynana.es\/wp-content\/uploads\/2021\/03\/Artboard-1.png","width":315,"height":228,"caption":"\u0628\u064a\u0646\u0646\u0627 Baynana"},"image":{"@id":"https:\/\/baynana.es\/#\/schema\/logo\/image\/"},"sameAs":["https:\/\/www.facebook.com\/baynanaes","https:\/\/x.com\/baynanaes","https:\/\/www.instagram.com\/baynanaes\/","https:\/\/www.linkedin.com\/in\/baynana-\u0628\u064a\u0646\u0646\u0627-887599211\/","https:\/\/www.youtube.com\/channel\/UC3019bsq5wOpi61SOufKxPA"]},{"@type":"Person","@id":"https:\/\/baynana.es\/#\/schema\/person\/6fedc1eac5fcc0abafdb25a881f2a92e","name":"Ayham Al Sati","image":{"@type":"ImageObject","inLanguage":"es","@id":"https:\/\/baynana.es\/#\/schema\/person\/image\/86e6e0fe2166e9f2ea79af43e73d6904","url":"https:\/\/baynana.es\/wp-content\/uploads\/2021\/01\/ayhamm-96x96.jpg","contentUrl":"https:\/\/baynana.es\/wp-content\/uploads\/2021\/01\/ayhamm-96x96.jpg","caption":"Ayham Al Sati"},"description":"\u0635\u062d\u0641\u064a \u0633\u0648\u0631\u064a\u060c \u064a\u0639\u064a\u0634 \u0641\u064a \u0645\u062f\u0631\u064a\u062f \u0645\u0646\u0630 \u0639\u0627\u0645 2019. \u0645\u0624\u0633\u0633 \u0648\u0645\u062d\u0631\u0631 \u0641\u064a \u0645\u062c\u0644\u0629 \u0628\u064a\u0646\u0646\u0627\u060c \u0645\u062a\u062e\u0635\u0635 \u0641\u064a \u0627\u0644\u0623\u062f\u0628 \u0627\u0644\u0639\u0631\u0628\u064a \u0645\u0646 \u062c\u0627\u0645\u0639\u0629 \u062f\u0645\u0634\u0642\u060c \u0648\u0639\u0645\u0644 \u0643\u0635\u062d\u0641\u064a \u062e\u0644\u0627\u0644 \u0627\u0644\u062d\u0631\u0628 \u0641\u064a \u0633\u0648\u0631\u064a\u0627 \u0645\u0646\u0630 \u0627\u0644\u0639\u0627\u0645 2011. Es un periodista sirio.\u00a0Vive en Madrid desde el a\u00f1o 2019.\u00a0Cofundador y editor en la revista de Baynana.es. Es especialista en Literatura \u00c1rabe por la Universidad de Damasco y trabaj\u00f3 como periodista durante la guerra en Siria desde el a\u00f1o 2011.\u00a0","sameAs":["https:\/\/www.facebook.com\/ayham.greeb","https:\/\/www.instagram.com\/ayham_al_sati\/","https:\/\/x.com\/https:\/\/twitter.com\/ayham_greeb","ayham"],"url":"https:\/\/baynana.es\/es\/author\/ayham\/"}]}},"authors":[{"term_id":505,"user_id":3,"is_guest":0,"slug":"ayham","display_name":"Ayham Al Sati","avatar_url":"https:\/\/baynana.es\/wp-content\/uploads\/2021\/01\/ayhamm-96x96.jpg","author_category":"","first_name":"Ayham","last_name":"Al Sati","user_url":"","job_title":"","description":"\u0635\u062d\u0641\u064a \u0633\u0648\u0631\u064a\u060c \u064a\u0639\u064a\u0634 \u0641\u064a \u0645\u062f\u0631\u064a\u062f \u0645\u0646\u0630 \u0639\u0627\u0645 2019. \u0645\u0624\u0633\u0633 \u0648\u0645\u062d\u0631\u0631 \u0641\u064a \u0645\u062c\u0644\u0629 \u0628\u064a\u0646\u0646\u0627\u060c \u0645\u062a\u062e\u0635\u0635 \u0641\u064a \u0627\u0644\u0623\u062f\u0628 \u0627\u0644\u0639\u0631\u0628\u064a \u0645\u0646 \u062c\u0627\u0645\u0639\u0629 \u062f\u0645\u0634\u0642\u060c \u0648\u0639\u0645\u0644 \u0643\u0635\u062d\u0641\u064a \u062e\u0644\u0627\u0644 \u0627\u0644\u062d\u0631\u0628 \u0641\u064a \u0633\u0648\u0631\u064a\u0627 \u0645\u0646\u0630 \u0627\u0644\u0639\u0627\u0645 2011.\r\n\r\nEs un periodista sirio.\u00a0Vive en Madrid desde el a\u00f1o 2019.\u00a0Cofundador y editor en la revista de Baynana.es. Es especialista en Literatura \u00c1rabe por la Universidad de Damasco y trabaj\u00f3 como periodista durante la guerra en Siria desde el a\u00f1o 2011.\u00a0"}],"_links":{"self":[{"href":"https:\/\/baynana.es\/es\/wp-json\/wp\/v2\/posts\/6235","targetHints":{"allow":["GET"]}}],"collection":[{"href":"https:\/\/baynana.es\/es\/wp-json\/wp\/v2\/posts"}],"about":[{"href":"https:\/\/baynana.es\/es\/wp-json\/wp\/v2\/types\/post"}],"author":[{"embeddable":true,"href":"https:\/\/baynana.es\/es\/wp-json\/wp\/v2\/users\/3"}],"replies":[{"embeddable":true,"href":"https:\/\/baynana.es\/es\/wp-json\/wp\/v2\/comments?post=6235"}],"version-history":[{"count":3,"href":"https:\/\/baynana.es\/es\/wp-json\/wp\/v2\/posts\/6235\/revisions"}],"predecessor-version":[{"id":6239,"href":"https:\/\/baynana.es\/es\/wp-json\/wp\/v2\/posts\/6235\/revisions\/6239"}],"wp:featuredmedia":[{"embeddable":true,"href":"https:\/\/baynana.es\/es\/wp-json\/wp\/v2\/media\/6227"}],"wp:attachment":[{"href":"https:\/\/baynana.es\/es\/wp-json\/wp\/v2\/media?parent=6235"}],"wp:term":[{"taxonomy":"category","embeddable":true,"href":"https:\/\/baynana.es\/es\/wp-json\/wp\/v2\/categories?post=6235"},{"taxonomy":"post_tag","embeddable":true,"href":"https:\/\/baynana.es\/es\/wp-json\/wp\/v2\/tags?post=6235"},{"taxonomy":"author","embeddable":true,"href":"https:\/\/baynana.es\/es\/wp-json\/wp\/v2\/ppma_author?post=6235"}],"curies":[{"name":"wp","href":"https:\/\/api.w.org\/{rel}","templated":true}]}}