{"id":6316,"date":"2022-10-18T12:53:21","date_gmt":"2022-10-18T10:53:21","guid":{"rendered":"https:\/\/baynana.es\/?p=6316"},"modified":"2022-10-18T17:38:34","modified_gmt":"2022-10-18T15:38:34","slug":"retornar-al-origen-la-historia-de-huda","status":"publish","type":"post","link":"https:\/\/baynana.es\/es\/retornar-al-origen-la-historia-de-huda\/","title":{"rendered":"Retornar al origen: la historia de Huda"},"content":{"rendered":"<div class=\"wp-block-post-date\"><time datetime=\"2022-10-18T12:53:21+02:00\">18 octubre\u060c 2022<\/time><\/div>\n\n\n<p>La incertidumbre por el camino a seguir es uno de los dilemas que invade a la mayor\u00eda de j\u00f3venes una vez acabada la ense\u00f1anza obligatoria. Sin embargo, esta inquietud se vio acrecentada para Huda Emad, una joven linarense de origen palestino que se vio obligada a cambiar sus planes de futuro.&nbsp;<\/p>\n\n\n\n<p>Huda naci\u00f3 en Linares, Ja\u00e9n, lugar donde sus padres se instalaron tras varios a\u00f1os fuera de Palestina. La joven vivi\u00f3 en esta ciudad hasta 2016, a\u00f1o en el que iba a comenzar su etapa universitaria en Granada. En el verano de este a\u00f1o, Huda y su familia, exceptuando su padre, viajaron a Gaza para reunirse con sus familiares durante las vacaciones escolares.&nbsp;<\/p>\n\n\n\n<p>El 4 de julio de 2016 el gobierno egipcio cerr\u00f3 el paso fronterizo de Raf\u00e1, dejando encerrados a los gazac\u00edes, <a href=\"https:\/\/www.diariojaen.es\/linares\/visos-de-esperanza-para-la-familia-atrapada-en-gaza-FB2311304\">entre ellos Huda y su familia<\/a>. A pesar de tener nacionalidad espa\u00f1ola, las autoridades le prohibieron salir por poseer tambi\u00e9n la nacionalidad palestina.<\/p>\n\n\n\n<h4 class=\"wp-block-heading\"><strong>Choque de culturas<\/strong><\/h4>\n\n\n\n<p>Sin tenerlo previsto, la joven jiennense tuvo que dar un giro de 180\u00ba a su proyecto de vida. Despu\u00e9s de unos meses de una dura incertidumbre e impotencia por ver que su futuro se truncaba mientras todos sus amigos disfrutaban del comienzo de la etapa universitaria, Huda entendi\u00f3 que le esperaba un tiempo en Gaza. Decidi\u00f3 matricularse en el Grado de Filolog\u00eda Inglesa en Gaza. A pesar de que fue un empuj\u00f3n de autoestima comenzar la carrera universitaria, la palestina tuvo que afrontar las complicaciones derivadas del idioma o del cambio cultural. \u201cDentro de mi familia he notado el choque de culturas, no he sentido racismo a nivel de sentirme mal, pero si contraste de culturas\u201d, afirma.<\/p>\n\n\n\n<p>Huda, que ha crecido en Espa\u00f1a rodeada de la cultura y formas de vida de la sociedad occidental, tuvo que acostumbrarse a unas nuevas normas sociales en un corto periodo de tiempo. \u201cAl principio lo pas\u00e9 mal, fue muy duro verme sola sin mis padres. Yo escuchaba esta cultura y la ve\u00eda, pero nunca la hab\u00eda vivido tan de cerca\u201d. \u201cAqu\u00ed hay mujeres que no salen solas y a m\u00ed siempre me dec\u00edan que me llevara a alguien y a m\u00ed eso me dej\u00f3 en shock, me cost\u00f3 mucho acostumbrarme, pero despu\u00e9s de unos a\u00f1os he entendido que no es con ninguna mala intenci\u00f3n, solo es su cultura\u201d, cuenta la palestina.<\/p>\n\n\n\n<p>Ahora, tras varios a\u00f1os viviendo en Gaza, Huda est\u00e1 adaptada completamente a la cultura \u00e1rabe. No fue f\u00e1cil al principio, pero asegura que ha conseguido sentirse una m\u00e1s en su pa\u00eds de origen. Adem\u00e1s, afirma que las costumbres van evolucionando y, por ejemplo, en el caso de la mujer, cada vez se puede apreciar una sociedad m\u00e1s avanzada en Palestina. \u201cYo aqu\u00ed he decidido llevar el pa\u00f1uelo m\u00e1s que nada por no sentirme tan expuesta, al principio todos me miraban, incluso me tiraban del pelo. Sin embargo, cada a\u00f1o es m\u00e1s normal ver a chicas sin pa\u00f1uelo, trabajando\u2026 todo es mucho m\u00e1s liberal.\u201d<\/p>\n\n\n\n<p>Durante su infancia en Espa\u00f1a, aunque recalca que fue muy feliz, tambi\u00e9n sufri\u00f3 episodios de racismo a pesar de ser espa\u00f1ola. \u201cDonde m\u00e1s sufr\u00ed fue en el colegio, me llegaban a llamar mora y yo no soy de Marruecos\u201d, recuerda. \u201cMis padres siempre me apoyaron y me hicieron sentir siempre mejor que quienes se met\u00edan conmigo y nunca inferior\u201d.<\/p>\n\n\n\n<h4 class=\"wp-block-heading\"><strong>PERIODISMO DE GUERRA EN PALESTINA<\/strong><\/h4>\n\n\n\n<p>Una vez acabado el grado universitario, Huda comenz\u00f3 a trabajar con <a href=\"https:\/\/www.medicosdelmundo.org\/\">M\u00e9dicos Del Mundo<\/a> como traductora, una experiencia inolvidable para ella. \u201cSent\u00ed que empezaba a realizarme, que no hab\u00eda perdido mi futuro\u201d, cuenta. M\u00e1s tarde, ha podido desarrollarse como reportera para el medio hispanohablante iran\u00ed <a href=\"https:\/\/www.hispantv.com\/\">HispanTV<\/a>, con el que trabaja hasta d\u00eda de hoy de forma intermitente. La palestina comenz\u00f3 cubriendo uno de los m\u00faltiples bombardeos en Gaza por parte del Gobierno israel\u00ed. Sin haber estudiado periodismo y sin previa experiencia, Huda se convirti\u00f3 en una reportera de guerra profesional. \u201cNo sab\u00eda nada de periodismo, nunca hab\u00eda estado expuesta, no sab\u00eda cu\u00e1l era el trabajo del periodista. Al principio no me sent\u00ed preparada, pero quer\u00eda sentirme realizada y mis compa\u00f1eros me ayudaron en todo momento.\u201d Despu\u00e9s de su vivencia personal y su experiencia como periodista, la joven afirma: \u201cLo que pasa en Oriente, Occidente no le presta atenci\u00f3n, sobre todo en Gaza\u201d.<\/p>\n\n\n\n<figure class=\"wp-block-image size-large\"><img loading=\"lazy\" decoding=\"async\" width=\"1024\" height=\"683\" src=\"https:\/\/baynana.es\/wp-content\/uploads\/2022\/10\/5d0064b3-dc9e-4231-a3db-0092a79c9dc5-1024x683.jpg\" alt=\"\" class=\"wp-image-6311\" srcset=\"https:\/\/baynana.es\/wp-content\/uploads\/2022\/10\/5d0064b3-dc9e-4231-a3db-0092a79c9dc5-1024x683.jpg 1024w, https:\/\/baynana.es\/wp-content\/uploads\/2022\/10\/5d0064b3-dc9e-4231-a3db-0092a79c9dc5-300x200.jpg 300w, https:\/\/baynana.es\/wp-content\/uploads\/2022\/10\/5d0064b3-dc9e-4231-a3db-0092a79c9dc5-768x512.jpg 768w, https:\/\/baynana.es\/wp-content\/uploads\/2022\/10\/5d0064b3-dc9e-4231-a3db-0092a79c9dc5-1536x1024.jpg 1536w, https:\/\/baynana.es\/wp-content\/uploads\/2022\/10\/5d0064b3-dc9e-4231-a3db-0092a79c9dc5-600x400.jpg 600w, https:\/\/baynana.es\/wp-content\/uploads\/2022\/10\/5d0064b3-dc9e-4231-a3db-0092a79c9dc5.jpg 1599w\" sizes=\"auto, (max-width: 1024px) 100vw, 1024px\" \/><figcaption><em>Hoda Emad mientras practicaba su trabajo period\u00edstico en la Franja de Gaza. imagen cedida<\/em><\/figcaption><\/figure>\n\n\n\n<h4 class=\"wp-block-heading\"><strong>REGRESO A ESPA\u00d1A<\/strong><\/h4>\n\n\n\n<p>En 2019, Huda consigui\u00f3 volver a Espa\u00f1a con ayuda de familiares que hicieron llegar su nombre a la frontera. \u201cEn este pa\u00eds, si no tienes a alguien que ayude a gestionar tr\u00e1mites, es muy dif\u00edcil\u201d. La jiennense pudo disfrutar de siete meses en su ciudad natal, despu\u00e9s de dos a\u00f1os sin ver a su familia. Pasado este tiempo, Huda se volvi\u00f3 a Gaza acompa\u00f1ada de su madre y sus hermanos peque\u00f1os. Una vez all\u00ed, la pandemia volvi\u00f3 a cerrar la frontera y su familia revivi\u00f3 de nuevo el encierro en el pa\u00eds \u00e1rabe. Su hermana, al igual que Huda, se vio obligada a cambiar sus planes de futuro, una decisi\u00f3n muy complicada para ella, pero que finalmente le llev\u00f3 a estudiar la carrera de Enfermer\u00eda en Gaza.<\/p>\n\n\n\n<h4 class=\"wp-block-heading\"><strong>UN PLAN DE FUTURO<\/strong><\/h4>\n\n\n\n<p>Hoy, ambas hermanas contin\u00faan en Palestina estudiando, gan\u00e1ndose la vida y pensando en un nuevo futuro que construir. Al igual que la gran mayor\u00eda de j\u00f3venes, ellas est\u00e1n dispuestas a moverse a cualquier parte en busca de un oficio. Despu\u00e9s de seis a\u00f1os fuera de Espa\u00f1a, Huda confiesa que no sabe con certeza si quiere volver, quedarse o ir a un lugar nuevo. \u201cMe quedar\u00e9 aqu\u00ed si hay posibilidad de trabajo, si no, es muy dif\u00edcil. Aqu\u00ed los salarios son muy bajos y el precio de la vivienda y la comida es mucho m\u00e1s alto que en Linares, por ejemplo. El espa\u00f1ol est\u00e1 creciendo mucho aqu\u00ed y estoy teniendo bastantes ofertas para trabajar como traductora, profesora del idioma, etc.\u201d, cuenta. Mi madre s\u00ed que querr\u00eda volver a Espa\u00f1a, pero es muy dif\u00edcil irte sabiendo que en cualquier momento puede haber un bombardeo y tus hijas est\u00e1n aqu\u00ed\u201d, confiesa.<\/p>\n\n\n\n<figure class=\"wp-block-image size-large\"><img loading=\"lazy\" decoding=\"async\" width=\"1024\" height=\"576\" src=\"https:\/\/baynana.es\/wp-content\/uploads\/2022\/10\/de95015b-2e16-4ab4-87d9-1b4d08ba21e1-1024x576.jpg\" alt=\"\" class=\"wp-image-6305\" srcset=\"https:\/\/baynana.es\/wp-content\/uploads\/2022\/10\/de95015b-2e16-4ab4-87d9-1b4d08ba21e1-1024x576.jpg 1024w, https:\/\/baynana.es\/wp-content\/uploads\/2022\/10\/de95015b-2e16-4ab4-87d9-1b4d08ba21e1-300x169.jpg 300w, https:\/\/baynana.es\/wp-content\/uploads\/2022\/10\/de95015b-2e16-4ab4-87d9-1b4d08ba21e1-768x432.jpg 768w, https:\/\/baynana.es\/wp-content\/uploads\/2022\/10\/de95015b-2e16-4ab4-87d9-1b4d08ba21e1-1536x864.jpg 1536w, https:\/\/baynana.es\/wp-content\/uploads\/2022\/10\/de95015b-2e16-4ab4-87d9-1b4d08ba21e1-390x220.jpg 390w, https:\/\/baynana.es\/wp-content\/uploads\/2022\/10\/de95015b-2e16-4ab4-87d9-1b4d08ba21e1-600x338.jpg 600w, https:\/\/baynana.es\/wp-content\/uploads\/2022\/10\/de95015b-2e16-4ab4-87d9-1b4d08ba21e1.jpg 1600w\" sizes=\"auto, (max-width: 1024px) 100vw, 1024px\" \/><figcaption><em>Huda trabajando con M\u00e9dicos del Mundo en un hospital de la franja de Gaza. imagen cedida<\/em><\/figcaption><\/figure>\n\n\n\n<p>Huda ha demostrado ser una persona valiente, resolutiva y constante, ya que, sin esperarlo, tuvo que labrarse un futuro en un escenario complicado: para ella, por el gran choque que supone el cambio de pa\u00eds; para otros j\u00f3venes palestinos, por la crueldad de los bombardeos que sufren constantemente y todos los obst\u00e1culos que deben salvar viviendo en un pa\u00eds asediado.<\/p>\n","protected":false},"excerpt":{"rendered":"<p>18 octubre\u060c 2022 La incertidumbre por el camino a seguir es uno de los dilemas que invade a la mayor\u00eda de j\u00f3venes una vez acabada la ense\u00f1anza obligatoria. Sin embargo, esta inquietud se vio acrecentada para Huda Emad, una joven linarense de origen palestino que se vio obligada a cambiar sus planes de futuro.&nbsp; Huda &hellip;<\/p>\n","protected":false},"author":10,"featured_media":6308,"comment_status":"closed","ping_status":"closed","sticky":false,"template":"","format":"standard","meta":{"inline_featured_image":false,"footnotes":""},"categories":[65,11,54],"tags":[91],"ppma_author":[509],"class_list":["post-6316","post","type-post","status-publish","format-standard","has-post-thumbnail","hentry","category-derechos","category-inicio","category-politica","tag-revista-baynana"],"acf":[],"yoast_head":"<!-- This site is optimized with the Yoast SEO plugin v25.3.1 - https:\/\/yoast.com\/wordpress\/plugins\/seo\/ -->\n<title>Retornar al origen: la historia de Huda<\/title>\n<meta name=\"description\" content=\"Huda Emad es una joven jiennense de origen palestino que vio truncado su futuro tras una visita a su pa\u00eds de origen, Palestina.\" \/>\n<meta name=\"robots\" content=\"index, follow, max-snippet:-1, max-image-preview:large, max-video-preview:-1\" \/>\n<link rel=\"canonical\" href=\"https:\/\/baynana.es\/es\/retornar-al-origen-la-historia-de-huda\/\" \/>\n<meta property=\"og:locale\" content=\"es_ES\" \/>\n<meta property=\"og:type\" content=\"article\" \/>\n<meta property=\"og:title\" content=\"Retornar al origen: la historia de Huda\" \/>\n<meta property=\"og:description\" content=\"Huda Emad es una joven jiennense de origen palestino que vio truncado su futuro tras una visita a su pa\u00eds de origen, Palestina.\" \/>\n<meta property=\"og:url\" content=\"https:\/\/baynana.es\/es\/retornar-al-origen-la-historia-de-huda\/\" \/>\n<meta property=\"og:site_name\" content=\"Baynana \u0628\u064a\u0646\u0646\u0627\" \/>\n<meta property=\"article:publisher\" content=\"https:\/\/www.facebook.com\/baynanaes\" \/>\n<meta property=\"article:published_time\" content=\"2022-10-18T10:53:21+00:00\" \/>\n<meta property=\"article:modified_time\" content=\"2022-10-18T15:38:34+00:00\" \/>\n<meta property=\"og:image\" content=\"https:\/\/baynana.es\/wp-content\/uploads\/2022\/10\/IMG_6911-scaled.jpg\" \/>\n\t<meta property=\"og:image:width\" content=\"2560\" \/>\n\t<meta property=\"og:image:height\" content=\"1706\" \/>\n\t<meta property=\"og:image:type\" content=\"image\/jpeg\" \/>\n<meta name=\"author\" content=\"Elvira Delgado\" \/>\n<meta name=\"twitter:card\" content=\"summary_large_image\" \/>\n<meta name=\"twitter:creator\" content=\"@baynanaes\" \/>\n<meta name=\"twitter:site\" content=\"@baynanaes\" \/>\n<meta name=\"twitter:label1\" content=\"Escrito por\" \/>\n\t<meta name=\"twitter:data1\" content=\"Elvira Delgado\" \/>\n\t<meta name=\"twitter:label2\" content=\"Tiempo de lectura\" \/>\n\t<meta name=\"twitter:data2\" content=\"9 minutos\" \/>\n<script type=\"application\/ld+json\" class=\"yoast-schema-graph\">{\"@context\":\"https:\/\/schema.org\",\"@graph\":[{\"@type\":\"Article\",\"@id\":\"https:\/\/baynana.es\/es\/retornar-al-origen-la-historia-de-huda\/#article\",\"isPartOf\":{\"@id\":\"https:\/\/baynana.es\/es\/retornar-al-origen-la-historia-de-huda\/\"},\"author\":{\"name\":\"Elvira Delgado\",\"@id\":\"https:\/\/baynana.es\/#\/schema\/person\/1fda87168915eed63f9423b76b9a0d0a\"},\"headline\":\"Retornar al origen: la historia de Huda\",\"datePublished\":\"2022-10-18T10:53:21+00:00\",\"dateModified\":\"2022-10-18T15:38:34+00:00\",\"mainEntityOfPage\":{\"@id\":\"https:\/\/baynana.es\/es\/retornar-al-origen-la-historia-de-huda\/\"},\"wordCount\":1165,\"publisher\":{\"@id\":\"https:\/\/baynana.es\/#organization\"},\"image\":{\"@id\":\"https:\/\/baynana.es\/es\/retornar-al-origen-la-historia-de-huda\/#primaryimage\"},\"thumbnailUrl\":\"https:\/\/baynana.es\/wp-content\/uploads\/2022\/10\/IMG_6911-scaled.jpg\",\"keywords\":[\"REVISTA BAYNANA\"],\"articleSection\":[\"DERECHOS\",\"INICIO\",\"POL\u00cdTICA\"],\"inLanguage\":\"es\"},{\"@type\":\"WebPage\",\"@id\":\"https:\/\/baynana.es\/es\/retornar-al-origen-la-historia-de-huda\/\",\"url\":\"https:\/\/baynana.es\/es\/retornar-al-origen-la-historia-de-huda\/\",\"name\":\"Retornar al origen: la historia de Huda\",\"isPartOf\":{\"@id\":\"https:\/\/baynana.es\/#website\"},\"primaryImageOfPage\":{\"@id\":\"https:\/\/baynana.es\/es\/retornar-al-origen-la-historia-de-huda\/#primaryimage\"},\"image\":{\"@id\":\"https:\/\/baynana.es\/es\/retornar-al-origen-la-historia-de-huda\/#primaryimage\"},\"thumbnailUrl\":\"https:\/\/baynana.es\/wp-content\/uploads\/2022\/10\/IMG_6911-scaled.jpg\",\"datePublished\":\"2022-10-18T10:53:21+00:00\",\"dateModified\":\"2022-10-18T15:38:34+00:00\",\"description\":\"Huda Emad es una joven jiennense de origen palestino que vio truncado su futuro tras una visita a su pa\u00eds de origen, Palestina.\",\"breadcrumb\":{\"@id\":\"https:\/\/baynana.es\/es\/retornar-al-origen-la-historia-de-huda\/#breadcrumb\"},\"inLanguage\":\"es\",\"potentialAction\":[{\"@type\":\"ReadAction\",\"target\":[\"https:\/\/baynana.es\/es\/retornar-al-origen-la-historia-de-huda\/\"]}]},{\"@type\":\"ImageObject\",\"inLanguage\":\"es\",\"@id\":\"https:\/\/baynana.es\/es\/retornar-al-origen-la-historia-de-huda\/#primaryimage\",\"url\":\"https:\/\/baynana.es\/wp-content\/uploads\/2022\/10\/IMG_6911-scaled.jpg\",\"contentUrl\":\"https:\/\/baynana.es\/wp-content\/uploads\/2022\/10\/IMG_6911-scaled.jpg\",\"width\":2560,\"height\":1706,\"caption\":\"Hoda Emad en la Franja de Gaza. imagen cedida\"},{\"@type\":\"BreadcrumbList\",\"@id\":\"https:\/\/baynana.es\/es\/retornar-al-origen-la-historia-de-huda\/#breadcrumb\",\"itemListElement\":[{\"@type\":\"ListItem\",\"position\":1,\"name\":\"Portada\",\"item\":\"https:\/\/baynana.es\/es\/\"},{\"@type\":\"ListItem\",\"position\":2,\"name\":\"Retornar al origen: la historia de Huda\"}]},{\"@type\":\"WebSite\",\"@id\":\"https:\/\/baynana.es\/#website\",\"url\":\"https:\/\/baynana.es\/\",\"name\":\"Baynana \u0628\u064a\u0646\u0646\u0627\",\"description\":\"Baynana Revista \u0645\u062c\u0644\u0629 \u0628\u064a\u0646\u0646\u0627\",\"publisher\":{\"@id\":\"https:\/\/baynana.es\/#organization\"},\"potentialAction\":[{\"@type\":\"SearchAction\",\"target\":{\"@type\":\"EntryPoint\",\"urlTemplate\":\"https:\/\/baynana.es\/?s={search_term_string}\"},\"query-input\":{\"@type\":\"PropertyValueSpecification\",\"valueRequired\":true,\"valueName\":\"search_term_string\"}}],\"inLanguage\":\"es\"},{\"@type\":\"Organization\",\"@id\":\"https:\/\/baynana.es\/#organization\",\"name\":\"\u0628\u064a\u0646\u0646\u0627 Baynana\",\"url\":\"https:\/\/baynana.es\/\",\"logo\":{\"@type\":\"ImageObject\",\"inLanguage\":\"es\",\"@id\":\"https:\/\/baynana.es\/#\/schema\/logo\/image\/\",\"url\":\"https:\/\/baynana.es\/wp-content\/uploads\/2021\/03\/Artboard-1.png\",\"contentUrl\":\"https:\/\/baynana.es\/wp-content\/uploads\/2021\/03\/Artboard-1.png\",\"width\":315,\"height\":228,\"caption\":\"\u0628\u064a\u0646\u0646\u0627 Baynana\"},\"image\":{\"@id\":\"https:\/\/baynana.es\/#\/schema\/logo\/image\/\"},\"sameAs\":[\"https:\/\/www.facebook.com\/baynanaes\",\"https:\/\/x.com\/baynanaes\",\"https:\/\/www.instagram.com\/baynanaes\/\",\"https:\/\/www.linkedin.com\/in\/baynana-\u0628\u064a\u0646\u0646\u0627-887599211\/\",\"https:\/\/www.youtube.com\/channel\/UC3019bsq5wOpi61SOufKxPA\"]},{\"@type\":\"Person\",\"@id\":\"https:\/\/baynana.es\/#\/schema\/person\/1fda87168915eed63f9423b76b9a0d0a\",\"name\":\"Elvira Delgado\",\"image\":{\"@type\":\"ImageObject\",\"inLanguage\":\"es\",\"@id\":\"https:\/\/baynana.es\/#\/schema\/person\/image\/93da270c41af30cb5266a86539fd5b28\",\"url\":\"https:\/\/baynana.es\/wp-content\/uploads\/2021\/10\/Elvira-web-96x96.png\",\"contentUrl\":\"https:\/\/baynana.es\/wp-content\/uploads\/2021\/10\/Elvira-web-96x96.png\",\"caption\":\"Elvira Delgado\"},\"description\":\"Doble grado en Periodismo y Comunicaci\u00f3n Audiovisual.3 a\u00f1os de experiencia en televisi\u00f3n como realizadora (Mediaset).Periodista freelance sobre temas sociales y humanitarios. Art\u00edculos publicados en Planeta Futuro y La Voz de los ODS (UNRWA). Experiencia en el terreno en Bosnia: reportajes sobre los migrantes que recorren la Ruta de los Balcanes. Colabora con Baynana.\",\"url\":\"https:\/\/baynana.es\/es\/author\/elvira\/\"}]}<\/script>\n<!-- \/ Yoast SEO plugin. -->","yoast_head_json":{"title":"Retornar al origen: la historia de Huda","description":"Huda Emad es una joven jiennense de origen palestino que vio truncado su futuro tras una visita a su pa\u00eds de origen, Palestina.","robots":{"index":"index","follow":"follow","max-snippet":"max-snippet:-1","max-image-preview":"max-image-preview:large","max-video-preview":"max-video-preview:-1"},"canonical":"https:\/\/baynana.es\/es\/retornar-al-origen-la-historia-de-huda\/","og_locale":"es_ES","og_type":"article","og_title":"Retornar al origen: la historia de Huda","og_description":"Huda Emad es una joven jiennense de origen palestino que vio truncado su futuro tras una visita a su pa\u00eds de origen, Palestina.","og_url":"https:\/\/baynana.es\/es\/retornar-al-origen-la-historia-de-huda\/","og_site_name":"Baynana \u0628\u064a\u0646\u0646\u0627","article_publisher":"https:\/\/www.facebook.com\/baynanaes","article_published_time":"2022-10-18T10:53:21+00:00","article_modified_time":"2022-10-18T15:38:34+00:00","og_image":[{"width":2560,"height":1706,"url":"https:\/\/baynana.es\/wp-content\/uploads\/2022\/10\/IMG_6911-scaled.jpg","type":"image\/jpeg"}],"author":"Elvira Delgado","twitter_card":"summary_large_image","twitter_creator":"@baynanaes","twitter_site":"@baynanaes","twitter_misc":{"Escrito por":"Elvira Delgado","Tiempo de lectura":"9 minutos"},"schema":{"@context":"https:\/\/schema.org","@graph":[{"@type":"Article","@id":"https:\/\/baynana.es\/es\/retornar-al-origen-la-historia-de-huda\/#article","isPartOf":{"@id":"https:\/\/baynana.es\/es\/retornar-al-origen-la-historia-de-huda\/"},"author":{"name":"Elvira Delgado","@id":"https:\/\/baynana.es\/#\/schema\/person\/1fda87168915eed63f9423b76b9a0d0a"},"headline":"Retornar al origen: la historia de Huda","datePublished":"2022-10-18T10:53:21+00:00","dateModified":"2022-10-18T15:38:34+00:00","mainEntityOfPage":{"@id":"https:\/\/baynana.es\/es\/retornar-al-origen-la-historia-de-huda\/"},"wordCount":1165,"publisher":{"@id":"https:\/\/baynana.es\/#organization"},"image":{"@id":"https:\/\/baynana.es\/es\/retornar-al-origen-la-historia-de-huda\/#primaryimage"},"thumbnailUrl":"https:\/\/baynana.es\/wp-content\/uploads\/2022\/10\/IMG_6911-scaled.jpg","keywords":["REVISTA BAYNANA"],"articleSection":["DERECHOS","INICIO","POL\u00cdTICA"],"inLanguage":"es"},{"@type":"WebPage","@id":"https:\/\/baynana.es\/es\/retornar-al-origen-la-historia-de-huda\/","url":"https:\/\/baynana.es\/es\/retornar-al-origen-la-historia-de-huda\/","name":"Retornar al origen: la historia de Huda","isPartOf":{"@id":"https:\/\/baynana.es\/#website"},"primaryImageOfPage":{"@id":"https:\/\/baynana.es\/es\/retornar-al-origen-la-historia-de-huda\/#primaryimage"},"image":{"@id":"https:\/\/baynana.es\/es\/retornar-al-origen-la-historia-de-huda\/#primaryimage"},"thumbnailUrl":"https:\/\/baynana.es\/wp-content\/uploads\/2022\/10\/IMG_6911-scaled.jpg","datePublished":"2022-10-18T10:53:21+00:00","dateModified":"2022-10-18T15:38:34+00:00","description":"Huda Emad es una joven jiennense de origen palestino que vio truncado su futuro tras una visita a su pa\u00eds de origen, Palestina.","breadcrumb":{"@id":"https:\/\/baynana.es\/es\/retornar-al-origen-la-historia-de-huda\/#breadcrumb"},"inLanguage":"es","potentialAction":[{"@type":"ReadAction","target":["https:\/\/baynana.es\/es\/retornar-al-origen-la-historia-de-huda\/"]}]},{"@type":"ImageObject","inLanguage":"es","@id":"https:\/\/baynana.es\/es\/retornar-al-origen-la-historia-de-huda\/#primaryimage","url":"https:\/\/baynana.es\/wp-content\/uploads\/2022\/10\/IMG_6911-scaled.jpg","contentUrl":"https:\/\/baynana.es\/wp-content\/uploads\/2022\/10\/IMG_6911-scaled.jpg","width":2560,"height":1706,"caption":"Hoda Emad en la Franja de Gaza. imagen cedida"},{"@type":"BreadcrumbList","@id":"https:\/\/baynana.es\/es\/retornar-al-origen-la-historia-de-huda\/#breadcrumb","itemListElement":[{"@type":"ListItem","position":1,"name":"Portada","item":"https:\/\/baynana.es\/es\/"},{"@type":"ListItem","position":2,"name":"Retornar al origen: la historia de Huda"}]},{"@type":"WebSite","@id":"https:\/\/baynana.es\/#website","url":"https:\/\/baynana.es\/","name":"Baynana \u0628\u064a\u0646\u0646\u0627","description":"Baynana Revista \u0645\u062c\u0644\u0629 \u0628\u064a\u0646\u0646\u0627","publisher":{"@id":"https:\/\/baynana.es\/#organization"},"potentialAction":[{"@type":"SearchAction","target":{"@type":"EntryPoint","urlTemplate":"https:\/\/baynana.es\/?s={search_term_string}"},"query-input":{"@type":"PropertyValueSpecification","valueRequired":true,"valueName":"search_term_string"}}],"inLanguage":"es"},{"@type":"Organization","@id":"https:\/\/baynana.es\/#organization","name":"\u0628\u064a\u0646\u0646\u0627 Baynana","url":"https:\/\/baynana.es\/","logo":{"@type":"ImageObject","inLanguage":"es","@id":"https:\/\/baynana.es\/#\/schema\/logo\/image\/","url":"https:\/\/baynana.es\/wp-content\/uploads\/2021\/03\/Artboard-1.png","contentUrl":"https:\/\/baynana.es\/wp-content\/uploads\/2021\/03\/Artboard-1.png","width":315,"height":228,"caption":"\u0628\u064a\u0646\u0646\u0627 Baynana"},"image":{"@id":"https:\/\/baynana.es\/#\/schema\/logo\/image\/"},"sameAs":["https:\/\/www.facebook.com\/baynanaes","https:\/\/x.com\/baynanaes","https:\/\/www.instagram.com\/baynanaes\/","https:\/\/www.linkedin.com\/in\/baynana-\u0628\u064a\u0646\u0646\u0627-887599211\/","https:\/\/www.youtube.com\/channel\/UC3019bsq5wOpi61SOufKxPA"]},{"@type":"Person","@id":"https:\/\/baynana.es\/#\/schema\/person\/1fda87168915eed63f9423b76b9a0d0a","name":"Elvira Delgado","image":{"@type":"ImageObject","inLanguage":"es","@id":"https:\/\/baynana.es\/#\/schema\/person\/image\/93da270c41af30cb5266a86539fd5b28","url":"https:\/\/baynana.es\/wp-content\/uploads\/2021\/10\/Elvira-web-96x96.png","contentUrl":"https:\/\/baynana.es\/wp-content\/uploads\/2021\/10\/Elvira-web-96x96.png","caption":"Elvira Delgado"},"description":"Doble grado en Periodismo y Comunicaci\u00f3n Audiovisual.3 a\u00f1os de experiencia en televisi\u00f3n como realizadora (Mediaset).Periodista freelance sobre temas sociales y humanitarios. Art\u00edculos publicados en Planeta Futuro y La Voz de los ODS (UNRWA). Experiencia en el terreno en Bosnia: reportajes sobre los migrantes que recorren la Ruta de los Balcanes. Colabora con Baynana.","url":"https:\/\/baynana.es\/es\/author\/elvira\/"}]}},"authors":[{"term_id":509,"user_id":10,"is_guest":0,"slug":"elvira","display_name":"Elvira Delgado","avatar_url":"https:\/\/baynana.es\/wp-content\/uploads\/2021\/10\/Elvira-web-96x96.png","author_category":"","first_name":"Elvira","last_name":"Delgado","user_url":"","job_title":"","description":"Doble grado en Periodismo y Comunicaci\u00f3n Audiovisual.3 a\u00f1os de experiencia en televisi\u00f3n como realizadora (Mediaset).Periodista freelance sobre temas sociales y humanitarios. Art\u00edculos publicados en Planeta Futuro y La Voz de los ODS (UNRWA). Experiencia en el terreno en Bosnia: reportajes sobre los migrantes que recorren la Ruta de los Balcanes. Colabora con Baynana."}],"_links":{"self":[{"href":"https:\/\/baynana.es\/es\/wp-json\/wp\/v2\/posts\/6316","targetHints":{"allow":["GET"]}}],"collection":[{"href":"https:\/\/baynana.es\/es\/wp-json\/wp\/v2\/posts"}],"about":[{"href":"https:\/\/baynana.es\/es\/wp-json\/wp\/v2\/types\/post"}],"author":[{"embeddable":true,"href":"https:\/\/baynana.es\/es\/wp-json\/wp\/v2\/users\/10"}],"replies":[{"embeddable":true,"href":"https:\/\/baynana.es\/es\/wp-json\/wp\/v2\/comments?post=6316"}],"version-history":[{"count":2,"href":"https:\/\/baynana.es\/es\/wp-json\/wp\/v2\/posts\/6316\/revisions"}],"predecessor-version":[{"id":6320,"href":"https:\/\/baynana.es\/es\/wp-json\/wp\/v2\/posts\/6316\/revisions\/6320"}],"wp:featuredmedia":[{"embeddable":true,"href":"https:\/\/baynana.es\/es\/wp-json\/wp\/v2\/media\/6308"}],"wp:attachment":[{"href":"https:\/\/baynana.es\/es\/wp-json\/wp\/v2\/media?parent=6316"}],"wp:term":[{"taxonomy":"category","embeddable":true,"href":"https:\/\/baynana.es\/es\/wp-json\/wp\/v2\/categories?post=6316"},{"taxonomy":"post_tag","embeddable":true,"href":"https:\/\/baynana.es\/es\/wp-json\/wp\/v2\/tags?post=6316"},{"taxonomy":"author","embeddable":true,"href":"https:\/\/baynana.es\/es\/wp-json\/wp\/v2\/ppma_author?post=6316"}],"curies":[{"name":"wp","href":"https:\/\/api.w.org\/{rel}","templated":true}]}}