{"id":6697,"date":"2023-02-09T17:21:42","date_gmt":"2023-02-09T16:21:42","guid":{"rendered":"https:\/\/baynana.es\/?p=6697"},"modified":"2023-02-09T17:21:44","modified_gmt":"2023-02-09T16:21:44","slug":"en-busca-de-los-atrapados-bajo-los-escombros-del-terremoto-en-siria-oimos-las-voces-y-no-podemos-responder","status":"publish","type":"post","link":"https:\/\/baynana.es\/es\/en-busca-de-los-atrapados-bajo-los-escombros-del-terremoto-en-siria-oimos-las-voces-y-no-podemos-responder\/","title":{"rendered":"En busca de los atrapados bajo los escombros del  terremoto en Siria: \u201cO\u00edmos las voces y no podemos responder\u201d"},"content":{"rendered":"<div class=\"wp-block-post-date\"><time datetime=\"2023-02-09T17:21:42+01:00\">9 febrero\u060c 2023<\/time><\/div>\n\n\n<p><strong>Este reportaje en colaboraci\u00f3n con el Diario.es<\/strong><\/p>\n\n\n\n<p>El periodista sirio Emad Al Basiri se ha visto desplazado por segunda vez de su casa en la ciudad de Al Bab, en la campi\u00f1a de Alepo, <a href=\"https:\/\/www.eldiario.es\/internacional\/terremoto-turquia-golpea-alepo-destruida-vez_1_9932946.html\">afectada por el terremoto en el que result\u00f3 herido.<\/a> Al Basiri vive en el norte de Siria tras huir de su ciudad, Daraa, en el sur, por la campa\u00f1a militar lanzada por Rusia y el r\u00e9gimen de Bashar Al Assad contra la ciudad en verano de 2018.<\/p>\n\n\n\n<p>\u201cLa situaci\u00f3n es tr\u00e1gica. Mand\u00e9 a mi esposa y a mis dos ni\u00f1os, lejos de las zonas residenciales, por miedo a un nuevo se\u00edsmo. Como periodista, me propuse documentar la cat\u00e1strofe provocada por el terremoto en la zona de Jenderes, cerca a la frontera turca, en el campo de Alepo\u201d, dice el periodista a trav\u00e9s de un audio en WhatsApp.<\/p>\n\n\n\n<figure class=\"wp-block-image size-large\"><img loading=\"lazy\" decoding=\"async\" width=\"1024\" height=\"683\" src=\"https:\/\/baynana.es\/wp-content\/uploads\/2023\/02\/WhatsApp-Image-2023-02-08-at-9.52.54-AM-1024x683.jpeg\" alt=\"\" class=\"wp-image-6732\" srcset=\"https:\/\/baynana.es\/wp-content\/uploads\/2023\/02\/WhatsApp-Image-2023-02-08-at-9.52.54-AM-1024x683.jpeg 1024w, https:\/\/baynana.es\/wp-content\/uploads\/2023\/02\/WhatsApp-Image-2023-02-08-at-9.52.54-AM-300x200.jpeg 300w, https:\/\/baynana.es\/wp-content\/uploads\/2023\/02\/WhatsApp-Image-2023-02-08-at-9.52.54-AM-768x512.jpeg 768w, https:\/\/baynana.es\/wp-content\/uploads\/2023\/02\/WhatsApp-Image-2023-02-08-at-9.52.54-AM-1536x1024.jpeg 1536w, https:\/\/baynana.es\/wp-content\/uploads\/2023\/02\/WhatsApp-Image-2023-02-08-at-9.52.54-AM-600x400.jpeg 600w, https:\/\/baynana.es\/wp-content\/uploads\/2023\/02\/WhatsApp-Image-2023-02-08-at-9.52.54-AM.jpeg 2048w\" sizes=\"auto, (max-width: 1024px) 100vw, 1024px\" \/><figcaption><em>Emad Al Basiri, periodista sirio y voluntario de la revista Baynana, mientras trabajaba en cubrir en las zonas afectadas por el terremoto en el norte de Siria.<\/em><\/figcaption><\/figure>\n\n\n\n<p>Cuenta que la situaci\u00f3n es muy dif\u00edcil debido a la falta de equipos modernos para ayudar a rescatar a las v\u00edctimas y heridos. \u201cEnfrente de m\u00ed, hab\u00eda una ni\u00f1a de 16 a\u00f1os bajo los escombros, los equipos de rescate no hab\u00edan podido sacarla durante horas. La Defensa Civil pudo hacerlo finalmente despu\u00e9s de amputarle el pie. Fue el momento m\u00e1s dif\u00edcil para m\u00ed en este desastre\u201d.<\/p>\n\n\n\n<p>La situaci\u00f3n sigue siendo dif\u00edcil en el noroeste del pa\u00eds, donde las operaciones de b\u00fasqueda y rescate solo cubren el 5% de los lugares afectados, seg\u00fan la oficina humanitaria de la ONU. La falta de maquinaria pesada para retirar los escombros y las condiciones invernales han complicado considerablemente estos esfuerzos y los grandes cortes de electricidad han provocado escasez de combustible en los hospitales, seg\u00fan describe su \u00faltimo informe.<\/p>\n\n\n\n<p>La cifra de v\u00edctimas sube cada hora. En todas las gobernaciones sirias se acerca a los 3.200 muertos adem\u00e1s de miles de heridos, seg\u00fan diversas fuentes. Un porcentaje desconocido se encuentra en el noroeste de Siria, que est\u00e1 bajo control de diferentes grupos rebeldes. Casi tres millones de desplazados viven en el noroeste de Siria, la zona del pa\u00eds m\u00e1s afectada por el terremoto. Antes del desastre, 14,6 millones de sirios necesitaban ayuda, seg\u00fan estad\u00edsticas de Naciones Unidas.<\/p>\n\n\n\n<h3 class=\"wp-block-heading\"><strong><strong>Ayuda a cuentagotas<\/strong><\/strong><\/h3>\n\n\n\n<p>Los pa\u00edses aliados del r\u00e9gimen sirio est\u00e1n mandando ayuda a los aeropuertos de Damasco y Alepo. La agencia oficial de noticias, Sana, recoge que Irak ha mandado un convoy de ayuda a trav\u00e9s de la frontera en el este, as\u00ed como Emiratos \u00c1rabes Unidos, Libia, T\u00fanez, Armenia y Pakist\u00e1n.<\/p>\n\n\n\n<p>En la regi\u00f3n afectada en el noroeste de Siria no hay puertos y los aviones no pueden aterrizar porque los aeropuertos est\u00e1n fuera de servicio desde el estallido de la guerra. El \u00fanico punto de entrada de la ayuda es el cruce fronterizo con Turqu\u00eda Bab Al Hawa. El resto de los cruces est\u00e1n cerrados. Turqu\u00eda acept\u00f3 abrir otros cruces para la entrada de ayuda, seg\u00fan fuentes de la oposici\u00f3n. Un portavoz de la ONU dijo que el flujo de ayuda desde Turqu\u00eda al noroeste se interrumpi\u00f3 por los da\u00f1os en carreteras y otros problemas log\u00edsticos.<\/p>\n\n\n\n<p>Hasta la fecha de la publicaci\u00f3n de este art\u00edculo, apenas ha llegado ayuda internacional al noroeste, excepto un equipo t\u00e9cnico de Egipto especialista en rescate. Este jueves ha partido el primer convoy de la ONU para el noroeste de Siria con seis camiones que transportan mantas, colchones, tiendas y material de refugio, as\u00ed como art\u00edculos b\u00e1sicos de socorro y l\u00e1mparas solares,\u00a0para asistir a 5.000 personas.<\/p>\n\n\n\n<p>El grupo de rescatistas conocido como los Cascos Blancos ha explicado que no se trata de ayuda y equipos especiales para los equipos de b\u00fasqueda y rescate, y la recuperaci\u00f3n de las personas atrapadas bajo los escombros. \u201cEs un convoy de ayuda de rutina, no incluye ning\u00fan equipo relacionado con la respuesta al terremoto\u201d, dice Monir Al Mustafa, subdirector de la organizaci\u00f3n, que se muestra \u201cdecepcionada\u201d y asegura que necesita \u201cdesesperadamente equipos\u201d que salvar vidas.<\/p>\n\n\n\n<p>Raed Al Saleh, presidente de los Cascos Blancos, que opera en la zona, asegur\u00f3 este mi\u00e9rcoles <a href=\"https:\/\/twitter.com\/RaedAlSaleh3\/status\/1623098184326082560?s=20&amp;t=rWXQjq86mVKTR8NvLqsstw\" target=\"_blank\" rel=\"noreferrer noopener\">en un tuit que Naciones Unidas <\/a>no se hab\u00eda puesto en contacto con su organizaci\u00f3n para evaluar la situaci\u00f3n y conocer las necesidades de los equipos.<\/p>\n\n\n\n<p>Al-Mustafa confirma a elDiario.es que, a excepci\u00f3n del equipo egipcio, hasta el momento no ha llegado ayuda alguna para las tareas de rescates. \u201cNos estamos coordinando con varias organizaciones internacionales, pero hasta el momento no ha llegado ning\u00fan apoyo\u201d.<\/p>\n\n\n\n<p>Los Cascos Blancos, \u00fanica organizaci\u00f3n que efect\u00faa operaciones de rescate en este territorio, lleva trabajando desde el primer momento y de forma ininterrumpida, y todos sus equipos est\u00e1n en alerta m\u00e1xima. Han sacado cientos de cuerpos de debajo de los escombros, mientras que cientos de familias siguen atrapadas en el interior de los edificios derrumbados.<\/p>\n\n\n\n<p>\u201cNo podemos responder a todos, escuchamos las voces de los civiles, y no podemos responder plenamente por la falta de equipo\u201d, dice Mounir Al-Mustafa, subdirector de los Cascos Blancos.<\/p>\n\n\n\n<p>Las malas condiciones clim\u00e1ticas, las r\u00e9plicas del terremoto y la falta de equipamiento se suman a la dificultad y complejidad de las operaciones de rescate. Hay m\u00e1s de 700 edificios parcial o totalmente destruidos. Decenas de miles de personas no tienen refugio y se encuentran en las calles con temperaturas bajo cero. \u201cEl lunes por la noche hubo una fuerte tormenta. Muchos ni\u00f1os y mujeres se encontraban a la intemperie\u201d, dice Al-Mustafa.<\/p>\n\n\n\n<p>Los equipos de los Cascos Blancos sufren escasez del combustible que usan para los veh\u00edculos. Al-Mustafa afirma que las reservas se terminaron dos meses antes del terremoto, por lo que ahora necesitan conseguir m\u00e1s con urgencia. La organizaci\u00f3n <a href=\"https:\/\/www.whitehelmets.org\/en\/?utm_source=clubhouse\" target=\"_blank\" rel=\"noreferrer noopener\">est\u00e1 pidiendo ayuda<\/a> para atender a los afectados. Al-Mustafa se\u00f1ala que ahora cuentan solo con el apoyo local y la solidaridad entre la poblaci\u00f3n. \u201cCada minuto que pasa se asfixian nuevas almas. Los sirios ahora deben afrontar su destino bajo los escombros, como lo hicieron anteriormente bajo las armas qu\u00edmicas y los bombardeos\u201d, dice.<\/p>\n\n\n\n<h3 class=\"wp-block-heading\"><strong><strong>Consuelo y luto en redes sociales<\/strong><\/strong><\/h3>\n\n\n\n<p>Para los sirios, las redes sociales se han convertido en el \u00fanico medio para llorar, anunciar fallecimientos, pedir ayuda y consolarse los unos a los otros.<\/p>\n\n\n\n<p>El destacado periodista sirio Yaman Al-Khatib qued\u00f3 atrapado bajo los escombros de su casa con su familia desde los primeros momentos del terremoto en la ciudad turca Antakya. En la ma\u00f1ana de este mi\u00e9rcoles, compa\u00f1eros del Al Khatib informaron de que los equipos de rescate pudieron sacarlo vivo tras estar m\u00e1s de 50 horas bajo los escombros, pero su familia sigue atrapada.\u00a0<\/p>\n\n\n\n<p>Abd \u0650Al-Razzaq Al-Nabhan, periodista sirio refugiado en Alemania, hizo decenas de llamamientos en Facebook pidiendo ayuda para salvar a su hermano, que tambi\u00e9n qued\u00f3 atrapado bajo los escombros en Antakya, en Turqu\u00eda.<\/p>\n\n\n\n<p>Sin embargo, finalmente escribi\u00f3: \u201cSin comentarios. M\u00e1s de 15 horas despu\u00e9s de que sacaran a mi hermano vivo de debajo de los escombros, no recibi\u00f3 ayuda de nadie, por lo que muri\u00f3\u201d.<\/p>\n\n\n\n<p>Siete horas despu\u00e9s, el periodista anunci\u00f3 que otros 16 miembros de su familia, todos mujeres y ni\u00f1os, tambi\u00e9n hab\u00edan fallecido por el terremoto.<\/p>\n","protected":false},"excerpt":{"rendered":"<p>9 febrero\u060c 2023 Este reportaje en colaboraci\u00f3n con el Diario.es El periodista sirio Emad Al Basiri se ha visto desplazado por segunda vez de su casa en la ciudad de Al Bab, en la campi\u00f1a de Alepo, afectada por el terremoto en el que result\u00f3 herido. Al Basiri vive en el norte de Siria tras &hellip;<\/p>\n","protected":false},"author":6,"featured_media":6736,"comment_status":"closed","ping_status":"closed","sticky":false,"template":"","format":"standard","meta":{"inline_featured_image":false,"footnotes":""},"categories":[65,52],"tags":[],"ppma_author":[506],"class_list":["post-6697","post","type-post","status-publish","format-standard","has-post-thumbnail","hentry","category-derechos","category-reportajes"],"acf":[],"yoast_head":"<!-- This site is optimized with the Yoast SEO plugin v25.3.1 - https:\/\/yoast.com\/wordpress\/plugins\/seo\/ -->\n<title>En busca de los atrapados bajo los escombros del terremoto en Siria: \u201cO\u00edmos las voces y no podemos responder\u201d<\/title>\n<meta name=\"description\" content=\"Tras el devastador se\u00edsmo con epicentro en Turqu\u00eda, la ayuda internacional apenas llega al noroeste sirio, excepto un equipo t\u00e9cnico de Egipto especialista en rescate y un convoy de la ONU\" \/>\n<meta name=\"robots\" content=\"index, follow, max-snippet:-1, max-image-preview:large, max-video-preview:-1\" \/>\n<link rel=\"canonical\" href=\"https:\/\/baynana.es\/es\/en-busca-de-los-atrapados-bajo-los-escombros-del-terremoto-en-siria-oimos-las-voces-y-no-podemos-responder\/\" \/>\n<meta property=\"og:locale\" content=\"es_ES\" \/>\n<meta property=\"og:type\" content=\"article\" \/>\n<meta property=\"og:title\" content=\"En busca de los atrapados bajo los escombros del terremoto en Siria: \u201cO\u00edmos las voces y no podemos responder\u201d\" \/>\n<meta property=\"og:description\" content=\"Tras el devastador se\u00edsmo con epicentro en Turqu\u00eda, la ayuda internacional apenas llega al noroeste sirio, excepto un equipo t\u00e9cnico de Egipto especialista en rescate y un convoy de la ONU\" \/>\n<meta property=\"og:url\" content=\"https:\/\/baynana.es\/es\/en-busca-de-los-atrapados-bajo-los-escombros-del-terremoto-en-siria-oimos-las-voces-y-no-podemos-responder\/\" \/>\n<meta property=\"og:site_name\" content=\"Baynana \u0628\u064a\u0646\u0646\u0627\" \/>\n<meta property=\"article:publisher\" content=\"https:\/\/www.facebook.com\/baynanaes\" \/>\n<meta property=\"article:published_time\" content=\"2023-02-09T16:21:42+00:00\" \/>\n<meta property=\"article:modified_time\" content=\"2023-02-09T16:21:44+00:00\" \/>\n<meta property=\"og:image\" content=\"https:\/\/baynana.es\/wp-content\/uploads\/2023\/02\/FB_IMG_1675957800772.jpg\" \/>\n\t<meta property=\"og:image:width\" content=\"1080\" \/>\n\t<meta property=\"og:image:height\" content=\"720\" \/>\n\t<meta property=\"og:image:type\" content=\"image\/jpeg\" \/>\n<meta name=\"author\" content=\"Okba Mohammad\" \/>\n<meta name=\"twitter:card\" content=\"summary_large_image\" \/>\n<meta name=\"twitter:creator\" content=\"@OkbaMohammad\" \/>\n<meta name=\"twitter:site\" content=\"@baynanaes\" \/>\n<meta name=\"twitter:label1\" content=\"Escrito por\" \/>\n\t<meta name=\"twitter:data1\" content=\"Okba Mohammad\" \/>\n\t<meta name=\"twitter:label2\" content=\"Tiempo de lectura\" \/>\n\t<meta name=\"twitter:data2\" content=\"9 minutos\" \/>\n<script type=\"application\/ld+json\" class=\"yoast-schema-graph\">{\"@context\":\"https:\/\/schema.org\",\"@graph\":[{\"@type\":\"Article\",\"@id\":\"https:\/\/baynana.es\/es\/en-busca-de-los-atrapados-bajo-los-escombros-del-terremoto-en-siria-oimos-las-voces-y-no-podemos-responder\/#article\",\"isPartOf\":{\"@id\":\"https:\/\/baynana.es\/es\/en-busca-de-los-atrapados-bajo-los-escombros-del-terremoto-en-siria-oimos-las-voces-y-no-podemos-responder\/\"},\"author\":{\"name\":\"Okba Mohammad\",\"@id\":\"https:\/\/baynana.es\/#\/schema\/person\/2beac5545c08e1117a9ce409cfb3c754\"},\"headline\":\"En busca de los atrapados bajo los escombros del terremoto en Siria: \u201cO\u00edmos las voces y no podemos responder\u201d\",\"datePublished\":\"2023-02-09T16:21:42+00:00\",\"dateModified\":\"2023-02-09T16:21:44+00:00\",\"mainEntityOfPage\":{\"@id\":\"https:\/\/baynana.es\/es\/en-busca-de-los-atrapados-bajo-los-escombros-del-terremoto-en-siria-oimos-las-voces-y-no-podemos-responder\/\"},\"wordCount\":1283,\"publisher\":{\"@id\":\"https:\/\/baynana.es\/#organization\"},\"image\":{\"@id\":\"https:\/\/baynana.es\/es\/en-busca-de-los-atrapados-bajo-los-escombros-del-terremoto-en-siria-oimos-las-voces-y-no-podemos-responder\/#primaryimage\"},\"thumbnailUrl\":\"https:\/\/baynana.es\/wp-content\/uploads\/2023\/02\/FB_IMG_1675957800772.jpg\",\"articleSection\":[\"DERECHOS\",\"REPORTAJES\"],\"inLanguage\":\"es\"},{\"@type\":\"WebPage\",\"@id\":\"https:\/\/baynana.es\/es\/en-busca-de-los-atrapados-bajo-los-escombros-del-terremoto-en-siria-oimos-las-voces-y-no-podemos-responder\/\",\"url\":\"https:\/\/baynana.es\/es\/en-busca-de-los-atrapados-bajo-los-escombros-del-terremoto-en-siria-oimos-las-voces-y-no-podemos-responder\/\",\"name\":\"En busca de los atrapados bajo los escombros del terremoto en Siria: \u201cO\u00edmos las voces y no podemos responder\u201d\",\"isPartOf\":{\"@id\":\"https:\/\/baynana.es\/#website\"},\"primaryImageOfPage\":{\"@id\":\"https:\/\/baynana.es\/es\/en-busca-de-los-atrapados-bajo-los-escombros-del-terremoto-en-siria-oimos-las-voces-y-no-podemos-responder\/#primaryimage\"},\"image\":{\"@id\":\"https:\/\/baynana.es\/es\/en-busca-de-los-atrapados-bajo-los-escombros-del-terremoto-en-siria-oimos-las-voces-y-no-podemos-responder\/#primaryimage\"},\"thumbnailUrl\":\"https:\/\/baynana.es\/wp-content\/uploads\/2023\/02\/FB_IMG_1675957800772.jpg\",\"datePublished\":\"2023-02-09T16:21:42+00:00\",\"dateModified\":\"2023-02-09T16:21:44+00:00\",\"description\":\"Tras el devastador se\u00edsmo con epicentro en Turqu\u00eda, la ayuda internacional apenas llega al noroeste sirio, excepto un equipo t\u00e9cnico de Egipto especialista en rescate y un convoy de la ONU\",\"breadcrumb\":{\"@id\":\"https:\/\/baynana.es\/es\/en-busca-de-los-atrapados-bajo-los-escombros-del-terremoto-en-siria-oimos-las-voces-y-no-podemos-responder\/#breadcrumb\"},\"inLanguage\":\"es\",\"potentialAction\":[{\"@type\":\"ReadAction\",\"target\":[\"https:\/\/baynana.es\/es\/en-busca-de-los-atrapados-bajo-los-escombros-del-terremoto-en-siria-oimos-las-voces-y-no-podemos-responder\/\"]}]},{\"@type\":\"ImageObject\",\"inLanguage\":\"es\",\"@id\":\"https:\/\/baynana.es\/es\/en-busca-de-los-atrapados-bajo-los-escombros-del-terremoto-en-siria-oimos-las-voces-y-no-podemos-responder\/#primaryimage\",\"url\":\"https:\/\/baynana.es\/wp-content\/uploads\/2023\/02\/FB_IMG_1675957800772.jpg\",\"contentUrl\":\"https:\/\/baynana.es\/wp-content\/uploads\/2023\/02\/FB_IMG_1675957800772.jpg\",\"width\":1080,\"height\":720,\"caption\":\"Varias personas de los equipos de defensa civil tratan de salvar a los atrapados bajo los escombros en el \u00e1rea de Jenderes en el campo de Alepo. Emad Al Bsairi\"},{\"@type\":\"BreadcrumbList\",\"@id\":\"https:\/\/baynana.es\/es\/en-busca-de-los-atrapados-bajo-los-escombros-del-terremoto-en-siria-oimos-las-voces-y-no-podemos-responder\/#breadcrumb\",\"itemListElement\":[{\"@type\":\"ListItem\",\"position\":1,\"name\":\"Portada\",\"item\":\"https:\/\/baynana.es\/es\/\"},{\"@type\":\"ListItem\",\"position\":2,\"name\":\"En busca de los atrapados bajo los escombros del terremoto en Siria: \u201cO\u00edmos las voces y no podemos responder\u201d\"}]},{\"@type\":\"WebSite\",\"@id\":\"https:\/\/baynana.es\/#website\",\"url\":\"https:\/\/baynana.es\/\",\"name\":\"Baynana \u0628\u064a\u0646\u0646\u0627\",\"description\":\"Baynana Revista \u0645\u062c\u0644\u0629 \u0628\u064a\u0646\u0646\u0627\",\"publisher\":{\"@id\":\"https:\/\/baynana.es\/#organization\"},\"potentialAction\":[{\"@type\":\"SearchAction\",\"target\":{\"@type\":\"EntryPoint\",\"urlTemplate\":\"https:\/\/baynana.es\/?s={search_term_string}\"},\"query-input\":{\"@type\":\"PropertyValueSpecification\",\"valueRequired\":true,\"valueName\":\"search_term_string\"}}],\"inLanguage\":\"es\"},{\"@type\":\"Organization\",\"@id\":\"https:\/\/baynana.es\/#organization\",\"name\":\"\u0628\u064a\u0646\u0646\u0627 Baynana\",\"url\":\"https:\/\/baynana.es\/\",\"logo\":{\"@type\":\"ImageObject\",\"inLanguage\":\"es\",\"@id\":\"https:\/\/baynana.es\/#\/schema\/logo\/image\/\",\"url\":\"https:\/\/baynana.es\/wp-content\/uploads\/2021\/03\/Artboard-1.png\",\"contentUrl\":\"https:\/\/baynana.es\/wp-content\/uploads\/2021\/03\/Artboard-1.png\",\"width\":315,\"height\":228,\"caption\":\"\u0628\u064a\u0646\u0646\u0627 Baynana\"},\"image\":{\"@id\":\"https:\/\/baynana.es\/#\/schema\/logo\/image\/\"},\"sameAs\":[\"https:\/\/www.facebook.com\/baynanaes\",\"https:\/\/x.com\/baynanaes\",\"https:\/\/www.instagram.com\/baynanaes\/\",\"https:\/\/www.linkedin.com\/in\/baynana-\u0628\u064a\u0646\u0646\u0627-887599211\/\",\"https:\/\/www.youtube.com\/channel\/UC3019bsq5wOpi61SOufKxPA\"]},{\"@type\":\"Person\",\"@id\":\"https:\/\/baynana.es\/#\/schema\/person\/2beac5545c08e1117a9ce409cfb3c754\",\"name\":\"Okba Mohammad\",\"image\":{\"@type\":\"ImageObject\",\"inLanguage\":\"es\",\"@id\":\"https:\/\/baynana.es\/#\/schema\/person\/image\/9fff0fcb4a1e27e49950a4bf4e7699d1\",\"url\":\"https:\/\/baynana.es\/wp-content\/uploads\/2021\/01\/okba-96x96.jpg\",\"contentUrl\":\"https:\/\/baynana.es\/wp-content\/uploads\/2021\/01\/okba-96x96.jpg\",\"caption\":\"Okba Mohammad\"},\"description\":\"Cubri\u00f3 la guerra en el sur de Siria de 2015 a 2018 con medios locales. Tambi\u00e9n se ha dedicado a documentar violaciones de derechos humanos de detenidos durante el conflicto. En 2019 trabaj\u00f3 como corresponsal independiente en Turqu\u00eda y posteriormente viaj\u00f3 a Espa\u00f1a, donde ha colaborado con medios como Global Voices y el diario P\u00fablico. Actualmente trabaja como reportero en Baynana\",\"sameAs\":[\"http:\/\/moussa\",\"https:\/\/x.com\/@OkbaMohammad\"],\"url\":\"https:\/\/baynana.es\/es\/author\/okba\/\"}]}<\/script>\n<!-- \/ Yoast SEO plugin. -->","yoast_head_json":{"title":"En busca de los atrapados bajo los escombros del terremoto en Siria: \u201cO\u00edmos las voces y no podemos responder\u201d","description":"Tras el devastador se\u00edsmo con epicentro en Turqu\u00eda, la ayuda internacional apenas llega al noroeste sirio, excepto un equipo t\u00e9cnico de Egipto especialista en rescate y un convoy de la ONU","robots":{"index":"index","follow":"follow","max-snippet":"max-snippet:-1","max-image-preview":"max-image-preview:large","max-video-preview":"max-video-preview:-1"},"canonical":"https:\/\/baynana.es\/es\/en-busca-de-los-atrapados-bajo-los-escombros-del-terremoto-en-siria-oimos-las-voces-y-no-podemos-responder\/","og_locale":"es_ES","og_type":"article","og_title":"En busca de los atrapados bajo los escombros del terremoto en Siria: \u201cO\u00edmos las voces y no podemos responder\u201d","og_description":"Tras el devastador se\u00edsmo con epicentro en Turqu\u00eda, la ayuda internacional apenas llega al noroeste sirio, excepto un equipo t\u00e9cnico de Egipto especialista en rescate y un convoy de la ONU","og_url":"https:\/\/baynana.es\/es\/en-busca-de-los-atrapados-bajo-los-escombros-del-terremoto-en-siria-oimos-las-voces-y-no-podemos-responder\/","og_site_name":"Baynana \u0628\u064a\u0646\u0646\u0627","article_publisher":"https:\/\/www.facebook.com\/baynanaes","article_published_time":"2023-02-09T16:21:42+00:00","article_modified_time":"2023-02-09T16:21:44+00:00","og_image":[{"width":1080,"height":720,"url":"https:\/\/baynana.es\/wp-content\/uploads\/2023\/02\/FB_IMG_1675957800772.jpg","type":"image\/jpeg"}],"author":"Okba Mohammad","twitter_card":"summary_large_image","twitter_creator":"@OkbaMohammad","twitter_site":"@baynanaes","twitter_misc":{"Escrito por":"Okba Mohammad","Tiempo de lectura":"9 minutos"},"schema":{"@context":"https:\/\/schema.org","@graph":[{"@type":"Article","@id":"https:\/\/baynana.es\/es\/en-busca-de-los-atrapados-bajo-los-escombros-del-terremoto-en-siria-oimos-las-voces-y-no-podemos-responder\/#article","isPartOf":{"@id":"https:\/\/baynana.es\/es\/en-busca-de-los-atrapados-bajo-los-escombros-del-terremoto-en-siria-oimos-las-voces-y-no-podemos-responder\/"},"author":{"name":"Okba Mohammad","@id":"https:\/\/baynana.es\/#\/schema\/person\/2beac5545c08e1117a9ce409cfb3c754"},"headline":"En busca de los atrapados bajo los escombros del terremoto en Siria: \u201cO\u00edmos las voces y no podemos responder\u201d","datePublished":"2023-02-09T16:21:42+00:00","dateModified":"2023-02-09T16:21:44+00:00","mainEntityOfPage":{"@id":"https:\/\/baynana.es\/es\/en-busca-de-los-atrapados-bajo-los-escombros-del-terremoto-en-siria-oimos-las-voces-y-no-podemos-responder\/"},"wordCount":1283,"publisher":{"@id":"https:\/\/baynana.es\/#organization"},"image":{"@id":"https:\/\/baynana.es\/es\/en-busca-de-los-atrapados-bajo-los-escombros-del-terremoto-en-siria-oimos-las-voces-y-no-podemos-responder\/#primaryimage"},"thumbnailUrl":"https:\/\/baynana.es\/wp-content\/uploads\/2023\/02\/FB_IMG_1675957800772.jpg","articleSection":["DERECHOS","REPORTAJES"],"inLanguage":"es"},{"@type":"WebPage","@id":"https:\/\/baynana.es\/es\/en-busca-de-los-atrapados-bajo-los-escombros-del-terremoto-en-siria-oimos-las-voces-y-no-podemos-responder\/","url":"https:\/\/baynana.es\/es\/en-busca-de-los-atrapados-bajo-los-escombros-del-terremoto-en-siria-oimos-las-voces-y-no-podemos-responder\/","name":"En busca de los atrapados bajo los escombros del terremoto en Siria: \u201cO\u00edmos las voces y no podemos responder\u201d","isPartOf":{"@id":"https:\/\/baynana.es\/#website"},"primaryImageOfPage":{"@id":"https:\/\/baynana.es\/es\/en-busca-de-los-atrapados-bajo-los-escombros-del-terremoto-en-siria-oimos-las-voces-y-no-podemos-responder\/#primaryimage"},"image":{"@id":"https:\/\/baynana.es\/es\/en-busca-de-los-atrapados-bajo-los-escombros-del-terremoto-en-siria-oimos-las-voces-y-no-podemos-responder\/#primaryimage"},"thumbnailUrl":"https:\/\/baynana.es\/wp-content\/uploads\/2023\/02\/FB_IMG_1675957800772.jpg","datePublished":"2023-02-09T16:21:42+00:00","dateModified":"2023-02-09T16:21:44+00:00","description":"Tras el devastador se\u00edsmo con epicentro en Turqu\u00eda, la ayuda internacional apenas llega al noroeste sirio, excepto un equipo t\u00e9cnico de Egipto especialista en rescate y un convoy de la ONU","breadcrumb":{"@id":"https:\/\/baynana.es\/es\/en-busca-de-los-atrapados-bajo-los-escombros-del-terremoto-en-siria-oimos-las-voces-y-no-podemos-responder\/#breadcrumb"},"inLanguage":"es","potentialAction":[{"@type":"ReadAction","target":["https:\/\/baynana.es\/es\/en-busca-de-los-atrapados-bajo-los-escombros-del-terremoto-en-siria-oimos-las-voces-y-no-podemos-responder\/"]}]},{"@type":"ImageObject","inLanguage":"es","@id":"https:\/\/baynana.es\/es\/en-busca-de-los-atrapados-bajo-los-escombros-del-terremoto-en-siria-oimos-las-voces-y-no-podemos-responder\/#primaryimage","url":"https:\/\/baynana.es\/wp-content\/uploads\/2023\/02\/FB_IMG_1675957800772.jpg","contentUrl":"https:\/\/baynana.es\/wp-content\/uploads\/2023\/02\/FB_IMG_1675957800772.jpg","width":1080,"height":720,"caption":"Varias personas de los equipos de defensa civil tratan de salvar a los atrapados bajo los escombros en el \u00e1rea de Jenderes en el campo de Alepo. Emad Al Bsairi"},{"@type":"BreadcrumbList","@id":"https:\/\/baynana.es\/es\/en-busca-de-los-atrapados-bajo-los-escombros-del-terremoto-en-siria-oimos-las-voces-y-no-podemos-responder\/#breadcrumb","itemListElement":[{"@type":"ListItem","position":1,"name":"Portada","item":"https:\/\/baynana.es\/es\/"},{"@type":"ListItem","position":2,"name":"En busca de los atrapados bajo los escombros del terremoto en Siria: \u201cO\u00edmos las voces y no podemos responder\u201d"}]},{"@type":"WebSite","@id":"https:\/\/baynana.es\/#website","url":"https:\/\/baynana.es\/","name":"Baynana \u0628\u064a\u0646\u0646\u0627","description":"Baynana Revista \u0645\u062c\u0644\u0629 \u0628\u064a\u0646\u0646\u0627","publisher":{"@id":"https:\/\/baynana.es\/#organization"},"potentialAction":[{"@type":"SearchAction","target":{"@type":"EntryPoint","urlTemplate":"https:\/\/baynana.es\/?s={search_term_string}"},"query-input":{"@type":"PropertyValueSpecification","valueRequired":true,"valueName":"search_term_string"}}],"inLanguage":"es"},{"@type":"Organization","@id":"https:\/\/baynana.es\/#organization","name":"\u0628\u064a\u0646\u0646\u0627 Baynana","url":"https:\/\/baynana.es\/","logo":{"@type":"ImageObject","inLanguage":"es","@id":"https:\/\/baynana.es\/#\/schema\/logo\/image\/","url":"https:\/\/baynana.es\/wp-content\/uploads\/2021\/03\/Artboard-1.png","contentUrl":"https:\/\/baynana.es\/wp-content\/uploads\/2021\/03\/Artboard-1.png","width":315,"height":228,"caption":"\u0628\u064a\u0646\u0646\u0627 Baynana"},"image":{"@id":"https:\/\/baynana.es\/#\/schema\/logo\/image\/"},"sameAs":["https:\/\/www.facebook.com\/baynanaes","https:\/\/x.com\/baynanaes","https:\/\/www.instagram.com\/baynanaes\/","https:\/\/www.linkedin.com\/in\/baynana-\u0628\u064a\u0646\u0646\u0627-887599211\/","https:\/\/www.youtube.com\/channel\/UC3019bsq5wOpi61SOufKxPA"]},{"@type":"Person","@id":"https:\/\/baynana.es\/#\/schema\/person\/2beac5545c08e1117a9ce409cfb3c754","name":"Okba Mohammad","image":{"@type":"ImageObject","inLanguage":"es","@id":"https:\/\/baynana.es\/#\/schema\/person\/image\/9fff0fcb4a1e27e49950a4bf4e7699d1","url":"https:\/\/baynana.es\/wp-content\/uploads\/2021\/01\/okba-96x96.jpg","contentUrl":"https:\/\/baynana.es\/wp-content\/uploads\/2021\/01\/okba-96x96.jpg","caption":"Okba Mohammad"},"description":"Cubri\u00f3 la guerra en el sur de Siria de 2015 a 2018 con medios locales. Tambi\u00e9n se ha dedicado a documentar violaciones de derechos humanos de detenidos durante el conflicto. En 2019 trabaj\u00f3 como corresponsal independiente en Turqu\u00eda y posteriormente viaj\u00f3 a Espa\u00f1a, donde ha colaborado con medios como Global Voices y el diario P\u00fablico. Actualmente trabaja como reportero en Baynana","sameAs":["http:\/\/moussa","https:\/\/x.com\/@OkbaMohammad"],"url":"https:\/\/baynana.es\/es\/author\/okba\/"}]}},"authors":[{"term_id":506,"user_id":6,"is_guest":0,"slug":"okba","display_name":"Okba Mohammad","avatar_url":"https:\/\/baynana.es\/wp-content\/uploads\/2021\/01\/okba-96x96.jpg","author_category":"","first_name":"Okba","last_name":"Mohammad","user_url":"http:\/\/moussa","job_title":"","description":"Cubri\u00f3 la guerra en el sur de Siria de 2015 a 2018 con medios locales. Tambi\u00e9n se ha dedicado a documentar violaciones de derechos humanos de detenidos durante el conflicto. En 2019 trabaj\u00f3 como corresponsal independiente en Turqu\u00eda y posteriormente viaj\u00f3 a Espa\u00f1a, donde ha colaborado con medios como Global Voices y el diario P\u00fablico. Actualmente trabaja como reportero en Baynana"}],"_links":{"self":[{"href":"https:\/\/baynana.es\/es\/wp-json\/wp\/v2\/posts\/6697","targetHints":{"allow":["GET"]}}],"collection":[{"href":"https:\/\/baynana.es\/es\/wp-json\/wp\/v2\/posts"}],"about":[{"href":"https:\/\/baynana.es\/es\/wp-json\/wp\/v2\/types\/post"}],"author":[{"embeddable":true,"href":"https:\/\/baynana.es\/es\/wp-json\/wp\/v2\/users\/6"}],"replies":[{"embeddable":true,"href":"https:\/\/baynana.es\/es\/wp-json\/wp\/v2\/comments?post=6697"}],"version-history":[{"count":2,"href":"https:\/\/baynana.es\/es\/wp-json\/wp\/v2\/posts\/6697\/revisions"}],"predecessor-version":[{"id":6740,"href":"https:\/\/baynana.es\/es\/wp-json\/wp\/v2\/posts\/6697\/revisions\/6740"}],"wp:featuredmedia":[{"embeddable":true,"href":"https:\/\/baynana.es\/es\/wp-json\/wp\/v2\/media\/6736"}],"wp:attachment":[{"href":"https:\/\/baynana.es\/es\/wp-json\/wp\/v2\/media?parent=6697"}],"wp:term":[{"taxonomy":"category","embeddable":true,"href":"https:\/\/baynana.es\/es\/wp-json\/wp\/v2\/categories?post=6697"},{"taxonomy":"post_tag","embeddable":true,"href":"https:\/\/baynana.es\/es\/wp-json\/wp\/v2\/tags?post=6697"},{"taxonomy":"author","embeddable":true,"href":"https:\/\/baynana.es\/es\/wp-json\/wp\/v2\/ppma_author?post=6697"}],"curies":[{"name":"wp","href":"https:\/\/api.w.org\/{rel}","templated":true}]}}