{"id":6707,"date":"2023-02-08T18:02:05","date_gmt":"2023-02-08T17:02:05","guid":{"rendered":"https:\/\/baynana.es\/?p=6707"},"modified":"2023-02-08T18:02:08","modified_gmt":"2023-02-08T17:02:08","slug":"el-terremoto-turquia-y-siria","status":"publish","type":"post","link":"https:\/\/baynana.es\/es\/el-terremoto-turquia-y-siria\/","title":{"rendered":"El terremoto Turqu\u00eda y Siria"},"content":{"rendered":"<div class=\"wp-block-post-date\"><time datetime=\"2023-02-08T18:02:05+01:00\">8 febrero\u060c 2023<\/time><\/div>\n\n\n<p>Seg\u00fan medios turcos, se ha registrado un nuevo temblor en la ciudad de Gokcen en el estado de Kahramanmara\u015f, con una magnitud de 5,1 en la escala Richter.<\/p>\n\n\n\n<p>Las operaciones de b\u00fasqueda y rescate, por parte de los equipos de Protecci\u00f3n Civil, contin\u00faan durante m\u00e1s de 60 horas en las regiones del noroeste de #Siria tras el terremoto de 7,9 que asol\u00f3 la regi\u00f3n.<\/p>\n\n\n\n<p>Seg\u00fan Defensa Civil, en el norte de Siria hay 1.400 muertos y 2.700 heridos. Las cifras podr\u00edan aumentar, cientos de familias siguen bajo los escombros, mientras contin\u00faan las r\u00e9plicas del se\u00edsmo.<\/p>\n\n\n\n<p>Durante las \u00faltimas horas los equipos de rescate han logrado extraer varios cuerpos sin vida y algunos vivos. La mayor\u00eda de las personas atrapadas han fallecido mientras el pa\u00eds contin\u00faa sin recibir ayuda internacional.<\/p>\n\n\n\n<p>Datos del Ministerio de Salud en el r\u00e9gimen de Assad: 1.250 muertes y 2.045 heridos, en un saldo indefinido en las provincias de Lattakia, Tartous y Alepo<\/p>\n","protected":false},"excerpt":{"rendered":"<p>8 febrero\u060c 2023 Seg\u00fan medios turcos, se ha registrado un nuevo temblor en la ciudad de Gokcen en el estado de Kahramanmara\u015f, con una magnitud de 5,1 en la escala Richter. Las operaciones de b\u00fasqueda y rescate, por parte de los equipos de Protecci\u00f3n Civil, contin\u00faan durante m\u00e1s de 60 horas en las regiones del &hellip;<\/p>\n","protected":false},"author":2,"featured_media":6708,"comment_status":"closed","ping_status":"closed","sticky":false,"template":"","format":"standard","meta":{"inline_featured_image":false,"footnotes":""},"categories":[48],"tags":[],"ppma_author":[],"class_list":["post-6707","post","type-post","status-publish","format-standard","has-post-thumbnail","hentry","category-noticias"],"acf":[],"yoast_head":"<!-- This site is optimized with the Yoast SEO plugin v25.3.1 - https:\/\/yoast.com\/wordpress\/plugins\/seo\/ -->\n<title>El terremoto Turqu\u00eda y Siria - Baynana \u0628\u064a\u0646\u0646\u0627 El terremoto Turqu\u00eda y Siria<\/title>\n<meta name=\"robots\" content=\"index, follow, max-snippet:-1, max-image-preview:large, max-video-preview:-1\" \/>\n<link rel=\"canonical\" href=\"https:\/\/baynana.es\/es\/el-terremoto-turquia-y-siria\/\" \/>\n<meta property=\"og:locale\" content=\"es_ES\" \/>\n<meta property=\"og:type\" content=\"article\" \/>\n<meta property=\"og:title\" content=\"El terremoto Turqu\u00eda y Siria - Baynana \u0628\u064a\u0646\u0646\u0627 El terremoto Turqu\u00eda y Siria\" \/>\n<meta property=\"og:description\" content=\"8 febrero\u060c 2023 Seg\u00fan medios turcos, se ha registrado un nuevo temblor en la ciudad de Gokcen en el estado de Kahramanmara\u015f, con una magnitud de 5,1 en la escala Richter. Las operaciones de b\u00fasqueda y rescate, por parte de los equipos de Protecci\u00f3n Civil, contin\u00faan durante m\u00e1s de 60 horas en las regiones del &hellip;\" \/>\n<meta property=\"og:url\" content=\"https:\/\/baynana.es\/es\/el-terremoto-turquia-y-siria\/\" \/>\n<meta property=\"og:site_name\" content=\"Baynana \u0628\u064a\u0646\u0646\u0627\" \/>\n<meta property=\"article:publisher\" content=\"https:\/\/www.facebook.com\/baynanaes\" \/>\n<meta property=\"article:published_time\" content=\"2023-02-08T17:02:05+00:00\" \/>\n<meta property=\"article:modified_time\" content=\"2023-02-08T17:02:08+00:00\" \/>\n<meta property=\"og:image\" content=\"https:\/\/baynana.es\/wp-content\/uploads\/2023\/02\/indice.jpg\" \/>\n\t<meta property=\"og:image:width\" content=\"960\" \/>\n\t<meta property=\"og:image:height\" content=\"640\" \/>\n\t<meta property=\"og:image:type\" content=\"image\/jpeg\" \/>\n<meta name=\"author\" content=\"baynana\" \/>\n<meta name=\"twitter:card\" content=\"summary_large_image\" \/>\n<meta name=\"twitter:creator\" content=\"@baynanaes\" \/>\n<meta name=\"twitter:site\" content=\"@baynanaes\" \/>\n<meta name=\"twitter:label1\" content=\"Escrito por\" \/>\n\t<meta name=\"twitter:data1\" content=\"baynana\" \/>\n\t<meta name=\"twitter:label2\" content=\"Tiempo de lectura\" \/>\n\t<meta name=\"twitter:data2\" content=\"2 minutos\" \/>\n<script type=\"application\/ld+json\" class=\"yoast-schema-graph\">{\"@context\":\"https:\/\/schema.org\",\"@graph\":[{\"@type\":\"Article\",\"@id\":\"https:\/\/baynana.es\/es\/el-terremoto-turquia-y-siria\/#article\",\"isPartOf\":{\"@id\":\"https:\/\/baynana.es\/es\/el-terremoto-turquia-y-siria\/\"},\"author\":{\"name\":\"baynana\",\"@id\":\"https:\/\/baynana.es\/#\/schema\/person\/d743d5ffbf13ef7c04034c063666fe95\"},\"headline\":\"El terremoto Turqu\u00eda y Siria\",\"datePublished\":\"2023-02-08T17:02:05+00:00\",\"dateModified\":\"2023-02-08T17:02:08+00:00\",\"mainEntityOfPage\":{\"@id\":\"https:\/\/baynana.es\/es\/el-terremoto-turquia-y-siria\/\"},\"wordCount\":170,\"publisher\":{\"@id\":\"https:\/\/baynana.es\/#organization\"},\"image\":{\"@id\":\"https:\/\/baynana.es\/es\/el-terremoto-turquia-y-siria\/#primaryimage\"},\"thumbnailUrl\":\"https:\/\/baynana.es\/wp-content\/uploads\/2023\/02\/indice.jpg\",\"articleSection\":[\"NOTICIAS\"],\"inLanguage\":\"es\"},{\"@type\":\"WebPage\",\"@id\":\"https:\/\/baynana.es\/es\/el-terremoto-turquia-y-siria\/\",\"url\":\"https:\/\/baynana.es\/es\/el-terremoto-turquia-y-siria\/\",\"name\":\"El terremoto Turqu\u00eda y Siria - Baynana \u0628\u064a\u0646\u0646\u0627 El terremoto Turqu\u00eda y Siria\",\"isPartOf\":{\"@id\":\"https:\/\/baynana.es\/#website\"},\"primaryImageOfPage\":{\"@id\":\"https:\/\/baynana.es\/es\/el-terremoto-turquia-y-siria\/#primaryimage\"},\"image\":{\"@id\":\"https:\/\/baynana.es\/es\/el-terremoto-turquia-y-siria\/#primaryimage\"},\"thumbnailUrl\":\"https:\/\/baynana.es\/wp-content\/uploads\/2023\/02\/indice.jpg\",\"datePublished\":\"2023-02-08T17:02:05+00:00\",\"dateModified\":\"2023-02-08T17:02:08+00:00\",\"breadcrumb\":{\"@id\":\"https:\/\/baynana.es\/es\/el-terremoto-turquia-y-siria\/#breadcrumb\"},\"inLanguage\":\"es\",\"potentialAction\":[{\"@type\":\"ReadAction\",\"target\":[\"https:\/\/baynana.es\/es\/el-terremoto-turquia-y-siria\/\"]}]},{\"@type\":\"ImageObject\",\"inLanguage\":\"es\",\"@id\":\"https:\/\/baynana.es\/es\/el-terremoto-turquia-y-siria\/#primaryimage\",\"url\":\"https:\/\/baynana.es\/wp-content\/uploads\/2023\/02\/indice.jpg\",\"contentUrl\":\"https:\/\/baynana.es\/wp-content\/uploads\/2023\/02\/indice.jpg\",\"width\":960,\"height\":640},{\"@type\":\"BreadcrumbList\",\"@id\":\"https:\/\/baynana.es\/es\/el-terremoto-turquia-y-siria\/#breadcrumb\",\"itemListElement\":[{\"@type\":\"ListItem\",\"position\":1,\"name\":\"Portada\",\"item\":\"https:\/\/baynana.es\/es\/\"},{\"@type\":\"ListItem\",\"position\":2,\"name\":\"El terremoto Turqu\u00eda y Siria\"}]},{\"@type\":\"WebSite\",\"@id\":\"https:\/\/baynana.es\/#website\",\"url\":\"https:\/\/baynana.es\/\",\"name\":\"Baynana \u0628\u064a\u0646\u0646\u0627\",\"description\":\"Baynana Revista \u0645\u062c\u0644\u0629 \u0628\u064a\u0646\u0646\u0627\",\"publisher\":{\"@id\":\"https:\/\/baynana.es\/#organization\"},\"potentialAction\":[{\"@type\":\"SearchAction\",\"target\":{\"@type\":\"EntryPoint\",\"urlTemplate\":\"https:\/\/baynana.es\/?s={search_term_string}\"},\"query-input\":{\"@type\":\"PropertyValueSpecification\",\"valueRequired\":true,\"valueName\":\"search_term_string\"}}],\"inLanguage\":\"es\"},{\"@type\":\"Organization\",\"@id\":\"https:\/\/baynana.es\/#organization\",\"name\":\"\u0628\u064a\u0646\u0646\u0627 Baynana\",\"url\":\"https:\/\/baynana.es\/\",\"logo\":{\"@type\":\"ImageObject\",\"inLanguage\":\"es\",\"@id\":\"https:\/\/baynana.es\/#\/schema\/logo\/image\/\",\"url\":\"https:\/\/baynana.es\/wp-content\/uploads\/2021\/03\/Artboard-1.png\",\"contentUrl\":\"https:\/\/baynana.es\/wp-content\/uploads\/2021\/03\/Artboard-1.png\",\"width\":315,\"height\":228,\"caption\":\"\u0628\u064a\u0646\u0646\u0627 Baynana\"},\"image\":{\"@id\":\"https:\/\/baynana.es\/#\/schema\/logo\/image\/\"},\"sameAs\":[\"https:\/\/www.facebook.com\/baynanaes\",\"https:\/\/x.com\/baynanaes\",\"https:\/\/www.instagram.com\/baynanaes\/\",\"https:\/\/www.linkedin.com\/in\/baynana-\u0628\u064a\u0646\u0646\u0627-887599211\/\",\"https:\/\/www.youtube.com\/channel\/UC3019bsq5wOpi61SOufKxPA\"]},{\"@type\":\"Person\",\"@id\":\"https:\/\/baynana.es\/#\/schema\/person\/d743d5ffbf13ef7c04034c063666fe95\",\"name\":\"baynana\",\"image\":{\"@type\":\"ImageObject\",\"inLanguage\":\"es\",\"@id\":\"https:\/\/baynana.es\/#\/schema\/person\/image\/2fdb3ad168978c52d9db4d0a4825fb0a\",\"url\":\"https:\/\/baynana.es\/wp-content\/uploads\/2022\/04\/baynana-A011-96x96.png\",\"contentUrl\":\"https:\/\/baynana.es\/wp-content\/uploads\/2022\/04\/baynana-A011-96x96.png\",\"caption\":\"baynana\"},\"description\":\"Baynana es un medio online biling\u00fce -en \u00e1rabe y espa\u00f1ol- que apuesta por el periodismo social y de servicio p\u00fablico. Nuestra revista aspira a ofrecer informaci\u00f3n de utilidad a la comunidad arab\u00f3fona en Espa\u00f1a y, al mismo tiempo, tender puentes entre las personas migrantes, refugiadas y espa\u00f1olas de origen extranjero, y el resto de la poblaci\u00f3n.\",\"sameAs\":[\"http:\/\/moussa\"],\"url\":\"https:\/\/baynana.es\/es\/author\/moussa\/\"}]}<\/script>\n<!-- \/ Yoast SEO plugin. -->","yoast_head_json":{"title":"El terremoto Turqu\u00eda y Siria - Baynana \u0628\u064a\u0646\u0646\u0627 El terremoto Turqu\u00eda y Siria","robots":{"index":"index","follow":"follow","max-snippet":"max-snippet:-1","max-image-preview":"max-image-preview:large","max-video-preview":"max-video-preview:-1"},"canonical":"https:\/\/baynana.es\/es\/el-terremoto-turquia-y-siria\/","og_locale":"es_ES","og_type":"article","og_title":"El terremoto Turqu\u00eda y Siria - Baynana \u0628\u064a\u0646\u0646\u0627 El terremoto Turqu\u00eda y Siria","og_description":"8 febrero\u060c 2023 Seg\u00fan medios turcos, se ha registrado un nuevo temblor en la ciudad de Gokcen en el estado de Kahramanmara\u015f, con una magnitud de 5,1 en la escala Richter. Las operaciones de b\u00fasqueda y rescate, por parte de los equipos de Protecci\u00f3n Civil, contin\u00faan durante m\u00e1s de 60 horas en las regiones del &hellip;","og_url":"https:\/\/baynana.es\/es\/el-terremoto-turquia-y-siria\/","og_site_name":"Baynana \u0628\u064a\u0646\u0646\u0627","article_publisher":"https:\/\/www.facebook.com\/baynanaes","article_published_time":"2023-02-08T17:02:05+00:00","article_modified_time":"2023-02-08T17:02:08+00:00","og_image":[{"width":960,"height":640,"url":"https:\/\/baynana.es\/wp-content\/uploads\/2023\/02\/indice.jpg","type":"image\/jpeg"}],"author":"baynana","twitter_card":"summary_large_image","twitter_creator":"@baynanaes","twitter_site":"@baynanaes","twitter_misc":{"Escrito por":"baynana","Tiempo de lectura":"2 minutos"},"schema":{"@context":"https:\/\/schema.org","@graph":[{"@type":"Article","@id":"https:\/\/baynana.es\/es\/el-terremoto-turquia-y-siria\/#article","isPartOf":{"@id":"https:\/\/baynana.es\/es\/el-terremoto-turquia-y-siria\/"},"author":{"name":"baynana","@id":"https:\/\/baynana.es\/#\/schema\/person\/d743d5ffbf13ef7c04034c063666fe95"},"headline":"El terremoto Turqu\u00eda y Siria","datePublished":"2023-02-08T17:02:05+00:00","dateModified":"2023-02-08T17:02:08+00:00","mainEntityOfPage":{"@id":"https:\/\/baynana.es\/es\/el-terremoto-turquia-y-siria\/"},"wordCount":170,"publisher":{"@id":"https:\/\/baynana.es\/#organization"},"image":{"@id":"https:\/\/baynana.es\/es\/el-terremoto-turquia-y-siria\/#primaryimage"},"thumbnailUrl":"https:\/\/baynana.es\/wp-content\/uploads\/2023\/02\/indice.jpg","articleSection":["NOTICIAS"],"inLanguage":"es"},{"@type":"WebPage","@id":"https:\/\/baynana.es\/es\/el-terremoto-turquia-y-siria\/","url":"https:\/\/baynana.es\/es\/el-terremoto-turquia-y-siria\/","name":"El terremoto Turqu\u00eda y Siria - Baynana \u0628\u064a\u0646\u0646\u0627 El terremoto Turqu\u00eda y Siria","isPartOf":{"@id":"https:\/\/baynana.es\/#website"},"primaryImageOfPage":{"@id":"https:\/\/baynana.es\/es\/el-terremoto-turquia-y-siria\/#primaryimage"},"image":{"@id":"https:\/\/baynana.es\/es\/el-terremoto-turquia-y-siria\/#primaryimage"},"thumbnailUrl":"https:\/\/baynana.es\/wp-content\/uploads\/2023\/02\/indice.jpg","datePublished":"2023-02-08T17:02:05+00:00","dateModified":"2023-02-08T17:02:08+00:00","breadcrumb":{"@id":"https:\/\/baynana.es\/es\/el-terremoto-turquia-y-siria\/#breadcrumb"},"inLanguage":"es","potentialAction":[{"@type":"ReadAction","target":["https:\/\/baynana.es\/es\/el-terremoto-turquia-y-siria\/"]}]},{"@type":"ImageObject","inLanguage":"es","@id":"https:\/\/baynana.es\/es\/el-terremoto-turquia-y-siria\/#primaryimage","url":"https:\/\/baynana.es\/wp-content\/uploads\/2023\/02\/indice.jpg","contentUrl":"https:\/\/baynana.es\/wp-content\/uploads\/2023\/02\/indice.jpg","width":960,"height":640},{"@type":"BreadcrumbList","@id":"https:\/\/baynana.es\/es\/el-terremoto-turquia-y-siria\/#breadcrumb","itemListElement":[{"@type":"ListItem","position":1,"name":"Portada","item":"https:\/\/baynana.es\/es\/"},{"@type":"ListItem","position":2,"name":"El terremoto Turqu\u00eda y Siria"}]},{"@type":"WebSite","@id":"https:\/\/baynana.es\/#website","url":"https:\/\/baynana.es\/","name":"Baynana \u0628\u064a\u0646\u0646\u0627","description":"Baynana Revista \u0645\u062c\u0644\u0629 \u0628\u064a\u0646\u0646\u0627","publisher":{"@id":"https:\/\/baynana.es\/#organization"},"potentialAction":[{"@type":"SearchAction","target":{"@type":"EntryPoint","urlTemplate":"https:\/\/baynana.es\/?s={search_term_string}"},"query-input":{"@type":"PropertyValueSpecification","valueRequired":true,"valueName":"search_term_string"}}],"inLanguage":"es"},{"@type":"Organization","@id":"https:\/\/baynana.es\/#organization","name":"\u0628\u064a\u0646\u0646\u0627 Baynana","url":"https:\/\/baynana.es\/","logo":{"@type":"ImageObject","inLanguage":"es","@id":"https:\/\/baynana.es\/#\/schema\/logo\/image\/","url":"https:\/\/baynana.es\/wp-content\/uploads\/2021\/03\/Artboard-1.png","contentUrl":"https:\/\/baynana.es\/wp-content\/uploads\/2021\/03\/Artboard-1.png","width":315,"height":228,"caption":"\u0628\u064a\u0646\u0646\u0627 Baynana"},"image":{"@id":"https:\/\/baynana.es\/#\/schema\/logo\/image\/"},"sameAs":["https:\/\/www.facebook.com\/baynanaes","https:\/\/x.com\/baynanaes","https:\/\/www.instagram.com\/baynanaes\/","https:\/\/www.linkedin.com\/in\/baynana-\u0628\u064a\u0646\u0646\u0627-887599211\/","https:\/\/www.youtube.com\/channel\/UC3019bsq5wOpi61SOufKxPA"]},{"@type":"Person","@id":"https:\/\/baynana.es\/#\/schema\/person\/d743d5ffbf13ef7c04034c063666fe95","name":"baynana","image":{"@type":"ImageObject","inLanguage":"es","@id":"https:\/\/baynana.es\/#\/schema\/person\/image\/2fdb3ad168978c52d9db4d0a4825fb0a","url":"https:\/\/baynana.es\/wp-content\/uploads\/2022\/04\/baynana-A011-96x96.png","contentUrl":"https:\/\/baynana.es\/wp-content\/uploads\/2022\/04\/baynana-A011-96x96.png","caption":"baynana"},"description":"Baynana es un medio online biling\u00fce -en \u00e1rabe y espa\u00f1ol- que apuesta por el periodismo social y de servicio p\u00fablico. Nuestra revista aspira a ofrecer informaci\u00f3n de utilidad a la comunidad arab\u00f3fona en Espa\u00f1a y, al mismo tiempo, tender puentes entre las personas migrantes, refugiadas y espa\u00f1olas de origen extranjero, y el resto de la poblaci\u00f3n.","sameAs":["http:\/\/moussa"],"url":"https:\/\/baynana.es\/es\/author\/moussa\/"}]}},"authors":[{"term_id":503,"user_id":2,"is_guest":0,"slug":"moussa","display_name":"baynana","avatar_url":"https:\/\/baynana.es\/wp-content\/uploads\/2022\/04\/baynana-A011-96x96.png","author_category":"","first_name":"Moussa","last_name":"Al jamaat","user_url":"http:\/\/moussa","job_title":"","description":"Baynana es un medio online biling\u00fce -en \u00e1rabe y espa\u00f1ol- que apuesta por el periodismo social y de servicio p\u00fablico. Nuestra revista aspira a ofrecer informaci\u00f3n de utilidad a la comunidad arab\u00f3fona en Espa\u00f1a y, al mismo tiempo, tender puentes entre las personas migrantes, refugiadas y espa\u00f1olas de origen extranjero, y el resto de la poblaci\u00f3n."}],"_links":{"self":[{"href":"https:\/\/baynana.es\/es\/wp-json\/wp\/v2\/posts\/6707","targetHints":{"allow":["GET"]}}],"collection":[{"href":"https:\/\/baynana.es\/es\/wp-json\/wp\/v2\/posts"}],"about":[{"href":"https:\/\/baynana.es\/es\/wp-json\/wp\/v2\/types\/post"}],"author":[{"embeddable":true,"href":"https:\/\/baynana.es\/es\/wp-json\/wp\/v2\/users\/2"}],"replies":[{"embeddable":true,"href":"https:\/\/baynana.es\/es\/wp-json\/wp\/v2\/comments?post=6707"}],"version-history":[{"count":1,"href":"https:\/\/baynana.es\/es\/wp-json\/wp\/v2\/posts\/6707\/revisions"}],"predecessor-version":[{"id":6711,"href":"https:\/\/baynana.es\/es\/wp-json\/wp\/v2\/posts\/6707\/revisions\/6711"}],"wp:featuredmedia":[{"embeddable":true,"href":"https:\/\/baynana.es\/es\/wp-json\/wp\/v2\/media\/6708"}],"wp:attachment":[{"href":"https:\/\/baynana.es\/es\/wp-json\/wp\/v2\/media?parent=6707"}],"wp:term":[{"taxonomy":"category","embeddable":true,"href":"https:\/\/baynana.es\/es\/wp-json\/wp\/v2\/categories?post=6707"},{"taxonomy":"post_tag","embeddable":true,"href":"https:\/\/baynana.es\/es\/wp-json\/wp\/v2\/tags?post=6707"},{"taxonomy":"author","embeddable":true,"href":"https:\/\/baynana.es\/es\/wp-json\/wp\/v2\/ppma_author?post=6707"}],"curies":[{"name":"wp","href":"https:\/\/api.w.org\/{rel}","templated":true}]}}