{"id":6717,"date":"2023-02-09T13:38:29","date_gmt":"2023-02-09T12:38:29","guid":{"rendered":"https:\/\/baynana.es\/?p=6717"},"modified":"2023-02-09T13:38:57","modified_gmt":"2023-02-09T12:38:57","slug":"la-tragedia-del-terremoto-continua-en-siria","status":"publish","type":"post","link":"https:\/\/baynana.es\/es\/la-tragedia-del-terremoto-continua-en-siria\/","title":{"rendered":"La tragedia del terremoto contin\u00faa en Siria"},"content":{"rendered":"<div class=\"wp-block-post-date\"><time datetime=\"2023-02-09T13:38:29+01:00\">9 febrero\u060c 2023<\/time><\/div>\n\n\n<p>\u00daLTIMA HORA | Terremoto Turqu\u00eda y Siria.<\/p>\n\n\n\n<p>Muchos creen que la cat\u00e1strofe del #terremoto en #Siria ha terminado, pero a\u00fan contin\u00faa. La b\u00fasqueda de v\u00edctimas se est\u00e1 realizando con medios insuficientes y con el equipo primario de Defensa Civil en el norte de Siria.<\/p>\n\n\n\n<p>Defensa Civil ha confirmado a Baynana que hay cientos de familias atrapadas bajo los escombros en \u00e1reas separadas del noroeste de Siria. Los equipos de la Defensa Civil contin\u00faan por tercer d\u00eda consecutivo realizando operaciones de rescate y recuperaci\u00f3n de v\u00edctimas ante la grave escasez de medios.<\/p>\n\n\n\n<p>Nuestro compa\u00f1ero Emad Al-Basiri, voluntario de Baynana, ha confirmado el elevado n\u00famero de personas bajo los escombros con el Ayto. de Jenderes, en el campo de Alepo: 3.800 familias. (Video de la cobertura de nuestro compa\u00f1ero. La mayor\u00eda de los cuerpos est\u00e1n muertos).<\/p>\n\n\n\n<figure class=\"wp-block-embed is-type-video is-provider-youtube wp-block-embed-youtube wp-embed-aspect-16-9 wp-has-aspect-ratio\"><div class=\"wp-block-embed__wrapper\">\n<iframe loading=\"lazy\" title=\"Operaciones de b\u00fasqueda y rescate en el norte de Siria. Despu\u00e9s del devastador terremoto\" width=\"500\" height=\"281\" src=\"https:\/\/www.youtube.com\/embed\/jIkDaDxnQIE?feature=oembed\" frameborder=\"0\" allow=\"accelerometer; autoplay; clipboard-write; encrypted-media; gyroscope; picture-in-picture; web-share\" referrerpolicy=\"strict-origin-when-cross-origin\" allowfullscreen><\/iframe>\n<\/div><\/figure>\n\n\n\n<p>Seg\u00fan las \u00faltimas estad\u00edsticas de la Defensa Civil, el n\u00famero de v\u00edctimas del terremoto ha aumentado en la regi\u00f3n noroeste de Siria a m\u00e1s de 1.780 muertos y m\u00e1s de 2.900 heridos, y es probable que el n\u00famero aumente significativamente debido a la presencia de cientos de familias bajo los escombros de edificios y viviendas destruidas. Las operaciones de b\u00fasqueda y rescate contin\u00faan en condiciones muy dif\u00edciles, casi 80 horas despu\u00e9s del violento terremoto que azot\u00f3 la zona.<\/p>\n\n\n\n<p>Mientras, el n\u00famero de edificios destruidos por completo ha llegado a 418, y m\u00e1s de 1300 se han derrumbado parcialmente, y miles de edificios se han agrietado en el noroeste de Siria.<\/p>\n\n\n\n<p>En cuanto a la crisis del terremoto en las provincias de Lattakia, Tartous, Alepo y Hama, que est\u00e1n bajo el control del r\u00e9gimen en Siria, el Ministerio de Salud del gobierno del r\u00e9gimen de Assad estim\u00f3 el n\u00famero de v\u00edctimas asciende a 1262 muertos y 2285 heridos. (Cifras inexactas).<\/p>\n\n\n\n<p>La ayuda se dirige a las zonas bajo control del r\u00e9gimen del Assad. La agencia del r\u00e9gimen, SANA, confirma que hay aviones de apoyo proporcionados por varios pa\u00edses. Mientras que ninguna ayuda ha entrado en el noroeste de Siria, a excepci\u00f3n de un equipo t\u00e9cnico de rescate egipcio. Esta zona se considera la m\u00e1s afectada.<\/p>\n\n\n\n<p>El r\u00e9gimen del Assad no permite que llegue ayuda a la regi\u00f3n noroeste de Siria, ya que es una zona de enfrentamiento con ella y controla la ayuda que llega a sus regiones. \u00abAhora estamos en una verdadera carrera. Cientos de familias est\u00e1n bajo los escombros y cada segundo significa salvar una vida\u00bb, dice Defensa Civil.<\/p>\n\n\n\n<p>Los medios de comunicaci\u00f3n cubren el terremoto sin centrarse en el noroeste de Siria m\u00e1s afectado y no hablan de las consecuencias de la falta de ayuda. Muchos medios han perdido el contexto sirio desde que dejaron de cubrir lo que all\u00ed ocurr\u00eda hace a\u00f1os.<\/p>\n","protected":false},"excerpt":{"rendered":"<p>9 febrero\u060c 2023 \u00daLTIMA HORA | Terremoto Turqu\u00eda y Siria. Muchos creen que la cat\u00e1strofe del #terremoto en #Siria ha terminado, pero a\u00fan contin\u00faa. La b\u00fasqueda de v\u00edctimas se est\u00e1 realizando con medios insuficientes y con el equipo primario de Defensa Civil en el norte de Siria. Defensa Civil ha confirmado a Baynana que hay &hellip;<\/p>\n","protected":false},"author":2,"featured_media":6718,"comment_status":"closed","ping_status":"closed","sticky":false,"template":"","format":"standard","meta":{"inline_featured_image":false,"footnotes":""},"categories":[11,48],"tags":[91],"ppma_author":[],"class_list":["post-6717","post","type-post","status-publish","format-standard","has-post-thumbnail","hentry","category-inicio","category-noticias","tag-revista-baynana"],"acf":[],"yoast_head":"<!-- This site is optimized with the Yoast SEO plugin v25.3.1 - https:\/\/yoast.com\/wordpress\/plugins\/seo\/ -->\n<title>La tragedia del terremoto contin\u00faa en Siria<\/title>\n<meta name=\"description\" content=\"El n\u00famero de v\u00edctimas va en aumento, La ayuda internacional no lleg\u00f3\" \/>\n<meta name=\"robots\" content=\"index, follow, max-snippet:-1, max-image-preview:large, max-video-preview:-1\" \/>\n<link rel=\"canonical\" href=\"https:\/\/baynana.es\/es\/la-tragedia-del-terremoto-continua-en-siria\/\" \/>\n<meta property=\"og:locale\" content=\"es_ES\" \/>\n<meta property=\"og:type\" content=\"article\" \/>\n<meta property=\"og:title\" content=\"La tragedia del terremoto contin\u00faa en Siria\" \/>\n<meta property=\"og:description\" content=\"El n\u00famero de v\u00edctimas va en aumento, La ayuda internacional no lleg\u00f3\" \/>\n<meta property=\"og:url\" content=\"https:\/\/baynana.es\/es\/la-tragedia-del-terremoto-continua-en-siria\/\" \/>\n<meta property=\"og:site_name\" content=\"Baynana \u0628\u064a\u0646\u0646\u0627\" \/>\n<meta property=\"article:publisher\" content=\"https:\/\/www.facebook.com\/baynanaes\" \/>\n<meta property=\"article:published_time\" content=\"2023-02-09T12:38:29+00:00\" \/>\n<meta property=\"article:modified_time\" content=\"2023-02-09T12:38:57+00:00\" \/>\n<meta property=\"og:image\" content=\"https:\/\/baynana.es\/wp-content\/uploads\/2023\/02\/WhatsApp-Image-2023-02-09-at-12.24.35-PM.jpeg\" \/>\n\t<meta property=\"og:image:width\" content=\"1280\" \/>\n\t<meta property=\"og:image:height\" content=\"853\" \/>\n\t<meta property=\"og:image:type\" content=\"image\/jpeg\" \/>\n<meta name=\"author\" content=\"baynana\" \/>\n<meta name=\"twitter:card\" content=\"summary_large_image\" \/>\n<meta name=\"twitter:creator\" content=\"@baynanaes\" \/>\n<meta name=\"twitter:site\" content=\"@baynanaes\" \/>\n<meta name=\"twitter:label1\" content=\"Escrito por\" \/>\n\t<meta name=\"twitter:data1\" content=\"baynana\" \/>\n\t<meta name=\"twitter:label2\" content=\"Tiempo de lectura\" \/>\n\t<meta name=\"twitter:data2\" content=\"4 minutos\" \/>\n<script type=\"application\/ld+json\" class=\"yoast-schema-graph\">{\"@context\":\"https:\/\/schema.org\",\"@graph\":[{\"@type\":\"Article\",\"@id\":\"https:\/\/baynana.es\/es\/la-tragedia-del-terremoto-continua-en-siria\/#article\",\"isPartOf\":{\"@id\":\"https:\/\/baynana.es\/es\/la-tragedia-del-terremoto-continua-en-siria\/\"},\"author\":{\"name\":\"baynana\",\"@id\":\"https:\/\/baynana.es\/#\/schema\/person\/d743d5ffbf13ef7c04034c063666fe95\"},\"headline\":\"La tragedia del terremoto contin\u00faa en Siria\",\"datePublished\":\"2023-02-09T12:38:29+00:00\",\"dateModified\":\"2023-02-09T12:38:57+00:00\",\"mainEntityOfPage\":{\"@id\":\"https:\/\/baynana.es\/es\/la-tragedia-del-terremoto-continua-en-siria\/\"},\"wordCount\":499,\"publisher\":{\"@id\":\"https:\/\/baynana.es\/#organization\"},\"image\":{\"@id\":\"https:\/\/baynana.es\/es\/la-tragedia-del-terremoto-continua-en-siria\/#primaryimage\"},\"thumbnailUrl\":\"https:\/\/baynana.es\/wp-content\/uploads\/2023\/02\/WhatsApp-Image-2023-02-09-at-12.24.35-PM.jpeg\",\"keywords\":[\"REVISTA BAYNANA\"],\"articleSection\":[\"INICIO\",\"NOTICIAS\"],\"inLanguage\":\"es\"},{\"@type\":\"WebPage\",\"@id\":\"https:\/\/baynana.es\/es\/la-tragedia-del-terremoto-continua-en-siria\/\",\"url\":\"https:\/\/baynana.es\/es\/la-tragedia-del-terremoto-continua-en-siria\/\",\"name\":\"La tragedia del terremoto contin\u00faa en Siria\",\"isPartOf\":{\"@id\":\"https:\/\/baynana.es\/#website\"},\"primaryImageOfPage\":{\"@id\":\"https:\/\/baynana.es\/es\/la-tragedia-del-terremoto-continua-en-siria\/#primaryimage\"},\"image\":{\"@id\":\"https:\/\/baynana.es\/es\/la-tragedia-del-terremoto-continua-en-siria\/#primaryimage\"},\"thumbnailUrl\":\"https:\/\/baynana.es\/wp-content\/uploads\/2023\/02\/WhatsApp-Image-2023-02-09-at-12.24.35-PM.jpeg\",\"datePublished\":\"2023-02-09T12:38:29+00:00\",\"dateModified\":\"2023-02-09T12:38:57+00:00\",\"description\":\"El n\u00famero de v\u00edctimas va en aumento, La ayuda internacional no lleg\u00f3\",\"breadcrumb\":{\"@id\":\"https:\/\/baynana.es\/es\/la-tragedia-del-terremoto-continua-en-siria\/#breadcrumb\"},\"inLanguage\":\"es\",\"potentialAction\":[{\"@type\":\"ReadAction\",\"target\":[\"https:\/\/baynana.es\/es\/la-tragedia-del-terremoto-continua-en-siria\/\"]}]},{\"@type\":\"ImageObject\",\"inLanguage\":\"es\",\"@id\":\"https:\/\/baynana.es\/es\/la-tragedia-del-terremoto-continua-en-siria\/#primaryimage\",\"url\":\"https:\/\/baynana.es\/wp-content\/uploads\/2023\/02\/WhatsApp-Image-2023-02-09-at-12.24.35-PM.jpeg\",\"contentUrl\":\"https:\/\/baynana.es\/wp-content\/uploads\/2023\/02\/WhatsApp-Image-2023-02-09-at-12.24.35-PM.jpeg\",\"width\":1280,\"height\":853},{\"@type\":\"BreadcrumbList\",\"@id\":\"https:\/\/baynana.es\/es\/la-tragedia-del-terremoto-continua-en-siria\/#breadcrumb\",\"itemListElement\":[{\"@type\":\"ListItem\",\"position\":1,\"name\":\"Portada\",\"item\":\"https:\/\/baynana.es\/es\/\"},{\"@type\":\"ListItem\",\"position\":2,\"name\":\"La tragedia del terremoto contin\u00faa en Siria\"}]},{\"@type\":\"WebSite\",\"@id\":\"https:\/\/baynana.es\/#website\",\"url\":\"https:\/\/baynana.es\/\",\"name\":\"Baynana \u0628\u064a\u0646\u0646\u0627\",\"description\":\"Baynana Revista \u0645\u062c\u0644\u0629 \u0628\u064a\u0646\u0646\u0627\",\"publisher\":{\"@id\":\"https:\/\/baynana.es\/#organization\"},\"potentialAction\":[{\"@type\":\"SearchAction\",\"target\":{\"@type\":\"EntryPoint\",\"urlTemplate\":\"https:\/\/baynana.es\/?s={search_term_string}\"},\"query-input\":{\"@type\":\"PropertyValueSpecification\",\"valueRequired\":true,\"valueName\":\"search_term_string\"}}],\"inLanguage\":\"es\"},{\"@type\":\"Organization\",\"@id\":\"https:\/\/baynana.es\/#organization\",\"name\":\"\u0628\u064a\u0646\u0646\u0627 Baynana\",\"url\":\"https:\/\/baynana.es\/\",\"logo\":{\"@type\":\"ImageObject\",\"inLanguage\":\"es\",\"@id\":\"https:\/\/baynana.es\/#\/schema\/logo\/image\/\",\"url\":\"https:\/\/baynana.es\/wp-content\/uploads\/2021\/03\/Artboard-1.png\",\"contentUrl\":\"https:\/\/baynana.es\/wp-content\/uploads\/2021\/03\/Artboard-1.png\",\"width\":315,\"height\":228,\"caption\":\"\u0628\u064a\u0646\u0646\u0627 Baynana\"},\"image\":{\"@id\":\"https:\/\/baynana.es\/#\/schema\/logo\/image\/\"},\"sameAs\":[\"https:\/\/www.facebook.com\/baynanaes\",\"https:\/\/x.com\/baynanaes\",\"https:\/\/www.instagram.com\/baynanaes\/\",\"https:\/\/www.linkedin.com\/in\/baynana-\u0628\u064a\u0646\u0646\u0627-887599211\/\",\"https:\/\/www.youtube.com\/channel\/UC3019bsq5wOpi61SOufKxPA\"]},{\"@type\":\"Person\",\"@id\":\"https:\/\/baynana.es\/#\/schema\/person\/d743d5ffbf13ef7c04034c063666fe95\",\"name\":\"baynana\",\"image\":{\"@type\":\"ImageObject\",\"inLanguage\":\"es\",\"@id\":\"https:\/\/baynana.es\/#\/schema\/person\/image\/2fdb3ad168978c52d9db4d0a4825fb0a\",\"url\":\"https:\/\/baynana.es\/wp-content\/uploads\/2022\/04\/baynana-A011-96x96.png\",\"contentUrl\":\"https:\/\/baynana.es\/wp-content\/uploads\/2022\/04\/baynana-A011-96x96.png\",\"caption\":\"baynana\"},\"description\":\"Baynana es un medio online biling\u00fce -en \u00e1rabe y espa\u00f1ol- que apuesta por el periodismo social y de servicio p\u00fablico. Nuestra revista aspira a ofrecer informaci\u00f3n de utilidad a la comunidad arab\u00f3fona en Espa\u00f1a y, al mismo tiempo, tender puentes entre las personas migrantes, refugiadas y espa\u00f1olas de origen extranjero, y el resto de la poblaci\u00f3n.\",\"sameAs\":[\"http:\/\/moussa\"],\"url\":\"https:\/\/baynana.es\/es\/author\/moussa\/\"}]}<\/script>\n<!-- \/ Yoast SEO plugin. -->","yoast_head_json":{"title":"La tragedia del terremoto contin\u00faa en Siria","description":"El n\u00famero de v\u00edctimas va en aumento, La ayuda internacional no lleg\u00f3","robots":{"index":"index","follow":"follow","max-snippet":"max-snippet:-1","max-image-preview":"max-image-preview:large","max-video-preview":"max-video-preview:-1"},"canonical":"https:\/\/baynana.es\/es\/la-tragedia-del-terremoto-continua-en-siria\/","og_locale":"es_ES","og_type":"article","og_title":"La tragedia del terremoto contin\u00faa en Siria","og_description":"El n\u00famero de v\u00edctimas va en aumento, La ayuda internacional no lleg\u00f3","og_url":"https:\/\/baynana.es\/es\/la-tragedia-del-terremoto-continua-en-siria\/","og_site_name":"Baynana \u0628\u064a\u0646\u0646\u0627","article_publisher":"https:\/\/www.facebook.com\/baynanaes","article_published_time":"2023-02-09T12:38:29+00:00","article_modified_time":"2023-02-09T12:38:57+00:00","og_image":[{"width":1280,"height":853,"url":"https:\/\/baynana.es\/wp-content\/uploads\/2023\/02\/WhatsApp-Image-2023-02-09-at-12.24.35-PM.jpeg","type":"image\/jpeg"}],"author":"baynana","twitter_card":"summary_large_image","twitter_creator":"@baynanaes","twitter_site":"@baynanaes","twitter_misc":{"Escrito por":"baynana","Tiempo de lectura":"4 minutos"},"schema":{"@context":"https:\/\/schema.org","@graph":[{"@type":"Article","@id":"https:\/\/baynana.es\/es\/la-tragedia-del-terremoto-continua-en-siria\/#article","isPartOf":{"@id":"https:\/\/baynana.es\/es\/la-tragedia-del-terremoto-continua-en-siria\/"},"author":{"name":"baynana","@id":"https:\/\/baynana.es\/#\/schema\/person\/d743d5ffbf13ef7c04034c063666fe95"},"headline":"La tragedia del terremoto contin\u00faa en Siria","datePublished":"2023-02-09T12:38:29+00:00","dateModified":"2023-02-09T12:38:57+00:00","mainEntityOfPage":{"@id":"https:\/\/baynana.es\/es\/la-tragedia-del-terremoto-continua-en-siria\/"},"wordCount":499,"publisher":{"@id":"https:\/\/baynana.es\/#organization"},"image":{"@id":"https:\/\/baynana.es\/es\/la-tragedia-del-terremoto-continua-en-siria\/#primaryimage"},"thumbnailUrl":"https:\/\/baynana.es\/wp-content\/uploads\/2023\/02\/WhatsApp-Image-2023-02-09-at-12.24.35-PM.jpeg","keywords":["REVISTA BAYNANA"],"articleSection":["INICIO","NOTICIAS"],"inLanguage":"es"},{"@type":"WebPage","@id":"https:\/\/baynana.es\/es\/la-tragedia-del-terremoto-continua-en-siria\/","url":"https:\/\/baynana.es\/es\/la-tragedia-del-terremoto-continua-en-siria\/","name":"La tragedia del terremoto contin\u00faa en Siria","isPartOf":{"@id":"https:\/\/baynana.es\/#website"},"primaryImageOfPage":{"@id":"https:\/\/baynana.es\/es\/la-tragedia-del-terremoto-continua-en-siria\/#primaryimage"},"image":{"@id":"https:\/\/baynana.es\/es\/la-tragedia-del-terremoto-continua-en-siria\/#primaryimage"},"thumbnailUrl":"https:\/\/baynana.es\/wp-content\/uploads\/2023\/02\/WhatsApp-Image-2023-02-09-at-12.24.35-PM.jpeg","datePublished":"2023-02-09T12:38:29+00:00","dateModified":"2023-02-09T12:38:57+00:00","description":"El n\u00famero de v\u00edctimas va en aumento, La ayuda internacional no lleg\u00f3","breadcrumb":{"@id":"https:\/\/baynana.es\/es\/la-tragedia-del-terremoto-continua-en-siria\/#breadcrumb"},"inLanguage":"es","potentialAction":[{"@type":"ReadAction","target":["https:\/\/baynana.es\/es\/la-tragedia-del-terremoto-continua-en-siria\/"]}]},{"@type":"ImageObject","inLanguage":"es","@id":"https:\/\/baynana.es\/es\/la-tragedia-del-terremoto-continua-en-siria\/#primaryimage","url":"https:\/\/baynana.es\/wp-content\/uploads\/2023\/02\/WhatsApp-Image-2023-02-09-at-12.24.35-PM.jpeg","contentUrl":"https:\/\/baynana.es\/wp-content\/uploads\/2023\/02\/WhatsApp-Image-2023-02-09-at-12.24.35-PM.jpeg","width":1280,"height":853},{"@type":"BreadcrumbList","@id":"https:\/\/baynana.es\/es\/la-tragedia-del-terremoto-continua-en-siria\/#breadcrumb","itemListElement":[{"@type":"ListItem","position":1,"name":"Portada","item":"https:\/\/baynana.es\/es\/"},{"@type":"ListItem","position":2,"name":"La tragedia del terremoto contin\u00faa en Siria"}]},{"@type":"WebSite","@id":"https:\/\/baynana.es\/#website","url":"https:\/\/baynana.es\/","name":"Baynana \u0628\u064a\u0646\u0646\u0627","description":"Baynana Revista \u0645\u062c\u0644\u0629 \u0628\u064a\u0646\u0646\u0627","publisher":{"@id":"https:\/\/baynana.es\/#organization"},"potentialAction":[{"@type":"SearchAction","target":{"@type":"EntryPoint","urlTemplate":"https:\/\/baynana.es\/?s={search_term_string}"},"query-input":{"@type":"PropertyValueSpecification","valueRequired":true,"valueName":"search_term_string"}}],"inLanguage":"es"},{"@type":"Organization","@id":"https:\/\/baynana.es\/#organization","name":"\u0628\u064a\u0646\u0646\u0627 Baynana","url":"https:\/\/baynana.es\/","logo":{"@type":"ImageObject","inLanguage":"es","@id":"https:\/\/baynana.es\/#\/schema\/logo\/image\/","url":"https:\/\/baynana.es\/wp-content\/uploads\/2021\/03\/Artboard-1.png","contentUrl":"https:\/\/baynana.es\/wp-content\/uploads\/2021\/03\/Artboard-1.png","width":315,"height":228,"caption":"\u0628\u064a\u0646\u0646\u0627 Baynana"},"image":{"@id":"https:\/\/baynana.es\/#\/schema\/logo\/image\/"},"sameAs":["https:\/\/www.facebook.com\/baynanaes","https:\/\/x.com\/baynanaes","https:\/\/www.instagram.com\/baynanaes\/","https:\/\/www.linkedin.com\/in\/baynana-\u0628\u064a\u0646\u0646\u0627-887599211\/","https:\/\/www.youtube.com\/channel\/UC3019bsq5wOpi61SOufKxPA"]},{"@type":"Person","@id":"https:\/\/baynana.es\/#\/schema\/person\/d743d5ffbf13ef7c04034c063666fe95","name":"baynana","image":{"@type":"ImageObject","inLanguage":"es","@id":"https:\/\/baynana.es\/#\/schema\/person\/image\/2fdb3ad168978c52d9db4d0a4825fb0a","url":"https:\/\/baynana.es\/wp-content\/uploads\/2022\/04\/baynana-A011-96x96.png","contentUrl":"https:\/\/baynana.es\/wp-content\/uploads\/2022\/04\/baynana-A011-96x96.png","caption":"baynana"},"description":"Baynana es un medio online biling\u00fce -en \u00e1rabe y espa\u00f1ol- que apuesta por el periodismo social y de servicio p\u00fablico. Nuestra revista aspira a ofrecer informaci\u00f3n de utilidad a la comunidad arab\u00f3fona en Espa\u00f1a y, al mismo tiempo, tender puentes entre las personas migrantes, refugiadas y espa\u00f1olas de origen extranjero, y el resto de la poblaci\u00f3n.","sameAs":["http:\/\/moussa"],"url":"https:\/\/baynana.es\/es\/author\/moussa\/"}]}},"authors":[{"term_id":503,"user_id":2,"is_guest":0,"slug":"moussa","display_name":"baynana","avatar_url":"https:\/\/baynana.es\/wp-content\/uploads\/2022\/04\/baynana-A011-96x96.png","author_category":"","first_name":"Moussa","last_name":"Al jamaat","user_url":"http:\/\/moussa","job_title":"","description":"Baynana es un medio online biling\u00fce -en \u00e1rabe y espa\u00f1ol- que apuesta por el periodismo social y de servicio p\u00fablico. Nuestra revista aspira a ofrecer informaci\u00f3n de utilidad a la comunidad arab\u00f3fona en Espa\u00f1a y, al mismo tiempo, tender puentes entre las personas migrantes, refugiadas y espa\u00f1olas de origen extranjero, y el resto de la poblaci\u00f3n."}],"_links":{"self":[{"href":"https:\/\/baynana.es\/es\/wp-json\/wp\/v2\/posts\/6717","targetHints":{"allow":["GET"]}}],"collection":[{"href":"https:\/\/baynana.es\/es\/wp-json\/wp\/v2\/posts"}],"about":[{"href":"https:\/\/baynana.es\/es\/wp-json\/wp\/v2\/types\/post"}],"author":[{"embeddable":true,"href":"https:\/\/baynana.es\/es\/wp-json\/wp\/v2\/users\/2"}],"replies":[{"embeddable":true,"href":"https:\/\/baynana.es\/es\/wp-json\/wp\/v2\/comments?post=6717"}],"version-history":[{"count":1,"href":"https:\/\/baynana.es\/es\/wp-json\/wp\/v2\/posts\/6717\/revisions"}],"predecessor-version":[{"id":6721,"href":"https:\/\/baynana.es\/es\/wp-json\/wp\/v2\/posts\/6717\/revisions\/6721"}],"wp:featuredmedia":[{"embeddable":true,"href":"https:\/\/baynana.es\/es\/wp-json\/wp\/v2\/media\/6718"}],"wp:attachment":[{"href":"https:\/\/baynana.es\/es\/wp-json\/wp\/v2\/media?parent=6717"}],"wp:term":[{"taxonomy":"category","embeddable":true,"href":"https:\/\/baynana.es\/es\/wp-json\/wp\/v2\/categories?post=6717"},{"taxonomy":"post_tag","embeddable":true,"href":"https:\/\/baynana.es\/es\/wp-json\/wp\/v2\/tags?post=6717"},{"taxonomy":"author","embeddable":true,"href":"https:\/\/baynana.es\/es\/wp-json\/wp\/v2\/ppma_author?post=6717"}],"curies":[{"name":"wp","href":"https:\/\/api.w.org\/{rel}","templated":true}]}}