{"id":7097,"date":"2023-03-30T02:05:10","date_gmt":"2023-03-30T00:05:10","guid":{"rendered":"https:\/\/baynana.es\/?p=7097"},"modified":"2023-03-30T02:05:13","modified_gmt":"2023-03-30T00:05:13","slug":"partos-prematuros-y-abortos-entre-ruinas","status":"publish","type":"post","link":"https:\/\/baynana.es\/es\/partos-prematuros-y-abortos-entre-ruinas\/","title":{"rendered":"Partos prematuros y abortos entre ruinas"},"content":{"rendered":"<div class=\"wp-block-post-date\"><time datetime=\"2023-03-30T02:05:10+02:00\">30 marzo\u060c 2023<\/time><\/div>\n\n\n<h4 class=\"wp-block-heading\">Ayham Al Sati- Mohammad Al Ahmad<\/h4>\n\n\n\n<p>El terremoto que asol\u00f3 el sur de Turqu\u00eda y Siria el pasado 6 de febrero dej\u00f3 m\u00e1s de 50.000 personas fallecidas y la destrucci\u00f3n generalizada de infraestructuras en ambos pa\u00edses. Sin embargo, a esa cifra hay que sumarle la de otras muertes invisibles: unas 133.000 mujeres embarazadas se vieron afectadas por el terremoto en Siria, y cerca de 6.600 mujeres sufrir\u00e1n complicaciones durante el embarazo y el parto, <a href=\"https:\/\/news.un.org\/ar\/story\/2023\/02\/1118337\">seg\u00fan Naciones Unidas<\/a>.&nbsp;<\/p>\n\n\n\n<p>Ante las expectativas de que unas 44.000 mujeres den a luz en los pr\u00f3ximos tres meses, el Fondo de Poblaci\u00f3n de las Naciones Unidas indic\u00f3 que est\u00e1 intensificando sus esfuerzos para garantizar la provisi\u00f3n continua de servicios de salud sexual y reproductiva que salvan vidas, en cooperaci\u00f3n con sus socios, en las dos gobernaciones de Alepo e Idlib en la regi\u00f3n noroeste de Siria. La asociaci\u00f3n tambi\u00e9n indic\u00f3 que entre los sobrevivientes de los terremotos que azotaron a Turqu\u00eda y Siria, unas 356.000 mujeres embarazadas tienen una necesidad urgente de acceder a servicios de salud reproductiva.&nbsp;<\/p>\n\n\n\n<p>Juhayna al-Qasim, una mujer desplazada de Saraqib, es madre de cuatro hijos y est\u00e1 embarazada de seis meses. Vive en la ciudad de Idlib, en el noroeste de Siria, una zona afectada durante a\u00f1os por los bombardeos de Rusia y el r\u00e9gimen sirio, y donde los servicios b\u00e1sicos, inclu\u00eddo el sector sanitario, son muy deficientes. \u201cCuando ocurri\u00f3 el terremoto, est\u00e1bamos muy asustados, y sal\u00ed con mis hijos a la calle, en un estado de gran tensi\u00f3n\u201d, cuenta Al-Qasim. \u201cNo ten\u00edamos ad\u00f3nde ir, as\u00ed que volvimos a la casa que no sufri\u00f3 da\u00f1os significativos. Tuve fuertes dolores de espalda y calambres en el est\u00f3mago y cuando fui al hospital, los m\u00e9dicos me dijeron que el parto deb\u00eda realizarse aunque faltaban tres meses para la fecha prevista\u201d.<\/p>\n\n\n\n<p>Despu\u00e9s del nacimiento del ni\u00f1o, fue trasladado a la incubadora, donde sufri\u00f3 de falta de ox\u00edgeno; permaneci\u00f3 all\u00ed durante diez d\u00edas en los que se le realizaron an\u00e1lisis diariamente y los m\u00e9dicos a veces les dec\u00edan que su estado era cr\u00edtico y a veces mejoraba. Finalmente, muri\u00f3 al und\u00e9cimo d\u00eda: \u201cEl impacto fue muy grande, porque no hab\u00eda estado embarazada durante seis a\u00f1os, me puse muy contenta cuando el resultado de mi embarazo sali\u00f3 positivo, pero pronto la situaci\u00f3n cambi\u00f3 y mi alegr\u00eda se convirti\u00f3 en una gran tristeza\u201d.<\/p>\n\n\n\n<h3 class=\"wp-block-heading\"><strong>Riesgos para la madre y el feto<\/strong><\/h3>\n\n\n\n<p>El n\u00famero de casos de aborto o amenaza de aborto espont\u00e1neo que fueron remitidos al hospital de maternidad de la ciudad de Idlib ascendieron a m\u00e1s de 122 en el mes de febrero, despu\u00e9s del terremoto. En cuanto a los casos de parto prematuro, la cifra fue de 56 casos. Las capacidades all\u00ed son muy d\u00e9biles debido a la falta de incubadoras y ventiladores en el noroeste de Siria. Una gran cantidad de nacimientos no pueden llegar a las incubadoras y ventiladores, con resultados fatales: un 5-10% de los ni\u00f1os mueren debido a la falta de incubadoras, seg\u00fan inform\u00f3 para Baynana la ginec\u00f3loga Ikram Habboush, director del hospital de maternidad apoyado por SAMS en la ciudad de Idlib.<\/p>\n\n\n\n<p>La m\u00e9dica se\u00f1al\u00f3 que los riesgos de un parto prematuro se reflejan en la vida de la madre y del feto, y como consecuencia la madre puede sufrir enfermedades, como desnutrici\u00f3n, y el ni\u00f1o puede sufrir p\u00e9rdida de peso y trastornos nerviosos y digestivos. Explic\u00f3 que la falta de medicamento de Surfactante, que los ni\u00f1os necesitan en esta etapa y que aumenta su esperanza de vida, fue una de varias razones que contribuyeron a la agudizaci\u00f3n del problema.<\/p>\n\n\n\n<figure class=\"wp-block-image size-large\"><img loading=\"lazy\" decoding=\"async\" width=\"1024\" height=\"706\" src=\"https:\/\/baynana.es\/wp-content\/uploads\/2023\/03\/IMG_7332des11-1024x706.jpg\" alt=\"\" class=\"wp-image-7094\" srcset=\"https:\/\/baynana.es\/wp-content\/uploads\/2023\/03\/IMG_7332des11-1024x706.jpg 1024w, https:\/\/baynana.es\/wp-content\/uploads\/2023\/03\/IMG_7332des11-300x207.jpg 300w, https:\/\/baynana.es\/wp-content\/uploads\/2023\/03\/IMG_7332des11-768x530.jpg 768w, https:\/\/baynana.es\/wp-content\/uploads\/2023\/03\/IMG_7332des11-1536x1059.jpg 1536w, https:\/\/baynana.es\/wp-content\/uploads\/2023\/03\/IMG_7332des11-600x414.jpg 600w, https:\/\/baynana.es\/wp-content\/uploads\/2023\/03\/IMG_7332des11.jpg 1743w\" sizes=\"auto, (max-width: 1024px) 100vw, 1024px\" \/><figcaption><em>Una enfermera en el hospital de maternidad en Idlib. \u00a0Mohammad Al-Ahmad<\/em><\/figcaption><\/figure>\n\n\n\n<p>Al-Habush confirm\u00f3 que la regi\u00f3n noroeste de Siria sufre el fen\u00f3meno del parto prematuro, y que estaba presente en la regi\u00f3n incluso antes del terremoto. Estima que representaba alrededor del 20-30% de los nacimientos en el hospital en el que trabaja, y atribuye la raz\u00f3n a que la vida en las tiendas en los campamentos est\u00e1n en malas condiciones sanitarias y la falta de un buen sistema de saneamiento aumenta la tasa de infecciones ginecol\u00f3gicas, lo que aumenta la tasa de parto prematuro.\u00a0<\/p>\n\n\n\n<h3 class=\"wp-block-heading\"><strong>Sector salud fr\u00e1gil<\/strong><\/h3>\n\n\n\n<p>El sector de la salud en el noroeste de Siria est\u00e1 muy agotado desde antes del terremoto y debido a la guerra, que cumple ya su 12\u00ba a\u00f1o. M\u00e9dicos por los Derechos Humanos <a href=\"https:\/\/syriamap.phr.org\/#\/ar\/findings\">confirm\u00f3 601 ataques a 400 establecimientos de salud<\/a> y document\u00f3 el asesinato de 942 trabajadores m\u00e9dicos en Siria, entre marzo de 2011 y febrero de 2022. Entre ellos se encontraban 142 centros de salud en el noroeste de Siria, que fueron bombardeados por el r\u00e9gimen sirio y su aliado ruso.&nbsp;<\/p>\n\n\n\n<p>Seg\u00fan la Direcci\u00f3n de Salud de la Gobernaci\u00f3n de Idlib (una agencia gubernamental de oposici\u00f3n que opera en Idlib, la provincia liberada del control del r\u00e9gimen sirio), despu\u00e9s del terremoto hay alrededor de 42 instalaciones de salud da\u00f1adas en la regi\u00f3n noroccidental de Siria, incluido el Hospital Al-Rafa para Mujeres y Ni\u00f1os en la ciudad de Jenderes y el Hospital de Maternidad en la ciudad de Al-Dana, ya que dejaron de funcionar por completo debido a la gran magnitud de los da\u00f1os. En cuanto al resto de las maternidades, no dejaron de funcionar, a pesar de la mayor presi\u00f3n sobre ellas, porque algunos otros hospitales estaban fuera de servicio.<\/p>\n\n\n\n<p>El Dr. Zuhair Karrat, Director de Salud en Idlib, dijo en una entrevista con Baynana: \u201cEl terremoto fue una cat\u00e1strofe terrible que no se tuvo en cuenta, y la magnitud del da\u00f1o que caus\u00f3 fue mucho mayor que la capacidad de absorci\u00f3n del sector de la salud en la regi\u00f3n noroeste de Siria. Especialmente porque el sector y la regi\u00f3n han estado sufriendo durante 12 a\u00f1os de guerras continuas, que destruyeron muchos establecimientos de salud, y provocaron la p\u00e9rdida de una gran cantidad de personal m\u00e9dico, entre m\u00e9dicos, enfermeras y t\u00e9cnicos, mientras que el terremoto aument\u00f3 el sufrimiento y la discapacidad en el sector de la salud, como muchos almacenes m\u00e9dicos fueron destruidos, lo que provoc\u00f3 la p\u00e9rdida de muchos medicamentos\u201d.<\/p>\n\n\n\n<p>El Dr. Al-Qurarat enfatiz\u00f3 que el terremoto y los casos de p\u00e1nico y estr\u00e9s que lo acompa\u00f1an aumentan los abortos espont\u00e1neos en algunas mujeres, y esto puede provocar partos prematuros en algunas mujeres embarazadas, y esto representa una amenaza para la vida del feto, ya que se considera desarrollado incompletamente y necesita incubaci\u00f3n, y esto puede causar problemas respiratorios en \u00e9l y sangrado uterino en la madre.<\/p>\n\n\n\n<p>\u201cAunque el personal m\u00e9dico se vio directamente afectado y algunos de ellos perdieron a sus familias u hogares, todos estaban en alerta. Los sectores m\u00e9dicos respondieron apenas lanzaron un llamado de socorro urgente el primer d\u00eda del sismo. Numerosos m\u00e9dicos, enfermeras y t\u00e9cnicos que trabajan en hospitales privados, acudieron a hospitales p\u00fablicos para ayudar a tratar a los afectados. Hay muchos m\u00e9dicos que prefirieron trabajar y salvar vidas a la familia y sus responsabilidades hacia sus familias ese d\u00eda, ya que muchos de ellos continuaron trabajando durante seis d\u00edas seguidos de sol a sol\u201d, a\u00f1adi\u00f3.<\/p>\n\n\n\n<p>El Director de Salud concluy\u00f3 su intervenci\u00f3n llamando a aumentar el apoyo local e internacional al sector salud, para que sea capaz de abordar los desastres que puedan ocurrir en cualquier momento.<\/p>\n\n\n\n<p>Los da\u00f1os del devastador terremoto que asol\u00f3 Turqu\u00eda y Siria no perdonaron a ning\u00fan grupo social ni g\u00e9nero entre la poblaci\u00f3n de las zonas afectadas. A pesar de ello, la cat\u00e1strofe pone de manifiesto una vez m\u00e1s la singularidad de las mujeres y reafirma que son las m\u00e1s afectadas cuando ocurren los desastres naturales y humanos, sobre todo en una regi\u00f3n como Siria, donde han pasado m\u00e1s de 12 a\u00f1os desde la guerra olvidada.<\/p>\n","protected":false},"excerpt":{"rendered":"<p>30 marzo\u060c 2023 Ayham Al Sati- Mohammad Al Ahmad El terremoto que asol\u00f3 el sur de Turqu\u00eda y Siria el pasado 6 de febrero dej\u00f3 m\u00e1s de 50.000 personas fallecidas y la destrucci\u00f3n generalizada de infraestructuras en ambos pa\u00edses. Sin embargo, a esa cifra hay que sumarle la de otras muertes invisibles: unas 133.000 mujeres &hellip;<\/p>\n","protected":false},"author":2,"featured_media":7098,"comment_status":"closed","ping_status":"closed","sticky":false,"template":"","format":"standard","meta":{"inline_featured_image":false,"footnotes":""},"categories":[65,11],"tags":[91],"ppma_author":[],"class_list":["post-7097","post","type-post","status-publish","format-standard","has-post-thumbnail","hentry","category-derechos","category-inicio","tag-revista-baynana"],"acf":[],"yoast_head":"<!-- This site is optimized with the Yoast SEO plugin v25.3.1 - https:\/\/yoast.com\/wordpress\/plugins\/seo\/ -->\n<title>Partos prematuros y abortos entre ruinas<\/title>\n<meta name=\"description\" content=\"Unas 133.000 mujeres embarazadas se vieron afectadas por el terremoto en una situaci\u00f3n de falta de incubadoras, medicaci\u00f3n y personal\" \/>\n<meta name=\"robots\" content=\"index, follow, max-snippet:-1, max-image-preview:large, max-video-preview:-1\" \/>\n<link rel=\"canonical\" href=\"https:\/\/baynana.es\/es\/partos-prematuros-y-abortos-entre-ruinas\/\" \/>\n<meta property=\"og:locale\" content=\"es_ES\" \/>\n<meta property=\"og:type\" content=\"article\" \/>\n<meta property=\"og:title\" content=\"Partos prematuros y abortos entre ruinas\" \/>\n<meta property=\"og:description\" content=\"Unas 133.000 mujeres embarazadas se vieron afectadas por el terremoto en una situaci\u00f3n de falta de incubadoras, medicaci\u00f3n y personal\" \/>\n<meta property=\"og:url\" content=\"https:\/\/baynana.es\/es\/partos-prematuros-y-abortos-entre-ruinas\/\" \/>\n<meta property=\"og:site_name\" content=\"Baynana \u0628\u064a\u0646\u0646\u0627\" \/>\n<meta property=\"article:publisher\" content=\"https:\/\/www.facebook.com\/baynanaes\" \/>\n<meta property=\"article:published_time\" content=\"2023-03-30T00:05:10+00:00\" \/>\n<meta property=\"article:modified_time\" content=\"2023-03-30T00:05:13+00:00\" \/>\n<meta property=\"og:image\" content=\"https:\/\/baynana.es\/wp-content\/uploads\/2023\/03\/IMG_727312\u0629\u0629mm-1.jpg\" \/>\n\t<meta property=\"og:image:width\" content=\"1725\" \/>\n\t<meta property=\"og:image:height\" content=\"1215\" \/>\n\t<meta property=\"og:image:type\" content=\"image\/jpeg\" \/>\n<meta name=\"author\" content=\"baynana\" \/>\n<meta name=\"twitter:card\" content=\"summary_large_image\" \/>\n<meta name=\"twitter:creator\" content=\"@baynanaes\" \/>\n<meta name=\"twitter:site\" content=\"@baynanaes\" \/>\n<meta name=\"twitter:label1\" content=\"Escrito por\" \/>\n\t<meta name=\"twitter:data1\" content=\"baynana\" \/>\n\t<meta name=\"twitter:label2\" content=\"Tiempo de lectura\" \/>\n\t<meta name=\"twitter:data2\" content=\"10 minutos\" \/>\n<script type=\"application\/ld+json\" class=\"yoast-schema-graph\">{\"@context\":\"https:\/\/schema.org\",\"@graph\":[{\"@type\":\"Article\",\"@id\":\"https:\/\/baynana.es\/es\/partos-prematuros-y-abortos-entre-ruinas\/#article\",\"isPartOf\":{\"@id\":\"https:\/\/baynana.es\/es\/partos-prematuros-y-abortos-entre-ruinas\/\"},\"author\":{\"name\":\"baynana\",\"@id\":\"https:\/\/baynana.es\/#\/schema\/person\/d743d5ffbf13ef7c04034c063666fe95\"},\"headline\":\"Partos prematuros y abortos entre ruinas\",\"datePublished\":\"2023-03-30T00:05:10+00:00\",\"dateModified\":\"2023-03-30T00:05:13+00:00\",\"mainEntityOfPage\":{\"@id\":\"https:\/\/baynana.es\/es\/partos-prematuros-y-abortos-entre-ruinas\/\"},\"wordCount\":1375,\"publisher\":{\"@id\":\"https:\/\/baynana.es\/#organization\"},\"image\":{\"@id\":\"https:\/\/baynana.es\/es\/partos-prematuros-y-abortos-entre-ruinas\/#primaryimage\"},\"thumbnailUrl\":\"https:\/\/baynana.es\/wp-content\/uploads\/2023\/03\/IMG_727312\u0629\u0629mm-1.jpg\",\"keywords\":[\"REVISTA BAYNANA\"],\"articleSection\":[\"DERECHOS\",\"INICIO\"],\"inLanguage\":\"es\"},{\"@type\":\"WebPage\",\"@id\":\"https:\/\/baynana.es\/es\/partos-prematuros-y-abortos-entre-ruinas\/\",\"url\":\"https:\/\/baynana.es\/es\/partos-prematuros-y-abortos-entre-ruinas\/\",\"name\":\"Partos prematuros y abortos entre ruinas\",\"isPartOf\":{\"@id\":\"https:\/\/baynana.es\/#website\"},\"primaryImageOfPage\":{\"@id\":\"https:\/\/baynana.es\/es\/partos-prematuros-y-abortos-entre-ruinas\/#primaryimage\"},\"image\":{\"@id\":\"https:\/\/baynana.es\/es\/partos-prematuros-y-abortos-entre-ruinas\/#primaryimage\"},\"thumbnailUrl\":\"https:\/\/baynana.es\/wp-content\/uploads\/2023\/03\/IMG_727312\u0629\u0629mm-1.jpg\",\"datePublished\":\"2023-03-30T00:05:10+00:00\",\"dateModified\":\"2023-03-30T00:05:13+00:00\",\"description\":\"Unas 133.000 mujeres embarazadas se vieron afectadas por el terremoto en una situaci\u00f3n de falta de incubadoras, medicaci\u00f3n y personal\",\"breadcrumb\":{\"@id\":\"https:\/\/baynana.es\/es\/partos-prematuros-y-abortos-entre-ruinas\/#breadcrumb\"},\"inLanguage\":\"es\",\"potentialAction\":[{\"@type\":\"ReadAction\",\"target\":[\"https:\/\/baynana.es\/es\/partos-prematuros-y-abortos-entre-ruinas\/\"]}]},{\"@type\":\"ImageObject\",\"inLanguage\":\"es\",\"@id\":\"https:\/\/baynana.es\/es\/partos-prematuros-y-abortos-entre-ruinas\/#primaryimage\",\"url\":\"https:\/\/baynana.es\/wp-content\/uploads\/2023\/03\/IMG_727312\u0629\u0629mm-1.jpg\",\"contentUrl\":\"https:\/\/baynana.es\/wp-content\/uploads\/2023\/03\/IMG_727312\u0629\u0629mm-1.jpg\",\"width\":1725,\"height\":1215,\"caption\":\"Un beb\u00e9 reci\u00e9n nacido en una incubadora del hospital de maternidad en la ciudad de Idlib, en el noroeste de Siria. Mohammad Al-Ahmad\"},{\"@type\":\"BreadcrumbList\",\"@id\":\"https:\/\/baynana.es\/es\/partos-prematuros-y-abortos-entre-ruinas\/#breadcrumb\",\"itemListElement\":[{\"@type\":\"ListItem\",\"position\":1,\"name\":\"Portada\",\"item\":\"https:\/\/baynana.es\/es\/\"},{\"@type\":\"ListItem\",\"position\":2,\"name\":\"Partos prematuros y abortos entre ruinas\"}]},{\"@type\":\"WebSite\",\"@id\":\"https:\/\/baynana.es\/#website\",\"url\":\"https:\/\/baynana.es\/\",\"name\":\"Baynana \u0628\u064a\u0646\u0646\u0627\",\"description\":\"Baynana Revista \u0645\u062c\u0644\u0629 \u0628\u064a\u0646\u0646\u0627\",\"publisher\":{\"@id\":\"https:\/\/baynana.es\/#organization\"},\"potentialAction\":[{\"@type\":\"SearchAction\",\"target\":{\"@type\":\"EntryPoint\",\"urlTemplate\":\"https:\/\/baynana.es\/?s={search_term_string}\"},\"query-input\":{\"@type\":\"PropertyValueSpecification\",\"valueRequired\":true,\"valueName\":\"search_term_string\"}}],\"inLanguage\":\"es\"},{\"@type\":\"Organization\",\"@id\":\"https:\/\/baynana.es\/#organization\",\"name\":\"\u0628\u064a\u0646\u0646\u0627 Baynana\",\"url\":\"https:\/\/baynana.es\/\",\"logo\":{\"@type\":\"ImageObject\",\"inLanguage\":\"es\",\"@id\":\"https:\/\/baynana.es\/#\/schema\/logo\/image\/\",\"url\":\"https:\/\/baynana.es\/wp-content\/uploads\/2021\/03\/Artboard-1.png\",\"contentUrl\":\"https:\/\/baynana.es\/wp-content\/uploads\/2021\/03\/Artboard-1.png\",\"width\":315,\"height\":228,\"caption\":\"\u0628\u064a\u0646\u0646\u0627 Baynana\"},\"image\":{\"@id\":\"https:\/\/baynana.es\/#\/schema\/logo\/image\/\"},\"sameAs\":[\"https:\/\/www.facebook.com\/baynanaes\",\"https:\/\/x.com\/baynanaes\",\"https:\/\/www.instagram.com\/baynanaes\/\",\"https:\/\/www.linkedin.com\/in\/baynana-\u0628\u064a\u0646\u0646\u0627-887599211\/\",\"https:\/\/www.youtube.com\/channel\/UC3019bsq5wOpi61SOufKxPA\"]},{\"@type\":\"Person\",\"@id\":\"https:\/\/baynana.es\/#\/schema\/person\/d743d5ffbf13ef7c04034c063666fe95\",\"name\":\"baynana\",\"image\":{\"@type\":\"ImageObject\",\"inLanguage\":\"es\",\"@id\":\"https:\/\/baynana.es\/#\/schema\/person\/image\/2fdb3ad168978c52d9db4d0a4825fb0a\",\"url\":\"https:\/\/baynana.es\/wp-content\/uploads\/2022\/04\/baynana-A011-96x96.png\",\"contentUrl\":\"https:\/\/baynana.es\/wp-content\/uploads\/2022\/04\/baynana-A011-96x96.png\",\"caption\":\"baynana\"},\"description\":\"Baynana es un medio online biling\u00fce -en \u00e1rabe y espa\u00f1ol- que apuesta por el periodismo social y de servicio p\u00fablico. Nuestra revista aspira a ofrecer informaci\u00f3n de utilidad a la comunidad arab\u00f3fona en Espa\u00f1a y, al mismo tiempo, tender puentes entre las personas migrantes, refugiadas y espa\u00f1olas de origen extranjero, y el resto de la poblaci\u00f3n.\",\"sameAs\":[\"http:\/\/moussa\"],\"url\":\"https:\/\/baynana.es\/es\/author\/moussa\/\"}]}<\/script>\n<!-- \/ Yoast SEO plugin. -->","yoast_head_json":{"title":"Partos prematuros y abortos entre ruinas","description":"Unas 133.000 mujeres embarazadas se vieron afectadas por el terremoto en una situaci\u00f3n de falta de incubadoras, medicaci\u00f3n y personal","robots":{"index":"index","follow":"follow","max-snippet":"max-snippet:-1","max-image-preview":"max-image-preview:large","max-video-preview":"max-video-preview:-1"},"canonical":"https:\/\/baynana.es\/es\/partos-prematuros-y-abortos-entre-ruinas\/","og_locale":"es_ES","og_type":"article","og_title":"Partos prematuros y abortos entre ruinas","og_description":"Unas 133.000 mujeres embarazadas se vieron afectadas por el terremoto en una situaci\u00f3n de falta de incubadoras, medicaci\u00f3n y personal","og_url":"https:\/\/baynana.es\/es\/partos-prematuros-y-abortos-entre-ruinas\/","og_site_name":"Baynana \u0628\u064a\u0646\u0646\u0627","article_publisher":"https:\/\/www.facebook.com\/baynanaes","article_published_time":"2023-03-30T00:05:10+00:00","article_modified_time":"2023-03-30T00:05:13+00:00","og_image":[{"width":1725,"height":1215,"url":"https:\/\/baynana.es\/wp-content\/uploads\/2023\/03\/IMG_727312\u0629\u0629mm-1.jpg","type":"image\/jpeg"}],"author":"baynana","twitter_card":"summary_large_image","twitter_creator":"@baynanaes","twitter_site":"@baynanaes","twitter_misc":{"Escrito por":"baynana","Tiempo de lectura":"10 minutos"},"schema":{"@context":"https:\/\/schema.org","@graph":[{"@type":"Article","@id":"https:\/\/baynana.es\/es\/partos-prematuros-y-abortos-entre-ruinas\/#article","isPartOf":{"@id":"https:\/\/baynana.es\/es\/partos-prematuros-y-abortos-entre-ruinas\/"},"author":{"name":"baynana","@id":"https:\/\/baynana.es\/#\/schema\/person\/d743d5ffbf13ef7c04034c063666fe95"},"headline":"Partos prematuros y abortos entre ruinas","datePublished":"2023-03-30T00:05:10+00:00","dateModified":"2023-03-30T00:05:13+00:00","mainEntityOfPage":{"@id":"https:\/\/baynana.es\/es\/partos-prematuros-y-abortos-entre-ruinas\/"},"wordCount":1375,"publisher":{"@id":"https:\/\/baynana.es\/#organization"},"image":{"@id":"https:\/\/baynana.es\/es\/partos-prematuros-y-abortos-entre-ruinas\/#primaryimage"},"thumbnailUrl":"https:\/\/baynana.es\/wp-content\/uploads\/2023\/03\/IMG_727312\u0629\u0629mm-1.jpg","keywords":["REVISTA BAYNANA"],"articleSection":["DERECHOS","INICIO"],"inLanguage":"es"},{"@type":"WebPage","@id":"https:\/\/baynana.es\/es\/partos-prematuros-y-abortos-entre-ruinas\/","url":"https:\/\/baynana.es\/es\/partos-prematuros-y-abortos-entre-ruinas\/","name":"Partos prematuros y abortos entre ruinas","isPartOf":{"@id":"https:\/\/baynana.es\/#website"},"primaryImageOfPage":{"@id":"https:\/\/baynana.es\/es\/partos-prematuros-y-abortos-entre-ruinas\/#primaryimage"},"image":{"@id":"https:\/\/baynana.es\/es\/partos-prematuros-y-abortos-entre-ruinas\/#primaryimage"},"thumbnailUrl":"https:\/\/baynana.es\/wp-content\/uploads\/2023\/03\/IMG_727312\u0629\u0629mm-1.jpg","datePublished":"2023-03-30T00:05:10+00:00","dateModified":"2023-03-30T00:05:13+00:00","description":"Unas 133.000 mujeres embarazadas se vieron afectadas por el terremoto en una situaci\u00f3n de falta de incubadoras, medicaci\u00f3n y personal","breadcrumb":{"@id":"https:\/\/baynana.es\/es\/partos-prematuros-y-abortos-entre-ruinas\/#breadcrumb"},"inLanguage":"es","potentialAction":[{"@type":"ReadAction","target":["https:\/\/baynana.es\/es\/partos-prematuros-y-abortos-entre-ruinas\/"]}]},{"@type":"ImageObject","inLanguage":"es","@id":"https:\/\/baynana.es\/es\/partos-prematuros-y-abortos-entre-ruinas\/#primaryimage","url":"https:\/\/baynana.es\/wp-content\/uploads\/2023\/03\/IMG_727312\u0629\u0629mm-1.jpg","contentUrl":"https:\/\/baynana.es\/wp-content\/uploads\/2023\/03\/IMG_727312\u0629\u0629mm-1.jpg","width":1725,"height":1215,"caption":"Un beb\u00e9 reci\u00e9n nacido en una incubadora del hospital de maternidad en la ciudad de Idlib, en el noroeste de Siria. Mohammad Al-Ahmad"},{"@type":"BreadcrumbList","@id":"https:\/\/baynana.es\/es\/partos-prematuros-y-abortos-entre-ruinas\/#breadcrumb","itemListElement":[{"@type":"ListItem","position":1,"name":"Portada","item":"https:\/\/baynana.es\/es\/"},{"@type":"ListItem","position":2,"name":"Partos prematuros y abortos entre ruinas"}]},{"@type":"WebSite","@id":"https:\/\/baynana.es\/#website","url":"https:\/\/baynana.es\/","name":"Baynana \u0628\u064a\u0646\u0646\u0627","description":"Baynana Revista \u0645\u062c\u0644\u0629 \u0628\u064a\u0646\u0646\u0627","publisher":{"@id":"https:\/\/baynana.es\/#organization"},"potentialAction":[{"@type":"SearchAction","target":{"@type":"EntryPoint","urlTemplate":"https:\/\/baynana.es\/?s={search_term_string}"},"query-input":{"@type":"PropertyValueSpecification","valueRequired":true,"valueName":"search_term_string"}}],"inLanguage":"es"},{"@type":"Organization","@id":"https:\/\/baynana.es\/#organization","name":"\u0628\u064a\u0646\u0646\u0627 Baynana","url":"https:\/\/baynana.es\/","logo":{"@type":"ImageObject","inLanguage":"es","@id":"https:\/\/baynana.es\/#\/schema\/logo\/image\/","url":"https:\/\/baynana.es\/wp-content\/uploads\/2021\/03\/Artboard-1.png","contentUrl":"https:\/\/baynana.es\/wp-content\/uploads\/2021\/03\/Artboard-1.png","width":315,"height":228,"caption":"\u0628\u064a\u0646\u0646\u0627 Baynana"},"image":{"@id":"https:\/\/baynana.es\/#\/schema\/logo\/image\/"},"sameAs":["https:\/\/www.facebook.com\/baynanaes","https:\/\/x.com\/baynanaes","https:\/\/www.instagram.com\/baynanaes\/","https:\/\/www.linkedin.com\/in\/baynana-\u0628\u064a\u0646\u0646\u0627-887599211\/","https:\/\/www.youtube.com\/channel\/UC3019bsq5wOpi61SOufKxPA"]},{"@type":"Person","@id":"https:\/\/baynana.es\/#\/schema\/person\/d743d5ffbf13ef7c04034c063666fe95","name":"baynana","image":{"@type":"ImageObject","inLanguage":"es","@id":"https:\/\/baynana.es\/#\/schema\/person\/image\/2fdb3ad168978c52d9db4d0a4825fb0a","url":"https:\/\/baynana.es\/wp-content\/uploads\/2022\/04\/baynana-A011-96x96.png","contentUrl":"https:\/\/baynana.es\/wp-content\/uploads\/2022\/04\/baynana-A011-96x96.png","caption":"baynana"},"description":"Baynana es un medio online biling\u00fce -en \u00e1rabe y espa\u00f1ol- que apuesta por el periodismo social y de servicio p\u00fablico. Nuestra revista aspira a ofrecer informaci\u00f3n de utilidad a la comunidad arab\u00f3fona en Espa\u00f1a y, al mismo tiempo, tender puentes entre las personas migrantes, refugiadas y espa\u00f1olas de origen extranjero, y el resto de la poblaci\u00f3n.","sameAs":["http:\/\/moussa"],"url":"https:\/\/baynana.es\/es\/author\/moussa\/"}]}},"authors":[{"term_id":503,"user_id":2,"is_guest":0,"slug":"moussa","display_name":"baynana","avatar_url":"https:\/\/baynana.es\/wp-content\/uploads\/2022\/04\/baynana-A011-96x96.png","author_category":"","first_name":"Moussa","last_name":"Al jamaat","user_url":"http:\/\/moussa","job_title":"","description":"Baynana es un medio online biling\u00fce -en \u00e1rabe y espa\u00f1ol- que apuesta por el periodismo social y de servicio p\u00fablico. Nuestra revista aspira a ofrecer informaci\u00f3n de utilidad a la comunidad arab\u00f3fona en Espa\u00f1a y, al mismo tiempo, tender puentes entre las personas migrantes, refugiadas y espa\u00f1olas de origen extranjero, y el resto de la poblaci\u00f3n."}],"_links":{"self":[{"href":"https:\/\/baynana.es\/es\/wp-json\/wp\/v2\/posts\/7097","targetHints":{"allow":["GET"]}}],"collection":[{"href":"https:\/\/baynana.es\/es\/wp-json\/wp\/v2\/posts"}],"about":[{"href":"https:\/\/baynana.es\/es\/wp-json\/wp\/v2\/types\/post"}],"author":[{"embeddable":true,"href":"https:\/\/baynana.es\/es\/wp-json\/wp\/v2\/users\/2"}],"replies":[{"embeddable":true,"href":"https:\/\/baynana.es\/es\/wp-json\/wp\/v2\/comments?post=7097"}],"version-history":[{"count":1,"href":"https:\/\/baynana.es\/es\/wp-json\/wp\/v2\/posts\/7097\/revisions"}],"predecessor-version":[{"id":7101,"href":"https:\/\/baynana.es\/es\/wp-json\/wp\/v2\/posts\/7097\/revisions\/7101"}],"wp:featuredmedia":[{"embeddable":true,"href":"https:\/\/baynana.es\/es\/wp-json\/wp\/v2\/media\/7098"}],"wp:attachment":[{"href":"https:\/\/baynana.es\/es\/wp-json\/wp\/v2\/media?parent=7097"}],"wp:term":[{"taxonomy":"category","embeddable":true,"href":"https:\/\/baynana.es\/es\/wp-json\/wp\/v2\/categories?post=7097"},{"taxonomy":"post_tag","embeddable":true,"href":"https:\/\/baynana.es\/es\/wp-json\/wp\/v2\/tags?post=7097"},{"taxonomy":"author","embeddable":true,"href":"https:\/\/baynana.es\/es\/wp-json\/wp\/v2\/ppma_author?post=7097"}],"curies":[{"name":"wp","href":"https:\/\/api.w.org\/{rel}","templated":true}]}}