{"id":7178,"date":"2023-04-16T13:40:33","date_gmt":"2023-04-16T11:40:33","guid":{"rendered":"https:\/\/baynana.es\/?p=7178"},"modified":"2023-04-16T14:42:40","modified_gmt":"2023-04-16T12:42:40","slug":"la-escalada-de-tensiones-entre-dos-generales-rivales-en-sudan-se-convierte-en-un-conflicto-armado","status":"publish","type":"post","link":"https:\/\/baynana.es\/es\/la-escalada-de-tensiones-entre-dos-generales-rivales-en-sudan-se-convierte-en-un-conflicto-armado\/","title":{"rendered":"La escalada de tensiones entre dos generales rivales en Sud\u00e1n se convierte en un conflicto armado"},"content":{"rendered":"<div class=\"wp-block-post-date\"><time datetime=\"2023-04-16T13:40:33+02:00\">16 abril\u060c 2023<\/time><\/div>\n\n\n<p>En la madrugada de ayer el s\u00e1bado, estallaron violentos combates con armamento pesado entre el ej\u00e9rcito sudan\u00e9s dirigido por Abdel Fattah Al Burhan, jefe del Consejo de Soberan\u00eda de Transici\u00f3n en Sud\u00e1n, por un lado, y las Fuerzas de Apoyo R\u00e1pido encabezadas por Mohammad Hamdan Dagalo, apodado Hamidati, por otro lado, en la capital sudanesa Jartum y otras partes del pa\u00eds.<\/p>\n\n\n\n<p>Los enfrentamientos provocaron p\u00e1nico y miedo entre la poblaci\u00f3n civil, ya que el centro y el sur de Jartum fueron testigos de una huida masiva de residentes, seg\u00fan informaron medios de comunicaci\u00f3n. Los veh\u00edculos blindados del ej\u00e9rcito del Al Burhan cerraron las carreteras que conducen al palacio presidencial en el centro de la capital. Al Burhan, l\u00edder del Consejo de Soberan\u00eda, dijo en una entrevista con Al-Jazeera que fue sorprendido por el ataque de las Fuerzas de Apoyo R\u00e1pido a su casa a las nueve de la ma\u00f1ana, y agreg\u00f3 que las fuerzas del general Hamidti se infiltraron en el aeropuerto y quemaron algunos aviones. Tambi\u00e9n declar\u00f3 que si contin\u00faa el estado de guerra, ingresar\u00e1 sus fuerzas en Jartum desde diferentes \u00e1reas.<\/p>\n\n\n\n<p>Por su parte, el comandante de las Fuerzas de Apoyo R\u00e1pido, Hamidti, expres\u00f3 a Al-Jazeera su pesar por combatir contra su pueblo: \u00abLa batalla nos fue impuesta despu\u00e9s de nuestro asedio y asalto, y la batalla ser\u00e1 decidir\u00e1 en los pr\u00f3ximos d\u00edas\u201d, dijo, indicando que sus fuerzas seguir\u00e1n persiguiendo a Al Burhan, a quien calific\u00f3 de \u201ccriminal\u201d, hasta que lo lleven ante la justicia.<\/p>\n\n\n\n<p>Un maestro de la escuela Al Kamboni en la capital, Jartum, al que entrevist\u00f3 Al Jazeera inform\u00f3 de&nbsp; que hay alrededor de 450 estudiantes atrapados en la escuela desde el estallido de los enfrentamientos, y uno de ellos result\u00f3 herido.<\/p>\n\n\n\n<p>Seg\u00fan el Comit\u00e9 de M\u00e9dicos de Sud\u00e1n, los enfrentamientos han dejado hasta el momento 56 muertos civiles y al menos 600 heridos. El Programa Mundial de Alimentos confirm\u00f3 el asesinato de tres de sus empleados.<\/p>\n\n\n\n<p><strong>El origen de la disputa<\/strong><\/p>\n\n\n\n<p>Al Burhan, el presidente de facto de Sud\u00e1n, y su adjunto, Hemedti, son los dos hombres m\u00e1s poderosos de Sud\u00e1n, y cada uno de ellos tiene aliados internacionales y locales. Las Fuerzas de Apoyo R\u00e1pido crecieron fuera del marco del ej\u00e9rcito, ya que los or\u00edgenes de estas fuerzas se remontan a la milicia <a href=\"https:\/\/www.africafundacion.org\/rastreando-la-historia-de-la-milicia-janjaweed-en-sudan\">Janjaweed<\/a>, acusada de cometer <a href=\"https:\/\/www.amnesty.org\/es\/latest\/press-release\/2019\/06\/sudan-fresh-evidence-of-government-sponsored-crimes-in-darfur-shows-drawdown-of-peacekeepers-premature-and-reckless\/\">cr\u00edmenes de guerra<\/a> y violaciones de derechos humanos en la regi\u00f3n de Darfur, as\u00ed como de perpetrar una masacre que mat\u00f3 a 120 manifestantes en junio de 2019.<\/p>\n\n\n\n<p>La disputa entre los dos poderes militares se produce luego de una serie de problemas que siguieron al derrocamiento del presidente Omar Al Bashir en 2019. Esta disputa se intensific\u00f3 entre los dos hombres por el rumbo que est\u00e1 tomando el pa\u00eds y la propuesta de transici\u00f3n a un gobierno civil, como uno de los puntos de desacuerdo m\u00e1s destacados es el plan para incluir las Fuerzas de Apoyo R\u00e1pido, que contaban con 100.000 soldados en el ej\u00e9rcito y que luego quien va a liderar la nueva fuerza.<\/p>\n\n\n\n<p>La violencia se produjo despu\u00e9s de d\u00edas de tensi\u00f3n entre las dos partes por el despliegue de las Fuerzas de Apoyo R\u00e1pido en las cercan\u00edas de la capital, un paso que el Ej\u00e9rcito de Al Burhan consider\u00f3 una amenaza. No est\u00e1 claro qui\u00e9n inici\u00f3 el primer tiroteo el s\u00e1bado, ya que ambas partes intercambian acusaciones al respecto.<\/p>\n\n\n\n<p>Varios pa\u00edses del mundo y las Naciones Unidas han expresado su preocupaci\u00f3n por lo que est\u00e1 sucediendo en Sud\u00e1n y han pedido a las partes en conflicto que ejerzan moderaci\u00f3n y tomen medidas urgentes para el alto el fuego.<\/p>\n","protected":false},"excerpt":{"rendered":"<p>16 abril\u060c 2023 En la madrugada de ayer el s\u00e1bado, estallaron violentos combates con armamento pesado entre el ej\u00e9rcito sudan\u00e9s dirigido por Abdel Fattah Al Burhan, jefe del Consejo de Soberan\u00eda de Transici\u00f3n en Sud\u00e1n, por un lado, y las Fuerzas de Apoyo R\u00e1pido encabezadas por Mohammad Hamdan Dagalo, apodado Hamidati, por otro lado, en &hellip;<\/p>\n","protected":false},"author":2,"featured_media":7176,"comment_status":"closed","ping_status":"closed","sticky":false,"template":"","format":"standard","meta":{"inline_featured_image":false,"footnotes":""},"categories":[11,48],"tags":[],"ppma_author":[],"class_list":["post-7178","post","type-post","status-publish","format-standard","has-post-thumbnail","hentry","category-inicio","category-noticias"],"acf":[],"yoast_head":"<!-- This site is optimized with the Yoast SEO plugin v25.3.1 - https:\/\/yoast.com\/wordpress\/plugins\/seo\/ -->\n<title>La escalada de tensiones entre dos generales rivales en Sud\u00e1n se convierte en un conflicto armado<\/title>\n<meta name=\"description\" content=\"Los enfrentamientos en el pa\u00eds, que sufre inestabilidad, han provocado cientos de muertos y heridos, adem\u00e1s de un estado de miedo y desplazamiento entre la poblaci\u00f3n.\" \/>\n<meta name=\"robots\" content=\"index, follow, max-snippet:-1, max-image-preview:large, max-video-preview:-1\" \/>\n<link rel=\"canonical\" href=\"https:\/\/baynana.es\/es\/la-escalada-de-tensiones-entre-dos-generales-rivales-en-sudan-se-convierte-en-un-conflicto-armado\/\" \/>\n<meta property=\"og:locale\" content=\"es_ES\" \/>\n<meta property=\"og:type\" content=\"article\" \/>\n<meta property=\"og:title\" content=\"La escalada de tensiones entre dos generales rivales en Sud\u00e1n se convierte en un conflicto armado\" \/>\n<meta property=\"og:description\" content=\"Los enfrentamientos en el pa\u00eds, que sufre inestabilidad, han provocado cientos de muertos y heridos, adem\u00e1s de un estado de miedo y desplazamiento entre la poblaci\u00f3n.\" \/>\n<meta property=\"og:url\" content=\"https:\/\/baynana.es\/es\/la-escalada-de-tensiones-entre-dos-generales-rivales-en-sudan-se-convierte-en-un-conflicto-armado\/\" \/>\n<meta property=\"og:site_name\" content=\"Baynana \u0628\u064a\u0646\u0646\u0627\" \/>\n<meta property=\"article:publisher\" content=\"https:\/\/www.facebook.com\/baynanaes\" \/>\n<meta property=\"article:published_time\" content=\"2023-04-16T11:40:33+00:00\" \/>\n<meta property=\"article:modified_time\" content=\"2023-04-16T12:42:40+00:00\" \/>\n<meta property=\"og:image\" content=\"https:\/\/baynana.es\/wp-content\/uploads\/2023\/04\/sudan1.jpg\" \/>\n\t<meta property=\"og:image:width\" content=\"893\" \/>\n\t<meta property=\"og:image:height\" content=\"591\" \/>\n\t<meta property=\"og:image:type\" content=\"image\/jpeg\" \/>\n<meta name=\"author\" content=\"baynana\" \/>\n<meta name=\"twitter:card\" content=\"summary_large_image\" \/>\n<meta name=\"twitter:creator\" content=\"@baynanaes\" \/>\n<meta name=\"twitter:site\" content=\"@baynanaes\" \/>\n<meta name=\"twitter:label1\" content=\"Escrito por\" \/>\n\t<meta name=\"twitter:data1\" content=\"baynana\" \/>\n\t<meta name=\"twitter:label2\" content=\"Tiempo de lectura\" \/>\n\t<meta name=\"twitter:data2\" content=\"5 minutos\" \/>\n<script type=\"application\/ld+json\" class=\"yoast-schema-graph\">{\"@context\":\"https:\/\/schema.org\",\"@graph\":[{\"@type\":\"Article\",\"@id\":\"https:\/\/baynana.es\/es\/la-escalada-de-tensiones-entre-dos-generales-rivales-en-sudan-se-convierte-en-un-conflicto-armado\/#article\",\"isPartOf\":{\"@id\":\"https:\/\/baynana.es\/es\/la-escalada-de-tensiones-entre-dos-generales-rivales-en-sudan-se-convierte-en-un-conflicto-armado\/\"},\"author\":{\"name\":\"baynana\",\"@id\":\"https:\/\/baynana.es\/#\/schema\/person\/d743d5ffbf13ef7c04034c063666fe95\"},\"headline\":\"La escalada de tensiones entre dos generales rivales en Sud\u00e1n se convierte en un conflicto armado\",\"datePublished\":\"2023-04-16T11:40:33+00:00\",\"dateModified\":\"2023-04-16T12:42:40+00:00\",\"mainEntityOfPage\":{\"@id\":\"https:\/\/baynana.es\/es\/la-escalada-de-tensiones-entre-dos-generales-rivales-en-sudan-se-convierte-en-un-conflicto-armado\/\"},\"wordCount\":660,\"publisher\":{\"@id\":\"https:\/\/baynana.es\/#organization\"},\"image\":{\"@id\":\"https:\/\/baynana.es\/es\/la-escalada-de-tensiones-entre-dos-generales-rivales-en-sudan-se-convierte-en-un-conflicto-armado\/#primaryimage\"},\"thumbnailUrl\":\"https:\/\/baynana.es\/wp-content\/uploads\/2023\/04\/sudan1.jpg\",\"articleSection\":[\"INICIO\",\"NOTICIAS\"],\"inLanguage\":\"es\"},{\"@type\":\"WebPage\",\"@id\":\"https:\/\/baynana.es\/es\/la-escalada-de-tensiones-entre-dos-generales-rivales-en-sudan-se-convierte-en-un-conflicto-armado\/\",\"url\":\"https:\/\/baynana.es\/es\/la-escalada-de-tensiones-entre-dos-generales-rivales-en-sudan-se-convierte-en-un-conflicto-armado\/\",\"name\":\"La escalada de tensiones entre dos generales rivales en Sud\u00e1n se convierte en un conflicto armado\",\"isPartOf\":{\"@id\":\"https:\/\/baynana.es\/#website\"},\"primaryImageOfPage\":{\"@id\":\"https:\/\/baynana.es\/es\/la-escalada-de-tensiones-entre-dos-generales-rivales-en-sudan-se-convierte-en-un-conflicto-armado\/#primaryimage\"},\"image\":{\"@id\":\"https:\/\/baynana.es\/es\/la-escalada-de-tensiones-entre-dos-generales-rivales-en-sudan-se-convierte-en-un-conflicto-armado\/#primaryimage\"},\"thumbnailUrl\":\"https:\/\/baynana.es\/wp-content\/uploads\/2023\/04\/sudan1.jpg\",\"datePublished\":\"2023-04-16T11:40:33+00:00\",\"dateModified\":\"2023-04-16T12:42:40+00:00\",\"description\":\"Los enfrentamientos en el pa\u00eds, que sufre inestabilidad, han provocado cientos de muertos y heridos, adem\u00e1s de un estado de miedo y desplazamiento entre la poblaci\u00f3n.\",\"breadcrumb\":{\"@id\":\"https:\/\/baynana.es\/es\/la-escalada-de-tensiones-entre-dos-generales-rivales-en-sudan-se-convierte-en-un-conflicto-armado\/#breadcrumb\"},\"inLanguage\":\"es\",\"potentialAction\":[{\"@type\":\"ReadAction\",\"target\":[\"https:\/\/baynana.es\/es\/la-escalada-de-tensiones-entre-dos-generales-rivales-en-sudan-se-convierte-en-un-conflicto-armado\/\"]}]},{\"@type\":\"ImageObject\",\"inLanguage\":\"es\",\"@id\":\"https:\/\/baynana.es\/es\/la-escalada-de-tensiones-entre-dos-generales-rivales-en-sudan-se-convierte-en-un-conflicto-armado\/#primaryimage\",\"url\":\"https:\/\/baynana.es\/wp-content\/uploads\/2023\/04\/sudan1.jpg\",\"contentUrl\":\"https:\/\/baynana.es\/wp-content\/uploads\/2023\/04\/sudan1.jpg\",\"width\":893,\"height\":591,\"caption\":\"El humo se eleva en el Aeropuerto Internacional de Jartum como resultado del bombardeo y las operaciones militares. Redes Sociales\"},{\"@type\":\"BreadcrumbList\",\"@id\":\"https:\/\/baynana.es\/es\/la-escalada-de-tensiones-entre-dos-generales-rivales-en-sudan-se-convierte-en-un-conflicto-armado\/#breadcrumb\",\"itemListElement\":[{\"@type\":\"ListItem\",\"position\":1,\"name\":\"Portada\",\"item\":\"https:\/\/baynana.es\/es\/\"},{\"@type\":\"ListItem\",\"position\":2,\"name\":\"La escalada de tensiones entre dos generales rivales en Sud\u00e1n se convierte en un conflicto armado\"}]},{\"@type\":\"WebSite\",\"@id\":\"https:\/\/baynana.es\/#website\",\"url\":\"https:\/\/baynana.es\/\",\"name\":\"Baynana \u0628\u064a\u0646\u0646\u0627\",\"description\":\"Baynana Revista \u0645\u062c\u0644\u0629 \u0628\u064a\u0646\u0646\u0627\",\"publisher\":{\"@id\":\"https:\/\/baynana.es\/#organization\"},\"potentialAction\":[{\"@type\":\"SearchAction\",\"target\":{\"@type\":\"EntryPoint\",\"urlTemplate\":\"https:\/\/baynana.es\/?s={search_term_string}\"},\"query-input\":{\"@type\":\"PropertyValueSpecification\",\"valueRequired\":true,\"valueName\":\"search_term_string\"}}],\"inLanguage\":\"es\"},{\"@type\":\"Organization\",\"@id\":\"https:\/\/baynana.es\/#organization\",\"name\":\"\u0628\u064a\u0646\u0646\u0627 Baynana\",\"url\":\"https:\/\/baynana.es\/\",\"logo\":{\"@type\":\"ImageObject\",\"inLanguage\":\"es\",\"@id\":\"https:\/\/baynana.es\/#\/schema\/logo\/image\/\",\"url\":\"https:\/\/baynana.es\/wp-content\/uploads\/2021\/03\/Artboard-1.png\",\"contentUrl\":\"https:\/\/baynana.es\/wp-content\/uploads\/2021\/03\/Artboard-1.png\",\"width\":315,\"height\":228,\"caption\":\"\u0628\u064a\u0646\u0646\u0627 Baynana\"},\"image\":{\"@id\":\"https:\/\/baynana.es\/#\/schema\/logo\/image\/\"},\"sameAs\":[\"https:\/\/www.facebook.com\/baynanaes\",\"https:\/\/x.com\/baynanaes\",\"https:\/\/www.instagram.com\/baynanaes\/\",\"https:\/\/www.linkedin.com\/in\/baynana-\u0628\u064a\u0646\u0646\u0627-887599211\/\",\"https:\/\/www.youtube.com\/channel\/UC3019bsq5wOpi61SOufKxPA\"]},{\"@type\":\"Person\",\"@id\":\"https:\/\/baynana.es\/#\/schema\/person\/d743d5ffbf13ef7c04034c063666fe95\",\"name\":\"baynana\",\"image\":{\"@type\":\"ImageObject\",\"inLanguage\":\"es\",\"@id\":\"https:\/\/baynana.es\/#\/schema\/person\/image\/2fdb3ad168978c52d9db4d0a4825fb0a\",\"url\":\"https:\/\/baynana.es\/wp-content\/uploads\/2022\/04\/baynana-A011-96x96.png\",\"contentUrl\":\"https:\/\/baynana.es\/wp-content\/uploads\/2022\/04\/baynana-A011-96x96.png\",\"caption\":\"baynana\"},\"description\":\"Baynana es un medio online biling\u00fce -en \u00e1rabe y espa\u00f1ol- que apuesta por el periodismo social y de servicio p\u00fablico. Nuestra revista aspira a ofrecer informaci\u00f3n de utilidad a la comunidad arab\u00f3fona en Espa\u00f1a y, al mismo tiempo, tender puentes entre las personas migrantes, refugiadas y espa\u00f1olas de origen extranjero, y el resto de la poblaci\u00f3n.\",\"sameAs\":[\"http:\/\/moussa\"],\"url\":\"https:\/\/baynana.es\/es\/author\/moussa\/\"}]}<\/script>\n<!-- \/ Yoast SEO plugin. -->","yoast_head_json":{"title":"La escalada de tensiones entre dos generales rivales en Sud\u00e1n se convierte en un conflicto armado","description":"Los enfrentamientos en el pa\u00eds, que sufre inestabilidad, han provocado cientos de muertos y heridos, adem\u00e1s de un estado de miedo y desplazamiento entre la poblaci\u00f3n.","robots":{"index":"index","follow":"follow","max-snippet":"max-snippet:-1","max-image-preview":"max-image-preview:large","max-video-preview":"max-video-preview:-1"},"canonical":"https:\/\/baynana.es\/es\/la-escalada-de-tensiones-entre-dos-generales-rivales-en-sudan-se-convierte-en-un-conflicto-armado\/","og_locale":"es_ES","og_type":"article","og_title":"La escalada de tensiones entre dos generales rivales en Sud\u00e1n se convierte en un conflicto armado","og_description":"Los enfrentamientos en el pa\u00eds, que sufre inestabilidad, han provocado cientos de muertos y heridos, adem\u00e1s de un estado de miedo y desplazamiento entre la poblaci\u00f3n.","og_url":"https:\/\/baynana.es\/es\/la-escalada-de-tensiones-entre-dos-generales-rivales-en-sudan-se-convierte-en-un-conflicto-armado\/","og_site_name":"Baynana \u0628\u064a\u0646\u0646\u0627","article_publisher":"https:\/\/www.facebook.com\/baynanaes","article_published_time":"2023-04-16T11:40:33+00:00","article_modified_time":"2023-04-16T12:42:40+00:00","og_image":[{"width":893,"height":591,"url":"https:\/\/baynana.es\/wp-content\/uploads\/2023\/04\/sudan1.jpg","type":"image\/jpeg"}],"author":"baynana","twitter_card":"summary_large_image","twitter_creator":"@baynanaes","twitter_site":"@baynanaes","twitter_misc":{"Escrito por":"baynana","Tiempo de lectura":"5 minutos"},"schema":{"@context":"https:\/\/schema.org","@graph":[{"@type":"Article","@id":"https:\/\/baynana.es\/es\/la-escalada-de-tensiones-entre-dos-generales-rivales-en-sudan-se-convierte-en-un-conflicto-armado\/#article","isPartOf":{"@id":"https:\/\/baynana.es\/es\/la-escalada-de-tensiones-entre-dos-generales-rivales-en-sudan-se-convierte-en-un-conflicto-armado\/"},"author":{"name":"baynana","@id":"https:\/\/baynana.es\/#\/schema\/person\/d743d5ffbf13ef7c04034c063666fe95"},"headline":"La escalada de tensiones entre dos generales rivales en Sud\u00e1n se convierte en un conflicto armado","datePublished":"2023-04-16T11:40:33+00:00","dateModified":"2023-04-16T12:42:40+00:00","mainEntityOfPage":{"@id":"https:\/\/baynana.es\/es\/la-escalada-de-tensiones-entre-dos-generales-rivales-en-sudan-se-convierte-en-un-conflicto-armado\/"},"wordCount":660,"publisher":{"@id":"https:\/\/baynana.es\/#organization"},"image":{"@id":"https:\/\/baynana.es\/es\/la-escalada-de-tensiones-entre-dos-generales-rivales-en-sudan-se-convierte-en-un-conflicto-armado\/#primaryimage"},"thumbnailUrl":"https:\/\/baynana.es\/wp-content\/uploads\/2023\/04\/sudan1.jpg","articleSection":["INICIO","NOTICIAS"],"inLanguage":"es"},{"@type":"WebPage","@id":"https:\/\/baynana.es\/es\/la-escalada-de-tensiones-entre-dos-generales-rivales-en-sudan-se-convierte-en-un-conflicto-armado\/","url":"https:\/\/baynana.es\/es\/la-escalada-de-tensiones-entre-dos-generales-rivales-en-sudan-se-convierte-en-un-conflicto-armado\/","name":"La escalada de tensiones entre dos generales rivales en Sud\u00e1n se convierte en un conflicto armado","isPartOf":{"@id":"https:\/\/baynana.es\/#website"},"primaryImageOfPage":{"@id":"https:\/\/baynana.es\/es\/la-escalada-de-tensiones-entre-dos-generales-rivales-en-sudan-se-convierte-en-un-conflicto-armado\/#primaryimage"},"image":{"@id":"https:\/\/baynana.es\/es\/la-escalada-de-tensiones-entre-dos-generales-rivales-en-sudan-se-convierte-en-un-conflicto-armado\/#primaryimage"},"thumbnailUrl":"https:\/\/baynana.es\/wp-content\/uploads\/2023\/04\/sudan1.jpg","datePublished":"2023-04-16T11:40:33+00:00","dateModified":"2023-04-16T12:42:40+00:00","description":"Los enfrentamientos en el pa\u00eds, que sufre inestabilidad, han provocado cientos de muertos y heridos, adem\u00e1s de un estado de miedo y desplazamiento entre la poblaci\u00f3n.","breadcrumb":{"@id":"https:\/\/baynana.es\/es\/la-escalada-de-tensiones-entre-dos-generales-rivales-en-sudan-se-convierte-en-un-conflicto-armado\/#breadcrumb"},"inLanguage":"es","potentialAction":[{"@type":"ReadAction","target":["https:\/\/baynana.es\/es\/la-escalada-de-tensiones-entre-dos-generales-rivales-en-sudan-se-convierte-en-un-conflicto-armado\/"]}]},{"@type":"ImageObject","inLanguage":"es","@id":"https:\/\/baynana.es\/es\/la-escalada-de-tensiones-entre-dos-generales-rivales-en-sudan-se-convierte-en-un-conflicto-armado\/#primaryimage","url":"https:\/\/baynana.es\/wp-content\/uploads\/2023\/04\/sudan1.jpg","contentUrl":"https:\/\/baynana.es\/wp-content\/uploads\/2023\/04\/sudan1.jpg","width":893,"height":591,"caption":"El humo se eleva en el Aeropuerto Internacional de Jartum como resultado del bombardeo y las operaciones militares. Redes Sociales"},{"@type":"BreadcrumbList","@id":"https:\/\/baynana.es\/es\/la-escalada-de-tensiones-entre-dos-generales-rivales-en-sudan-se-convierte-en-un-conflicto-armado\/#breadcrumb","itemListElement":[{"@type":"ListItem","position":1,"name":"Portada","item":"https:\/\/baynana.es\/es\/"},{"@type":"ListItem","position":2,"name":"La escalada de tensiones entre dos generales rivales en Sud\u00e1n se convierte en un conflicto armado"}]},{"@type":"WebSite","@id":"https:\/\/baynana.es\/#website","url":"https:\/\/baynana.es\/","name":"Baynana \u0628\u064a\u0646\u0646\u0627","description":"Baynana Revista \u0645\u062c\u0644\u0629 \u0628\u064a\u0646\u0646\u0627","publisher":{"@id":"https:\/\/baynana.es\/#organization"},"potentialAction":[{"@type":"SearchAction","target":{"@type":"EntryPoint","urlTemplate":"https:\/\/baynana.es\/?s={search_term_string}"},"query-input":{"@type":"PropertyValueSpecification","valueRequired":true,"valueName":"search_term_string"}}],"inLanguage":"es"},{"@type":"Organization","@id":"https:\/\/baynana.es\/#organization","name":"\u0628\u064a\u0646\u0646\u0627 Baynana","url":"https:\/\/baynana.es\/","logo":{"@type":"ImageObject","inLanguage":"es","@id":"https:\/\/baynana.es\/#\/schema\/logo\/image\/","url":"https:\/\/baynana.es\/wp-content\/uploads\/2021\/03\/Artboard-1.png","contentUrl":"https:\/\/baynana.es\/wp-content\/uploads\/2021\/03\/Artboard-1.png","width":315,"height":228,"caption":"\u0628\u064a\u0646\u0646\u0627 Baynana"},"image":{"@id":"https:\/\/baynana.es\/#\/schema\/logo\/image\/"},"sameAs":["https:\/\/www.facebook.com\/baynanaes","https:\/\/x.com\/baynanaes","https:\/\/www.instagram.com\/baynanaes\/","https:\/\/www.linkedin.com\/in\/baynana-\u0628\u064a\u0646\u0646\u0627-887599211\/","https:\/\/www.youtube.com\/channel\/UC3019bsq5wOpi61SOufKxPA"]},{"@type":"Person","@id":"https:\/\/baynana.es\/#\/schema\/person\/d743d5ffbf13ef7c04034c063666fe95","name":"baynana","image":{"@type":"ImageObject","inLanguage":"es","@id":"https:\/\/baynana.es\/#\/schema\/person\/image\/2fdb3ad168978c52d9db4d0a4825fb0a","url":"https:\/\/baynana.es\/wp-content\/uploads\/2022\/04\/baynana-A011-96x96.png","contentUrl":"https:\/\/baynana.es\/wp-content\/uploads\/2022\/04\/baynana-A011-96x96.png","caption":"baynana"},"description":"Baynana es un medio online biling\u00fce -en \u00e1rabe y espa\u00f1ol- que apuesta por el periodismo social y de servicio p\u00fablico. Nuestra revista aspira a ofrecer informaci\u00f3n de utilidad a la comunidad arab\u00f3fona en Espa\u00f1a y, al mismo tiempo, tender puentes entre las personas migrantes, refugiadas y espa\u00f1olas de origen extranjero, y el resto de la poblaci\u00f3n.","sameAs":["http:\/\/moussa"],"url":"https:\/\/baynana.es\/es\/author\/moussa\/"}]}},"authors":[{"term_id":503,"user_id":2,"is_guest":0,"slug":"moussa","display_name":"baynana","avatar_url":"https:\/\/baynana.es\/wp-content\/uploads\/2022\/04\/baynana-A011-96x96.png","author_category":"","first_name":"Moussa","last_name":"Al jamaat","user_url":"http:\/\/moussa","job_title":"","description":"Baynana es un medio online biling\u00fce -en \u00e1rabe y espa\u00f1ol- que apuesta por el periodismo social y de servicio p\u00fablico. Nuestra revista aspira a ofrecer informaci\u00f3n de utilidad a la comunidad arab\u00f3fona en Espa\u00f1a y, al mismo tiempo, tender puentes entre las personas migrantes, refugiadas y espa\u00f1olas de origen extranjero, y el resto de la poblaci\u00f3n."}],"_links":{"self":[{"href":"https:\/\/baynana.es\/es\/wp-json\/wp\/v2\/posts\/7178","targetHints":{"allow":["GET"]}}],"collection":[{"href":"https:\/\/baynana.es\/es\/wp-json\/wp\/v2\/posts"}],"about":[{"href":"https:\/\/baynana.es\/es\/wp-json\/wp\/v2\/types\/post"}],"author":[{"embeddable":true,"href":"https:\/\/baynana.es\/es\/wp-json\/wp\/v2\/users\/2"}],"replies":[{"embeddable":true,"href":"https:\/\/baynana.es\/es\/wp-json\/wp\/v2\/comments?post=7178"}],"version-history":[{"count":2,"href":"https:\/\/baynana.es\/es\/wp-json\/wp\/v2\/posts\/7178\/revisions"}],"predecessor-version":[{"id":7186,"href":"https:\/\/baynana.es\/es\/wp-json\/wp\/v2\/posts\/7178\/revisions\/7186"}],"wp:featuredmedia":[{"embeddable":true,"href":"https:\/\/baynana.es\/es\/wp-json\/wp\/v2\/media\/7176"}],"wp:attachment":[{"href":"https:\/\/baynana.es\/es\/wp-json\/wp\/v2\/media?parent=7178"}],"wp:term":[{"taxonomy":"category","embeddable":true,"href":"https:\/\/baynana.es\/es\/wp-json\/wp\/v2\/categories?post=7178"},{"taxonomy":"post_tag","embeddable":true,"href":"https:\/\/baynana.es\/es\/wp-json\/wp\/v2\/tags?post=7178"},{"taxonomy":"author","embeddable":true,"href":"https:\/\/baynana.es\/es\/wp-json\/wp\/v2\/ppma_author?post=7178"}],"curies":[{"name":"wp","href":"https:\/\/api.w.org\/{rel}","templated":true}]}}