{"id":7439,"date":"2023-06-15T12:30:19","date_gmt":"2023-06-15T10:30:19","guid":{"rendered":"https:\/\/baynana.es\/?p=7439"},"modified":"2023-06-15T12:40:52","modified_gmt":"2023-06-15T10:40:52","slug":"moha-gerehou-en-cuanto-a-las-politicas-migratorias-con-el-pp-o-el-psoe-acaban-siendo-las-mismas","status":"publish","type":"post","link":"https:\/\/baynana.es\/es\/moha-gerehou-en-cuanto-a-las-politicas-migratorias-con-el-pp-o-el-psoe-acaban-siendo-las-mismas\/","title":{"rendered":"Moha Gerehou: \u201cEn cuanto a las pol\u00edticas migratorias, con el PP o el PSOE acaban siendo las mismas\u201d"},"content":{"rendered":"<div class=\"wp-block-post-date\"><time datetime=\"2023-06-15T12:30:19+02:00\">15 junio\u060c 2023<\/time><\/div>\n\n\n<p>En las \u00faltimas elecciones municipales y auton\u00f3micas espa\u00f1olas, el Partido Popular y Vox ganaron terreno, dejando en tercer lugar al Partido Socialista y a otras facciones de izquierda fuera del mapa. Estos resultados llevaron al presidente del Gobierno, Pedro S\u00e1nchez, a adelantar la fecha de las elecciones generales al pr\u00f3ximo 23 de julio.<\/p>\n\n\n\n<p>El ascenso de la extrema derecha en Europa es un asunto que preocupa a los activistas de derechos humanos y a los propios migrantes, a los que llaman \u201cilegales\u201d, y sus reiteradas amenazas de deportarlos o impedir su llegada a tierras europeas en caso de acudir al poder, como hizo Giorgia Meloni en Italia.<\/p>\n\n\n\n<p>\u00bfCu\u00e1les han sido las pol\u00edticas de la izquierda respecto a la inmigraci\u00f3n en los \u00faltimos a\u00f1os? \u00bfQue har\u00e1n la derecha y la extrema derecha en el caso de que llegaran al poder? \u00bfPor qu\u00e9 los partidos de izquierdas perdieron fuerza en las \u00faltimas elecciones y qu\u00e9 tiene que ver la migraci\u00f3n con esto? En esta entrevista, el periodista y activista antirracista Moha Gerehou analiza y compara las diferentes ramificaciones pol\u00edticas desde su punto de vista.<\/p>\n\n\n\n<h3 class=\"wp-block-heading\"><strong>\u00bfC\u00f3mo describir\u00edas la gesti\u00f3n del actual gobierno con el tema de la migraci\u00f3n en Espa\u00f1a?<\/strong><\/h3>\n\n\n\n<p>Han pasado varias cosas. Una tiene que ver con el discurso. La presencia de un partido como VOX les ha beneficiado, porque ha hecho que solo con decir que est\u00e1n en su contra ya consideran que han hecho mucho por la migraci\u00f3n y contra el racismo. Pero eso solo ha sido a nivel de discurso. Vox dice: \u201cHay que deportar a todos los inmigrantes\u201d. El PSOE dice: \u201cNosotros no queremos deportar a los inmigrantes\u201d, y as\u00ed parece que ellos est\u00e1n protegiendo a los inmigrantes y a las personas racializadas, cuando en realidad s\u00ed las est\u00e1n deportando. La presencia de un partido como VOX les ha permitido simplemente quedarse en un antirracismo de discurso.<\/p>\n\n\n\n<p>Segundo, tambi\u00e9n estos a\u00f1os, con la presencia de VOX, una de las consecuencias ha sido que hay medidas que hace unos a\u00f1os pod\u00edan ser razonables, como una regularizaci\u00f3n de inmigrantes, pero ahora parecen un privilegio y hace que partidos como el PSOE no se atrevan. Es una paradoja porque ha habido varias regularizaciones, cinco del PP y cuatro del PSOE. \u00bfC\u00f3mo puede ser que algo que antes se hac\u00eda con una cierta normalidad ahora no se pueda? Tiene que ver con un marco que ha hecho que<strong> regularizar a los migrantes parezca que es darles un privilegio<\/strong>. Y en eso los partidos de izquierda y el gobierno m\u00e1s progresista de la historia han ca\u00eddo.&nbsp;<\/p>\n\n\n\n<h3 class=\"wp-block-heading\"><strong>\u00bfCrees que hay peligro para el futuro de los migrantes en Espa\u00f1a ante el avance de la derecha?<\/strong><\/h3>\n\n\n\n<p>Por una parte te responder\u00eda que s\u00ed, porque tienen el racismo de forma muy expl\u00edcita en su programa, en las pol\u00edticas que quieren aplicar. Eso va a hacer que las condiciones de las personas migrantes sean peores. Pero eso no significa que las condiciones de las personas migrantes est\u00e9n bien. Son cosas diferentes. Para m\u00ed ese es el gran problema: que las personas migrantes y racializadas tienen una posici\u00f3n muy mala dentro de la sociedad espa\u00f1ola y esto va a hacer que vaya a mucho peor.<\/p>\n\n\n\n<p>Al final tenemos un gobierno progresista que no va a tomar medidas en favor de las personas migrantes de ning\u00fan tipo, de hecho, ha ido hacia atr\u00e1s y por lo tanto lo que hace que haya un gobierno en el que pueda estar VOX es que se puedan acelerar los pasos hacia un pa\u00eds mucho m\u00e1s racista, con muchos m\u00e1s dispositivos racistas, m\u00e1s controles, una pol\u00edtica de fronteras a\u00fan peor que la que ya existe.<\/p>\n\n\n\n<h3 class=\"wp-block-heading\"><strong>\u00bfCu\u00e1les son las diferencias m\u00e1s destacadas, entre la pol\u00edtica migratoria del PSOE y la del Partido Popular?<\/strong><\/h3>\n\n\n\n<p>El Partido Popular tiene una visi\u00f3n muy econ\u00f3mica de la poblaci\u00f3n inmigrante y tiene una visi\u00f3n muy clara de qu\u00e9 tipo de migraci\u00f3n quiere. El Partido Popular apuesta m\u00e1s por la migraci\u00f3n latinoamericana, porque considera que se puede integrar mucho mejor en la cultura espa\u00f1ola. Pero en cuanto a pol\u00edticas como tal, el PP est\u00e1 claro que no nos va a beneficiar a las personas racializadas inmigrantes.<\/p>\n\n\n\n<p>La diferencia para m\u00ed est\u00e1 en el discurso del PSOE, que va a decir que est\u00e1 a favor de los inmigrantes y que se est\u00e1 trabajando. Muchos te van a decir que nosotros tenemos a inmigrantes dentro de nuestros partidos. Pero a la hora de la verdad, tenemos muy pocas pol\u00edticas para las personas migrantes y racializadas, realmente da igual que est\u00e9n en el gobierno: el PP o el PSOE acaban siendo las mismas pol\u00edticas. Las respuestas son las mismas. Piensa en la respuesta de la masacre de Melilla o de Tarajal. De hecho, probablemente haya sido mucho peor la respuesta de la masacre de Melilla que la masacre de Tarajal.&nbsp;<\/p>\n\n\n\n<h3 class=\"wp-block-heading\"><strong>\u00bfC\u00f3mo ves el futuro de la campa\u00f1a de Regularizaci\u00f3n Ya con este cambio y ante el avance de la derecha?<\/strong><\/h3>\n\n\n\n<p>Me parece una verg\u00fcenza que un movimiento que ha conseguido m\u00e1s de 600.000 firmas con una medida tan concreta y que no es nueva, se haya ignorado por parte de un gobierno progresista. Me parece una verg\u00fcenza enorme, unos partidos que dicen gobernar para la gente, y que la gente les hace una propuesta apoyada por personas de todo tipo. S\u00ed, s\u00ed ha habido personas de todo tipo que han firmado, gente de la Iglesia Cat\u00f3lica, gente que trabaja, por supuesto en las organizaciones de inmigraci\u00f3n, gente empresaria, gente de absolutamente todo tipo y todo eso lo han ignorado. Seguramente, no por la gente que ha firmado, sino por qui\u00e9n se va a beneficiar de esa medida, que son las personas migrantes.<\/p>\n\n\n\n<p>Lo bueno es que todo ese movimiento que se ha generado alrededor de la regularizaci\u00f3n ha sido una forma de ver qu\u00e9 fuerza tiene el movimiento antiracista y el movimiento de la migraci\u00f3n. Y me parece que eso tiene mucho m\u00e9rito. Haber conseguido todas esas firmas en menos de dos a\u00f1os, donde partimos de una invisibilidad de los medios, de mucha gente que no tiene documentaci\u00f3n y que por lo tanto no pod\u00edan ser ellos mismos quienes firmaran, tambi\u00e9n con una falta de capacidad econ\u00f3mica como otros movimientos para conseguir firmas, etc\u00e9tera. A pesar de todo eso se ha llegado a ese objetivo. Como movimiento tenemos mucha m\u00e1s fuerza para organizarnos y para conseguir cambios de lo que pensamos. Y para m\u00ed eso es lo positivo dentro de lo negativo.<\/p>\n\n\n\n<h3 class=\"wp-block-heading\"><strong>\u00bfQu\u00e9 deben hacer los partidos pol\u00edticos que apoyan el tema de la regularizaci\u00f3n antes de las elecciones generales?<\/strong><\/h3>\n\n\n\n<p>Los partidos de izquierda pueden sacar muchas lecciones de qu\u00e9 ha fallado en este tiempo, por qu\u00e9 la gente no les ha votado. Pueden sacar muchas lecciones viendo c\u00f3mo han tratado a las personas racializadas y migrantes. C\u00f3mo esperan que las personas racializadas e inmigrantes les voten, se muevan por ellos, pidan el voto por ellos cuando han prometido una serie de medidas que no han cumplido, han ignorado las demandas m\u00e1s b\u00e1sicas, como la regularizaci\u00f3n. El tema de las v\u00edas seguras, la ley contra el racismo, la ley contra la vivienda. Todas esas demandas se han ido logrando una detr\u00e1s de otra. Sacar la ley trans. Incluso en la ley trans, admiten que las personas migrantes est\u00e1n fuera de la ley. No hemos participado en los procesos de toma de decisiones y encima lo que nos encontramos es que cuando quedan dos meses para las elecciones, hacen un casting entre la poblaci\u00f3n migrante y oye, \u00bft\u00fa quieres ir en nuestras listas? Vas a ser muy importante, etc. Luego una vez te metes all\u00ed, te ignoran. Si t\u00fa maltratas a los que consideras que son tus votantes, no te van a apoyar.&nbsp;<\/p>\n\n\n\n<p>Es muy dif\u00edcil convivir con eso, porque al final t\u00fa no me proteges y encima me dejas ante la desprotecci\u00f3n de las personas que abiertamente son racistas. No cuentas con las personas migrantes y racializadas para construir ese pa\u00eds que t\u00fa dices que quieres construir, que es m\u00e1s justo. \u00bfC\u00f3mo lo vas a hacer si las personas racializadas somos como el 20% de esta sociedad?&nbsp;<\/p>\n\n\n\n<h3 class=\"wp-block-heading\"><strong>\u00bfCu\u00e1l es tu evaluaci\u00f3n de las posiciones y planes de los partidos pol\u00edticos que apoyan el tema de la regularizaci\u00f3n y la migraci\u00f3n?<\/strong><\/h3>\n\n\n\n<p>Ha habido de todo en todas partes que han apoyado. Pienso en Bildu y Esquerra Republicana, partidos que han estado all\u00ed por el tema de la regularizaci\u00f3n. Pienso en el papel que ha jugado Podemos. Por un lado te apoyo, pero por otro lado te ignoro. Pienso en el papel central que juega el PSOE. Mientras el PSOE siga siendo el partido m\u00e1s importante de izquierdas, va a ser dif\u00edcil que estas medidas vayan a salir adelante.<\/p>\n\n\n\n<p>Podemos ahora mismo ya ni lo cuento porque est\u00e1 al borde de la desaparici\u00f3n. Pero sigue siendo que en estos a\u00f1os se han podido formar alianzas con partidos que no tienen el mismo poder que la Esquerra Republicana, pero que s\u00ed que parece que est\u00e1n dispuestos a trabajar, a pelear por esas medidas. Habr\u00e1 que construir desde all\u00ed, con quienes est\u00e9n en la lucha antirracista con acciones y no con palabras dentro. Seguiremos trabajando,porque no podemos parar nuestras vidas, parar nuestras demandas, para la mejora que queremos en la sociedad porque haya un partido u otro que no lo considere prioritario. Eso no lo podemos permitir.&nbsp;<\/p>\n\n\n\n<h3 class=\"wp-block-heading\"><strong>\u00bfQu\u00e9 se debe hacer para enfrentar el discurso de odio y este ascenso de la derecha? \u00bfCu\u00e1l es el papel de los medios de comunicaci\u00f3n en eso?<\/strong><\/h3>\n\n\n\n<p>Esto es importante. Durante mucho tiempo nos han dicho que para combatir a la derecha primero hay que responderles siempre en el discurso. Tambi\u00e9n nos han dicho que hay que ignorarlos. Sin embargo, ninguna ha funcionado. En estas elecciones auton\u00f3micas y locales, VOX ha doblado el n\u00famero de votos. Es much\u00edsimo. Y eso que ni siquiera parece que est\u00e9 en su mejor momento.&nbsp;<\/p>\n\n\n\n<p>Para m\u00ed la v\u00eda antirracista es la v\u00eda que se tendr\u00eda que copiar en todos los \u00e1mbitos de la sociedad. Por ejemplo, VOX crece a costa del racismo que existe en la sociedad. Gana votos haciendo campa\u00f1a contra los menores migrantes, como ellos llaman MENAS, porque esos menores est\u00e1n en las condiciones que ha creado el racismo en este pa\u00eds. No pueden estudiar, no pueden trabajar, se quedan en los centros de menores en los que no pueden hacer absolutamente nada. Cumplen 18 a\u00f1os y se quedan en la calle sin papeles, sin recursos, sin vivienda. Y eso es lo que permite que VOX haga campa\u00f1a de eso y gane votos.<\/p>\n\n\n\n<p>Si tu arreglas la situaci\u00f3n de los inmigrantes, VOX no tiene una raz\u00f3n de ser. Si t\u00fa haces que las personas migrantes no tengan que jugarse la vida viniendo en patera, como ocurre ahora, VOX no tiene motivos para hacer campa\u00f1a contra los migrantes que viven en patera. La \u00fanica manera de hacer que VOX desaparezca es eliminando los motivos que hacen que exista, que es el racismo, el machismo, la homofobia. La \u00fanica soluci\u00f3n para acabar con VOX es garantizar los derechos y la vida de las personas racializadas y migrantes.<\/p>\n\n\n\n<p>En la anterior campa\u00f1a electoral parec\u00eda que los menores migrantes eran el mayor problema en la Comunidad de Madrid. \u00bfM\u00e1s de 6 millones de habitantes, y los menores son el mayor problema? No. Ah\u00ed los medios de comunicaci\u00f3n han contribuido durante mucho tiempo a ese discurso. Ahora parece que ya no existen los menores migrantes, porque no interesa la agenda de la extrema derecha y ah\u00ed entendemos qu\u00e9 papel tan importante tienen los medios.\u00a0<\/p>\n\n\n\n<p><strong><em>Estamos en la segunda ronda de nuestro crowdfunding en Goteo Funding. Quedan muy pocos d\u00edas, ap\u00f3yanos para seguir contando nuestras historias. \u00a1<a href=\"https:\/\/www.goteo.org\/project\/hagamos-posible-baynana\">Te necesitamos<\/a>!<\/em><\/strong><\/p>\n","protected":false},"excerpt":{"rendered":"<p>15 junio\u060c 2023 En las \u00faltimas elecciones municipales y auton\u00f3micas espa\u00f1olas, el Partido Popular y Vox ganaron terreno, dejando en tercer lugar al Partido Socialista y a otras facciones de izquierda fuera del mapa. Estos resultados llevaron al presidente del Gobierno, Pedro S\u00e1nchez, a adelantar la fecha de las elecciones generales al pr\u00f3ximo 23 de &hellip;<\/p>\n","protected":false},"author":6,"featured_media":7437,"comment_status":"closed","ping_status":"closed","sticky":false,"template":"","format":"standard","meta":{"inline_featured_image":false,"footnotes":""},"categories":[58,11,56],"tags":[91],"ppma_author":[],"class_list":["post-7439","post","type-post","status-publish","format-standard","has-post-thumbnail","hentry","category-entrevistas","category-inicio","category-sociedad","tag-revista-baynana"],"acf":[],"yoast_head":"<!-- This site is optimized with the Yoast SEO plugin v25.3.1 - https:\/\/yoast.com\/wordpress\/plugins\/seo\/ -->\n<title>Moha Gerehou: \u201cEn cuanto a las pol\u00edticas migratorias, con el PP o el PSOE acaban siendo las mismas\u201d<\/title>\n<meta name=\"description\" content=\"Entrevista al periodista y activista antirracista Moha Gerehou, en la que habla de la influencia de los partidos pol\u00edticos en temas de migraci\u00f3n en Espa\u00f1a.\" \/>\n<meta name=\"robots\" content=\"index, follow, max-snippet:-1, max-image-preview:large, max-video-preview:-1\" \/>\n<link rel=\"canonical\" href=\"https:\/\/baynana.es\/es\/moha-gerehou-en-cuanto-a-las-politicas-migratorias-con-el-pp-o-el-psoe-acaban-siendo-las-mismas\/\" \/>\n<meta property=\"og:locale\" content=\"es_ES\" \/>\n<meta property=\"og:type\" content=\"article\" \/>\n<meta property=\"og:title\" content=\"Moha Gerehou: \u201cEn cuanto a las pol\u00edticas migratorias, con el PP o el PSOE acaban siendo las mismas\u201d\" \/>\n<meta property=\"og:description\" content=\"Entrevista al periodista y activista antirracista Moha Gerehou, en la que habla de la influencia de los partidos pol\u00edticos en temas de migraci\u00f3n en Espa\u00f1a.\" \/>\n<meta property=\"og:url\" content=\"https:\/\/baynana.es\/es\/moha-gerehou-en-cuanto-a-las-politicas-migratorias-con-el-pp-o-el-psoe-acaban-siendo-las-mismas\/\" \/>\n<meta property=\"og:site_name\" content=\"Baynana \u0628\u064a\u0646\u0646\u0627\" \/>\n<meta property=\"article:publisher\" content=\"https:\/\/www.facebook.com\/baynanaes\" \/>\n<meta property=\"article:published_time\" content=\"2023-06-15T10:30:19+00:00\" \/>\n<meta property=\"article:modified_time\" content=\"2023-06-15T10:40:52+00:00\" \/>\n<meta property=\"og:image\" content=\"https:\/\/baynana.es\/wp-content\/uploads\/2023\/06\/Moha-Gerehou-scaled.jpg\" \/>\n\t<meta property=\"og:image:width\" content=\"2560\" \/>\n\t<meta property=\"og:image:height\" content=\"1705\" \/>\n\t<meta property=\"og:image:type\" content=\"image\/jpeg\" \/>\n<meta name=\"author\" content=\"Okba Mohammad\" \/>\n<meta name=\"twitter:card\" content=\"summary_large_image\" \/>\n<meta name=\"twitter:creator\" content=\"@OkbaMohammad\" \/>\n<meta name=\"twitter:site\" content=\"@baynanaes\" \/>\n<meta name=\"twitter:label1\" content=\"Escrito por\" \/>\n\t<meta name=\"twitter:data1\" content=\"Okba Mohammad\" \/>\n\t<meta name=\"twitter:label2\" content=\"Tiempo de lectura\" \/>\n\t<meta name=\"twitter:data2\" content=\"15 minutos\" \/>\n<script type=\"application\/ld+json\" class=\"yoast-schema-graph\">{\"@context\":\"https:\/\/schema.org\",\"@graph\":[{\"@type\":\"Article\",\"@id\":\"https:\/\/baynana.es\/es\/moha-gerehou-en-cuanto-a-las-politicas-migratorias-con-el-pp-o-el-psoe-acaban-siendo-las-mismas\/#article\",\"isPartOf\":{\"@id\":\"https:\/\/baynana.es\/es\/moha-gerehou-en-cuanto-a-las-politicas-migratorias-con-el-pp-o-el-psoe-acaban-siendo-las-mismas\/\"},\"author\":{\"name\":\"Okba Mohammad\",\"@id\":\"https:\/\/baynana.es\/#\/schema\/person\/2beac5545c08e1117a9ce409cfb3c754\"},\"headline\":\"Moha Gerehou: \u201cEn cuanto a las pol\u00edticas migratorias, con el PP o el PSOE acaban siendo las mismas\u201d\",\"datePublished\":\"2023-06-15T10:30:19+00:00\",\"dateModified\":\"2023-06-15T10:40:52+00:00\",\"mainEntityOfPage\":{\"@id\":\"https:\/\/baynana.es\/es\/moha-gerehou-en-cuanto-a-las-politicas-migratorias-con-el-pp-o-el-psoe-acaban-siendo-las-mismas\/\"},\"wordCount\":2092,\"publisher\":{\"@id\":\"https:\/\/baynana.es\/#organization\"},\"image\":{\"@id\":\"https:\/\/baynana.es\/es\/moha-gerehou-en-cuanto-a-las-politicas-migratorias-con-el-pp-o-el-psoe-acaban-siendo-las-mismas\/#primaryimage\"},\"thumbnailUrl\":\"https:\/\/baynana.es\/wp-content\/uploads\/2023\/06\/Moha-Gerehou-scaled.jpg\",\"keywords\":[\"REVISTA BAYNANA\"],\"articleSection\":[\"ENTREVISTAS\",\"INICIO\",\"SOCIEDAD\"],\"inLanguage\":\"es\"},{\"@type\":\"WebPage\",\"@id\":\"https:\/\/baynana.es\/es\/moha-gerehou-en-cuanto-a-las-politicas-migratorias-con-el-pp-o-el-psoe-acaban-siendo-las-mismas\/\",\"url\":\"https:\/\/baynana.es\/es\/moha-gerehou-en-cuanto-a-las-politicas-migratorias-con-el-pp-o-el-psoe-acaban-siendo-las-mismas\/\",\"name\":\"Moha Gerehou: \u201cEn cuanto a las pol\u00edticas migratorias, con el PP o el PSOE acaban siendo las mismas\u201d\",\"isPartOf\":{\"@id\":\"https:\/\/baynana.es\/#website\"},\"primaryImageOfPage\":{\"@id\":\"https:\/\/baynana.es\/es\/moha-gerehou-en-cuanto-a-las-politicas-migratorias-con-el-pp-o-el-psoe-acaban-siendo-las-mismas\/#primaryimage\"},\"image\":{\"@id\":\"https:\/\/baynana.es\/es\/moha-gerehou-en-cuanto-a-las-politicas-migratorias-con-el-pp-o-el-psoe-acaban-siendo-las-mismas\/#primaryimage\"},\"thumbnailUrl\":\"https:\/\/baynana.es\/wp-content\/uploads\/2023\/06\/Moha-Gerehou-scaled.jpg\",\"datePublished\":\"2023-06-15T10:30:19+00:00\",\"dateModified\":\"2023-06-15T10:40:52+00:00\",\"description\":\"Entrevista al periodista y activista antirracista Moha Gerehou, en la que habla de la influencia de los partidos pol\u00edticos en temas de migraci\u00f3n en Espa\u00f1a.\",\"breadcrumb\":{\"@id\":\"https:\/\/baynana.es\/es\/moha-gerehou-en-cuanto-a-las-politicas-migratorias-con-el-pp-o-el-psoe-acaban-siendo-las-mismas\/#breadcrumb\"},\"inLanguage\":\"es\",\"potentialAction\":[{\"@type\":\"ReadAction\",\"target\":[\"https:\/\/baynana.es\/es\/moha-gerehou-en-cuanto-a-las-politicas-migratorias-con-el-pp-o-el-psoe-acaban-siendo-las-mismas\/\"]}]},{\"@type\":\"ImageObject\",\"inLanguage\":\"es\",\"@id\":\"https:\/\/baynana.es\/es\/moha-gerehou-en-cuanto-a-las-politicas-migratorias-con-el-pp-o-el-psoe-acaban-siendo-las-mismas\/#primaryimage\",\"url\":\"https:\/\/baynana.es\/wp-content\/uploads\/2023\/06\/Moha-Gerehou-scaled.jpg\",\"contentUrl\":\"https:\/\/baynana.es\/wp-content\/uploads\/2023\/06\/Moha-Gerehou-scaled.jpg\",\"width\":2560,\"height\":1705,\"caption\":\"El periodista y activista antirracista, Moha Gerehou. Foto: Okba Mohammad\"},{\"@type\":\"BreadcrumbList\",\"@id\":\"https:\/\/baynana.es\/es\/moha-gerehou-en-cuanto-a-las-politicas-migratorias-con-el-pp-o-el-psoe-acaban-siendo-las-mismas\/#breadcrumb\",\"itemListElement\":[{\"@type\":\"ListItem\",\"position\":1,\"name\":\"Portada\",\"item\":\"https:\/\/baynana.es\/es\/\"},{\"@type\":\"ListItem\",\"position\":2,\"name\":\"Moha Gerehou: \u201cEn cuanto a las pol\u00edticas migratorias, con el PP o el PSOE acaban siendo las mismas\u201d\"}]},{\"@type\":\"WebSite\",\"@id\":\"https:\/\/baynana.es\/#website\",\"url\":\"https:\/\/baynana.es\/\",\"name\":\"Baynana \u0628\u064a\u0646\u0646\u0627\",\"description\":\"Baynana Revista \u0645\u062c\u0644\u0629 \u0628\u064a\u0646\u0646\u0627\",\"publisher\":{\"@id\":\"https:\/\/baynana.es\/#organization\"},\"potentialAction\":[{\"@type\":\"SearchAction\",\"target\":{\"@type\":\"EntryPoint\",\"urlTemplate\":\"https:\/\/baynana.es\/?s={search_term_string}\"},\"query-input\":{\"@type\":\"PropertyValueSpecification\",\"valueRequired\":true,\"valueName\":\"search_term_string\"}}],\"inLanguage\":\"es\"},{\"@type\":\"Organization\",\"@id\":\"https:\/\/baynana.es\/#organization\",\"name\":\"\u0628\u064a\u0646\u0646\u0627 Baynana\",\"url\":\"https:\/\/baynana.es\/\",\"logo\":{\"@type\":\"ImageObject\",\"inLanguage\":\"es\",\"@id\":\"https:\/\/baynana.es\/#\/schema\/logo\/image\/\",\"url\":\"https:\/\/baynana.es\/wp-content\/uploads\/2021\/03\/Artboard-1.png\",\"contentUrl\":\"https:\/\/baynana.es\/wp-content\/uploads\/2021\/03\/Artboard-1.png\",\"width\":315,\"height\":228,\"caption\":\"\u0628\u064a\u0646\u0646\u0627 Baynana\"},\"image\":{\"@id\":\"https:\/\/baynana.es\/#\/schema\/logo\/image\/\"},\"sameAs\":[\"https:\/\/www.facebook.com\/baynanaes\",\"https:\/\/x.com\/baynanaes\",\"https:\/\/www.instagram.com\/baynanaes\/\",\"https:\/\/www.linkedin.com\/in\/baynana-\u0628\u064a\u0646\u0646\u0627-887599211\/\",\"https:\/\/www.youtube.com\/channel\/UC3019bsq5wOpi61SOufKxPA\"]},{\"@type\":\"Person\",\"@id\":\"https:\/\/baynana.es\/#\/schema\/person\/2beac5545c08e1117a9ce409cfb3c754\",\"name\":\"Okba Mohammad\",\"image\":{\"@type\":\"ImageObject\",\"inLanguage\":\"es\",\"@id\":\"https:\/\/baynana.es\/#\/schema\/person\/image\/9fff0fcb4a1e27e49950a4bf4e7699d1\",\"url\":\"https:\/\/baynana.es\/wp-content\/uploads\/2021\/01\/okba-96x96.jpg\",\"contentUrl\":\"https:\/\/baynana.es\/wp-content\/uploads\/2021\/01\/okba-96x96.jpg\",\"caption\":\"Okba Mohammad\"},\"description\":\"Cubri\u00f3 la guerra en el sur de Siria de 2015 a 2018 con medios locales. Tambi\u00e9n se ha dedicado a documentar violaciones de derechos humanos de detenidos durante el conflicto. En 2019 trabaj\u00f3 como corresponsal independiente en Turqu\u00eda y posteriormente viaj\u00f3 a Espa\u00f1a, donde ha colaborado con medios como Global Voices y el diario P\u00fablico. Actualmente trabaja como reportero en Baynana\",\"sameAs\":[\"http:\/\/moussa\",\"https:\/\/x.com\/@OkbaMohammad\"],\"url\":\"https:\/\/baynana.es\/es\/author\/okba\/\"}]}<\/script>\n<!-- \/ Yoast SEO plugin. -->","yoast_head_json":{"title":"Moha Gerehou: \u201cEn cuanto a las pol\u00edticas migratorias, con el PP o el PSOE acaban siendo las mismas\u201d","description":"Entrevista al periodista y activista antirracista Moha Gerehou, en la que habla de la influencia de los partidos pol\u00edticos en temas de migraci\u00f3n en Espa\u00f1a.","robots":{"index":"index","follow":"follow","max-snippet":"max-snippet:-1","max-image-preview":"max-image-preview:large","max-video-preview":"max-video-preview:-1"},"canonical":"https:\/\/baynana.es\/es\/moha-gerehou-en-cuanto-a-las-politicas-migratorias-con-el-pp-o-el-psoe-acaban-siendo-las-mismas\/","og_locale":"es_ES","og_type":"article","og_title":"Moha Gerehou: \u201cEn cuanto a las pol\u00edticas migratorias, con el PP o el PSOE acaban siendo las mismas\u201d","og_description":"Entrevista al periodista y activista antirracista Moha Gerehou, en la que habla de la influencia de los partidos pol\u00edticos en temas de migraci\u00f3n en Espa\u00f1a.","og_url":"https:\/\/baynana.es\/es\/moha-gerehou-en-cuanto-a-las-politicas-migratorias-con-el-pp-o-el-psoe-acaban-siendo-las-mismas\/","og_site_name":"Baynana \u0628\u064a\u0646\u0646\u0627","article_publisher":"https:\/\/www.facebook.com\/baynanaes","article_published_time":"2023-06-15T10:30:19+00:00","article_modified_time":"2023-06-15T10:40:52+00:00","og_image":[{"width":2560,"height":1705,"url":"https:\/\/baynana.es\/wp-content\/uploads\/2023\/06\/Moha-Gerehou-scaled.jpg","type":"image\/jpeg"}],"author":"Okba Mohammad","twitter_card":"summary_large_image","twitter_creator":"@OkbaMohammad","twitter_site":"@baynanaes","twitter_misc":{"Escrito por":"Okba Mohammad","Tiempo de lectura":"15 minutos"},"schema":{"@context":"https:\/\/schema.org","@graph":[{"@type":"Article","@id":"https:\/\/baynana.es\/es\/moha-gerehou-en-cuanto-a-las-politicas-migratorias-con-el-pp-o-el-psoe-acaban-siendo-las-mismas\/#article","isPartOf":{"@id":"https:\/\/baynana.es\/es\/moha-gerehou-en-cuanto-a-las-politicas-migratorias-con-el-pp-o-el-psoe-acaban-siendo-las-mismas\/"},"author":{"name":"Okba Mohammad","@id":"https:\/\/baynana.es\/#\/schema\/person\/2beac5545c08e1117a9ce409cfb3c754"},"headline":"Moha Gerehou: \u201cEn cuanto a las pol\u00edticas migratorias, con el PP o el PSOE acaban siendo las mismas\u201d","datePublished":"2023-06-15T10:30:19+00:00","dateModified":"2023-06-15T10:40:52+00:00","mainEntityOfPage":{"@id":"https:\/\/baynana.es\/es\/moha-gerehou-en-cuanto-a-las-politicas-migratorias-con-el-pp-o-el-psoe-acaban-siendo-las-mismas\/"},"wordCount":2092,"publisher":{"@id":"https:\/\/baynana.es\/#organization"},"image":{"@id":"https:\/\/baynana.es\/es\/moha-gerehou-en-cuanto-a-las-politicas-migratorias-con-el-pp-o-el-psoe-acaban-siendo-las-mismas\/#primaryimage"},"thumbnailUrl":"https:\/\/baynana.es\/wp-content\/uploads\/2023\/06\/Moha-Gerehou-scaled.jpg","keywords":["REVISTA BAYNANA"],"articleSection":["ENTREVISTAS","INICIO","SOCIEDAD"],"inLanguage":"es"},{"@type":"WebPage","@id":"https:\/\/baynana.es\/es\/moha-gerehou-en-cuanto-a-las-politicas-migratorias-con-el-pp-o-el-psoe-acaban-siendo-las-mismas\/","url":"https:\/\/baynana.es\/es\/moha-gerehou-en-cuanto-a-las-politicas-migratorias-con-el-pp-o-el-psoe-acaban-siendo-las-mismas\/","name":"Moha Gerehou: \u201cEn cuanto a las pol\u00edticas migratorias, con el PP o el PSOE acaban siendo las mismas\u201d","isPartOf":{"@id":"https:\/\/baynana.es\/#website"},"primaryImageOfPage":{"@id":"https:\/\/baynana.es\/es\/moha-gerehou-en-cuanto-a-las-politicas-migratorias-con-el-pp-o-el-psoe-acaban-siendo-las-mismas\/#primaryimage"},"image":{"@id":"https:\/\/baynana.es\/es\/moha-gerehou-en-cuanto-a-las-politicas-migratorias-con-el-pp-o-el-psoe-acaban-siendo-las-mismas\/#primaryimage"},"thumbnailUrl":"https:\/\/baynana.es\/wp-content\/uploads\/2023\/06\/Moha-Gerehou-scaled.jpg","datePublished":"2023-06-15T10:30:19+00:00","dateModified":"2023-06-15T10:40:52+00:00","description":"Entrevista al periodista y activista antirracista Moha Gerehou, en la que habla de la influencia de los partidos pol\u00edticos en temas de migraci\u00f3n en Espa\u00f1a.","breadcrumb":{"@id":"https:\/\/baynana.es\/es\/moha-gerehou-en-cuanto-a-las-politicas-migratorias-con-el-pp-o-el-psoe-acaban-siendo-las-mismas\/#breadcrumb"},"inLanguage":"es","potentialAction":[{"@type":"ReadAction","target":["https:\/\/baynana.es\/es\/moha-gerehou-en-cuanto-a-las-politicas-migratorias-con-el-pp-o-el-psoe-acaban-siendo-las-mismas\/"]}]},{"@type":"ImageObject","inLanguage":"es","@id":"https:\/\/baynana.es\/es\/moha-gerehou-en-cuanto-a-las-politicas-migratorias-con-el-pp-o-el-psoe-acaban-siendo-las-mismas\/#primaryimage","url":"https:\/\/baynana.es\/wp-content\/uploads\/2023\/06\/Moha-Gerehou-scaled.jpg","contentUrl":"https:\/\/baynana.es\/wp-content\/uploads\/2023\/06\/Moha-Gerehou-scaled.jpg","width":2560,"height":1705,"caption":"El periodista y activista antirracista, Moha Gerehou. Foto: Okba Mohammad"},{"@type":"BreadcrumbList","@id":"https:\/\/baynana.es\/es\/moha-gerehou-en-cuanto-a-las-politicas-migratorias-con-el-pp-o-el-psoe-acaban-siendo-las-mismas\/#breadcrumb","itemListElement":[{"@type":"ListItem","position":1,"name":"Portada","item":"https:\/\/baynana.es\/es\/"},{"@type":"ListItem","position":2,"name":"Moha Gerehou: \u201cEn cuanto a las pol\u00edticas migratorias, con el PP o el PSOE acaban siendo las mismas\u201d"}]},{"@type":"WebSite","@id":"https:\/\/baynana.es\/#website","url":"https:\/\/baynana.es\/","name":"Baynana \u0628\u064a\u0646\u0646\u0627","description":"Baynana Revista \u0645\u062c\u0644\u0629 \u0628\u064a\u0646\u0646\u0627","publisher":{"@id":"https:\/\/baynana.es\/#organization"},"potentialAction":[{"@type":"SearchAction","target":{"@type":"EntryPoint","urlTemplate":"https:\/\/baynana.es\/?s={search_term_string}"},"query-input":{"@type":"PropertyValueSpecification","valueRequired":true,"valueName":"search_term_string"}}],"inLanguage":"es"},{"@type":"Organization","@id":"https:\/\/baynana.es\/#organization","name":"\u0628\u064a\u0646\u0646\u0627 Baynana","url":"https:\/\/baynana.es\/","logo":{"@type":"ImageObject","inLanguage":"es","@id":"https:\/\/baynana.es\/#\/schema\/logo\/image\/","url":"https:\/\/baynana.es\/wp-content\/uploads\/2021\/03\/Artboard-1.png","contentUrl":"https:\/\/baynana.es\/wp-content\/uploads\/2021\/03\/Artboard-1.png","width":315,"height":228,"caption":"\u0628\u064a\u0646\u0646\u0627 Baynana"},"image":{"@id":"https:\/\/baynana.es\/#\/schema\/logo\/image\/"},"sameAs":["https:\/\/www.facebook.com\/baynanaes","https:\/\/x.com\/baynanaes","https:\/\/www.instagram.com\/baynanaes\/","https:\/\/www.linkedin.com\/in\/baynana-\u0628\u064a\u0646\u0646\u0627-887599211\/","https:\/\/www.youtube.com\/channel\/UC3019bsq5wOpi61SOufKxPA"]},{"@type":"Person","@id":"https:\/\/baynana.es\/#\/schema\/person\/2beac5545c08e1117a9ce409cfb3c754","name":"Okba Mohammad","image":{"@type":"ImageObject","inLanguage":"es","@id":"https:\/\/baynana.es\/#\/schema\/person\/image\/9fff0fcb4a1e27e49950a4bf4e7699d1","url":"https:\/\/baynana.es\/wp-content\/uploads\/2021\/01\/okba-96x96.jpg","contentUrl":"https:\/\/baynana.es\/wp-content\/uploads\/2021\/01\/okba-96x96.jpg","caption":"Okba Mohammad"},"description":"Cubri\u00f3 la guerra en el sur de Siria de 2015 a 2018 con medios locales. Tambi\u00e9n se ha dedicado a documentar violaciones de derechos humanos de detenidos durante el conflicto. En 2019 trabaj\u00f3 como corresponsal independiente en Turqu\u00eda y posteriormente viaj\u00f3 a Espa\u00f1a, donde ha colaborado con medios como Global Voices y el diario P\u00fablico. Actualmente trabaja como reportero en Baynana","sameAs":["http:\/\/moussa","https:\/\/x.com\/@OkbaMohammad"],"url":"https:\/\/baynana.es\/es\/author\/okba\/"}]}},"authors":[{"term_id":506,"user_id":6,"is_guest":0,"slug":"okba","display_name":"Okba Mohammad","avatar_url":"https:\/\/baynana.es\/wp-content\/uploads\/2021\/01\/okba-96x96.jpg","author_category":"","first_name":"Okba","last_name":"Mohammad","user_url":"http:\/\/moussa","job_title":"","description":"Cubri\u00f3 la guerra en el sur de Siria de 2015 a 2018 con medios locales. Tambi\u00e9n se ha dedicado a documentar violaciones de derechos humanos de detenidos durante el conflicto. En 2019 trabaj\u00f3 como corresponsal independiente en Turqu\u00eda y posteriormente viaj\u00f3 a Espa\u00f1a, donde ha colaborado con medios como Global Voices y el diario P\u00fablico. Actualmente trabaja como reportero en Baynana"}],"_links":{"self":[{"href":"https:\/\/baynana.es\/es\/wp-json\/wp\/v2\/posts\/7439","targetHints":{"allow":["GET"]}}],"collection":[{"href":"https:\/\/baynana.es\/es\/wp-json\/wp\/v2\/posts"}],"about":[{"href":"https:\/\/baynana.es\/es\/wp-json\/wp\/v2\/types\/post"}],"author":[{"embeddable":true,"href":"https:\/\/baynana.es\/es\/wp-json\/wp\/v2\/users\/6"}],"replies":[{"embeddable":true,"href":"https:\/\/baynana.es\/es\/wp-json\/wp\/v2\/comments?post=7439"}],"version-history":[{"count":2,"href":"https:\/\/baynana.es\/es\/wp-json\/wp\/v2\/posts\/7439\/revisions"}],"predecessor-version":[{"id":7441,"href":"https:\/\/baynana.es\/es\/wp-json\/wp\/v2\/posts\/7439\/revisions\/7441"}],"wp:featuredmedia":[{"embeddable":true,"href":"https:\/\/baynana.es\/es\/wp-json\/wp\/v2\/media\/7437"}],"wp:attachment":[{"href":"https:\/\/baynana.es\/es\/wp-json\/wp\/v2\/media?parent=7439"}],"wp:term":[{"taxonomy":"category","embeddable":true,"href":"https:\/\/baynana.es\/es\/wp-json\/wp\/v2\/categories?post=7439"},{"taxonomy":"post_tag","embeddable":true,"href":"https:\/\/baynana.es\/es\/wp-json\/wp\/v2\/tags?post=7439"},{"taxonomy":"author","embeddable":true,"href":"https:\/\/baynana.es\/es\/wp-json\/wp\/v2\/ppma_author?post=7439"}],"curies":[{"name":"wp","href":"https:\/\/api.w.org\/{rel}","templated":true}]}}