{"id":7451,"date":"2023-06-15T22:29:57","date_gmt":"2023-06-15T20:29:57","guid":{"rendered":"https:\/\/baynana.es\/?p=7451"},"modified":"2023-06-15T22:30:04","modified_gmt":"2023-06-15T20:30:04","slug":"naufragio-en-grecia-familias-buscan-a-los-suyos-y-las-autoridades-complican-el-proceso","status":"publish","type":"post","link":"https:\/\/baynana.es\/es\/naufragio-en-grecia-familias-buscan-a-los-suyos-y-las-autoridades-complican-el-proceso\/","title":{"rendered":"Naufragio en Grecia: Familias buscan a los suyos y las autoridades complican el proceso\ufffc"},"content":{"rendered":"<div class=\"wp-block-post-date\"><time datetime=\"2023-06-15T22:29:57+02:00\">15 junio\u060c 2023<\/time><\/div>\n\n\n<p>Oday Abu Sham se apresur\u00f3 a viajar a Kalamata (Grecia) desde su lugar de residencia en el Reino Unido para buscar a sus dos hermanos, Mohammad y Riad, nada m\u00e1s enterarse del hundimiento del pesquero en el que viajaban. El barco naufrag\u00f3 cerca de la costa sur de Grecia en la madrugada del pasado mi\u00e9rcoles 14 de junio. Abu Sham proviene de la ciudad de Daraa, en el sur de Siria. Esta localidad es testigo de la inestable seguridad y <a href=\"https:\/\/www.eldiario.es\/internacional\/daraa-cuna-levantamiento-sirio-guerra-encubierta-asesinatos-silenciosos_1_10056645.html\">un conflicto de asesinatos<\/a> que empujan a sus j\u00f3venes a emigrar al continente europeo a trav\u00e9s de varias rutas.<\/p>\n\n\n\n<p>La embarcaci\u00f3n naufragada hab\u00eda partido de Tobruk, ciudad costera en Libia, hacia las islas italianas con m\u00e1s de 700 migrantes a bordo, seg\u00fan oeneg\u00e9s y otras fuentes consultadas. Los hermanos de Abu Sham y otros vecinos de su ciudad estaban entre ellos. La informaci\u00f3n transmitida por los migrantes y sus familiares indica que la embarcaci\u00f3n pretend\u00eda llegar a Italia, pero se perdi\u00f3 y entr\u00f3 en aguas territoriales griegas tras m\u00e1s de cinco d\u00edas a la deriva sin alimentos.<\/p>\n\n\n\n<p>Abu Sham pudo comprobar con gran dificultad que su hermano Mohammad estaba entre los supervivientes, mientras a\u00fan espera informaci\u00f3n sobre el otro, Riad. En una retransmisi\u00f3n en directo a trav\u00e9s de su p\u00e1gina de Facebook, Abu Sham comenz\u00f3 a informar sobre la situaci\u00f3n en Kalamata a otros familiares que tambi\u00e9n esperaban noticias de los suyos tras conocerse el naufragio. En esta retransmisi\u00f3n, el joven dijo que pudo hablar con su hermano \u201cpor menos de un minuto\u201d, debido a las estrictas medidas de seguridad de las autoridades griegas en el centro donde se encuentran los supervivientes.<\/p>\n\n\n\n<p>Abu Sham denunci\u00f3 la dificultad para obtener informaci\u00f3n: \u00abMucha polic\u00eda, mucha prensa, muchas organizaciones, pero esto no nos ha beneficiado en absoluto, y no nos han proporcionado ninguna informaci\u00f3n sobre el destino de las personas que buscamos\u00bb. Los familiares de los afectados por el naufragio han compartido con la revista Baynana una lista de desaparecidos y supervivientes. Solo de la ciudad siria de Daraa, el n\u00famero de personas desaparecidas asciende a 55, incluidas tres mujeres, mientras que&nbsp; hay solo 35 supervivientes de esta localidad.<\/p>\n\n\n\n<p>En el momento de la publicaci\u00f3n de este art\u00edculo el n\u00famero de fallecidos a consecuencia del naufragio asciende a 79, y otros 106 han sido rescatados. A\u00fan se desconoce el destino del resto. Una fuente de los familiares afectados dijo a Baynana que las autoridades griegas impiden que los familiares que buscan a sus hijos vean los cad\u00e1veres. Los familiares quieren evitar que sus hijos sean enterrados sin identificaci\u00f3n: quieren que sus pa\u00edses los repatrien para poder enterrarlos all\u00ed.\u00a0<\/p>\n\n\n\n<h3 class=\"wp-block-heading\"><strong>\u201cNo quieren ayuda\u201d<\/strong><\/h3>\n\n\n\n<p>La informaci\u00f3n preliminar indica que ni las autoridades griegas ni la Guardia Costera lanzaron una operaci\u00f3n de rescate que hubiese podido evitar la muerte de decenas de personas. Este naufragio tiene paralelismos con el ocurrido en febrero de 2023 frente a las costas italianas, en el que&nbsp; murieron 94 personas.&nbsp; Una investigaci\u00f3n de varios medios europeos revel\u00f3 que&nbsp; tanto Italia como Frontex ten\u00edan suficiente informaci\u00f3n sobre las malas condiciones de la embarcaci\u00f3n Summer Love, en la que viajaban cerca de 200 personas migrantes, y a\u00fan as\u00ed no lanzaron una operaci\u00f3n de rescate.&nbsp; El naufragio de Grecia es todav\u00eda mayor.<\/p>\n\n\n\n<p>La organizaci\u00f3n Alarm Phone inform\u00f3 de que recibi\u00f3 una llamada de socorro de las personas a bordo varias horas antes de hundirse. Alarm Phone notific\u00f3 a los guardacostas griegos, italianos y malteses el martes a las 16:53 hora europea que un barco estaba en peligro y necesitaba ayuda: \u00abLas autoridades griegas y europeas estaban muy al tanto que este barco abarrotado no estaba en condiciones de navegar\u201d, se\u00f1al\u00f3 la organizaci\u00f3n en un comunicado.<\/p>\n\n\n\n<p>Contactada por Baynana por correo electr\u00f3nico, Frontex confirm\u00f3 que uno de sus aviones vigil\u00f3 la embarcaci\u00f3n el martes a las 09:47 y comparti\u00f3 la informaci\u00f3n con las autoridades griegas e italianas. Sin embargo, se neg\u00f3 a dar m\u00e1s informaci\u00f3n sobre las condiciones del barco. \u00abTodas las preguntas deben dirigirse al Centro de Coordinaci\u00f3n de Rescate de Grecia\u00bb, se limit\u00f3 a se\u00f1alar ante las preguntas de Baynana.<\/p>\n\n\n\n<p>En las horas posteriores al desastre, las autoridades griegas justificaron la falta de asistencia diciendo que hab\u00edan enviado suministros al barco antes de que se hundiera y que se ofrecieron a ayudar, pero las personas en peligro rechazaron ser rescatadas por Grecia. La respuesta oficial de Grecia ha sido criticada por activistas y organizaciones de derechos humanos, incluido el Enviado Especial de las Naciones Unidas para los Refugiados en Oriente Medio, Vincent Cochetel, quien ha escrito en su cuenta de Twitter: \u00abEste barco no estaba en condiciones de navegar, independientemente de lo que dijeran algunas personas. No se puede discutir la noci\u00f3n de desgracia. Se necesita un sistema de b\u00fasqueda robusto y predecible, liderado por pa\u00edses del Mediterr\u00e1neo, para evitar que se repitan tales tragedias\u00bb.<\/p>\n\n\n\n<blockquote class=\"twitter-tweet\"><p lang=\"en\" dir=\"ltr\">Shipwreck off the Greek coast. This boat was unseaworthy &amp; no matter what some people on board may have said, the notion of distress cannot be discussed. A robust &amp; predictable SAR regime led by States is needed in the Central Med if we want to avoid such tragedies to repeat. <a href=\"https:\/\/t.co\/SLrlY2wgNH\">pic.twitter.com\/SLrlY2wgNH<\/a><\/p>&mdash; vincent cochetel (@cochetel) <a href=\"https:\/\/twitter.com\/cochetel\/status\/1669040577613029389?ref_src=twsrc%5Etfw\">June 14, 2023<\/a><\/blockquote> <script async src=\"https:\/\/platform.twitter.com\/widgets.js\" charset=\"utf-8\"><\/script>\n\n\n\n<h3 class=\"wp-block-heading\"><strong>Miedo de Grecia<\/strong><\/h3>\n\n\n\n<p>Muchos migrantes tienen miedo de pasar por Grecia por temor a ser arrestados, encarcelados, torturados o enviados de vuelta a Turqu\u00eda. Baynana obtuvo varios <a href=\"https:\/\/baynana.es\/es\/la-nueva-ruta-migratoria-hacia-europa-sigue-dejando-victimas\/\">testimonios<\/a> de solicitantes de asilo sirios que fueron torturados y humillados por fuerzas de seguridad griegas. En este contexto, Al Jazeera tambi\u00e9n public\u00f3 una investigaci\u00f3n hace unos meses que <a href=\"https:\/\/baynana.es\/es\/una-investigacion-expone-hechos-sobre-como-impedir-que-los-migrantes-lleguen-a-europa\/\">revelaba que Grecia reclut\u00f3 mercenarios<\/a> para evitar que los migrantes llegaran a Grecia.<\/p>\n\n\n\n<p>Cuando ocurre un naufragio, muchos se preguntan: \u00bfQu\u00e9 impulsa a estos migrantes a arriesgar sus vidas y a vender sus posesiones en sus pa\u00edses para atravesar el Mediterr\u00e1neo, la ruta migratoria m\u00e1s peligrosa del mundo? Baynana ha hecho esta pregunta a Mansour Al Ahmad (su nombre es un seud\u00f3nimo por razones de seguridad y protecci\u00f3n),&nbsp; un joven sirio de 25 a\u00f1os que ahora se encuentra en Libia esperando salir en una patera hac\u00eda Europa. Responde: \u201cNo le tenemos miedo a la muerte porque ya hemos tocado fondo. Hemos vivido circunstancias m\u00e1s dif\u00edciles que ahogarnos. Nuestro&nbsp; objetivo es llegar a Europa y, por fin, vivir una vida digna\u201d.<\/p>\n","protected":false},"excerpt":{"rendered":"<p>15 junio\u060c 2023 Oday Abu Sham se apresur\u00f3 a viajar a Kalamata (Grecia) desde su lugar de residencia en el Reino Unido para buscar a sus dos hermanos, Mohammad y Riad, nada m\u00e1s enterarse del hundimiento del pesquero en el que viajaban. El barco naufrag\u00f3 cerca de la costa sur de Grecia en la madrugada &hellip;<\/p>\n","protected":false},"author":6,"featured_media":7450,"comment_status":"closed","ping_status":"closed","sticky":false,"template":"","format":"standard","meta":{"inline_featured_image":false,"footnotes":""},"categories":[65,11,52],"tags":[91],"ppma_author":[506],"class_list":["post-7451","post","type-post","status-publish","format-standard","has-post-thumbnail","hentry","category-derechos","category-inicio","category-reportajes","tag-revista-baynana"],"acf":[],"yoast_head":"<!-- This site is optimized with the Yoast SEO plugin v25.3.1 - https:\/\/yoast.com\/wordpress\/plugins\/seo\/ -->\n<title>Naufragio en Grecia: Familias buscan a los suyos y las autoridades complican el proceso<\/title>\n<meta name=\"description\" content=\"Despu\u00e9s de uno de los peores naufragios a las puertas de Europa, los sirios en Grecia afrontan complicaciones para obtener informaci\u00f3n sobre los familiares que viajaban en el barco. Grecia recibi\u00f3 informaci\u00f3n sobre el pesquero pero no lanz\u00f3 una operaci\u00f3n de rescate.\" \/>\n<meta name=\"robots\" content=\"index, follow, max-snippet:-1, max-image-preview:large, max-video-preview:-1\" \/>\n<link rel=\"canonical\" href=\"https:\/\/baynana.es\/es\/naufragio-en-grecia-familias-buscan-a-los-suyos-y-las-autoridades-complican-el-proceso\/\" \/>\n<meta property=\"og:locale\" content=\"es_ES\" \/>\n<meta property=\"og:type\" content=\"article\" \/>\n<meta property=\"og:title\" content=\"Naufragio en Grecia: Familias buscan a los suyos y las autoridades complican el proceso\" \/>\n<meta property=\"og:description\" content=\"Despu\u00e9s de uno de los peores naufragios a las puertas de Europa, los sirios en Grecia afrontan complicaciones para obtener informaci\u00f3n sobre los familiares que viajaban en el barco. Grecia recibi\u00f3 informaci\u00f3n sobre el pesquero pero no lanz\u00f3 una operaci\u00f3n de rescate.\" \/>\n<meta property=\"og:url\" content=\"https:\/\/baynana.es\/es\/naufragio-en-grecia-familias-buscan-a-los-suyos-y-las-autoridades-complican-el-proceso\/\" \/>\n<meta property=\"og:site_name\" content=\"Baynana \u0628\u064a\u0646\u0646\u0627\" \/>\n<meta property=\"article:publisher\" content=\"https:\/\/www.facebook.com\/baynanaes\" \/>\n<meta property=\"article:published_time\" content=\"2023-06-15T20:29:57+00:00\" \/>\n<meta property=\"article:modified_time\" content=\"2023-06-15T20:30:04+00:00\" \/>\n<meta property=\"og:image\" content=\"https:\/\/baynana.es\/wp-content\/uploads\/2023\/06\/WhatsApp-Image-2023-06-15-at-7.54.05-PM.jpeg\" \/>\n\t<meta property=\"og:image:width\" content=\"1024\" \/>\n\t<meta property=\"og:image:height\" content=\"682\" \/>\n\t<meta property=\"og:image:type\" content=\"image\/jpeg\" \/>\n<meta name=\"author\" content=\"Okba Mohammad\" \/>\n<meta name=\"twitter:card\" content=\"summary_large_image\" \/>\n<meta name=\"twitter:creator\" content=\"@OkbaMohammad\" \/>\n<meta name=\"twitter:site\" content=\"@baynanaes\" \/>\n<meta name=\"twitter:label1\" content=\"Escrito por\" \/>\n\t<meta name=\"twitter:data1\" content=\"Okba Mohammad\" \/>\n\t<meta name=\"twitter:label2\" content=\"Tiempo de lectura\" \/>\n\t<meta name=\"twitter:data2\" content=\"8 minutos\" \/>\n<script type=\"application\/ld+json\" class=\"yoast-schema-graph\">{\"@context\":\"https:\/\/schema.org\",\"@graph\":[{\"@type\":\"Article\",\"@id\":\"https:\/\/baynana.es\/es\/naufragio-en-grecia-familias-buscan-a-los-suyos-y-las-autoridades-complican-el-proceso\/#article\",\"isPartOf\":{\"@id\":\"https:\/\/baynana.es\/es\/naufragio-en-grecia-familias-buscan-a-los-suyos-y-las-autoridades-complican-el-proceso\/\"},\"author\":{\"name\":\"Okba Mohammad\",\"@id\":\"https:\/\/baynana.es\/#\/schema\/person\/2beac5545c08e1117a9ce409cfb3c754\"},\"headline\":\"Naufragio en Grecia: Familias buscan a los suyos y las autoridades complican el proceso\ufffc\",\"datePublished\":\"2023-06-15T20:29:57+00:00\",\"dateModified\":\"2023-06-15T20:30:04+00:00\",\"mainEntityOfPage\":{\"@id\":\"https:\/\/baynana.es\/es\/naufragio-en-grecia-familias-buscan-a-los-suyos-y-las-autoridades-complican-el-proceso\/\"},\"wordCount\":1116,\"publisher\":{\"@id\":\"https:\/\/baynana.es\/#organization\"},\"image\":{\"@id\":\"https:\/\/baynana.es\/es\/naufragio-en-grecia-familias-buscan-a-los-suyos-y-las-autoridades-complican-el-proceso\/#primaryimage\"},\"thumbnailUrl\":\"https:\/\/baynana.es\/wp-content\/uploads\/2023\/06\/WhatsApp-Image-2023-06-15-at-7.54.05-PM.jpeg\",\"keywords\":[\"REVISTA BAYNANA\"],\"articleSection\":[\"DERECHOS\",\"INICIO\",\"REPORTAJES\"],\"inLanguage\":\"es\"},{\"@type\":\"WebPage\",\"@id\":\"https:\/\/baynana.es\/es\/naufragio-en-grecia-familias-buscan-a-los-suyos-y-las-autoridades-complican-el-proceso\/\",\"url\":\"https:\/\/baynana.es\/es\/naufragio-en-grecia-familias-buscan-a-los-suyos-y-las-autoridades-complican-el-proceso\/\",\"name\":\"Naufragio en Grecia: Familias buscan a los suyos y las autoridades complican el proceso\",\"isPartOf\":{\"@id\":\"https:\/\/baynana.es\/#website\"},\"primaryImageOfPage\":{\"@id\":\"https:\/\/baynana.es\/es\/naufragio-en-grecia-familias-buscan-a-los-suyos-y-las-autoridades-complican-el-proceso\/#primaryimage\"},\"image\":{\"@id\":\"https:\/\/baynana.es\/es\/naufragio-en-grecia-familias-buscan-a-los-suyos-y-las-autoridades-complican-el-proceso\/#primaryimage\"},\"thumbnailUrl\":\"https:\/\/baynana.es\/wp-content\/uploads\/2023\/06\/WhatsApp-Image-2023-06-15-at-7.54.05-PM.jpeg\",\"datePublished\":\"2023-06-15T20:29:57+00:00\",\"dateModified\":\"2023-06-15T20:30:04+00:00\",\"description\":\"Despu\u00e9s de uno de los peores naufragios a las puertas de Europa, los sirios en Grecia afrontan complicaciones para obtener informaci\u00f3n sobre los familiares que viajaban en el barco. Grecia recibi\u00f3 informaci\u00f3n sobre el pesquero pero no lanz\u00f3 una operaci\u00f3n de rescate.\",\"breadcrumb\":{\"@id\":\"https:\/\/baynana.es\/es\/naufragio-en-grecia-familias-buscan-a-los-suyos-y-las-autoridades-complican-el-proceso\/#breadcrumb\"},\"inLanguage\":\"es\",\"potentialAction\":[{\"@type\":\"ReadAction\",\"target\":[\"https:\/\/baynana.es\/es\/naufragio-en-grecia-familias-buscan-a-los-suyos-y-las-autoridades-complican-el-proceso\/\"]}]},{\"@type\":\"ImageObject\",\"inLanguage\":\"es\",\"@id\":\"https:\/\/baynana.es\/es\/naufragio-en-grecia-familias-buscan-a-los-suyos-y-las-autoridades-complican-el-proceso\/#primaryimage\",\"url\":\"https:\/\/baynana.es\/wp-content\/uploads\/2023\/06\/WhatsApp-Image-2023-06-15-at-7.54.05-PM.jpeg\",\"contentUrl\":\"https:\/\/baynana.es\/wp-content\/uploads\/2023\/06\/WhatsApp-Image-2023-06-15-at-7.54.05-PM.jpeg\",\"width\":1024,\"height\":682,\"caption\":\"Una foto del pesquero que naufrag\u00f3. Redes Sociales\"},{\"@type\":\"BreadcrumbList\",\"@id\":\"https:\/\/baynana.es\/es\/naufragio-en-grecia-familias-buscan-a-los-suyos-y-las-autoridades-complican-el-proceso\/#breadcrumb\",\"itemListElement\":[{\"@type\":\"ListItem\",\"position\":1,\"name\":\"Portada\",\"item\":\"https:\/\/baynana.es\/es\/\"},{\"@type\":\"ListItem\",\"position\":2,\"name\":\"Naufragio en Grecia: Familias buscan a los suyos y las autoridades complican el proceso\ufffc\"}]},{\"@type\":\"WebSite\",\"@id\":\"https:\/\/baynana.es\/#website\",\"url\":\"https:\/\/baynana.es\/\",\"name\":\"Baynana \u0628\u064a\u0646\u0646\u0627\",\"description\":\"Baynana Revista \u0645\u062c\u0644\u0629 \u0628\u064a\u0646\u0646\u0627\",\"publisher\":{\"@id\":\"https:\/\/baynana.es\/#organization\"},\"potentialAction\":[{\"@type\":\"SearchAction\",\"target\":{\"@type\":\"EntryPoint\",\"urlTemplate\":\"https:\/\/baynana.es\/?s={search_term_string}\"},\"query-input\":{\"@type\":\"PropertyValueSpecification\",\"valueRequired\":true,\"valueName\":\"search_term_string\"}}],\"inLanguage\":\"es\"},{\"@type\":\"Organization\",\"@id\":\"https:\/\/baynana.es\/#organization\",\"name\":\"\u0628\u064a\u0646\u0646\u0627 Baynana\",\"url\":\"https:\/\/baynana.es\/\",\"logo\":{\"@type\":\"ImageObject\",\"inLanguage\":\"es\",\"@id\":\"https:\/\/baynana.es\/#\/schema\/logo\/image\/\",\"url\":\"https:\/\/baynana.es\/wp-content\/uploads\/2021\/03\/Artboard-1.png\",\"contentUrl\":\"https:\/\/baynana.es\/wp-content\/uploads\/2021\/03\/Artboard-1.png\",\"width\":315,\"height\":228,\"caption\":\"\u0628\u064a\u0646\u0646\u0627 Baynana\"},\"image\":{\"@id\":\"https:\/\/baynana.es\/#\/schema\/logo\/image\/\"},\"sameAs\":[\"https:\/\/www.facebook.com\/baynanaes\",\"https:\/\/x.com\/baynanaes\",\"https:\/\/www.instagram.com\/baynanaes\/\",\"https:\/\/www.linkedin.com\/in\/baynana-\u0628\u064a\u0646\u0646\u0627-887599211\/\",\"https:\/\/www.youtube.com\/channel\/UC3019bsq5wOpi61SOufKxPA\"]},{\"@type\":\"Person\",\"@id\":\"https:\/\/baynana.es\/#\/schema\/person\/2beac5545c08e1117a9ce409cfb3c754\",\"name\":\"Okba Mohammad\",\"image\":{\"@type\":\"ImageObject\",\"inLanguage\":\"es\",\"@id\":\"https:\/\/baynana.es\/#\/schema\/person\/image\/9fff0fcb4a1e27e49950a4bf4e7699d1\",\"url\":\"https:\/\/baynana.es\/wp-content\/uploads\/2021\/01\/okba-96x96.jpg\",\"contentUrl\":\"https:\/\/baynana.es\/wp-content\/uploads\/2021\/01\/okba-96x96.jpg\",\"caption\":\"Okba Mohammad\"},\"description\":\"Cubri\u00f3 la guerra en el sur de Siria de 2015 a 2018 con medios locales. Tambi\u00e9n se ha dedicado a documentar violaciones de derechos humanos de detenidos durante el conflicto. En 2019 trabaj\u00f3 como corresponsal independiente en Turqu\u00eda y posteriormente viaj\u00f3 a Espa\u00f1a, donde ha colaborado con medios como Global Voices y el diario P\u00fablico. Actualmente trabaja como reportero en Baynana\",\"sameAs\":[\"http:\/\/moussa\",\"https:\/\/x.com\/@OkbaMohammad\"],\"url\":\"https:\/\/baynana.es\/es\/author\/okba\/\"}]}<\/script>\n<!-- \/ Yoast SEO plugin. -->","yoast_head_json":{"title":"Naufragio en Grecia: Familias buscan a los suyos y las autoridades complican el proceso","description":"Despu\u00e9s de uno de los peores naufragios a las puertas de Europa, los sirios en Grecia afrontan complicaciones para obtener informaci\u00f3n sobre los familiares que viajaban en el barco. Grecia recibi\u00f3 informaci\u00f3n sobre el pesquero pero no lanz\u00f3 una operaci\u00f3n de rescate.","robots":{"index":"index","follow":"follow","max-snippet":"max-snippet:-1","max-image-preview":"max-image-preview:large","max-video-preview":"max-video-preview:-1"},"canonical":"https:\/\/baynana.es\/es\/naufragio-en-grecia-familias-buscan-a-los-suyos-y-las-autoridades-complican-el-proceso\/","og_locale":"es_ES","og_type":"article","og_title":"Naufragio en Grecia: Familias buscan a los suyos y las autoridades complican el proceso","og_description":"Despu\u00e9s de uno de los peores naufragios a las puertas de Europa, los sirios en Grecia afrontan complicaciones para obtener informaci\u00f3n sobre los familiares que viajaban en el barco. Grecia recibi\u00f3 informaci\u00f3n sobre el pesquero pero no lanz\u00f3 una operaci\u00f3n de rescate.","og_url":"https:\/\/baynana.es\/es\/naufragio-en-grecia-familias-buscan-a-los-suyos-y-las-autoridades-complican-el-proceso\/","og_site_name":"Baynana \u0628\u064a\u0646\u0646\u0627","article_publisher":"https:\/\/www.facebook.com\/baynanaes","article_published_time":"2023-06-15T20:29:57+00:00","article_modified_time":"2023-06-15T20:30:04+00:00","og_image":[{"width":1024,"height":682,"url":"https:\/\/baynana.es\/wp-content\/uploads\/2023\/06\/WhatsApp-Image-2023-06-15-at-7.54.05-PM.jpeg","type":"image\/jpeg"}],"author":"Okba Mohammad","twitter_card":"summary_large_image","twitter_creator":"@OkbaMohammad","twitter_site":"@baynanaes","twitter_misc":{"Escrito por":"Okba Mohammad","Tiempo de lectura":"8 minutos"},"schema":{"@context":"https:\/\/schema.org","@graph":[{"@type":"Article","@id":"https:\/\/baynana.es\/es\/naufragio-en-grecia-familias-buscan-a-los-suyos-y-las-autoridades-complican-el-proceso\/#article","isPartOf":{"@id":"https:\/\/baynana.es\/es\/naufragio-en-grecia-familias-buscan-a-los-suyos-y-las-autoridades-complican-el-proceso\/"},"author":{"name":"Okba Mohammad","@id":"https:\/\/baynana.es\/#\/schema\/person\/2beac5545c08e1117a9ce409cfb3c754"},"headline":"Naufragio en Grecia: Familias buscan a los suyos y las autoridades complican el proceso\ufffc","datePublished":"2023-06-15T20:29:57+00:00","dateModified":"2023-06-15T20:30:04+00:00","mainEntityOfPage":{"@id":"https:\/\/baynana.es\/es\/naufragio-en-grecia-familias-buscan-a-los-suyos-y-las-autoridades-complican-el-proceso\/"},"wordCount":1116,"publisher":{"@id":"https:\/\/baynana.es\/#organization"},"image":{"@id":"https:\/\/baynana.es\/es\/naufragio-en-grecia-familias-buscan-a-los-suyos-y-las-autoridades-complican-el-proceso\/#primaryimage"},"thumbnailUrl":"https:\/\/baynana.es\/wp-content\/uploads\/2023\/06\/WhatsApp-Image-2023-06-15-at-7.54.05-PM.jpeg","keywords":["REVISTA BAYNANA"],"articleSection":["DERECHOS","INICIO","REPORTAJES"],"inLanguage":"es"},{"@type":"WebPage","@id":"https:\/\/baynana.es\/es\/naufragio-en-grecia-familias-buscan-a-los-suyos-y-las-autoridades-complican-el-proceso\/","url":"https:\/\/baynana.es\/es\/naufragio-en-grecia-familias-buscan-a-los-suyos-y-las-autoridades-complican-el-proceso\/","name":"Naufragio en Grecia: Familias buscan a los suyos y las autoridades complican el proceso","isPartOf":{"@id":"https:\/\/baynana.es\/#website"},"primaryImageOfPage":{"@id":"https:\/\/baynana.es\/es\/naufragio-en-grecia-familias-buscan-a-los-suyos-y-las-autoridades-complican-el-proceso\/#primaryimage"},"image":{"@id":"https:\/\/baynana.es\/es\/naufragio-en-grecia-familias-buscan-a-los-suyos-y-las-autoridades-complican-el-proceso\/#primaryimage"},"thumbnailUrl":"https:\/\/baynana.es\/wp-content\/uploads\/2023\/06\/WhatsApp-Image-2023-06-15-at-7.54.05-PM.jpeg","datePublished":"2023-06-15T20:29:57+00:00","dateModified":"2023-06-15T20:30:04+00:00","description":"Despu\u00e9s de uno de los peores naufragios a las puertas de Europa, los sirios en Grecia afrontan complicaciones para obtener informaci\u00f3n sobre los familiares que viajaban en el barco. Grecia recibi\u00f3 informaci\u00f3n sobre el pesquero pero no lanz\u00f3 una operaci\u00f3n de rescate.","breadcrumb":{"@id":"https:\/\/baynana.es\/es\/naufragio-en-grecia-familias-buscan-a-los-suyos-y-las-autoridades-complican-el-proceso\/#breadcrumb"},"inLanguage":"es","potentialAction":[{"@type":"ReadAction","target":["https:\/\/baynana.es\/es\/naufragio-en-grecia-familias-buscan-a-los-suyos-y-las-autoridades-complican-el-proceso\/"]}]},{"@type":"ImageObject","inLanguage":"es","@id":"https:\/\/baynana.es\/es\/naufragio-en-grecia-familias-buscan-a-los-suyos-y-las-autoridades-complican-el-proceso\/#primaryimage","url":"https:\/\/baynana.es\/wp-content\/uploads\/2023\/06\/WhatsApp-Image-2023-06-15-at-7.54.05-PM.jpeg","contentUrl":"https:\/\/baynana.es\/wp-content\/uploads\/2023\/06\/WhatsApp-Image-2023-06-15-at-7.54.05-PM.jpeg","width":1024,"height":682,"caption":"Una foto del pesquero que naufrag\u00f3. Redes Sociales"},{"@type":"BreadcrumbList","@id":"https:\/\/baynana.es\/es\/naufragio-en-grecia-familias-buscan-a-los-suyos-y-las-autoridades-complican-el-proceso\/#breadcrumb","itemListElement":[{"@type":"ListItem","position":1,"name":"Portada","item":"https:\/\/baynana.es\/es\/"},{"@type":"ListItem","position":2,"name":"Naufragio en Grecia: Familias buscan a los suyos y las autoridades complican el proceso\ufffc"}]},{"@type":"WebSite","@id":"https:\/\/baynana.es\/#website","url":"https:\/\/baynana.es\/","name":"Baynana \u0628\u064a\u0646\u0646\u0627","description":"Baynana Revista \u0645\u062c\u0644\u0629 \u0628\u064a\u0646\u0646\u0627","publisher":{"@id":"https:\/\/baynana.es\/#organization"},"potentialAction":[{"@type":"SearchAction","target":{"@type":"EntryPoint","urlTemplate":"https:\/\/baynana.es\/?s={search_term_string}"},"query-input":{"@type":"PropertyValueSpecification","valueRequired":true,"valueName":"search_term_string"}}],"inLanguage":"es"},{"@type":"Organization","@id":"https:\/\/baynana.es\/#organization","name":"\u0628\u064a\u0646\u0646\u0627 Baynana","url":"https:\/\/baynana.es\/","logo":{"@type":"ImageObject","inLanguage":"es","@id":"https:\/\/baynana.es\/#\/schema\/logo\/image\/","url":"https:\/\/baynana.es\/wp-content\/uploads\/2021\/03\/Artboard-1.png","contentUrl":"https:\/\/baynana.es\/wp-content\/uploads\/2021\/03\/Artboard-1.png","width":315,"height":228,"caption":"\u0628\u064a\u0646\u0646\u0627 Baynana"},"image":{"@id":"https:\/\/baynana.es\/#\/schema\/logo\/image\/"},"sameAs":["https:\/\/www.facebook.com\/baynanaes","https:\/\/x.com\/baynanaes","https:\/\/www.instagram.com\/baynanaes\/","https:\/\/www.linkedin.com\/in\/baynana-\u0628\u064a\u0646\u0646\u0627-887599211\/","https:\/\/www.youtube.com\/channel\/UC3019bsq5wOpi61SOufKxPA"]},{"@type":"Person","@id":"https:\/\/baynana.es\/#\/schema\/person\/2beac5545c08e1117a9ce409cfb3c754","name":"Okba Mohammad","image":{"@type":"ImageObject","inLanguage":"es","@id":"https:\/\/baynana.es\/#\/schema\/person\/image\/9fff0fcb4a1e27e49950a4bf4e7699d1","url":"https:\/\/baynana.es\/wp-content\/uploads\/2021\/01\/okba-96x96.jpg","contentUrl":"https:\/\/baynana.es\/wp-content\/uploads\/2021\/01\/okba-96x96.jpg","caption":"Okba Mohammad"},"description":"Cubri\u00f3 la guerra en el sur de Siria de 2015 a 2018 con medios locales. Tambi\u00e9n se ha dedicado a documentar violaciones de derechos humanos de detenidos durante el conflicto. En 2019 trabaj\u00f3 como corresponsal independiente en Turqu\u00eda y posteriormente viaj\u00f3 a Espa\u00f1a, donde ha colaborado con medios como Global Voices y el diario P\u00fablico. Actualmente trabaja como reportero en Baynana","sameAs":["http:\/\/moussa","https:\/\/x.com\/@OkbaMohammad"],"url":"https:\/\/baynana.es\/es\/author\/okba\/"}]}},"authors":[{"term_id":506,"user_id":6,"is_guest":0,"slug":"okba","display_name":"Okba Mohammad","avatar_url":"https:\/\/baynana.es\/wp-content\/uploads\/2021\/01\/okba-96x96.jpg","author_category":"","first_name":"Okba","last_name":"Mohammad","user_url":"http:\/\/moussa","job_title":"","description":"Cubri\u00f3 la guerra en el sur de Siria de 2015 a 2018 con medios locales. Tambi\u00e9n se ha dedicado a documentar violaciones de derechos humanos de detenidos durante el conflicto. En 2019 trabaj\u00f3 como corresponsal independiente en Turqu\u00eda y posteriormente viaj\u00f3 a Espa\u00f1a, donde ha colaborado con medios como Global Voices y el diario P\u00fablico. Actualmente trabaja como reportero en Baynana"}],"_links":{"self":[{"href":"https:\/\/baynana.es\/es\/wp-json\/wp\/v2\/posts\/7451","targetHints":{"allow":["GET"]}}],"collection":[{"href":"https:\/\/baynana.es\/es\/wp-json\/wp\/v2\/posts"}],"about":[{"href":"https:\/\/baynana.es\/es\/wp-json\/wp\/v2\/types\/post"}],"author":[{"embeddable":true,"href":"https:\/\/baynana.es\/es\/wp-json\/wp\/v2\/users\/6"}],"replies":[{"embeddable":true,"href":"https:\/\/baynana.es\/es\/wp-json\/wp\/v2\/comments?post=7451"}],"version-history":[{"count":1,"href":"https:\/\/baynana.es\/es\/wp-json\/wp\/v2\/posts\/7451\/revisions"}],"predecessor-version":[{"id":7452,"href":"https:\/\/baynana.es\/es\/wp-json\/wp\/v2\/posts\/7451\/revisions\/7452"}],"wp:featuredmedia":[{"embeddable":true,"href":"https:\/\/baynana.es\/es\/wp-json\/wp\/v2\/media\/7450"}],"wp:attachment":[{"href":"https:\/\/baynana.es\/es\/wp-json\/wp\/v2\/media?parent=7451"}],"wp:term":[{"taxonomy":"category","embeddable":true,"href":"https:\/\/baynana.es\/es\/wp-json\/wp\/v2\/categories?post=7451"},{"taxonomy":"post_tag","embeddable":true,"href":"https:\/\/baynana.es\/es\/wp-json\/wp\/v2\/tags?post=7451"},{"taxonomy":"author","embeddable":true,"href":"https:\/\/baynana.es\/es\/wp-json\/wp\/v2\/ppma_author?post=7451"}],"curies":[{"name":"wp","href":"https:\/\/api.w.org\/{rel}","templated":true}]}}