{"id":7921,"date":"2023-11-14T13:07:27","date_gmt":"2023-11-14T12:07:27","guid":{"rendered":"https:\/\/baynana.es\/?p=7921"},"modified":"2023-11-14T13:07:29","modified_gmt":"2023-11-14T12:07:29","slug":"oferta-de-trabajo-en-la-revista-baynana","status":"publish","type":"post","link":"https:\/\/baynana.es\/es\/oferta-de-trabajo-en-la-revista-baynana\/","title":{"rendered":"Oferta de Trabajo en la revista Baynana"},"content":{"rendered":"<div class=\"wp-block-post-date\"><time datetime=\"2023-11-14T13:07:27+01:00\">14 noviembre\u060c 2023<\/time><\/div>\n\n\n<p><strong>Descripci\u00f3n Oferta de Trabajo por cuatro meses: Diciembre &#8211; Marzo 2024<\/strong><\/p>\n\n\n\n<p>En Baynana estamos buscando un\/a periodista que nos ayude a la elaboraci\u00f3n de contenidos en relaci\u00f3n con pol\u00edticas migratorias nacionales y europeas, con la redacci\u00f3n de cr\u00f3nicas sobre personas migrantes que viven, trabajan y\/o estudian en Espa\u00f1a, y sobre la promoci\u00f3n de eventos culturales que unen a Espa\u00f1a y el mundo \u00e1rabe.&nbsp;<\/p>\n\n\n\n<p>Baynana se present\u00f3 en junio de este a\u00f1o a una financiaci\u00f3n ofrecida por el <a href=\"https:\/\/ipi.media\">Instituto Internacional de la Prensa (IPI)<\/a>, y fuimos uno de los medios europeos escogidos para formar parte de su programa: <a href=\"https:\/\/ipi.media\/where-audience-understanding-creates-business-opportunities-insights-from-ipis-new-media-incubator-bootcamp\/\">News Media Incubator<\/a>. Esta financiaci\u00f3n nos ofrece la posibilidad de dar la bienvenida por cuatro meses a un\/a periodista que busque hacer periodismo migrante, veraz e independiente, que ya est\u00e9 sensibilizado\/a en temas sociales y con pasi\u00f3n por el mundo \u00e1rabe.&nbsp;<\/p>\n\n\n\n<p>La persona escogida se encargar\u00e1 de producir contenido para Baynana, ayudar\u00e1 al equipo con la redacci\u00f3n y dise\u00f1o de nuestra newsletter y trabajar\u00e1 de cerca con la Social Media Manager en la creaci\u00f3n de contenido visual para Instagram Reels y TikTok.&nbsp;<\/p>\n\n\n\n<p>Este trabajo es a tiempo parcial, tres d\u00edas a la semana. Un total de 48 horas mensuales.&nbsp;<\/p>\n\n\n\n<p>La persona ideal para ocupar este puesto ser\u00eda:&nbsp;<\/p>\n\n\n\n<ul class=\"wp-block-list\">\n<li>Periodista freelance que pueda cubrir parte de su jornada con Baynana<\/li>\n\n\n\n<li>Reci\u00e9n licenciados en Periodismo y\/o Comunicaci\u00f3n Audiovisual que quieran tener su primera experiencia en el mundo laboral<\/li>\n\n\n\n<li>Estudiantes de \u00faltimo a\u00f1o de Periodismo y\/o Comunicaci\u00f3n Audiovisual que quieran cubrir parte de sus cr\u00e9ditos haciendo pr\u00e1cticas remuneradas por cuatro meses<\/li>\n\n\n\n<li>Se apreciar\u00e1 experiencia en redacci\u00f3n y dise\u00f1o de newsletters<\/li>\n\n\n\n<li>Dominio de redes sociales, especialmente Instagram y TikTok<\/li>\n\n\n\n<li>Conocimiento de \u00e1rabe, no es indispensable, pero se tendr\u00e1 en cuenta<\/li>\n\n\n\n<li>Residir en Madrid durante el periodo de trabajo<\/li>\n<\/ul>\n\n\n\n<p><strong>\u00a1Importante!: <\/strong>Baynana es un medio fundado por cuatro periodistas sirios refugiados en Espa\u00f1a por lo que <strong>daremos especial importancia a que la\/el candidata\/o tenga background migrante<\/strong>. Baynana aboga por la equidad y diversidad en los medios de comunicaci\u00f3n espa\u00f1oles tanto en su plantilla, como en sus contenidos.<\/p>\n\n\n\n<p>Para este puesto es indispensable estar ya dado de alta en aut\u00f3nomos, o tener la voluntad de hacerlo. Por el momento no podemos contratar a nadie, as\u00ed que la persona elegida tendr\u00e1 que emitir facturas mensuales, con el presupuesto ya establecido para este puesto, a Baynana bajo el r\u00e9gimen de aut\u00f3nomos.&nbsp;<\/p>\n\n\n\n<p>En el caso de que la persona escogida sea estudiante, no ser\u00eda necesario darse de alta en aut\u00f3nomos.&nbsp;<\/p>\n\n\n\n<p>Las\/os interesadas\/os enviad vuestro CV y una carta de motivaci\u00f3n a <a href=\"mailto:contacto@baynana.es\">contacto@baynana.es<\/a>&nbsp; y en copia <a href=\"mailto:angela.baynana@gmail.com\">angela.baynana@gmail.com<\/a> hasta el d\u00eda 21.11.2023.&nbsp;<\/p>\n\n\n\n<p>Las primeras entrevistas ser\u00e1n los d\u00edas 23, 24 y 27 de noviembre. La decisi\u00f3n final se dar\u00e1 el viernes 01.12.2023.&nbsp;<\/p>\n\n\n\n<p>Se empezar\u00e1 a trabajar el 4 de diciembre de 2023.&nbsp;<\/p>\n","protected":false},"excerpt":{"rendered":"<p>14 noviembre\u060c 2023 Descripci\u00f3n Oferta de Trabajo por cuatro meses: Diciembre &#8211; Marzo 2024 En Baynana estamos buscando un\/a periodista que nos ayude a la elaboraci\u00f3n de contenidos en relaci\u00f3n con pol\u00edticas migratorias nacionales y europeas, con la redacci\u00f3n de cr\u00f3nicas sobre personas migrantes que viven, trabajan y\/o estudian en Espa\u00f1a, y sobre la promoci\u00f3n &hellip;<\/p>\n","protected":false},"author":2,"featured_media":5438,"comment_status":"closed","ping_status":"closed","sticky":false,"template":"","format":"standard","meta":{"inline_featured_image":false,"footnotes":""},"categories":[11],"tags":[],"ppma_author":[],"class_list":["post-7921","post","type-post","status-publish","format-standard","has-post-thumbnail","hentry","category-inicio"],"acf":[],"yoast_head":"<!-- This site is optimized with the Yoast SEO plugin v25.3.1 - https:\/\/yoast.com\/wordpress\/plugins\/seo\/ -->\n<title>Oferta de Trabajo en la revista Baynana<\/title>\n<meta name=\"description\" content=\"Descripci\u00f3n Oferta de Trabajo por cuatro meses: Diciembre - Marzo 2024\" \/>\n<meta name=\"robots\" content=\"index, follow, max-snippet:-1, max-image-preview:large, max-video-preview:-1\" \/>\n<link rel=\"canonical\" href=\"https:\/\/baynana.es\/es\/oferta-de-trabajo-en-la-revista-baynana\/\" \/>\n<meta property=\"og:locale\" content=\"es_ES\" \/>\n<meta property=\"og:type\" content=\"article\" \/>\n<meta property=\"og:title\" content=\"Oferta de Trabajo en la revista Baynana\" \/>\n<meta property=\"og:description\" content=\"Descripci\u00f3n Oferta de Trabajo por cuatro meses: Diciembre - Marzo 2024\" \/>\n<meta property=\"og:url\" content=\"https:\/\/baynana.es\/es\/oferta-de-trabajo-en-la-revista-baynana\/\" \/>\n<meta property=\"og:site_name\" content=\"Baynana \u0628\u064a\u0646\u0646\u0627\" \/>\n<meta property=\"article:publisher\" content=\"https:\/\/www.facebook.com\/baynanaes\" \/>\n<meta property=\"article:published_time\" content=\"2023-11-14T12:07:27+00:00\" \/>\n<meta property=\"article:modified_time\" content=\"2023-11-14T12:07:29+00:00\" \/>\n<meta property=\"og:image\" content=\"https:\/\/baynana.es\/wp-content\/uploads\/2022\/04\/baynana-A011.png\" \/>\n\t<meta property=\"og:image:width\" content=\"1312\" \/>\n\t<meta property=\"og:image:height\" content=\"949\" \/>\n\t<meta property=\"og:image:type\" content=\"image\/png\" \/>\n<meta name=\"author\" content=\"baynana\" \/>\n<meta name=\"twitter:card\" content=\"summary_large_image\" \/>\n<meta name=\"twitter:creator\" content=\"@baynanaes\" \/>\n<meta name=\"twitter:site\" content=\"@baynanaes\" \/>\n<meta name=\"twitter:label1\" content=\"Escrito por\" \/>\n\t<meta name=\"twitter:data1\" content=\"baynana\" \/>\n\t<meta name=\"twitter:label2\" content=\"Tiempo de lectura\" \/>\n\t<meta name=\"twitter:data2\" content=\"4 minutos\" \/>\n<script type=\"application\/ld+json\" class=\"yoast-schema-graph\">{\"@context\":\"https:\/\/schema.org\",\"@graph\":[{\"@type\":\"Article\",\"@id\":\"https:\/\/baynana.es\/es\/oferta-de-trabajo-en-la-revista-baynana\/#article\",\"isPartOf\":{\"@id\":\"https:\/\/baynana.es\/es\/oferta-de-trabajo-en-la-revista-baynana\/\"},\"author\":{\"name\":\"baynana\",\"@id\":\"https:\/\/baynana.es\/#\/schema\/person\/d743d5ffbf13ef7c04034c063666fe95\"},\"headline\":\"Oferta de Trabajo en la revista Baynana\",\"datePublished\":\"2023-11-14T12:07:27+00:00\",\"dateModified\":\"2023-11-14T12:07:29+00:00\",\"mainEntityOfPage\":{\"@id\":\"https:\/\/baynana.es\/es\/oferta-de-trabajo-en-la-revista-baynana\/\"},\"wordCount\":519,\"publisher\":{\"@id\":\"https:\/\/baynana.es\/#organization\"},\"image\":{\"@id\":\"https:\/\/baynana.es\/es\/oferta-de-trabajo-en-la-revista-baynana\/#primaryimage\"},\"thumbnailUrl\":\"https:\/\/baynana.es\/wp-content\/uploads\/2022\/04\/baynana-A011.png\",\"articleSection\":[\"INICIO\"],\"inLanguage\":\"es\"},{\"@type\":\"WebPage\",\"@id\":\"https:\/\/baynana.es\/es\/oferta-de-trabajo-en-la-revista-baynana\/\",\"url\":\"https:\/\/baynana.es\/es\/oferta-de-trabajo-en-la-revista-baynana\/\",\"name\":\"Oferta de Trabajo en la revista Baynana\",\"isPartOf\":{\"@id\":\"https:\/\/baynana.es\/#website\"},\"primaryImageOfPage\":{\"@id\":\"https:\/\/baynana.es\/es\/oferta-de-trabajo-en-la-revista-baynana\/#primaryimage\"},\"image\":{\"@id\":\"https:\/\/baynana.es\/es\/oferta-de-trabajo-en-la-revista-baynana\/#primaryimage\"},\"thumbnailUrl\":\"https:\/\/baynana.es\/wp-content\/uploads\/2022\/04\/baynana-A011.png\",\"datePublished\":\"2023-11-14T12:07:27+00:00\",\"dateModified\":\"2023-11-14T12:07:29+00:00\",\"description\":\"Descripci\u00f3n Oferta de Trabajo por cuatro meses: Diciembre - Marzo 2024\",\"breadcrumb\":{\"@id\":\"https:\/\/baynana.es\/es\/oferta-de-trabajo-en-la-revista-baynana\/#breadcrumb\"},\"inLanguage\":\"es\",\"potentialAction\":[{\"@type\":\"ReadAction\",\"target\":[\"https:\/\/baynana.es\/es\/oferta-de-trabajo-en-la-revista-baynana\/\"]}]},{\"@type\":\"ImageObject\",\"inLanguage\":\"es\",\"@id\":\"https:\/\/baynana.es\/es\/oferta-de-trabajo-en-la-revista-baynana\/#primaryimage\",\"url\":\"https:\/\/baynana.es\/wp-content\/uploads\/2022\/04\/baynana-A011.png\",\"contentUrl\":\"https:\/\/baynana.es\/wp-content\/uploads\/2022\/04\/baynana-A011.png\",\"width\":1312,\"height\":949},{\"@type\":\"BreadcrumbList\",\"@id\":\"https:\/\/baynana.es\/es\/oferta-de-trabajo-en-la-revista-baynana\/#breadcrumb\",\"itemListElement\":[{\"@type\":\"ListItem\",\"position\":1,\"name\":\"Portada\",\"item\":\"https:\/\/baynana.es\/es\/\"},{\"@type\":\"ListItem\",\"position\":2,\"name\":\"Oferta de Trabajo en la revista Baynana\"}]},{\"@type\":\"WebSite\",\"@id\":\"https:\/\/baynana.es\/#website\",\"url\":\"https:\/\/baynana.es\/\",\"name\":\"Baynana \u0628\u064a\u0646\u0646\u0627\",\"description\":\"Baynana Revista \u0645\u062c\u0644\u0629 \u0628\u064a\u0646\u0646\u0627\",\"publisher\":{\"@id\":\"https:\/\/baynana.es\/#organization\"},\"potentialAction\":[{\"@type\":\"SearchAction\",\"target\":{\"@type\":\"EntryPoint\",\"urlTemplate\":\"https:\/\/baynana.es\/?s={search_term_string}\"},\"query-input\":{\"@type\":\"PropertyValueSpecification\",\"valueRequired\":true,\"valueName\":\"search_term_string\"}}],\"inLanguage\":\"es\"},{\"@type\":\"Organization\",\"@id\":\"https:\/\/baynana.es\/#organization\",\"name\":\"\u0628\u064a\u0646\u0646\u0627 Baynana\",\"url\":\"https:\/\/baynana.es\/\",\"logo\":{\"@type\":\"ImageObject\",\"inLanguage\":\"es\",\"@id\":\"https:\/\/baynana.es\/#\/schema\/logo\/image\/\",\"url\":\"https:\/\/baynana.es\/wp-content\/uploads\/2021\/03\/Artboard-1.png\",\"contentUrl\":\"https:\/\/baynana.es\/wp-content\/uploads\/2021\/03\/Artboard-1.png\",\"width\":315,\"height\":228,\"caption\":\"\u0628\u064a\u0646\u0646\u0627 Baynana\"},\"image\":{\"@id\":\"https:\/\/baynana.es\/#\/schema\/logo\/image\/\"},\"sameAs\":[\"https:\/\/www.facebook.com\/baynanaes\",\"https:\/\/x.com\/baynanaes\",\"https:\/\/www.instagram.com\/baynanaes\/\",\"https:\/\/www.linkedin.com\/in\/baynana-\u0628\u064a\u0646\u0646\u0627-887599211\/\",\"https:\/\/www.youtube.com\/channel\/UC3019bsq5wOpi61SOufKxPA\"]},{\"@type\":\"Person\",\"@id\":\"https:\/\/baynana.es\/#\/schema\/person\/d743d5ffbf13ef7c04034c063666fe95\",\"name\":\"baynana\",\"image\":{\"@type\":\"ImageObject\",\"inLanguage\":\"es\",\"@id\":\"https:\/\/baynana.es\/#\/schema\/person\/image\/2fdb3ad168978c52d9db4d0a4825fb0a\",\"url\":\"https:\/\/baynana.es\/wp-content\/uploads\/2022\/04\/baynana-A011-96x96.png\",\"contentUrl\":\"https:\/\/baynana.es\/wp-content\/uploads\/2022\/04\/baynana-A011-96x96.png\",\"caption\":\"baynana\"},\"description\":\"Baynana es un medio online biling\u00fce -en \u00e1rabe y espa\u00f1ol- que apuesta por el periodismo social y de servicio p\u00fablico. Nuestra revista aspira a ofrecer informaci\u00f3n de utilidad a la comunidad arab\u00f3fona en Espa\u00f1a y, al mismo tiempo, tender puentes entre las personas migrantes, refugiadas y espa\u00f1olas de origen extranjero, y el resto de la poblaci\u00f3n.\",\"sameAs\":[\"http:\/\/moussa\"],\"url\":\"https:\/\/baynana.es\/es\/author\/moussa\/\"}]}<\/script>\n<!-- \/ Yoast SEO plugin. -->","yoast_head_json":{"title":"Oferta de Trabajo en la revista Baynana","description":"Descripci\u00f3n Oferta de Trabajo por cuatro meses: Diciembre - Marzo 2024","robots":{"index":"index","follow":"follow","max-snippet":"max-snippet:-1","max-image-preview":"max-image-preview:large","max-video-preview":"max-video-preview:-1"},"canonical":"https:\/\/baynana.es\/es\/oferta-de-trabajo-en-la-revista-baynana\/","og_locale":"es_ES","og_type":"article","og_title":"Oferta de Trabajo en la revista Baynana","og_description":"Descripci\u00f3n Oferta de Trabajo por cuatro meses: Diciembre - Marzo 2024","og_url":"https:\/\/baynana.es\/es\/oferta-de-trabajo-en-la-revista-baynana\/","og_site_name":"Baynana \u0628\u064a\u0646\u0646\u0627","article_publisher":"https:\/\/www.facebook.com\/baynanaes","article_published_time":"2023-11-14T12:07:27+00:00","article_modified_time":"2023-11-14T12:07:29+00:00","og_image":[{"width":1312,"height":949,"url":"https:\/\/baynana.es\/wp-content\/uploads\/2022\/04\/baynana-A011.png","type":"image\/png"}],"author":"baynana","twitter_card":"summary_large_image","twitter_creator":"@baynanaes","twitter_site":"@baynanaes","twitter_misc":{"Escrito por":"baynana","Tiempo de lectura":"4 minutos"},"schema":{"@context":"https:\/\/schema.org","@graph":[{"@type":"Article","@id":"https:\/\/baynana.es\/es\/oferta-de-trabajo-en-la-revista-baynana\/#article","isPartOf":{"@id":"https:\/\/baynana.es\/es\/oferta-de-trabajo-en-la-revista-baynana\/"},"author":{"name":"baynana","@id":"https:\/\/baynana.es\/#\/schema\/person\/d743d5ffbf13ef7c04034c063666fe95"},"headline":"Oferta de Trabajo en la revista Baynana","datePublished":"2023-11-14T12:07:27+00:00","dateModified":"2023-11-14T12:07:29+00:00","mainEntityOfPage":{"@id":"https:\/\/baynana.es\/es\/oferta-de-trabajo-en-la-revista-baynana\/"},"wordCount":519,"publisher":{"@id":"https:\/\/baynana.es\/#organization"},"image":{"@id":"https:\/\/baynana.es\/es\/oferta-de-trabajo-en-la-revista-baynana\/#primaryimage"},"thumbnailUrl":"https:\/\/baynana.es\/wp-content\/uploads\/2022\/04\/baynana-A011.png","articleSection":["INICIO"],"inLanguage":"es"},{"@type":"WebPage","@id":"https:\/\/baynana.es\/es\/oferta-de-trabajo-en-la-revista-baynana\/","url":"https:\/\/baynana.es\/es\/oferta-de-trabajo-en-la-revista-baynana\/","name":"Oferta de Trabajo en la revista Baynana","isPartOf":{"@id":"https:\/\/baynana.es\/#website"},"primaryImageOfPage":{"@id":"https:\/\/baynana.es\/es\/oferta-de-trabajo-en-la-revista-baynana\/#primaryimage"},"image":{"@id":"https:\/\/baynana.es\/es\/oferta-de-trabajo-en-la-revista-baynana\/#primaryimage"},"thumbnailUrl":"https:\/\/baynana.es\/wp-content\/uploads\/2022\/04\/baynana-A011.png","datePublished":"2023-11-14T12:07:27+00:00","dateModified":"2023-11-14T12:07:29+00:00","description":"Descripci\u00f3n Oferta de Trabajo por cuatro meses: Diciembre - Marzo 2024","breadcrumb":{"@id":"https:\/\/baynana.es\/es\/oferta-de-trabajo-en-la-revista-baynana\/#breadcrumb"},"inLanguage":"es","potentialAction":[{"@type":"ReadAction","target":["https:\/\/baynana.es\/es\/oferta-de-trabajo-en-la-revista-baynana\/"]}]},{"@type":"ImageObject","inLanguage":"es","@id":"https:\/\/baynana.es\/es\/oferta-de-trabajo-en-la-revista-baynana\/#primaryimage","url":"https:\/\/baynana.es\/wp-content\/uploads\/2022\/04\/baynana-A011.png","contentUrl":"https:\/\/baynana.es\/wp-content\/uploads\/2022\/04\/baynana-A011.png","width":1312,"height":949},{"@type":"BreadcrumbList","@id":"https:\/\/baynana.es\/es\/oferta-de-trabajo-en-la-revista-baynana\/#breadcrumb","itemListElement":[{"@type":"ListItem","position":1,"name":"Portada","item":"https:\/\/baynana.es\/es\/"},{"@type":"ListItem","position":2,"name":"Oferta de Trabajo en la revista Baynana"}]},{"@type":"WebSite","@id":"https:\/\/baynana.es\/#website","url":"https:\/\/baynana.es\/","name":"Baynana \u0628\u064a\u0646\u0646\u0627","description":"Baynana Revista \u0645\u062c\u0644\u0629 \u0628\u064a\u0646\u0646\u0627","publisher":{"@id":"https:\/\/baynana.es\/#organization"},"potentialAction":[{"@type":"SearchAction","target":{"@type":"EntryPoint","urlTemplate":"https:\/\/baynana.es\/?s={search_term_string}"},"query-input":{"@type":"PropertyValueSpecification","valueRequired":true,"valueName":"search_term_string"}}],"inLanguage":"es"},{"@type":"Organization","@id":"https:\/\/baynana.es\/#organization","name":"\u0628\u064a\u0646\u0646\u0627 Baynana","url":"https:\/\/baynana.es\/","logo":{"@type":"ImageObject","inLanguage":"es","@id":"https:\/\/baynana.es\/#\/schema\/logo\/image\/","url":"https:\/\/baynana.es\/wp-content\/uploads\/2021\/03\/Artboard-1.png","contentUrl":"https:\/\/baynana.es\/wp-content\/uploads\/2021\/03\/Artboard-1.png","width":315,"height":228,"caption":"\u0628\u064a\u0646\u0646\u0627 Baynana"},"image":{"@id":"https:\/\/baynana.es\/#\/schema\/logo\/image\/"},"sameAs":["https:\/\/www.facebook.com\/baynanaes","https:\/\/x.com\/baynanaes","https:\/\/www.instagram.com\/baynanaes\/","https:\/\/www.linkedin.com\/in\/baynana-\u0628\u064a\u0646\u0646\u0627-887599211\/","https:\/\/www.youtube.com\/channel\/UC3019bsq5wOpi61SOufKxPA"]},{"@type":"Person","@id":"https:\/\/baynana.es\/#\/schema\/person\/d743d5ffbf13ef7c04034c063666fe95","name":"baynana","image":{"@type":"ImageObject","inLanguage":"es","@id":"https:\/\/baynana.es\/#\/schema\/person\/image\/2fdb3ad168978c52d9db4d0a4825fb0a","url":"https:\/\/baynana.es\/wp-content\/uploads\/2022\/04\/baynana-A011-96x96.png","contentUrl":"https:\/\/baynana.es\/wp-content\/uploads\/2022\/04\/baynana-A011-96x96.png","caption":"baynana"},"description":"Baynana es un medio online biling\u00fce -en \u00e1rabe y espa\u00f1ol- que apuesta por el periodismo social y de servicio p\u00fablico. Nuestra revista aspira a ofrecer informaci\u00f3n de utilidad a la comunidad arab\u00f3fona en Espa\u00f1a y, al mismo tiempo, tender puentes entre las personas migrantes, refugiadas y espa\u00f1olas de origen extranjero, y el resto de la poblaci\u00f3n.","sameAs":["http:\/\/moussa"],"url":"https:\/\/baynana.es\/es\/author\/moussa\/"}]}},"authors":[{"term_id":503,"user_id":2,"is_guest":0,"slug":"moussa","display_name":"baynana","avatar_url":"https:\/\/baynana.es\/wp-content\/uploads\/2022\/04\/baynana-A011-96x96.png","author_category":"","first_name":"Moussa","last_name":"Al jamaat","user_url":"http:\/\/moussa","job_title":"","description":"Baynana es un medio online biling\u00fce -en \u00e1rabe y espa\u00f1ol- que apuesta por el periodismo social y de servicio p\u00fablico. Nuestra revista aspira a ofrecer informaci\u00f3n de utilidad a la comunidad arab\u00f3fona en Espa\u00f1a y, al mismo tiempo, tender puentes entre las personas migrantes, refugiadas y espa\u00f1olas de origen extranjero, y el resto de la poblaci\u00f3n."}],"_links":{"self":[{"href":"https:\/\/baynana.es\/es\/wp-json\/wp\/v2\/posts\/7921","targetHints":{"allow":["GET"]}}],"collection":[{"href":"https:\/\/baynana.es\/es\/wp-json\/wp\/v2\/posts"}],"about":[{"href":"https:\/\/baynana.es\/es\/wp-json\/wp\/v2\/types\/post"}],"author":[{"embeddable":true,"href":"https:\/\/baynana.es\/es\/wp-json\/wp\/v2\/users\/2"}],"replies":[{"embeddable":true,"href":"https:\/\/baynana.es\/es\/wp-json\/wp\/v2\/comments?post=7921"}],"version-history":[{"count":1,"href":"https:\/\/baynana.es\/es\/wp-json\/wp\/v2\/posts\/7921\/revisions"}],"predecessor-version":[{"id":7922,"href":"https:\/\/baynana.es\/es\/wp-json\/wp\/v2\/posts\/7921\/revisions\/7922"}],"wp:featuredmedia":[{"embeddable":true,"href":"https:\/\/baynana.es\/es\/wp-json\/wp\/v2\/media\/5438"}],"wp:attachment":[{"href":"https:\/\/baynana.es\/es\/wp-json\/wp\/v2\/media?parent=7921"}],"wp:term":[{"taxonomy":"category","embeddable":true,"href":"https:\/\/baynana.es\/es\/wp-json\/wp\/v2\/categories?post=7921"},{"taxonomy":"post_tag","embeddable":true,"href":"https:\/\/baynana.es\/es\/wp-json\/wp\/v2\/tags?post=7921"},{"taxonomy":"author","embeddable":true,"href":"https:\/\/baynana.es\/es\/wp-json\/wp\/v2\/ppma_author?post=7921"}],"curies":[{"name":"wp","href":"https:\/\/api.w.org\/{rel}","templated":true}]}}