{"id":7950,"date":"2023-11-22T07:00:00","date_gmt":"2023-11-22T06:00:00","guid":{"rendered":"https:\/\/baynana.es\/?p=7950"},"modified":"2023-11-21T12:10:13","modified_gmt":"2023-11-21T11:10:13","slug":"med-pintar-el-mar-para-sanar","status":"publish","type":"post","link":"https:\/\/baynana.es\/es\/med-pintar-el-mar-para-sanar\/","title":{"rendered":"MED, PINTAR EL MAR PARA SANAR"},"content":{"rendered":"<div class=\"wp-block-post-date\"><time datetime=\"2023-11-22T07:00:00+01:00\">22 noviembre\u060c 2023<\/time><\/div>\n\n\n<div class=\"wp-block-columns is-layout-flex wp-container-core-columns-is-layout-9d6595d7 wp-block-columns-is-layout-flex\">\n<div class=\"wp-block-column is-layout-flow wp-block-column-is-layout-flow\">\n<p>\u201cLuchar, luchar y luchar. Si queremos conseguir metas, hay que luchar. Los l\u00edmites los ponemos nosotros\u201d. Este es el consejo que Med, marroqu\u00ed afincado en Canarias desde hace 15 a\u00f1os, da a todos los migrantes que dejan atr\u00e1s su pa\u00eds.<\/p>\n<\/div>\n\n\n\n<div class=\"wp-block-column is-layout-flow wp-block-column-is-layout-flow\">\n<p class=\"has-background\" style=\"background-color:#bdbf88\">Mohammed el Montaser el Baz, conocido como Med, lleg\u00f3 a la isla de Gran Canaria con 15 a\u00f1os tras realizar en patera la peligrosa ruta canaria. Hoy, con 30 a\u00f1os de edad, trabaja como chef en un prestigioso hotel de Playa del Ingl\u00e9s, adem\u00e1s de dedicar su tiempo libre a la pintura.<\/p>\n<\/div>\n<\/div>\n\n\n\n<p><\/p>\n\n\n\n<h4 class=\"wp-block-heading\"><strong>Llegada a la isla<\/strong><\/h4>\n\n\n\n<p>\u201cNunca quise emigrar, mi padre me lo propuso y yo dije que no\u201d, explica Med. Las inquietudes propias de un adolescente fueron las que hicieron al marroqu\u00ed cambiar de opini\u00f3n sobre la propuesta de su padre. Las responsabilidades familiares y la limitaci\u00f3n de posibilidades que encontrar\u00eda en su pa\u00eds fueron el empuje que necesit\u00f3 para decir s\u00ed y lanzarse al Atl\u00e1ntico.<\/p>\n\n\n\n<p>\u201cFui consciente del peligro desde que sal\u00ed de mi casa. Yo era un ni\u00f1o de estar en casa temprano, siempre en familia y, de repente, me v\u00ed solo.\u201d cuenta. Hace 15 a\u00f1os, un Mohammed adolescente se subi\u00f3 a una embarcaci\u00f3n llena de menores en busca de una nueva vida llena de posibilidades. \u201cNo se ve\u00eda nada, las olas eran muy grandes y entraba mucha agua a la patera. Tuve mucho miedo, ah\u00ed v\u00ed el peligro\u201d explica. El 11 de noviembre de 2007, por fin pudieron gritar \u201cshahada\u201d, palabras esperanzadoras que resuenan en el mar cuando se visualiza la costa.&nbsp;<\/p>\n\n\n\n<p>La ruta canaria se ha convertido en la principal entrada a Europa desde el continente africano, llegando a ser una de las m\u00e1s transitadas y, a su vez, de las <a href=\"https:\/\/rtvc.es\/la-ruta-canaria-es-la-via-migratoria-mas-peligrosa-del-mundo\/\">m\u00e1s peligrosas<\/a> del mundo. El n\u00famero de fallecidos y desaparecidos en la ruta atl\u00e1ntica asciende a 440, entre ellos 10 ni\u00f1os, en lo que llevamos de 2023, seg\u00fan los datos recogidos en el proyecto <a href=\"https:\/\/missingmigrants.iom.int\/region\/africa?region_incident=All&amp;route=3946&amp;year%5B%5D=11681&amp;incident_date%5Bmin%5D=01%2F01%2F2023&amp;incident_date%5Bmax%5D=10%2F29%2F2023\">Missing Migrants Projects<\/a> de la Organizaci\u00f3n Internacional para las Migraciones (OIM).<\/p>\n\n\n\n<p>En 2020, en plena crisis mundial por la COVID-19, Canarias sufri\u00f3 su mayor crisis migratoria tras la llegada de 23.000 personas al archipi\u00e9lago.<\/p>\n\n\n\n<p>Entre los meses de septiembre y octubre, la llegada de migrantes a las islas ha batido un r\u00e9cord hist\u00f3rico, desbordando los recursos migratorios de algunas islas m\u00e1s peque\u00f1as como El Hierro, que ha recibido a m\u00e1s de<a href=\"https:\/\/www.lavanguardia.com\/vida\/20231009\/9285711\/canarias-prepara-nuevo-ciclo-migratorio-llegadas-masivas.html\"> 1.000 personas<\/a> en las \u00faltimas semanas. La llegada de migrantes por v\u00eda mar\u00edtima a las islas presenta una tendencia al alza, creciendo m\u00e1s de un <a href=\"https:\/\/www.interior.gob.es\/opencms\/export\/sites\/default\/.galleries\/galeria-de-prensa\/documentos-y-multimedia\/balances-e-informes\/2022\/12_informe_quincenal_acumulado_01-01_al_30-06-2022.pdf\">25% en el 2022<\/a> respecto al 2021. Durante el a\u00f1o pasado, la cifra ascendi\u00f3 a casi 9.000 personas, seg\u00fan datos del Ministerio de Interior.<\/p>\n\n\n\n<p>Los migrantes menores de edad, como fue el caso de Med, son enviados a diferentes centros tutelados de la isla. Med estuvo interno en el centro de menores de El Fondillo (cerrado actualmente), donde conviv\u00edan j\u00f3venes migrantes, hu\u00e9rfanos o con delitos policiales, uno de los grandes problemas que destaca el marroqu\u00ed, ya que era muy dif\u00edcil realizar una vida normal para un adolescente en esas condiciones. \u201cPara m\u00ed era muy raro y dif\u00edcil, yo era un ni\u00f1o de casa, acostumbrado a estar siempre con mi familia. Me marc\u00f3 bastante el estar todos mezclados, \u00e9ramos todos j\u00f3venes pero con situaciones muy diferentes.\u201d \u201cConsegu\u00ed que me apuntaran a atletismo, ya que lo practicaba en Marruecos, y tambi\u00e9n me centr\u00e9 en los estudios para obtener el t\u00edtulo de E.S.O, necesitaba pasar el mayor tiempo posible fuera del centro\u201d, relata Mohammed.<\/p>\n\n\n\n<p>Med encontr\u00f3 un atisbo de esperanza cuando consigui\u00f3 que le trasladaran a un piso tutelado en Arucas (Gran Canaria), una \u201crecompensa\u201d para los adolescentes que mostraban una progresi\u00f3n para ser m\u00e1s independientes.\u00a0<\/p>\n\n\n\n<h4 class=\"wp-block-heading\"><strong>Racismo<\/strong><\/h4>\n\n\n\n<blockquote class=\"wp-block-quote is-layout-flow wp-block-quote-is-layout-flow\">\n<p><strong><em>\u201cTodos nacemos iguales, lo que nos cambia son las circunstancias en las que nacemos\u201d<\/em><\/strong><\/p>\n<cite>Med<\/cite><\/blockquote>\n\n\n\n<p>\u201cMe escup\u00edan por la calle\u201d, cuenta. \u201cCuando una persona se siente rechazada, empiezan los conflictos internos y, si no sabes manejarlos, tiendes a alejarte y a no integrarte\u201d. El racismo es una de las mayores lacras a las que se enfrentan los migrantes al llegar al pa\u00eds de destino. Med supo gestionar las situaciones racistas a las que se enfrentaba y asegura una y otra vez que haber sabido controlarlas es lo que le ha llevado a conseguir sus objetivos. \u201cNo te hablaba porque eres marroqu\u00ed\u201d, cuenta Mohammed como an\u00e9cdota de racismo durante su etapa escolar.<\/p>\n\n\n\n<p>La asociaci\u00f3n SOS Racismo advierte del aumento anual de los casos de xenofobia que se denuncian, llegando a<a href=\"https:\/\/sosracismo.eu\/informe-sos\/\"> 523 en el a\u00f1o 2022<\/a>. Seg\u00fan la organizaci\u00f3n, solo denuncian el 15% de las v\u00edctimas, debido a que la mayor\u00eda desconocen la informaci\u00f3n necesaria para tomar medidas legales contra la discriminaci\u00f3n racial.<\/p>\n\n\n\n<p>\u201cTodos nacemos iguales, lo que cambia son las circunstancias en las que nacemos\u201d, dice Med. \u201cPara m\u00ed no hay h\u00e9roes ni v\u00edctimas, todo lo que tengo lo he conseguido yo, he recibido ayuda, pero sin mi esfuerzo no podr\u00eda haber llegado a donde estoy hoy\u201d.\u00a0<\/p>\n\n\n\n<h4 class=\"wp-block-heading\"><strong>Trabajo y pintura<\/strong><\/h4>\n\n\n\n<p>Al finalizar la Educaci\u00f3n Secundaria Obligatoria, comenz\u00f3 un ciclo formativo de restauraci\u00f3n y ello le llev\u00f3 a trabajar en un restaurante como cocinero. Su primera experiencia laboral no fue buena, debido al mal ambiente que hab\u00eda en el trabajo.<\/p>\n\n\n\n<p>Uno de los principales obst\u00e1culos que encontr\u00f3 en este oficio fue el problema que le supon\u00eda decorar las comidas, debido a su inexperiencia con el dibujo y al desconocimiento de t\u00e9cnicas suficientes para poder adornar con diferentes ingredientes los platos del restaurante. Sin embargo, esta dificultad supo convertirla en un aliciente para adentrarse en el mundo de la pintura hace 7 a\u00f1os.<\/p>\n\n\n\n<blockquote class=\"wp-block-quote is-layout-flow wp-block-quote-is-layout-flow\">\n<p><strong><em>\u201cCuando vas a tirar la toalla, es cuando m\u00e1s tienes que esforzarte\u201d<\/em><\/strong><\/p>\n<cite>Med<\/cite><\/blockquote>\n\n\n\n<p>\u201c\u00bfY por qu\u00e9 no? Cuando vas a tirar la toalla, es cuando m\u00e1s tienes que esforzarte\u201d. Hace casi 10 a\u00f1os Med decidi\u00f3 iniciarse en el mundo de la pintura de forma autodidacta, pintando cuadros de objetos sencillos y que le parec\u00edan atractivos. Poco a poco su t\u00e9cnica mejor\u00f3 y comenz\u00f3 a pintar obras decorativas para los hogares protagonizadas por animales, como un le\u00f3n, o por personajes populares como Frida Kahlo. Con perseverancia y mucho tes\u00f3n consigui\u00f3 aprender a pintar desde cero y, despu\u00e9s de mucha pr\u00e1ctica y dedicaci\u00f3n, se ha convertido en un pintor profesional. Hoy, su colecci\u00f3n de obras pueden verse en la exposici\u00f3n temporal habilitada en el hotel Bohemia Suites &amp; Spa (Gran Canaria) hasta finales de a\u00f1o.<\/p>\n\n\n\n<p>Hace un a\u00f1o, Med comenz\u00f3 a pintar una colecci\u00f3n de obras basadas en las embarcaciones que llegan a las islas cargadas de migrantes. Esta colecci\u00f3n, al igual que sus cuadros decorativos, est\u00e1n inundadas de colores. Sin embargo, en estas pinturas utiliza colores m\u00e1s oscuros, como el marr\u00f3n y el a\u00f1il, y est\u00e1n protagonizadas por figuras en las que no se identifica ning\u00fan rostro, pero que representan y rinden homenaje a cada una de las personas que ha cruzado el mar en patera en busca de una vida mejor.<\/p>\n\n\n\n<p>&nbsp;\u201cQuer\u00eda pintar algo que me representara, que fuera una parte de m\u00ed\u201d. Med asegura que su traves\u00eda hacia las islas es un par\u00e9ntesis de su vida, muy complicado, pero forma parte de \u00e9l. \u201cIr al dep\u00f3sito de pateras y cayucos es dif\u00edcil, te revuelve muchos sentimientos y te hace recordar una etapa muy dura, pero no veo las pateras como algo malo, para m\u00ed significan un gran cambio de vida\u201d, afirma con gesto de a\u00f1oranza.<\/p>\n\n\n\n<p>Med es uno de los 24 artistas que participan en el Jard\u00edn de la Esperanza, un proyecto que consiste en la construcci\u00f3n de un gran parque en la localidad costera de Arinaga y que ir\u00e1 coronado con una obra arquitect\u00f3nica en homenaje a todos los migrantes que han realizado la ruta canaria. El monumento, obra del escultor Paco Su\u00e1rez y denominado <a href=\"https:\/\/www.laprovincia.es\/gran-canaria\/2023\/06\/15\/arinaga-problema-torna-arte-88747184.html\">Rosa de los Vientos<\/a>, estar\u00e1 formado por 16 pateras decoradas con pinturas simb\u00f3licas creadas por los artistas participantes.<\/p>\n\n\n\n<figure class=\"wp-block-image size-large\"><img loading=\"lazy\" decoding=\"async\" width=\"1024\" height=\"683\" src=\"https:\/\/baynana.es\/wp-content\/uploads\/2023\/11\/ENTREVISTA-MED-MARCA-DE-AGUA-30-1024x683.jpg\" alt=\"\" class=\"wp-image-7958\" srcset=\"https:\/\/baynana.es\/wp-content\/uploads\/2023\/11\/ENTREVISTA-MED-MARCA-DE-AGUA-30-1024x683.jpg 1024w, https:\/\/baynana.es\/wp-content\/uploads\/2023\/11\/ENTREVISTA-MED-MARCA-DE-AGUA-30-300x200.jpg 300w, https:\/\/baynana.es\/wp-content\/uploads\/2023\/11\/ENTREVISTA-MED-MARCA-DE-AGUA-30-768x512.jpg 768w, https:\/\/baynana.es\/wp-content\/uploads\/2023\/11\/ENTREVISTA-MED-MARCA-DE-AGUA-30-1536x1024.jpg 1536w, https:\/\/baynana.es\/wp-content\/uploads\/2023\/11\/ENTREVISTA-MED-MARCA-DE-AGUA-30-2048x1365.jpg 2048w, https:\/\/baynana.es\/wp-content\/uploads\/2023\/11\/ENTREVISTA-MED-MARCA-DE-AGUA-30-600x400.jpg 600w\" sizes=\"auto, (max-width: 1024px) 100vw, 1024px\" \/><figcaption class=\"wp-element-caption\"><em>Una de las obras detr\u00e1s de Med. Foto: Adri\u00e1n Saavedra<\/em><\/figcaption><\/figure>\n\n\n\n<h4 class=\"wp-block-heading\"><strong>Futuro<\/strong><\/h4>\n\n\n\n<p>Adem\u00e1s de gestionar su propio restaurante, uno de los sue\u00f1os del marroqu\u00ed es poder publicar un libro sobre su experiencia como migrante desde que sali\u00f3 de su hogar hasta el presente.&nbsp;<\/p>\n\n\n\n<p>\u201cLo escribo en tercera persona, pero est\u00e1 basado en mi historia y en la de muchos de los que vienen. Testimonios y experiencias de los que hemos pasado por esta situaci\u00f3n\u201d, explica sobre su libro.<\/p>\n\n\n\n<p>Med echa la vista atr\u00e1s y recuerda lo mucho que han cambiado los sue\u00f1os que ten\u00eda cuando lleg\u00f3 y los de ahora. \u201cAhora valoro mucho el tiempo. El plan con el que llegas, cambia totalmente. Conforme vas consiguiendo objetivos, vas sumando nuevos y ya no piensas en volver a tu pa\u00eds, tus prioridades cambian\u201d, dice. \u201cEmpezar a trabajar fue un logro para m\u00ed, pod\u00eda enviar dinero a mi familia y me sent\u00eda m\u00e1s independiente, m\u00e1s libre. Ahora mismo, he conseguido m\u00e1s de lo que he so\u00f1ado\u201d.<\/p>\n\n\n\n<figure class=\"wp-block-image size-large\"><img loading=\"lazy\" decoding=\"async\" width=\"1024\" height=\"683\" src=\"https:\/\/baynana.es\/wp-content\/uploads\/2023\/11\/ENTREVISTA-MED-MARCA-DE-AGUA-57-1024x683.jpg\" alt=\"\" class=\"wp-image-7961\" srcset=\"https:\/\/baynana.es\/wp-content\/uploads\/2023\/11\/ENTREVISTA-MED-MARCA-DE-AGUA-57-1024x683.jpg 1024w, https:\/\/baynana.es\/wp-content\/uploads\/2023\/11\/ENTREVISTA-MED-MARCA-DE-AGUA-57-300x200.jpg 300w, https:\/\/baynana.es\/wp-content\/uploads\/2023\/11\/ENTREVISTA-MED-MARCA-DE-AGUA-57-768x512.jpg 768w, https:\/\/baynana.es\/wp-content\/uploads\/2023\/11\/ENTREVISTA-MED-MARCA-DE-AGUA-57-1536x1024.jpg 1536w, https:\/\/baynana.es\/wp-content\/uploads\/2023\/11\/ENTREVISTA-MED-MARCA-DE-AGUA-57-2048x1365.jpg 2048w, https:\/\/baynana.es\/wp-content\/uploads\/2023\/11\/ENTREVISTA-MED-MARCA-DE-AGUA-57-600x400.jpg 600w\" sizes=\"auto, (max-width: 1024px) 100vw, 1024px\" \/><figcaption class=\"wp-element-caption\">Obra de la colecci\u00f3n de pateras y cayucos de Med. Foto: Adri\u00e1n Saavedra.<\/figcaption><\/figure>\n\n\n\n<p>A pesar de sentirse feliz con su vida actual, Med hace mucho hincapi\u00e9 en que no ha sido f\u00e1cil todo lo vivido hasta ahora, una carrera llena de obst\u00e1culos muy dif\u00edcil de saltar.&nbsp;<\/p>\n\n\n\n<p>\u201cHay que luchar para conseguir las cosas, salir de la zona de confort. Si t\u00fa no haces el esfuerzo, nadie te va a dar nada. Lucha, aprende y aprovecha cada oportunidad que se presente\u201d aconseja a todas las personas que emigran.<\/p>\n\n\n\n<p><strong><em>\u201cEl esfuerzo ha merecido la pena. Ahora tengo un hijo y una mujer. Un no y un s\u00ed pueden cambiar todo. Ha sido un trayecto muy dif\u00edcil, con muchos altibajos, no puedo olvidar todo lo malo que he vivido, pero ahora\u2026soy feliz\u201d:<\/em><\/strong> de Med de 30 a\u00f1os para Med de 15 a\u00f1os.<\/p>\n","protected":false},"excerpt":{"rendered":"<p>22 noviembre\u060c 2023 \u201cLuchar, luchar y luchar. Si queremos conseguir metas, hay que luchar. Los l\u00edmites los ponemos nosotros\u201d. Este es el consejo que Med, marroqu\u00ed afincado en Canarias desde hace 15 a\u00f1os, da a todos los migrantes que dejan atr\u00e1s su pa\u00eds. Mohammed el Montaser el Baz, conocido como Med, lleg\u00f3 a la isla &hellip;<\/p>\n","protected":false},"author":10,"featured_media":7951,"comment_status":"closed","ping_status":"closed","sticky":false,"template":"","format":"standard","meta":{"inline_featured_image":false,"footnotes":""},"categories":[11,67],"tags":[91],"ppma_author":[],"class_list":["post-7950","post","type-post","status-publish","format-standard","has-post-thumbnail","hentry","category-inicio","category-nuestras-historias","tag-revista-baynana"],"acf":[],"yoast_head":"<!-- This site is optimized with the Yoast SEO plugin v25.3.1 - https:\/\/yoast.com\/wordpress\/plugins\/seo\/ -->\n<title>MED, PINTAR EL MAR PARA SANAR<\/title>\n<meta name=\"description\" content=\"Mohammed el Montaser el Baz, de origen marroqu\u00ed, es chef en un prestigioso hotel de la isla de Gran Canaria y uno de artistas\" \/>\n<meta name=\"robots\" content=\"index, follow, max-snippet:-1, max-image-preview:large, max-video-preview:-1\" \/>\n<link rel=\"canonical\" href=\"https:\/\/baynana.es\/es\/med-pintar-el-mar-para-sanar\/\" \/>\n<meta property=\"og:locale\" content=\"es_ES\" \/>\n<meta property=\"og:type\" content=\"article\" \/>\n<meta property=\"og:title\" content=\"MED, PINTAR EL MAR PARA SANAR\" \/>\n<meta property=\"og:description\" content=\"Mohammed el Montaser el Baz, de origen marroqu\u00ed, es chef en un prestigioso hotel de la isla de Gran Canaria y uno de artistas\" \/>\n<meta property=\"og:url\" content=\"https:\/\/baynana.es\/es\/med-pintar-el-mar-para-sanar\/\" \/>\n<meta property=\"og:site_name\" content=\"Baynana \u0628\u064a\u0646\u0646\u0627\" \/>\n<meta property=\"article:publisher\" content=\"https:\/\/www.facebook.com\/baynanaes\" \/>\n<meta property=\"article:published_time\" content=\"2023-11-22T06:00:00+00:00\" \/>\n<meta property=\"og:image\" content=\"https:\/\/baynana.es\/wp-content\/uploads\/2023\/11\/ENTREVISTA-MED-MARCA-DE-AGUA-131-scaled.jpg\" \/>\n\t<meta property=\"og:image:width\" content=\"2560\" \/>\n\t<meta property=\"og:image:height\" content=\"1707\" \/>\n\t<meta property=\"og:image:type\" content=\"image\/jpeg\" \/>\n<meta name=\"author\" content=\"Elvira Delgado\" \/>\n<meta name=\"twitter:card\" content=\"summary_large_image\" \/>\n<meta name=\"twitter:creator\" content=\"@baynanaes\" \/>\n<meta name=\"twitter:site\" content=\"@baynanaes\" \/>\n<meta name=\"twitter:label1\" content=\"Escrito por\" \/>\n\t<meta name=\"twitter:data1\" content=\"Elvira Delgado\" \/>\n\t<meta name=\"twitter:label2\" content=\"Tiempo de lectura\" \/>\n\t<meta name=\"twitter:data2\" content=\"12 minutos\" \/>\n<script type=\"application\/ld+json\" class=\"yoast-schema-graph\">{\"@context\":\"https:\/\/schema.org\",\"@graph\":[{\"@type\":\"Article\",\"@id\":\"https:\/\/baynana.es\/es\/med-pintar-el-mar-para-sanar\/#article\",\"isPartOf\":{\"@id\":\"https:\/\/baynana.es\/es\/med-pintar-el-mar-para-sanar\/\"},\"author\":{\"name\":\"Elvira Delgado\",\"@id\":\"https:\/\/baynana.es\/#\/schema\/person\/1fda87168915eed63f9423b76b9a0d0a\"},\"headline\":\"MED, PINTAR EL MAR PARA SANAR\",\"datePublished\":\"2023-11-22T06:00:00+00:00\",\"mainEntityOfPage\":{\"@id\":\"https:\/\/baynana.es\/es\/med-pintar-el-mar-para-sanar\/\"},\"wordCount\":1708,\"publisher\":{\"@id\":\"https:\/\/baynana.es\/#organization\"},\"image\":{\"@id\":\"https:\/\/baynana.es\/es\/med-pintar-el-mar-para-sanar\/#primaryimage\"},\"thumbnailUrl\":\"https:\/\/baynana.es\/wp-content\/uploads\/2023\/11\/ENTREVISTA-MED-MARCA-DE-AGUA-131-scaled.jpg\",\"keywords\":[\"REVISTA BAYNANA\"],\"articleSection\":[\"INICIO\",\"NUESTRAS HISTORIAS\"],\"inLanguage\":\"es\"},{\"@type\":\"WebPage\",\"@id\":\"https:\/\/baynana.es\/es\/med-pintar-el-mar-para-sanar\/\",\"url\":\"https:\/\/baynana.es\/es\/med-pintar-el-mar-para-sanar\/\",\"name\":\"MED, PINTAR EL MAR PARA SANAR\",\"isPartOf\":{\"@id\":\"https:\/\/baynana.es\/#website\"},\"primaryImageOfPage\":{\"@id\":\"https:\/\/baynana.es\/es\/med-pintar-el-mar-para-sanar\/#primaryimage\"},\"image\":{\"@id\":\"https:\/\/baynana.es\/es\/med-pintar-el-mar-para-sanar\/#primaryimage\"},\"thumbnailUrl\":\"https:\/\/baynana.es\/wp-content\/uploads\/2023\/11\/ENTREVISTA-MED-MARCA-DE-AGUA-131-scaled.jpg\",\"datePublished\":\"2023-11-22T06:00:00+00:00\",\"description\":\"Mohammed el Montaser el Baz, de origen marroqu\u00ed, es chef en un prestigioso hotel de la isla de Gran Canaria y uno de artistas\",\"breadcrumb\":{\"@id\":\"https:\/\/baynana.es\/es\/med-pintar-el-mar-para-sanar\/#breadcrumb\"},\"inLanguage\":\"es\",\"potentialAction\":[{\"@type\":\"ReadAction\",\"target\":[\"https:\/\/baynana.es\/es\/med-pintar-el-mar-para-sanar\/\"]}]},{\"@type\":\"ImageObject\",\"inLanguage\":\"es\",\"@id\":\"https:\/\/baynana.es\/es\/med-pintar-el-mar-para-sanar\/#primaryimage\",\"url\":\"https:\/\/baynana.es\/wp-content\/uploads\/2023\/11\/ENTREVISTA-MED-MARCA-DE-AGUA-131-scaled.jpg\",\"contentUrl\":\"https:\/\/baynana.es\/wp-content\/uploads\/2023\/11\/ENTREVISTA-MED-MARCA-DE-AGUA-131-scaled.jpg\",\"width\":2560,\"height\":1707,\"caption\":\"Mohammed el Montaser el Baz en su estudio de pintura. Foto: Adri\u00e1n Saavedra.\"},{\"@type\":\"BreadcrumbList\",\"@id\":\"https:\/\/baynana.es\/es\/med-pintar-el-mar-para-sanar\/#breadcrumb\",\"itemListElement\":[{\"@type\":\"ListItem\",\"position\":1,\"name\":\"Portada\",\"item\":\"https:\/\/baynana.es\/es\/\"},{\"@type\":\"ListItem\",\"position\":2,\"name\":\"MED, PINTAR EL MAR PARA SANAR\"}]},{\"@type\":\"WebSite\",\"@id\":\"https:\/\/baynana.es\/#website\",\"url\":\"https:\/\/baynana.es\/\",\"name\":\"Baynana \u0628\u064a\u0646\u0646\u0627\",\"description\":\"Baynana Revista \u0645\u062c\u0644\u0629 \u0628\u064a\u0646\u0646\u0627\",\"publisher\":{\"@id\":\"https:\/\/baynana.es\/#organization\"},\"potentialAction\":[{\"@type\":\"SearchAction\",\"target\":{\"@type\":\"EntryPoint\",\"urlTemplate\":\"https:\/\/baynana.es\/?s={search_term_string}\"},\"query-input\":{\"@type\":\"PropertyValueSpecification\",\"valueRequired\":true,\"valueName\":\"search_term_string\"}}],\"inLanguage\":\"es\"},{\"@type\":\"Organization\",\"@id\":\"https:\/\/baynana.es\/#organization\",\"name\":\"\u0628\u064a\u0646\u0646\u0627 Baynana\",\"url\":\"https:\/\/baynana.es\/\",\"logo\":{\"@type\":\"ImageObject\",\"inLanguage\":\"es\",\"@id\":\"https:\/\/baynana.es\/#\/schema\/logo\/image\/\",\"url\":\"https:\/\/baynana.es\/wp-content\/uploads\/2021\/03\/Artboard-1.png\",\"contentUrl\":\"https:\/\/baynana.es\/wp-content\/uploads\/2021\/03\/Artboard-1.png\",\"width\":315,\"height\":228,\"caption\":\"\u0628\u064a\u0646\u0646\u0627 Baynana\"},\"image\":{\"@id\":\"https:\/\/baynana.es\/#\/schema\/logo\/image\/\"},\"sameAs\":[\"https:\/\/www.facebook.com\/baynanaes\",\"https:\/\/x.com\/baynanaes\",\"https:\/\/www.instagram.com\/baynanaes\/\",\"https:\/\/www.linkedin.com\/in\/baynana-\u0628\u064a\u0646\u0646\u0627-887599211\/\",\"https:\/\/www.youtube.com\/channel\/UC3019bsq5wOpi61SOufKxPA\"]},{\"@type\":\"Person\",\"@id\":\"https:\/\/baynana.es\/#\/schema\/person\/1fda87168915eed63f9423b76b9a0d0a\",\"name\":\"Elvira Delgado\",\"image\":{\"@type\":\"ImageObject\",\"inLanguage\":\"es\",\"@id\":\"https:\/\/baynana.es\/#\/schema\/person\/image\/93da270c41af30cb5266a86539fd5b28\",\"url\":\"https:\/\/baynana.es\/wp-content\/uploads\/2021\/10\/Elvira-web-96x96.png\",\"contentUrl\":\"https:\/\/baynana.es\/wp-content\/uploads\/2021\/10\/Elvira-web-96x96.png\",\"caption\":\"Elvira Delgado\"},\"description\":\"Doble grado en Periodismo y Comunicaci\u00f3n Audiovisual.3 a\u00f1os de experiencia en televisi\u00f3n como realizadora (Mediaset).Periodista freelance sobre temas sociales y humanitarios. Art\u00edculos publicados en Planeta Futuro y La Voz de los ODS (UNRWA). Experiencia en el terreno en Bosnia: reportajes sobre los migrantes que recorren la Ruta de los Balcanes. Colabora con Baynana.\",\"url\":\"https:\/\/baynana.es\/es\/author\/elvira\/\"}]}<\/script>\n<!-- \/ Yoast SEO plugin. -->","yoast_head_json":{"title":"MED, PINTAR EL MAR PARA SANAR","description":"Mohammed el Montaser el Baz, de origen marroqu\u00ed, es chef en un prestigioso hotel de la isla de Gran Canaria y uno de artistas","robots":{"index":"index","follow":"follow","max-snippet":"max-snippet:-1","max-image-preview":"max-image-preview:large","max-video-preview":"max-video-preview:-1"},"canonical":"https:\/\/baynana.es\/es\/med-pintar-el-mar-para-sanar\/","og_locale":"es_ES","og_type":"article","og_title":"MED, PINTAR EL MAR PARA SANAR","og_description":"Mohammed el Montaser el Baz, de origen marroqu\u00ed, es chef en un prestigioso hotel de la isla de Gran Canaria y uno de artistas","og_url":"https:\/\/baynana.es\/es\/med-pintar-el-mar-para-sanar\/","og_site_name":"Baynana \u0628\u064a\u0646\u0646\u0627","article_publisher":"https:\/\/www.facebook.com\/baynanaes","article_published_time":"2023-11-22T06:00:00+00:00","og_image":[{"width":2560,"height":1707,"url":"https:\/\/baynana.es\/wp-content\/uploads\/2023\/11\/ENTREVISTA-MED-MARCA-DE-AGUA-131-scaled.jpg","type":"image\/jpeg"}],"author":"Elvira Delgado","twitter_card":"summary_large_image","twitter_creator":"@baynanaes","twitter_site":"@baynanaes","twitter_misc":{"Escrito por":"Elvira Delgado","Tiempo de lectura":"12 minutos"},"schema":{"@context":"https:\/\/schema.org","@graph":[{"@type":"Article","@id":"https:\/\/baynana.es\/es\/med-pintar-el-mar-para-sanar\/#article","isPartOf":{"@id":"https:\/\/baynana.es\/es\/med-pintar-el-mar-para-sanar\/"},"author":{"name":"Elvira Delgado","@id":"https:\/\/baynana.es\/#\/schema\/person\/1fda87168915eed63f9423b76b9a0d0a"},"headline":"MED, PINTAR EL MAR PARA SANAR","datePublished":"2023-11-22T06:00:00+00:00","mainEntityOfPage":{"@id":"https:\/\/baynana.es\/es\/med-pintar-el-mar-para-sanar\/"},"wordCount":1708,"publisher":{"@id":"https:\/\/baynana.es\/#organization"},"image":{"@id":"https:\/\/baynana.es\/es\/med-pintar-el-mar-para-sanar\/#primaryimage"},"thumbnailUrl":"https:\/\/baynana.es\/wp-content\/uploads\/2023\/11\/ENTREVISTA-MED-MARCA-DE-AGUA-131-scaled.jpg","keywords":["REVISTA BAYNANA"],"articleSection":["INICIO","NUESTRAS HISTORIAS"],"inLanguage":"es"},{"@type":"WebPage","@id":"https:\/\/baynana.es\/es\/med-pintar-el-mar-para-sanar\/","url":"https:\/\/baynana.es\/es\/med-pintar-el-mar-para-sanar\/","name":"MED, PINTAR EL MAR PARA SANAR","isPartOf":{"@id":"https:\/\/baynana.es\/#website"},"primaryImageOfPage":{"@id":"https:\/\/baynana.es\/es\/med-pintar-el-mar-para-sanar\/#primaryimage"},"image":{"@id":"https:\/\/baynana.es\/es\/med-pintar-el-mar-para-sanar\/#primaryimage"},"thumbnailUrl":"https:\/\/baynana.es\/wp-content\/uploads\/2023\/11\/ENTREVISTA-MED-MARCA-DE-AGUA-131-scaled.jpg","datePublished":"2023-11-22T06:00:00+00:00","description":"Mohammed el Montaser el Baz, de origen marroqu\u00ed, es chef en un prestigioso hotel de la isla de Gran Canaria y uno de artistas","breadcrumb":{"@id":"https:\/\/baynana.es\/es\/med-pintar-el-mar-para-sanar\/#breadcrumb"},"inLanguage":"es","potentialAction":[{"@type":"ReadAction","target":["https:\/\/baynana.es\/es\/med-pintar-el-mar-para-sanar\/"]}]},{"@type":"ImageObject","inLanguage":"es","@id":"https:\/\/baynana.es\/es\/med-pintar-el-mar-para-sanar\/#primaryimage","url":"https:\/\/baynana.es\/wp-content\/uploads\/2023\/11\/ENTREVISTA-MED-MARCA-DE-AGUA-131-scaled.jpg","contentUrl":"https:\/\/baynana.es\/wp-content\/uploads\/2023\/11\/ENTREVISTA-MED-MARCA-DE-AGUA-131-scaled.jpg","width":2560,"height":1707,"caption":"Mohammed el Montaser el Baz en su estudio de pintura. Foto: Adri\u00e1n Saavedra."},{"@type":"BreadcrumbList","@id":"https:\/\/baynana.es\/es\/med-pintar-el-mar-para-sanar\/#breadcrumb","itemListElement":[{"@type":"ListItem","position":1,"name":"Portada","item":"https:\/\/baynana.es\/es\/"},{"@type":"ListItem","position":2,"name":"MED, PINTAR EL MAR PARA SANAR"}]},{"@type":"WebSite","@id":"https:\/\/baynana.es\/#website","url":"https:\/\/baynana.es\/","name":"Baynana \u0628\u064a\u0646\u0646\u0627","description":"Baynana Revista \u0645\u062c\u0644\u0629 \u0628\u064a\u0646\u0646\u0627","publisher":{"@id":"https:\/\/baynana.es\/#organization"},"potentialAction":[{"@type":"SearchAction","target":{"@type":"EntryPoint","urlTemplate":"https:\/\/baynana.es\/?s={search_term_string}"},"query-input":{"@type":"PropertyValueSpecification","valueRequired":true,"valueName":"search_term_string"}}],"inLanguage":"es"},{"@type":"Organization","@id":"https:\/\/baynana.es\/#organization","name":"\u0628\u064a\u0646\u0646\u0627 Baynana","url":"https:\/\/baynana.es\/","logo":{"@type":"ImageObject","inLanguage":"es","@id":"https:\/\/baynana.es\/#\/schema\/logo\/image\/","url":"https:\/\/baynana.es\/wp-content\/uploads\/2021\/03\/Artboard-1.png","contentUrl":"https:\/\/baynana.es\/wp-content\/uploads\/2021\/03\/Artboard-1.png","width":315,"height":228,"caption":"\u0628\u064a\u0646\u0646\u0627 Baynana"},"image":{"@id":"https:\/\/baynana.es\/#\/schema\/logo\/image\/"},"sameAs":["https:\/\/www.facebook.com\/baynanaes","https:\/\/x.com\/baynanaes","https:\/\/www.instagram.com\/baynanaes\/","https:\/\/www.linkedin.com\/in\/baynana-\u0628\u064a\u0646\u0646\u0627-887599211\/","https:\/\/www.youtube.com\/channel\/UC3019bsq5wOpi61SOufKxPA"]},{"@type":"Person","@id":"https:\/\/baynana.es\/#\/schema\/person\/1fda87168915eed63f9423b76b9a0d0a","name":"Elvira Delgado","image":{"@type":"ImageObject","inLanguage":"es","@id":"https:\/\/baynana.es\/#\/schema\/person\/image\/93da270c41af30cb5266a86539fd5b28","url":"https:\/\/baynana.es\/wp-content\/uploads\/2021\/10\/Elvira-web-96x96.png","contentUrl":"https:\/\/baynana.es\/wp-content\/uploads\/2021\/10\/Elvira-web-96x96.png","caption":"Elvira Delgado"},"description":"Doble grado en Periodismo y Comunicaci\u00f3n Audiovisual.3 a\u00f1os de experiencia en televisi\u00f3n como realizadora (Mediaset).Periodista freelance sobre temas sociales y humanitarios. Art\u00edculos publicados en Planeta Futuro y La Voz de los ODS (UNRWA). Experiencia en el terreno en Bosnia: reportajes sobre los migrantes que recorren la Ruta de los Balcanes. Colabora con Baynana.","url":"https:\/\/baynana.es\/es\/author\/elvira\/"}]}},"authors":[{"term_id":509,"user_id":10,"is_guest":0,"slug":"elvira","display_name":"Elvira Delgado","avatar_url":"https:\/\/baynana.es\/wp-content\/uploads\/2021\/10\/Elvira-web-96x96.png","author_category":"","first_name":"Elvira","last_name":"Delgado","user_url":"","job_title":"","description":"Doble grado en Periodismo y Comunicaci\u00f3n Audiovisual.3 a\u00f1os de experiencia en televisi\u00f3n como realizadora (Mediaset).Periodista freelance sobre temas sociales y humanitarios. Art\u00edculos publicados en Planeta Futuro y La Voz de los ODS (UNRWA). Experiencia en el terreno en Bosnia: reportajes sobre los migrantes que recorren la Ruta de los Balcanes. Colabora con Baynana."}],"_links":{"self":[{"href":"https:\/\/baynana.es\/es\/wp-json\/wp\/v2\/posts\/7950","targetHints":{"allow":["GET"]}}],"collection":[{"href":"https:\/\/baynana.es\/es\/wp-json\/wp\/v2\/posts"}],"about":[{"href":"https:\/\/baynana.es\/es\/wp-json\/wp\/v2\/types\/post"}],"author":[{"embeddable":true,"href":"https:\/\/baynana.es\/es\/wp-json\/wp\/v2\/users\/10"}],"replies":[{"embeddable":true,"href":"https:\/\/baynana.es\/es\/wp-json\/wp\/v2\/comments?post=7950"}],"version-history":[{"count":3,"href":"https:\/\/baynana.es\/es\/wp-json\/wp\/v2\/posts\/7950\/revisions"}],"predecessor-version":[{"id":7964,"href":"https:\/\/baynana.es\/es\/wp-json\/wp\/v2\/posts\/7950\/revisions\/7964"}],"wp:featuredmedia":[{"embeddable":true,"href":"https:\/\/baynana.es\/es\/wp-json\/wp\/v2\/media\/7951"}],"wp:attachment":[{"href":"https:\/\/baynana.es\/es\/wp-json\/wp\/v2\/media?parent=7950"}],"wp:term":[{"taxonomy":"category","embeddable":true,"href":"https:\/\/baynana.es\/es\/wp-json\/wp\/v2\/categories?post=7950"},{"taxonomy":"post_tag","embeddable":true,"href":"https:\/\/baynana.es\/es\/wp-json\/wp\/v2\/tags?post=7950"},{"taxonomy":"author","embeddable":true,"href":"https:\/\/baynana.es\/es\/wp-json\/wp\/v2\/ppma_author?post=7950"}],"curies":[{"name":"wp","href":"https:\/\/api.w.org\/{rel}","templated":true}]}}