{"id":8045,"date":"2023-12-14T19:17:03","date_gmt":"2023-12-14T18:17:03","guid":{"rendered":"https:\/\/baynana.es\/?p=8045"},"modified":"2023-12-15T13:06:07","modified_gmt":"2023-12-15T12:06:07","slug":"una-holanda-con-la-ultraderecha-al-mando-pone-en-vilo-al-colectivo-migrante","status":"publish","type":"post","link":"https:\/\/baynana.es\/es\/una-holanda-con-la-ultraderecha-al-mando-pone-en-vilo-al-colectivo-migrante\/","title":{"rendered":"Una Holanda con la ultraderecha al mando pone en vilo al colectivo migrante\u00a0\u00a0"},"content":{"rendered":"<div class=\"wp-block-post-date\"><time datetime=\"2023-12-14T19:17:03+01:00\">14 diciembre\u060c 2023<\/time><\/div>\n\n\n<p>Jubayr Sayah (Siria, 33 a\u00f1os) espera con incertidumbre la nueva transici\u00f3n de gobierno en el pa\u00eds en el que reside, Pa\u00edses Bajos.&nbsp;<\/p>\n\n\n\n<p>Hace menos de un mes, el 22 de noviembre de 2023, el ultraderechista y abiertamente defensor de las pol\u00edticas antiinmigraci\u00f3n Geert Wilders, del Partido por la Libertad (PVV), obtuvo un <a href=\"https:\/\/elpais.com\/internacional\/2023-11-22\/la-ultraderecha-liderada-por-wilders-gana-las-elecciones-en-paises-bajos-segun-las-primeras-estimaciones.html\">triunfo electoral inesperado con 37 esca\u00f1os de un Congreso de 150<\/a>. Para Sayah, este partido \u201ces hostil con los refugiados y en general con los migrantes. Nos preocupa que se intensifiquen las dificultades en las solicitudes y la aceptaci\u00f3n de asilo para los refugiados\u201d, menciona desde su residencia en Smilde, una peque\u00f1a localidad holandesa ubicada en el norte de Pa\u00edses Bajos.&nbsp;<\/p>\n\n\n\n<p>\u201cAhora nos mantenemos en alerta de las nuevas decisiones. Una de ellas, es la aplicaci\u00f3n severa de la <a href=\"https:\/\/www.theguardian.com\/world\/2019\/aug\/01\/dutch-police-signal-unwillingness-enforce-new-burqa-ban\">ley que proh\u00edbe el uso del hiyab<\/a> para las mujeres en dependencias p\u00fablicas\u201d, lamenta.<\/p>\n\n\n\n<p>Sayah, que ahora forma parte de las m\u00e1s de <a href=\"https:\/\/www.oecd-ilibrary.org\/sites\/aac2e6e6-en\/index.html?itemId=\/content\/component\/aac2e6e6-en\">36.000 personas que en 2022<\/a> solicitaron asilo humanitario para residir en Pa\u00edses Bajos, lleg\u00f3 hace algo m\u00e1s de un a\u00f1o y medio al campamento de refugiados de la ciudad de Assen, al norte del pa\u00eds, tras un largo periplo. Su oficio como periodista le permiti\u00f3 denunciar varios casos de corrupci\u00f3n y continuas violaciones a los derechos humanos cometidas por parte del r\u00e9gimen de Bashar Al Asad, actual presidente de Siria. Todo esto desemboc\u00f3 en que \u00e9l y su familia vivieran un asedio continuo del gobierno sirio.&nbsp;<\/p>\n\n\n\n<p><a href=\"https:\/\/www.eldiario.es\/internacional\/daraa-cuna-levantamiento-sirio-guerra-encubierta-asesinatos-silenciosos_1_10056645.html\">Daara, la ciudad natal de Sayah<\/a>, en 2011 se convirti\u00f3 en el semillero de la revoluci\u00f3n siria contra Assad. Sin embargo, desde 2018 el r\u00e9gimen tom\u00f3 el control y ahora lidera una guerra secreta de asesinatos contra sus opositores. \u201cLlegaron a mi pueblo y empezaron a buscarme casa por casa. Supe que mi familia y yo est\u00e1bamos en peligro y deb\u00edamos salir de all\u00ed lo antes posible\u201d, explica en entrevista con Baynana.&nbsp;<\/p>\n\n\n\n<h4 class=\"wp-block-heading\"><strong>Del sentido com\u00fan al estereotipo<\/strong><\/h4>\n\n\n\n<p>\u201cLas propuestas de Wilders anteponen los derechos de los holandeses, por eso mucha gente est\u00e1 de acuerdo con su triunfo electoral, para limitar la llegada de refugiados y aprobar sus leyes\u201d, comenta Sayah. Aunque las negociaciones entre el presidente del PVV y los representantes de los tres partidos de centroderecha del pa\u00eds para formar coalici\u00f3n podr\u00e1n extenderse <a href=\"https:\/\/www.reuters.com\/world\/europe\/tough-coalition-talks-ahead-after-far-rights-dutch-election-win-2023-11-22\/\">hasta bien entrado el 2024<\/a>, lo cierto es que el ambiente de incertidumbre no solo afecta a Sayah y su familia, sino al colectivo migrante y refugiado que reside en este pa\u00eds.<\/p>\n\n\n\n<figure class=\"wp-block-embed is-type-rich is-provider-twitter wp-block-embed-twitter\"><div class=\"wp-block-embed__wrapper\">\n<blockquote class=\"twitter-tweet\" data-width=\"500\" data-dnt=\"true\"><p lang=\"en\" dir=\"ltr\">&quot;I have received numerous fatwas from Pakistan and Arab Imams, but I am not afraid. People in Netherlands are waking up. Are they calling us racists? In Netherlands and other European countries, natives are discriminated against because houses are given to asylum seekers. Who is\u2026 <a href=\"https:\/\/t.co\/ppjg2TFrDC\">pic.twitter.com\/ppjg2TFrDC<\/a><\/p>&mdash; RadioGenoa (@RadioGenoa) <a href=\"https:\/\/twitter.com\/RadioGenoa\/status\/1732385676245528767?ref_src=twsrc%5Etfw\">December 6, 2023<\/a><\/blockquote><script async src=\"https:\/\/platform.twitter.com\/widgets.js\" charset=\"utf-8\"><\/script>\n<\/div><\/figure>\n\n\n\n<p>Para el analista e investigador de movimientos sociales, discursos de odio y extrema derecha, <a href=\"https:\/\/miquelramos.me\/\">Miquel Ramos<\/a>, el triunfo electoral de Wilders en los Pa\u00edses Bajos es una muestra clara de c\u00f3mo la ultraderecha lidera una batalla cultural centrada en conquistar el sentido com\u00fan de las personas. \u201cLa extrema derecha crea un enemigo, que es la migraci\u00f3n. De esta manera, todos los fallos del sistema se eximen de dar respuesta a muchos de los problemas econ\u00f3micos latentes, desde la vivienda hasta poder llegar a fin de mes\u201d.&nbsp;<\/p>\n\n\n\n<p>Ramos explica que ese sentido com\u00fan, que ayuda a entender la importancia de que los derechos humanos deben ser accesibles para todos, se ve manipulado por el discurso de la extrema derecha. \u201cNos hacen creer que si unos ganan derechos, otros los perdemos.&nbsp; Entonces logran que un trabajador vote m\u00e1s motivado por la supuesta competencia que le supone una persona migrante antes que por su condici\u00f3n de clase que le haga exigir leyes que le ayuden de alguna manera a su precariedad\u201d.&nbsp;<\/p>\n\n\n\n<p>Khalid Jones (Sud\u00e1n, 41 a\u00f1os), tambi\u00e9n residente en Pa\u00edses Bajos, no se sorprende por la victoria del l\u00edder del Partido por la Libertad. \u201cMuchos pol\u00edticos env\u00edan discursos de igualdad y garant\u00edas, no solo para los locales, sino para los migrantes y refugiados, pero luego nos atacan [a los migrantes] con persecuciones policiales, desalojos y pol\u00edticas antiinmigraci\u00f3n\u201d, denuncia.&nbsp;<\/p>\n\n\n\n<h4 class=\"wp-block-heading\"><strong>Una discriminaci\u00f3n hist\u00f3rica<\/strong><\/h4>\n\n\n\n<p>Jones sali\u00f3 de su natal Darfur, situada en el occidente de Sud\u00e1n hace 20 a\u00f1os. <a href=\"https:\/\/elpais.com\/internacional\/2023-04-17\/que-esta-pasando-en-sudan-el-conflicto-en-10-claves.html\">La escalada de violencia<\/a> producida por las disputas de poder entre las Fuerzas Armadas de Sud\u00e1n y las Fuerzas de Apoyo R\u00e1pido (el grupo paramilitar&nbsp;m\u00e1s poderoso del pa\u00eds) han obligado a m\u00e1s de <a href=\"https:\/\/www.acnur.org\/emergencias\/emergencia-en-sudan\">cinco millones de personas<\/a> a abandonar sus hogares. De esta cifra, unos cuatro millones son desplazados internos, mientras que unas 800.000 buscan protecci\u00f3n en otros pa\u00edses, como en el caso de Jones, que ya lleva 20 a\u00f1os viviendo en Pa\u00edses Bajos. \u201cEstuve indocumentado 16 a\u00f1os de mi vida, sin vivienda, sin acceso a un trabajo formal\u201d, cuenta.&nbsp;<\/p>\n\n\n\n<p>La demora de la respuesta de las solicitudes de asilo, la discriminaci\u00f3n institucional y la falta de oportunidades para que los migrantes puedan integrarse en el pa\u00eds de acogida son los principales retos que Jones desgrana. \u201cTodo esto viene pasando desde hace a\u00f1os, solo que antes los pol\u00edticos no eran honestos con nosotros\u201d, explica. \u201cAhora Wilders habla de cerrar fronteras para los migrantes o de devolvernos a nuestros pa\u00edses, pero cuando tienes que dejar tu casa no tienes otra opci\u00f3n. No piensas que vas a vivir en Holanda, sino que piensas que necesitas vivir en alguna parte\u201d, zanja el miembro y portavoz del colectivo de refugiados en \u00c1msterdam <a href=\"http:\/\/wijzijnhier.org\/\"><em>We Are Still Here<\/em><\/a><em>. <\/em>&nbsp;<\/p>\n\n\n\n<p>Jones dice que en 2018 recibi\u00f3 la autorizaci\u00f3n de permiso de residencia como refugiado humanitario tras 16 a\u00f1os de espera y con ello el gobierno le entreg\u00f3 una vivienda en \u00c1msterdam oeste. \u201cLa demora en los procesos administrativos tambi\u00e9n es una forma de discriminaci\u00f3n institucional. Sin embargo, he aprendido que, contrario al racismo institucional, la gente de los barrios nos apoya y la integraci\u00f3n es mucho m\u00e1s f\u00e1cil\u201d.<\/p>\n\n\n\n<p>Sh., una joven siria de 29 a\u00f1os, que prefiere no decir su identidad por seguridad, coincide con Jones. \u201cLa integraci\u00f3n con la gente nacional es bastante f\u00e1cil\u201d, cuenta. \u201cAl principio, me sent\u00eda inquieta como mujer con velo, pens\u00e9 que podr\u00eda estar expuesta a alg\u00fan tipo de racismo por usar el hiyab, pero despu\u00e9s de un corto per\u00edodo de tiempo mi visi\u00f3n cambi\u00f3\u201d.<\/p>\n\n\n\n<p>Ella lleg\u00f3 al&nbsp;<a href=\"https:\/\/elpais.com\/internacional\/2022-08-29\/migrantes-hacinados-y-rodeados-de-mugre-a-las-puertas-de-un-centro-de-asilo-en-paises-bajos.html\">centro nacional de recepci\u00f3n de refugiados de la localidad de Ter Apel<\/a> a mediados de 2022 y al poco tiempo ha recibido un permiso de residencia por cinco a\u00f1os. Ahora Sh. y su familia residen en Drenthe, una provincia ubicada al noreste de Pa\u00edses Bajos, en la frontera con Alemania. Para ella, aunque la comunidad facilita la convivencia y adaptaci\u00f3n a las din\u00e1micas sociales del lugar, temas como las posibles restricciones al uso del velo en espacios p\u00fablicos le preocupan. \u201cIndependientemente de vivir en esta nueva sociedad, el hiyab para m\u00ed representa parte de mi identidad, de mi religi\u00f3n y de las costumbres sirias, no lo dejar\u00eda, aunque esta ley entre en vigencia\u201d.<\/p>\n\n\n\n<p>Laura Mijares Molina, arabista de formaci\u00f3n y directora del grupo de investigaci\u00f3n de an\u00e1lisis sobre el islam en la Universidad Complutense de Madrid, explica que los discursos de la extrema derecha vinculados a la islamofobia son una estrategia, no solo para evitar hablar del racismo, sino tambi\u00e9n para no ser acusado de racista. En este sentido, la experta concreta que la islamofobia tambi\u00e9n tiene una fuerte carga de discriminaci\u00f3n de g\u00e9nero porque \u201cel velo instrumentaliza la discriminaci\u00f3n de las mujeres para justificar y legitimar que se pueda cuestionar su uso e incluso legislar y prohibirlo en distintos espacios, aduciendo para ello argumentos relacionados con la defensa de los derechos de las mujeres\u201d, zanja.&nbsp;<\/p>\n\n\n\n<p>En su cuenta de X (antes Twitter), Wilders ha normalizado comentarios como: \u201cLo que deseamos es detener el tsunami de la inmigraci\u00f3n\u201d o \u201c<a href=\"https:\/\/twitter.com\/RadioGenoa\/status\/1732385676245528767\">hay que eliminar todas las subvenciones a los inmigrantes ilegales<\/a> y dar casas, construidas por nuestros abuelos, a los europeos. \u00bfEst\u00e1 usted de acuerdo?\u201d; adem\u00e1s de propuestas como <a href=\"https:\/\/www.bbc.com\/mundo\/articles\/c4n5zlq79lvo\">la prohibici\u00f3n del Cor\u00e1n, el cierre de mezquitas<\/a> y hacer un refer\u00e9ndum para que Pa\u00edses Bajos abandone la Uni\u00f3n Europea (UE), al igual que lo hizo Reino Unido.&nbsp;<\/p>\n\n\n\n<p>Ramos explica que estos discursos no son una receta nueva. Todo lo contrario, es el mismo relato de odio de la ultraderecha de hace cincuenta a\u00f1os, pero que \u201cha cambiado un poco la ret\u00f3rica y la est\u00e9tica. Antes nos parec\u00eda reprochable porque lo hac\u00edan los neonazis con esv\u00e1sticas y ahora lo hace un se\u00f1or con corbata. Ya no va con esv\u00e1sticas, ya no dice que son razas superiores, dice que son culturas incompatibles. Han cambiado al jud\u00edo por el musulm\u00e1n y el antisemitismo ha sido sustituido por la islamofobia\u201d, concluye.<\/p>\n","protected":false},"excerpt":{"rendered":"<p>14 diciembre\u060c 2023 Jubayr Sayah (Siria, 33 a\u00f1os) espera con incertidumbre la nueva transici\u00f3n de gobierno en el pa\u00eds en el que reside, Pa\u00edses Bajos.&nbsp; Hace menos de un mes, el 22 de noviembre de 2023, el ultraderechista y abiertamente defensor de las pol\u00edticas antiinmigraci\u00f3n Geert Wilders, del Partido por la Libertad (PVV), obtuvo un &hellip;<\/p>\n","protected":false},"author":147,"featured_media":8060,"comment_status":"closed","ping_status":"closed","sticky":false,"template":"","format":"standard","meta":{"inline_featured_image":false,"footnotes":""},"categories":[65,11],"tags":[91],"ppma_author":[],"class_list":["post-8045","post","type-post","status-publish","format-standard","has-post-thumbnail","hentry","category-derechos","category-inicio","tag-revista-baynana"],"acf":[],"yoast_head":"<!-- This site is optimized with the Yoast SEO plugin v25.3.1 - https:\/\/yoast.com\/wordpress\/plugins\/seo\/ -->\n<title>Una Holanda con la ultraderecha al mando pone en vilo al colectivo migrante<\/title>\n<meta name=\"description\" content=\"El pa\u00eds, que actualmente tiene en espera unas 30.000 nuevas solicitudes de asilo, se prepara para una transici\u00f3n de gobierno presidida por Geert Wilders, que a\u00fan baraja una coalici\u00f3n que le permita gobernar\" \/>\n<meta name=\"robots\" content=\"index, follow, max-snippet:-1, max-image-preview:large, max-video-preview:-1\" \/>\n<link rel=\"canonical\" href=\"https:\/\/baynana.es\/es\/una-holanda-con-la-ultraderecha-al-mando-pone-en-vilo-al-colectivo-migrante\/\" \/>\n<meta property=\"og:locale\" content=\"es_ES\" \/>\n<meta property=\"og:type\" content=\"article\" \/>\n<meta property=\"og:title\" content=\"Una Holanda con la ultraderecha al mando pone en vilo al colectivo migrante\" \/>\n<meta property=\"og:description\" content=\"El pa\u00eds, que actualmente tiene en espera unas 30.000 nuevas solicitudes de asilo, se prepara para una transici\u00f3n de gobierno presidida por Geert Wilders, que a\u00fan baraja una coalici\u00f3n que le permita gobernar\" \/>\n<meta property=\"og:url\" content=\"https:\/\/baynana.es\/es\/una-holanda-con-la-ultraderecha-al-mando-pone-en-vilo-al-colectivo-migrante\/\" \/>\n<meta property=\"og:site_name\" content=\"Baynana \u0628\u064a\u0646\u0646\u0627\" \/>\n<meta property=\"article:publisher\" content=\"https:\/\/www.facebook.com\/baynanaes\" \/>\n<meta property=\"article:published_time\" content=\"2023-12-14T18:17:03+00:00\" \/>\n<meta property=\"article:modified_time\" content=\"2023-12-15T12:06:07+00:00\" \/>\n<meta property=\"og:image\" content=\"https:\/\/baynana.es\/wp-content\/uploads\/2023\/12\/NC-20220826_5635.MP4.00_53_14_34.Imagen-fija001.jpg\" \/>\n\t<meta property=\"og:image:width\" content=\"2000\" \/>\n\t<meta property=\"og:image:height\" content=\"1500\" \/>\n\t<meta property=\"og:image:type\" content=\"image\/jpeg\" \/>\n<meta name=\"author\" content=\"Paula Herrera Camacho\" \/>\n<meta name=\"twitter:card\" content=\"summary_large_image\" \/>\n<meta name=\"twitter:creator\" content=\"@baynanaes\" \/>\n<meta name=\"twitter:site\" content=\"@baynanaes\" \/>\n<meta name=\"twitter:label1\" content=\"Escrito por\" \/>\n\t<meta name=\"twitter:data1\" content=\"Paula Herrera Camacho\" \/>\n\t<meta name=\"twitter:label2\" content=\"Tiempo de lectura\" \/>\n\t<meta name=\"twitter:data2\" content=\"11 minutos\" \/>\n<script type=\"application\/ld+json\" class=\"yoast-schema-graph\">{\"@context\":\"https:\/\/schema.org\",\"@graph\":[{\"@type\":\"Article\",\"@id\":\"https:\/\/baynana.es\/es\/una-holanda-con-la-ultraderecha-al-mando-pone-en-vilo-al-colectivo-migrante\/#article\",\"isPartOf\":{\"@id\":\"https:\/\/baynana.es\/es\/una-holanda-con-la-ultraderecha-al-mando-pone-en-vilo-al-colectivo-migrante\/\"},\"author\":{\"name\":\"Paula Herrera Camacho\",\"@id\":\"https:\/\/baynana.es\/#\/schema\/person\/432924d16672b643f6d126a53936c61c\"},\"headline\":\"Una Holanda con la ultraderecha al mando pone en vilo al colectivo migrante\u00a0\u00a0\",\"datePublished\":\"2023-12-14T18:17:03+00:00\",\"dateModified\":\"2023-12-15T12:06:07+00:00\",\"mainEntityOfPage\":{\"@id\":\"https:\/\/baynana.es\/es\/una-holanda-con-la-ultraderecha-al-mando-pone-en-vilo-al-colectivo-migrante\/\"},\"wordCount\":1509,\"publisher\":{\"@id\":\"https:\/\/baynana.es\/#organization\"},\"image\":{\"@id\":\"https:\/\/baynana.es\/es\/una-holanda-con-la-ultraderecha-al-mando-pone-en-vilo-al-colectivo-migrante\/#primaryimage\"},\"thumbnailUrl\":\"https:\/\/baynana.es\/wp-content\/uploads\/2023\/12\/NC-20220826_5635.MP4.00_53_14_34.Imagen-fija001.jpg\",\"keywords\":[\"REVISTA BAYNANA\"],\"articleSection\":[\"DERECHOS\",\"INICIO\"],\"inLanguage\":\"es\"},{\"@type\":\"WebPage\",\"@id\":\"https:\/\/baynana.es\/es\/una-holanda-con-la-ultraderecha-al-mando-pone-en-vilo-al-colectivo-migrante\/\",\"url\":\"https:\/\/baynana.es\/es\/una-holanda-con-la-ultraderecha-al-mando-pone-en-vilo-al-colectivo-migrante\/\",\"name\":\"Una Holanda con la ultraderecha al mando pone en vilo al colectivo migrante\",\"isPartOf\":{\"@id\":\"https:\/\/baynana.es\/#website\"},\"primaryImageOfPage\":{\"@id\":\"https:\/\/baynana.es\/es\/una-holanda-con-la-ultraderecha-al-mando-pone-en-vilo-al-colectivo-migrante\/#primaryimage\"},\"image\":{\"@id\":\"https:\/\/baynana.es\/es\/una-holanda-con-la-ultraderecha-al-mando-pone-en-vilo-al-colectivo-migrante\/#primaryimage\"},\"thumbnailUrl\":\"https:\/\/baynana.es\/wp-content\/uploads\/2023\/12\/NC-20220826_5635.MP4.00_53_14_34.Imagen-fija001.jpg\",\"datePublished\":\"2023-12-14T18:17:03+00:00\",\"dateModified\":\"2023-12-15T12:06:07+00:00\",\"description\":\"El pa\u00eds, que actualmente tiene en espera unas 30.000 nuevas solicitudes de asilo, se prepara para una transici\u00f3n de gobierno presidida por Geert Wilders, que a\u00fan baraja una coalici\u00f3n que le permita gobernar\",\"breadcrumb\":{\"@id\":\"https:\/\/baynana.es\/es\/una-holanda-con-la-ultraderecha-al-mando-pone-en-vilo-al-colectivo-migrante\/#breadcrumb\"},\"inLanguage\":\"es\",\"potentialAction\":[{\"@type\":\"ReadAction\",\"target\":[\"https:\/\/baynana.es\/es\/una-holanda-con-la-ultraderecha-al-mando-pone-en-vilo-al-colectivo-migrante\/\"]}]},{\"@type\":\"ImageObject\",\"inLanguage\":\"es\",\"@id\":\"https:\/\/baynana.es\/es\/una-holanda-con-la-ultraderecha-al-mando-pone-en-vilo-al-colectivo-migrante\/#primaryimage\",\"url\":\"https:\/\/baynana.es\/wp-content\/uploads\/2023\/12\/NC-20220826_5635.MP4.00_53_14_34.Imagen-fija001.jpg\",\"contentUrl\":\"https:\/\/baynana.es\/wp-content\/uploads\/2023\/12\/NC-20220826_5635.MP4.00_53_14_34.Imagen-fija001.jpg\",\"width\":2000,\"height\":1500,\"caption\":\"Refugiados esperando a ser admitidos en el campamento montado en el verano de 2022 frente al centro nacional de recepci\u00f3n de Ter Apel (Pa\u00edses Bajos). NC\"},{\"@type\":\"BreadcrumbList\",\"@id\":\"https:\/\/baynana.es\/es\/una-holanda-con-la-ultraderecha-al-mando-pone-en-vilo-al-colectivo-migrante\/#breadcrumb\",\"itemListElement\":[{\"@type\":\"ListItem\",\"position\":1,\"name\":\"Portada\",\"item\":\"https:\/\/baynana.es\/es\/\"},{\"@type\":\"ListItem\",\"position\":2,\"name\":\"Una Holanda con la ultraderecha al mando pone en vilo al colectivo migrante\u00a0\u00a0\"}]},{\"@type\":\"WebSite\",\"@id\":\"https:\/\/baynana.es\/#website\",\"url\":\"https:\/\/baynana.es\/\",\"name\":\"Baynana \u0628\u064a\u0646\u0646\u0627\",\"description\":\"Baynana Revista \u0645\u062c\u0644\u0629 \u0628\u064a\u0646\u0646\u0627\",\"publisher\":{\"@id\":\"https:\/\/baynana.es\/#organization\"},\"potentialAction\":[{\"@type\":\"SearchAction\",\"target\":{\"@type\":\"EntryPoint\",\"urlTemplate\":\"https:\/\/baynana.es\/?s={search_term_string}\"},\"query-input\":{\"@type\":\"PropertyValueSpecification\",\"valueRequired\":true,\"valueName\":\"search_term_string\"}}],\"inLanguage\":\"es\"},{\"@type\":\"Organization\",\"@id\":\"https:\/\/baynana.es\/#organization\",\"name\":\"\u0628\u064a\u0646\u0646\u0627 Baynana\",\"url\":\"https:\/\/baynana.es\/\",\"logo\":{\"@type\":\"ImageObject\",\"inLanguage\":\"es\",\"@id\":\"https:\/\/baynana.es\/#\/schema\/logo\/image\/\",\"url\":\"https:\/\/baynana.es\/wp-content\/uploads\/2021\/03\/Artboard-1.png\",\"contentUrl\":\"https:\/\/baynana.es\/wp-content\/uploads\/2021\/03\/Artboard-1.png\",\"width\":315,\"height\":228,\"caption\":\"\u0628\u064a\u0646\u0646\u0627 Baynana\"},\"image\":{\"@id\":\"https:\/\/baynana.es\/#\/schema\/logo\/image\/\"},\"sameAs\":[\"https:\/\/www.facebook.com\/baynanaes\",\"https:\/\/x.com\/baynanaes\",\"https:\/\/www.instagram.com\/baynanaes\/\",\"https:\/\/www.linkedin.com\/in\/baynana-\u0628\u064a\u0646\u0646\u0627-887599211\/\",\"https:\/\/www.youtube.com\/channel\/UC3019bsq5wOpi61SOufKxPA\"]},{\"@type\":\"Person\",\"@id\":\"https:\/\/baynana.es\/#\/schema\/person\/432924d16672b643f6d126a53936c61c\",\"name\":\"Paula Herrera Camacho\",\"image\":{\"@type\":\"ImageObject\",\"inLanguage\":\"es\",\"@id\":\"https:\/\/baynana.es\/#\/schema\/person\/image\/bf3ecc35148fcd13408c26c1c828f11a\",\"url\":\"https:\/\/baynana.es\/wp-content\/uploads\/2023\/12\/cropped-WhatsApp-Image-2023-12-14-at-1.55.55-PM-1-96x96.jpeg\",\"contentUrl\":\"https:\/\/baynana.es\/wp-content\/uploads\/2023\/12\/cropped-WhatsApp-Image-2023-12-14-at-1.55.55-PM-1-96x96.jpeg\",\"caption\":\"Paula Herrera Camacho\"},\"description\":\"Paula Herrera, escribe sobre derechos humanos, migraciones, derechos mujeres y diversidades. M\u00e1ster de periodismo en Diario El Pa\u00eds. Ha estudiado comunicaci\u00f3n social en la Universidad Central del Ecuador. Premio \u201cGerda Taro\u201d, por el especial \u201cCinco mandamientos que (mal)educan a las mujeres\u201d.\",\"url\":\"https:\/\/baynana.es\/es\/author\/paula-h\/\"}]}<\/script>\n<!-- \/ Yoast SEO plugin. -->","yoast_head_json":{"title":"Una Holanda con la ultraderecha al mando pone en vilo al colectivo migrante","description":"El pa\u00eds, que actualmente tiene en espera unas 30.000 nuevas solicitudes de asilo, se prepara para una transici\u00f3n de gobierno presidida por Geert Wilders, que a\u00fan baraja una coalici\u00f3n que le permita gobernar","robots":{"index":"index","follow":"follow","max-snippet":"max-snippet:-1","max-image-preview":"max-image-preview:large","max-video-preview":"max-video-preview:-1"},"canonical":"https:\/\/baynana.es\/es\/una-holanda-con-la-ultraderecha-al-mando-pone-en-vilo-al-colectivo-migrante\/","og_locale":"es_ES","og_type":"article","og_title":"Una Holanda con la ultraderecha al mando pone en vilo al colectivo migrante","og_description":"El pa\u00eds, que actualmente tiene en espera unas 30.000 nuevas solicitudes de asilo, se prepara para una transici\u00f3n de gobierno presidida por Geert Wilders, que a\u00fan baraja una coalici\u00f3n que le permita gobernar","og_url":"https:\/\/baynana.es\/es\/una-holanda-con-la-ultraderecha-al-mando-pone-en-vilo-al-colectivo-migrante\/","og_site_name":"Baynana \u0628\u064a\u0646\u0646\u0627","article_publisher":"https:\/\/www.facebook.com\/baynanaes","article_published_time":"2023-12-14T18:17:03+00:00","article_modified_time":"2023-12-15T12:06:07+00:00","og_image":[{"width":2000,"height":1500,"url":"https:\/\/baynana.es\/wp-content\/uploads\/2023\/12\/NC-20220826_5635.MP4.00_53_14_34.Imagen-fija001.jpg","type":"image\/jpeg"}],"author":"Paula Herrera Camacho","twitter_card":"summary_large_image","twitter_creator":"@baynanaes","twitter_site":"@baynanaes","twitter_misc":{"Escrito por":"Paula Herrera Camacho","Tiempo de lectura":"11 minutos"},"schema":{"@context":"https:\/\/schema.org","@graph":[{"@type":"Article","@id":"https:\/\/baynana.es\/es\/una-holanda-con-la-ultraderecha-al-mando-pone-en-vilo-al-colectivo-migrante\/#article","isPartOf":{"@id":"https:\/\/baynana.es\/es\/una-holanda-con-la-ultraderecha-al-mando-pone-en-vilo-al-colectivo-migrante\/"},"author":{"name":"Paula Herrera Camacho","@id":"https:\/\/baynana.es\/#\/schema\/person\/432924d16672b643f6d126a53936c61c"},"headline":"Una Holanda con la ultraderecha al mando pone en vilo al colectivo migrante\u00a0\u00a0","datePublished":"2023-12-14T18:17:03+00:00","dateModified":"2023-12-15T12:06:07+00:00","mainEntityOfPage":{"@id":"https:\/\/baynana.es\/es\/una-holanda-con-la-ultraderecha-al-mando-pone-en-vilo-al-colectivo-migrante\/"},"wordCount":1509,"publisher":{"@id":"https:\/\/baynana.es\/#organization"},"image":{"@id":"https:\/\/baynana.es\/es\/una-holanda-con-la-ultraderecha-al-mando-pone-en-vilo-al-colectivo-migrante\/#primaryimage"},"thumbnailUrl":"https:\/\/baynana.es\/wp-content\/uploads\/2023\/12\/NC-20220826_5635.MP4.00_53_14_34.Imagen-fija001.jpg","keywords":["REVISTA BAYNANA"],"articleSection":["DERECHOS","INICIO"],"inLanguage":"es"},{"@type":"WebPage","@id":"https:\/\/baynana.es\/es\/una-holanda-con-la-ultraderecha-al-mando-pone-en-vilo-al-colectivo-migrante\/","url":"https:\/\/baynana.es\/es\/una-holanda-con-la-ultraderecha-al-mando-pone-en-vilo-al-colectivo-migrante\/","name":"Una Holanda con la ultraderecha al mando pone en vilo al colectivo migrante","isPartOf":{"@id":"https:\/\/baynana.es\/#website"},"primaryImageOfPage":{"@id":"https:\/\/baynana.es\/es\/una-holanda-con-la-ultraderecha-al-mando-pone-en-vilo-al-colectivo-migrante\/#primaryimage"},"image":{"@id":"https:\/\/baynana.es\/es\/una-holanda-con-la-ultraderecha-al-mando-pone-en-vilo-al-colectivo-migrante\/#primaryimage"},"thumbnailUrl":"https:\/\/baynana.es\/wp-content\/uploads\/2023\/12\/NC-20220826_5635.MP4.00_53_14_34.Imagen-fija001.jpg","datePublished":"2023-12-14T18:17:03+00:00","dateModified":"2023-12-15T12:06:07+00:00","description":"El pa\u00eds, que actualmente tiene en espera unas 30.000 nuevas solicitudes de asilo, se prepara para una transici\u00f3n de gobierno presidida por Geert Wilders, que a\u00fan baraja una coalici\u00f3n que le permita gobernar","breadcrumb":{"@id":"https:\/\/baynana.es\/es\/una-holanda-con-la-ultraderecha-al-mando-pone-en-vilo-al-colectivo-migrante\/#breadcrumb"},"inLanguage":"es","potentialAction":[{"@type":"ReadAction","target":["https:\/\/baynana.es\/es\/una-holanda-con-la-ultraderecha-al-mando-pone-en-vilo-al-colectivo-migrante\/"]}]},{"@type":"ImageObject","inLanguage":"es","@id":"https:\/\/baynana.es\/es\/una-holanda-con-la-ultraderecha-al-mando-pone-en-vilo-al-colectivo-migrante\/#primaryimage","url":"https:\/\/baynana.es\/wp-content\/uploads\/2023\/12\/NC-20220826_5635.MP4.00_53_14_34.Imagen-fija001.jpg","contentUrl":"https:\/\/baynana.es\/wp-content\/uploads\/2023\/12\/NC-20220826_5635.MP4.00_53_14_34.Imagen-fija001.jpg","width":2000,"height":1500,"caption":"Refugiados esperando a ser admitidos en el campamento montado en el verano de 2022 frente al centro nacional de recepci\u00f3n de Ter Apel (Pa\u00edses Bajos). NC"},{"@type":"BreadcrumbList","@id":"https:\/\/baynana.es\/es\/una-holanda-con-la-ultraderecha-al-mando-pone-en-vilo-al-colectivo-migrante\/#breadcrumb","itemListElement":[{"@type":"ListItem","position":1,"name":"Portada","item":"https:\/\/baynana.es\/es\/"},{"@type":"ListItem","position":2,"name":"Una Holanda con la ultraderecha al mando pone en vilo al colectivo migrante\u00a0\u00a0"}]},{"@type":"WebSite","@id":"https:\/\/baynana.es\/#website","url":"https:\/\/baynana.es\/","name":"Baynana \u0628\u064a\u0646\u0646\u0627","description":"Baynana Revista \u0645\u062c\u0644\u0629 \u0628\u064a\u0646\u0646\u0627","publisher":{"@id":"https:\/\/baynana.es\/#organization"},"potentialAction":[{"@type":"SearchAction","target":{"@type":"EntryPoint","urlTemplate":"https:\/\/baynana.es\/?s={search_term_string}"},"query-input":{"@type":"PropertyValueSpecification","valueRequired":true,"valueName":"search_term_string"}}],"inLanguage":"es"},{"@type":"Organization","@id":"https:\/\/baynana.es\/#organization","name":"\u0628\u064a\u0646\u0646\u0627 Baynana","url":"https:\/\/baynana.es\/","logo":{"@type":"ImageObject","inLanguage":"es","@id":"https:\/\/baynana.es\/#\/schema\/logo\/image\/","url":"https:\/\/baynana.es\/wp-content\/uploads\/2021\/03\/Artboard-1.png","contentUrl":"https:\/\/baynana.es\/wp-content\/uploads\/2021\/03\/Artboard-1.png","width":315,"height":228,"caption":"\u0628\u064a\u0646\u0646\u0627 Baynana"},"image":{"@id":"https:\/\/baynana.es\/#\/schema\/logo\/image\/"},"sameAs":["https:\/\/www.facebook.com\/baynanaes","https:\/\/x.com\/baynanaes","https:\/\/www.instagram.com\/baynanaes\/","https:\/\/www.linkedin.com\/in\/baynana-\u0628\u064a\u0646\u0646\u0627-887599211\/","https:\/\/www.youtube.com\/channel\/UC3019bsq5wOpi61SOufKxPA"]},{"@type":"Person","@id":"https:\/\/baynana.es\/#\/schema\/person\/432924d16672b643f6d126a53936c61c","name":"Paula Herrera Camacho","image":{"@type":"ImageObject","inLanguage":"es","@id":"https:\/\/baynana.es\/#\/schema\/person\/image\/bf3ecc35148fcd13408c26c1c828f11a","url":"https:\/\/baynana.es\/wp-content\/uploads\/2023\/12\/cropped-WhatsApp-Image-2023-12-14-at-1.55.55-PM-1-96x96.jpeg","contentUrl":"https:\/\/baynana.es\/wp-content\/uploads\/2023\/12\/cropped-WhatsApp-Image-2023-12-14-at-1.55.55-PM-1-96x96.jpeg","caption":"Paula Herrera Camacho"},"description":"Paula Herrera, escribe sobre derechos humanos, migraciones, derechos mujeres y diversidades. M\u00e1ster de periodismo en Diario El Pa\u00eds. Ha estudiado comunicaci\u00f3n social en la Universidad Central del Ecuador. Premio \u201cGerda Taro\u201d, por el especial \u201cCinco mandamientos que (mal)educan a las mujeres\u201d.","url":"https:\/\/baynana.es\/es\/author\/paula-h\/"}]}},"authors":[{"term_id":513,"user_id":147,"is_guest":0,"slug":"paula-h","display_name":"Paula Herrera Camacho","avatar_url":"https:\/\/baynana.es\/wp-content\/uploads\/2023\/12\/cropped-WhatsApp-Image-2023-12-14-at-1.55.55-PM-1-96x96.jpeg","author_category":"","first_name":"Paula","last_name":"Herrera Camacho","user_url":"","job_title":"","description":"Paula Herrera, escribe sobre derechos humanos, migraciones, derechos mujeres y diversidades. M\u00e1ster de periodismo en Diario El Pa\u00eds. Ha estudiado comunicaci\u00f3n social en la Universidad Central del Ecuador. Premio \u201cGerda Taro\u201d, por el especial \u201cCinco mandamientos que (mal)educan a las mujeres\u201d."}],"_links":{"self":[{"href":"https:\/\/baynana.es\/es\/wp-json\/wp\/v2\/posts\/8045","targetHints":{"allow":["GET"]}}],"collection":[{"href":"https:\/\/baynana.es\/es\/wp-json\/wp\/v2\/posts"}],"about":[{"href":"https:\/\/baynana.es\/es\/wp-json\/wp\/v2\/types\/post"}],"author":[{"embeddable":true,"href":"https:\/\/baynana.es\/es\/wp-json\/wp\/v2\/users\/147"}],"replies":[{"embeddable":true,"href":"https:\/\/baynana.es\/es\/wp-json\/wp\/v2\/comments?post=8045"}],"version-history":[{"count":3,"href":"https:\/\/baynana.es\/es\/wp-json\/wp\/v2\/posts\/8045\/revisions"}],"predecessor-version":[{"id":8075,"href":"https:\/\/baynana.es\/es\/wp-json\/wp\/v2\/posts\/8045\/revisions\/8075"}],"wp:featuredmedia":[{"embeddable":true,"href":"https:\/\/baynana.es\/es\/wp-json\/wp\/v2\/media\/8060"}],"wp:attachment":[{"href":"https:\/\/baynana.es\/es\/wp-json\/wp\/v2\/media?parent=8045"}],"wp:term":[{"taxonomy":"category","embeddable":true,"href":"https:\/\/baynana.es\/es\/wp-json\/wp\/v2\/categories?post=8045"},{"taxonomy":"post_tag","embeddable":true,"href":"https:\/\/baynana.es\/es\/wp-json\/wp\/v2\/tags?post=8045"},{"taxonomy":"author","embeddable":true,"href":"https:\/\/baynana.es\/es\/wp-json\/wp\/v2\/ppma_author?post=8045"}],"curies":[{"name":"wp","href":"https:\/\/api.w.org\/{rel}","templated":true}]}}