{"id":8463,"date":"2024-02-06T18:18:04","date_gmt":"2024-02-06T17:18:04","guid":{"rendered":"https:\/\/baynana.es\/?p=8463"},"modified":"2024-02-06T18:18:09","modified_gmt":"2024-02-06T17:18:09","slug":"linda-al-ahmad-la-artista-siria-cuyo-canto-evoca-el-dolor-de-los-sirios","status":"publish","type":"post","link":"https:\/\/baynana.es\/es\/linda-al-ahmad-la-artista-siria-cuyo-canto-evoca-el-dolor-de-los-sirios\/","title":{"rendered":"Linda Al Ahmad, la artista siria cuyo canto evoca el dolor de los sirios\u00a0"},"content":{"rendered":"<div class=\"wp-block-post-date\"><time datetime=\"2024-02-06T18:18:04+01:00\">6 febrero\u060c 2024<\/time><\/div>\n\n\n<div class=\"wp-block-columns is-layout-flex wp-container-core-columns-is-layout-9d6595d7 wp-block-columns-is-layout-flex\">\n<div class=\"wp-block-column is-layout-flow wp-block-column-is-layout-flow\">\n<p>La voz de Linda Al Ahmad (Homs, 47 a\u00f1os) sigue vibrando a pesar de encontrarse a kil\u00f3metros de distancia de Siria, a la que dedica sus canciones. Ya han pasado siete a\u00f1os desde que lleg\u00f3 a Madrid, segura de que su decisi\u00f3n era la mejor \u201cpara el bienestar de sus dos hijos\u201d, a pesar de sentir que un pedazo de ella se ha quedado all\u00ed. Ahora, en Espa\u00f1a, Al Ahmad -que se ha especializado en estudios de teatro, literatura y canto tradicional \u00e1rabe- se ha abierto puertas en los escenarios musicales y junto con su pareja, el escritor, actor y productor sirio, Rafi Wahbi, contin\u00faa creando canciones que hablan del dolor de los sirio<\/p>\n<\/div>\n\n\n\n<div class=\"wp-block-column is-layout-flow wp-block-column-is-layout-flow\">\n<p class=\"has-background\" style=\"background-color:#bdbf88\">Linda Al Ahmad vive en Madrid desde 2017. Tras la guerra en su pa\u00eds, ella y su familia se vieron obligados a migrar a L\u00edbano en el a\u00f1o 2012 en donde residieron durante cuatro a\u00f1os. Los retos personales de la familia los llevaron a migrar de nuevo, esta vez hacia Espa\u00f1a. Para la artista, la voz es el instrumento que le permite dar a conocer la riqueza de la cultura de Medio Oriente. Las letras de sus canciones hablan de la estela de sufrimiento que ha dejado la guerra en su pa\u00eds, extendida durante m\u00e1s de una d\u00e9cada.\u00a0<\/p>\n<\/div>\n<\/div>\n\n\n\n<p><\/p>\n\n\n\n<p>Las protestas iniciadas en marzo de 2011 y luego la guerra dejaron como saldo m\u00e1s de <a href=\"https:\/\/www.syriahr.com\/en\/291981\/\">613.407<\/a><a href=\"https:\/\/news.un.org\/es\/story\/2022\/06\/1511002\"> personas muertas<\/a>, seg\u00fan el Observatorio Sirio de Derechos Humanos. Esta guerra se ha convertido en uno de los conflictos m\u00e1s extensos y complejos de la actualidad. En Siria m\u00e1s <a href=\"https:\/\/www.acnur.org\/es-es\/noticias\/historias\/en-siria-millones-de-personas-se-enfrentan-la-pobreza-extrema-despues-de-una\">del 90% de la poblaci\u00f3n vive bajo el umbral de la pobreza<\/a> y un 70% depende de la ayuda humanitaria. Esta realidad ha provocado el desplazamiento interno de m\u00e1s de <a href=\"https:\/\/news.un.org\/es\/focus\/siria\">seis\u00a0 millones de personas, mientras que otros cinco millones<\/a> se han visto obligadas a refugiarse en otros pa\u00edses.<\/p>\n\n\n\n<h4 class=\"wp-block-heading\"><strong>La voz, un instrumento de denuncia\u00a0<\/strong><\/h4>\n\n\n\n<p>Al Ahmad recuerda claramente el d\u00eda que decidi\u00f3 que ella y su familia deb\u00edan salir de Damasco, la ciudad en la que ha crecido y desarrollado toda su vida. \u201cMe desped\u00ed de mis hijos. Ellos iban camino al colegio y tras 15 minutos escuch\u00e9 el estruendo de <a href=\"https:\/\/www.theguardian.com\/world\/middle-east-live\/2012\/jul\/20\/syria-crisis-rebels-seize-borders-live#block-20\">una bomba<\/a>. En ese momento sent\u00ed un miedo terrible. Llam\u00e9 al conductor para saber c\u00f3mo estaban. \u00c9l me tranquiliz\u00f3 explic\u00e1ndome que, aunque la explosi\u00f3n se hab\u00eda producido en su mismo trayecto, el autob\u00fas escolar se encontraba a salvo\u201d, expresa y sostiene un largo silencio. Entonces dese\u00f3 estar con sus hijos en otro lugar, fuera de peligro.<\/p>\n\n\n\n<p>\u201cNosotros tuvimos los medios y oportunidad para salir de Siria y empezar una nueva vida, as\u00ed que no tard\u00e9 en tomar esta decisi\u00f3n. Sent\u00eda que si les pasaba algo a mis hijos ser\u00eda culpa m\u00eda. No me lo habr\u00eda perdonado jam\u00e1s\u201d, relata.&nbsp; Sin embargo, esta decisi\u00f3n la ha hecho reflexionar sobre la dura realidad que enfrentan otras personas. \u201cYo he podido salvar a mis hijos, pero otras madres no. Ellas est\u00e1n perdiendo a sus familias hasta el d\u00eda de hoy\u201d, lamenta.&nbsp;<\/p>\n\n\n\n<p>En verano de 2012 salieron hacia L\u00edbano, donde se establecieron durante cuatro a\u00f1os. \u201cEn Siria ya hab\u00eda empezado a estudiar canto, pero cuando sal\u00ed pens\u00e9 que mi sue\u00f1o de expresarme a trav\u00e9s de mi voz se hab\u00eda truncado\u201d, asegura. Sin embargo, la vida \u201cme dio una segunda oportunidad\u201d, dice.\u00a0<\/p>\n\n\n\n<figure class=\"wp-block-image size-large\"><img loading=\"lazy\" decoding=\"async\" width=\"1024\" height=\"577\" src=\"https:\/\/baynana.es\/wp-content\/uploads\/2024\/02\/LINDA-SIRIA-1024x577.jpg\" alt=\"\" class=\"wp-image-8461\" srcset=\"https:\/\/baynana.es\/wp-content\/uploads\/2024\/02\/LINDA-SIRIA-1024x577.jpg 1024w, https:\/\/baynana.es\/wp-content\/uploads\/2024\/02\/LINDA-SIRIA-300x169.jpg 300w, https:\/\/baynana.es\/wp-content\/uploads\/2024\/02\/LINDA-SIRIA-768x432.jpg 768w, https:\/\/baynana.es\/wp-content\/uploads\/2024\/02\/LINDA-SIRIA-1536x865.jpg 1536w, https:\/\/baynana.es\/wp-content\/uploads\/2024\/02\/LINDA-SIRIA-2048x1153.jpg 2048w, https:\/\/baynana.es\/wp-content\/uploads\/2024\/02\/LINDA-SIRIA-390x220.jpg 390w, https:\/\/baynana.es\/wp-content\/uploads\/2024\/02\/LINDA-SIRIA-600x338.jpg 600w\" sizes=\"auto, (max-width: 1024px) 100vw, 1024px\" \/><figcaption class=\"wp-element-caption\"><em>Linda Al Ahmad el pasado 30 de enero en su residencia en Madrid. Fotograf\u00eda: Muhammad Subat.<\/em><\/figcaption><\/figure>\n\n\n\n<p>Como ella y su familia, su maestra de canto tambi\u00e9n hab\u00eda migrado hacia el pa\u00eds vecino, L\u00edbano, en donde viven m\u00e1s de <a href=\"https:\/\/www.unhcr.org\/lb\/at-a-glance\">un mill\u00f3n y medio de personas refugiadas sirias<\/a>, seg\u00fan Naciones Unidas. \u201cAunque ni mi familia ni mi maestra de canto viv\u00edamos en un campo de refugiados, el caos y la inmensa angustia que implica la migraci\u00f3n convirtieron mi voz en un instrumento de memoria, de identidad y orgullo\u201d.<\/p>\n\n\n\n<p>\u201cEl canto me eligi\u00f3. Mi cuerpo es mi instrumento. Mi voz es mi legado\u201d, dice la artista con un tono dulce y seguro. Y recuerda que, a pesar de que su encuentro con la m\u00fasica empez\u00f3 a los seis a\u00f1os, fue en 2012, con 36, cuando la fuerza de su voz \u201cpudo despegar profesionalmente\u201d. Entonces L\u00edbano se convertir\u00eda en la tierra f\u00e9rtil en donde crear\u00eda m\u00e1s de la mitad de sus producciones. \u00abMi voz naci\u00f3 cuando estall\u00f3 la revoluci\u00f3n siria, para tratar de aplacar en las personas la devastaci\u00f3n interior que producen las guerras\u00bb.\u00a0<\/p>\n\n\n\n<h4 class=\"wp-block-heading\"><strong>Un canto para no olvidar\u00a0<\/strong><\/h4>\n\n\n\n<p>El recuerdo de la destrucci\u00f3n, la muerte de cientos de personas intentando atravesar el mar para huir de un pa\u00eds en conflicto y la memoria de lo que un d\u00eda fueron las ciudades m\u00e1s hermosas de Siria son los elementos del repertorio musical que interpreta Linda Al Ahmad en sus canciones. Las obras son el resultado del trabajo en equipo entre ella y su pareja, Rafi Wahbi, reconocido en la escena cultural del mundo \u00e1rabe por su trabajo en series como actor en m\u00e1s de 60 t\u00edtulos cinematogr\u00e1ficos, escritor de m\u00e1s de 20 guiones, productor y director.\u00a0<\/p>\n\n\n\n<figure class=\"wp-block-embed is-type-video is-provider-youtube wp-block-embed-youtube wp-embed-aspect-16-9 wp-has-aspect-ratio\"><div class=\"wp-block-embed__wrapper\">\n<iframe loading=\"lazy\" title=\"Save Aleppo - Linda | \u0623\u0646\u0642\u0630\u0648\u0627 \u062d\u0644\u0628 - \u0644\u064a\u0646\u062f\u0627\" width=\"500\" height=\"281\" src=\"https:\/\/www.youtube.com\/embed\/3gi00sBHHL4?feature=oembed\" frameborder=\"0\" allow=\"accelerometer; autoplay; clipboard-write; encrypted-media; gyroscope; picture-in-picture; web-share\" referrerpolicy=\"strict-origin-when-cross-origin\" allowfullscreen><\/iframe>\n<\/div><\/figure>\n\n\n\n<p>Piezas como <em>Volveremos dentro de poco, Salvemos Alepo, Ya Whel<\/em> o <em>Nostalgia a Homs<\/em> combinan ritmos y melod\u00edas, que van desde la m\u00fasica tradicional \u00e1rabe, a las canciones de cuna, con m\u00faltiples mensajes: \u201cCuando hablamos de Siria, no pintamos un solo cuadro compuesto de p\u00e9rdidas y sufrimiento de la gente. Cierto es que se enfrentan solos a la muerte, al desplazamiento forzoso y a las heridas por las p\u00e9rdidas irreparables. Pero lo hacen con gran coraje, fuerza, determinaci\u00f3n y una enorme paciencia\u201d.&nbsp;<\/p>\n\n\n\n<p><em>Nostalgia a Homs<\/em>, por ejemplo, habla sobre la melancol\u00eda&nbsp; que vive quien tiene que abandonar su ciudad de origen. \u201cEs una ni\u00f1a que tiene que salir, pero los latidos de su coraz\u00f3n le dicen que alg\u00fan d\u00eda debe volver a su amada tierra\u201d, describe la artista. Al Ahmad naci\u00f3 en esta ciudad, a la que rinde homenaje a trav\u00e9s de un vals. \u201cLa ni\u00f1a de esta canci\u00f3n soy yo, pero tambi\u00e9n los otros miles de personas que no han tenido la oportunidad de elegir salir de Homs. Partimos de nuestra tierra en contra nuestra voluntad\u201d, explica.&nbsp;<\/p>\n\n\n\n<p>Una realidad que ahora mismo se ha visto exacerbada en Palestina y que genera una profunda preocupaci\u00f3n en Al Ahmad. \u201cHoy siento que mi dolor se aviva con el genocidio palestino, al que estamos presenciando en directo sin poder hacer nada. El sufrimiento de este pueblo nos est\u00e1 abriendo las heridas de nuevo. El dolor por Siria y por Palestina en m\u00ed es un \u00fanico dolor.\u201d<\/p>\n\n\n\n<figure class=\"wp-block-embed is-type-video is-provider-youtube wp-block-embed-youtube wp-embed-aspect-16-9 wp-has-aspect-ratio\"><div class=\"wp-block-embed__wrapper\">\n<iframe loading=\"lazy\" title=\"\u0627\u063a\u0646\u064a\u0629#\u0627\u0633\u0645\u0627 \u062d\u0645\u0635#linda#\" width=\"500\" height=\"281\" src=\"https:\/\/www.youtube.com\/embed\/wctnseTFUmE?feature=oembed\" frameborder=\"0\" allow=\"accelerometer; autoplay; clipboard-write; encrypted-media; gyroscope; picture-in-picture; web-share\" referrerpolicy=\"strict-origin-when-cross-origin\" allowfullscreen><\/iframe>\n<\/div><\/figure>\n\n\n\n<h4 class=\"wp-block-heading\"><strong>Un ritmo propio<\/strong><\/h4>\n\n\n\n<p>Aunque durante cuatro a\u00f1os L\u00edbano se convirti\u00f3 en un espacio de crecimiento profesional para Al Ahmad y su familia, hubo circunstancias que les obligaron a desplazarse de nuevo. Esta vez a Espa\u00f1a. &nbsp;<\/p>\n\n\n\n<p>Fue entonces cuando se hizo el silencio. \u201cTuve que dejar de escuchar a Fairuz, mi cantante favorita. Esta fue mi manera de preservarme para que la nostalgia no hiciera da\u00f1o\u201d, desgrana Al Ahmad. Y aclara que las diferencias culturales, el idioma, la soledad de estar en un pa\u00eds en donde no conoc\u00eda a nadie fueron un duro golpe dentro de su proceso de adaptaci\u00f3n.&nbsp;<\/p>\n\n\n\n<p>\u201cA veces extra\u00f1o hablar con mis amigas en mi idioma, ver a mi familia, sentirme acompa\u00f1ada \u2026he echado de menos echo tanto de menos que suene el tel\u00e9fono fijo de mi casa y encontrar a mi madre al otro lado del hilo, invit\u00e1ndonos a comer porque ha preparado mi comida favorita\u201d, confiesa. Y contin\u00faa: \u201cno he podido acallar mi voz. No puedo dejar de cantar.\u00a0 La m\u00fasica se abre paso dentro de m\u00ed con una vida y un ritmo propios, como los latidos del coraz\u00f3n. Ella nos ayuda a encontrar aquello que amamos, para soportar la dureza de la realidad.\u00a0 Yo canto para recordar a Siria\u201d, revela.<\/p>\n\n\n\n<figure class=\"wp-block-embed is-type-video is-provider-youtube wp-block-embed-youtube wp-embed-aspect-16-9 wp-has-aspect-ratio\"><div class=\"wp-block-embed__wrapper\">\n<iframe loading=\"lazy\" title=\"Darawish &amp; Linda Al Ahmad - Ya weil (LIVE)\" width=\"500\" height=\"281\" src=\"https:\/\/www.youtube.com\/embed\/NSEcUCKBzSU?feature=oembed\" frameborder=\"0\" allow=\"accelerometer; autoplay; clipboard-write; encrypted-media; gyroscope; picture-in-picture; web-share\" referrerpolicy=\"strict-origin-when-cross-origin\" allowfullscreen><\/iframe>\n<\/div><\/figure>\n\n\n\n<p>Por eso, apenas un a\u00f1o despu\u00e9s de llegar a Madrid pudo subirse a un escenario y cantar un homenaje a las artistas de la cultura musical \u00e1rabe contempor\u00e1nea, en un concierto organizado por la <a href=\"https:\/\/www.casaarabe.es\/eventos-arabes\/show\/las-damas-de-la-cancion-arabe\">Casa \u00c1rabe<\/a>. All\u00ed, Al Ahmad elev\u00f3 su voz para entonar canciones de la artista egipcia <a href=\"https:\/\/gladyspalmera.com\/solo-se-vive-una-vez\/umm-kulthum-la-diosa-de-la-cancion-arabe\/\">Umm Kulzum<\/a>; de la innovadora <a href=\"https:\/\/www.youtube.com\/watch?v=1FDqsBdIXOk\">Asmahan<\/a> que incorpor\u00f3 trinos de \u00f3pera en las canciones tradicionales \u00e1rabes; y de su favorita, la cantante libanesa <a href=\"https:\/\/www.youtube.com\/playlist?list=PLtQXDiOszJBnnnZbxh6fyu49mL5fjkTMF\">Fairuz<\/a>, conocida como \u201cla embajadora de las estrellas\u201d. Ese d\u00eda, recuerda, tuvo que memorizar la frase de despedida del p\u00fablico: \u201cGracias a todos por venir. Lo escrib\u00ed y lo ensay\u00e9 muchas veces. Se dice \u2018por\u2019 venir, no \u2018para\u2019 venir , me recordaba a m\u00ed misma para no equivocarme\u201d [r\u00ede].&nbsp;<\/p>\n\n\n\n<p>El dominio del idioma para una artista, aunque cante en su propia lengua es fundamental para conectar con el p\u00fablico, para comunicar lo que necesita. \u201cAhora me desenvuelvo mejor con el espa\u00f1ol, pero a\u00fan me cuesta expresar mis ideas profundas. Lo que llevo en el alma lo sigo expresando en \u00e1rabe, pero aprender\u00e9 a comunicarlo en mi nueva lengua, el espa\u00f1ol\u201d, asegura.&nbsp;<\/p>\n\n\n\n<p>As\u00ed como el idioma, la cultura puede ser ese otro gran reto pero tambi\u00e9n una gran oportunidad para romper con los prejuicios y los estereotipos sobre el mundo \u00e1rabe. . \u201cCuando est\u00e1s fuera de tu pa\u00eds aprendes a activar tus mecanismos de defensa, esos que te dicen que debes compartir tu identidad para mostrar que tienes un mundo propio, que tienes que decir y aportar algo\u201d, zanja. La m\u00fasica, que ha sido su punto de uni\u00f3n con \u201csu nueva vida\u201d, le ha permitido compartir y dar a conocer la riqueza cultural de Siria, pero tambi\u00e9n \u201cdenunciar la impunidad de la guerra y decir que, aunque los medios ya no hablen sobre ello, en Siria sigue muriendo gente\u201d.&nbsp;<\/p>\n\n\n\n<p>Linda Al Ahmad lo dice con orgullo: \u201cPertenezco a una regi\u00f3n en la que desde el IV milenio antes de Cristo han convivido sumerios, arameos, fenicios, bizantinos, romanos, \u00e1rabes y armenios, entre otras culturas. Todo este legado cultural ha formado un patrimonio musical rico y diverso. Creo firmemente que este patrimonio debe ser compartido\u201d.&nbsp;&nbsp;<\/p>\n\n\n\n<p>Por eso la m\u00fasica sigue busc\u00e1ndola y a pesar de las dificultades Al Ahmad se ha abierto camino en eventos como el Festival de la Guitarra en C\u00f3rdoba y el Festival de la m\u00fasica \u00e9tnica en Valencia. Adem\u00e1s, ha vuelto a producir canciones y ha interpretado piezas musicales con sus<a href=\"https:\/\/www.youtube.com\/watch?v=40uL02zA8mQ\"> dos hijos<\/a>. Actualmente trabaja en la producci\u00f3n de una obra de teatro musical titulada \u201cEl Este est\u00e1 despertando\u201d y prepara un concierto para para apoyar al pueblo palestino. Al mismo tiempo Al Ahmad est\u00e1 inmersa en la creaci\u00f3n de canciones de cuna a trav\u00e9s de la revista infantil MARIUMA, que se dirige a ni\u00f1os \u00e1rabes que residen fuera de sus tierras de origen. <em>&nbsp;<\/em>&nbsp;<\/p>\n\n\n\n<p>\u201cNecesitamos crear referentes. Necesitamos que esos ni\u00f1os sepan que tener ra\u00edces \u00e1rabes es una ventaja , que tener dos culturas, dos idiomas, dos identidades [la \u00e1rabe y la de otros pa\u00edses o continentes] es un tesoro. Estos ni\u00f1os, as\u00ed como mis hijos, deben ser conscientes de tener una identidad riqu\u00edsima de la que sentirse orgullosos\u201d, finaliza.&nbsp;<\/p>\n","protected":false},"excerpt":{"rendered":"<p>6 febrero\u060c 2024 La voz de Linda Al Ahmad (Homs, 47 a\u00f1os) sigue vibrando a pesar de encontrarse a kil\u00f3metros de distancia de Siria, a la que dedica sus canciones. Ya han pasado siete a\u00f1os desde que lleg\u00f3 a Madrid, segura de que su decisi\u00f3n era la mejor \u201cpara el bienestar de sus dos hijos\u201d, &hellip;<\/p>\n","protected":false},"author":147,"featured_media":8458,"comment_status":"closed","ping_status":"closed","sticky":false,"template":"","format":"standard","meta":{"inline_featured_image":false,"footnotes":""},"categories":[67],"tags":[],"ppma_author":[513],"class_list":["post-8463","post","type-post","status-publish","format-standard","has-post-thumbnail","hentry","category-nuestras-historias"],"acf":[],"yoast_head":"<!-- This site is optimized with the Yoast SEO plugin v25.3.1 - https:\/\/yoast.com\/wordpress\/plugins\/seo\/ -->\n<title>Linda Al Ahmad, la artista siria cuyo canto evoca el dolor de los sirios<\/title>\n<meta name=\"description\" content=\"Desde su residencia en Madrid, esta cantante utiliza su voz como un instrumento que trae a la memoria los relatos de la guerra en Siria, pero tambi\u00e9n la resiliencia de su gente\" \/>\n<meta name=\"robots\" content=\"index, follow, max-snippet:-1, max-image-preview:large, max-video-preview:-1\" \/>\n<link rel=\"canonical\" href=\"https:\/\/baynana.es\/es\/linda-al-ahmad-la-artista-siria-cuyo-canto-evoca-el-dolor-de-los-sirios\/\" \/>\n<meta property=\"og:locale\" content=\"es_ES\" \/>\n<meta property=\"og:type\" content=\"article\" \/>\n<meta property=\"og:title\" content=\"Linda Al Ahmad, la artista siria cuyo canto evoca el dolor de los sirios\" \/>\n<meta property=\"og:description\" content=\"Desde su residencia en Madrid, esta cantante utiliza su voz como un instrumento que trae a la memoria los relatos de la guerra en Siria, pero tambi\u00e9n la resiliencia de su gente\" \/>\n<meta property=\"og:url\" content=\"https:\/\/baynana.es\/es\/linda-al-ahmad-la-artista-siria-cuyo-canto-evoca-el-dolor-de-los-sirios\/\" \/>\n<meta property=\"og:site_name\" content=\"Baynana \u0628\u064a\u0646\u0646\u0627\" \/>\n<meta property=\"article:publisher\" content=\"https:\/\/www.facebook.com\/baynanaes\" \/>\n<meta property=\"article:published_time\" content=\"2024-02-06T17:18:04+00:00\" \/>\n<meta property=\"article:modified_time\" content=\"2024-02-06T17:18:09+00:00\" \/>\n<meta property=\"og:image\" content=\"https:\/\/baynana.es\/wp-content\/uploads\/2024\/02\/LINDA-AHMAD-scaled.jpg\" \/>\n\t<meta property=\"og:image:width\" content=\"2560\" \/>\n\t<meta property=\"og:image:height\" content=\"1440\" \/>\n\t<meta property=\"og:image:type\" content=\"image\/jpeg\" \/>\n<meta name=\"author\" content=\"Paula Herrera Camacho\" \/>\n<meta name=\"twitter:card\" content=\"summary_large_image\" \/>\n<meta name=\"twitter:creator\" content=\"@baynanaes\" \/>\n<meta name=\"twitter:site\" content=\"@baynanaes\" \/>\n<meta name=\"twitter:label1\" content=\"Escrito por\" \/>\n\t<meta name=\"twitter:data1\" content=\"Paula Herrera Camacho\" \/>\n\t<meta name=\"twitter:label2\" content=\"Tiempo de lectura\" \/>\n\t<meta name=\"twitter:data2\" content=\"14 minutos\" \/>\n<script type=\"application\/ld+json\" class=\"yoast-schema-graph\">{\"@context\":\"https:\/\/schema.org\",\"@graph\":[{\"@type\":\"Article\",\"@id\":\"https:\/\/baynana.es\/es\/linda-al-ahmad-la-artista-siria-cuyo-canto-evoca-el-dolor-de-los-sirios\/#article\",\"isPartOf\":{\"@id\":\"https:\/\/baynana.es\/es\/linda-al-ahmad-la-artista-siria-cuyo-canto-evoca-el-dolor-de-los-sirios\/\"},\"author\":{\"name\":\"Paula Herrera Camacho\",\"@id\":\"https:\/\/baynana.es\/#\/schema\/person\/432924d16672b643f6d126a53936c61c\"},\"headline\":\"Linda Al Ahmad, la artista siria cuyo canto evoca el dolor de los sirios\u00a0\",\"datePublished\":\"2024-02-06T17:18:04+00:00\",\"dateModified\":\"2024-02-06T17:18:09+00:00\",\"mainEntityOfPage\":{\"@id\":\"https:\/\/baynana.es\/es\/linda-al-ahmad-la-artista-siria-cuyo-canto-evoca-el-dolor-de-los-sirios\/\"},\"wordCount\":1967,\"publisher\":{\"@id\":\"https:\/\/baynana.es\/#organization\"},\"image\":{\"@id\":\"https:\/\/baynana.es\/es\/linda-al-ahmad-la-artista-siria-cuyo-canto-evoca-el-dolor-de-los-sirios\/#primaryimage\"},\"thumbnailUrl\":\"https:\/\/baynana.es\/wp-content\/uploads\/2024\/02\/LINDA-AHMAD-scaled.jpg\",\"articleSection\":[\"NUESTRAS HISTORIAS\"],\"inLanguage\":\"es\"},{\"@type\":\"WebPage\",\"@id\":\"https:\/\/baynana.es\/es\/linda-al-ahmad-la-artista-siria-cuyo-canto-evoca-el-dolor-de-los-sirios\/\",\"url\":\"https:\/\/baynana.es\/es\/linda-al-ahmad-la-artista-siria-cuyo-canto-evoca-el-dolor-de-los-sirios\/\",\"name\":\"Linda Al Ahmad, la artista siria cuyo canto evoca el dolor de los sirios\",\"isPartOf\":{\"@id\":\"https:\/\/baynana.es\/#website\"},\"primaryImageOfPage\":{\"@id\":\"https:\/\/baynana.es\/es\/linda-al-ahmad-la-artista-siria-cuyo-canto-evoca-el-dolor-de-los-sirios\/#primaryimage\"},\"image\":{\"@id\":\"https:\/\/baynana.es\/es\/linda-al-ahmad-la-artista-siria-cuyo-canto-evoca-el-dolor-de-los-sirios\/#primaryimage\"},\"thumbnailUrl\":\"https:\/\/baynana.es\/wp-content\/uploads\/2024\/02\/LINDA-AHMAD-scaled.jpg\",\"datePublished\":\"2024-02-06T17:18:04+00:00\",\"dateModified\":\"2024-02-06T17:18:09+00:00\",\"description\":\"Desde su residencia en Madrid, esta cantante utiliza su voz como un instrumento que trae a la memoria los relatos de la guerra en Siria, pero tambi\u00e9n la resiliencia de su gente\",\"breadcrumb\":{\"@id\":\"https:\/\/baynana.es\/es\/linda-al-ahmad-la-artista-siria-cuyo-canto-evoca-el-dolor-de-los-sirios\/#breadcrumb\"},\"inLanguage\":\"es\",\"potentialAction\":[{\"@type\":\"ReadAction\",\"target\":[\"https:\/\/baynana.es\/es\/linda-al-ahmad-la-artista-siria-cuyo-canto-evoca-el-dolor-de-los-sirios\/\"]}]},{\"@type\":\"ImageObject\",\"inLanguage\":\"es\",\"@id\":\"https:\/\/baynana.es\/es\/linda-al-ahmad-la-artista-siria-cuyo-canto-evoca-el-dolor-de-los-sirios\/#primaryimage\",\"url\":\"https:\/\/baynana.es\/wp-content\/uploads\/2024\/02\/LINDA-AHMAD-scaled.jpg\",\"contentUrl\":\"https:\/\/baynana.es\/wp-content\/uploads\/2024\/02\/LINDA-AHMAD-scaled.jpg\",\"width\":2560,\"height\":1440,\"caption\":\"La cantante siria, Linda Al Ahmad en su residencia en Madrid, el pasado 30 de enero de 2024. Fotograf\u00eda: Muhammad Subat.\"},{\"@type\":\"BreadcrumbList\",\"@id\":\"https:\/\/baynana.es\/es\/linda-al-ahmad-la-artista-siria-cuyo-canto-evoca-el-dolor-de-los-sirios\/#breadcrumb\",\"itemListElement\":[{\"@type\":\"ListItem\",\"position\":1,\"name\":\"Portada\",\"item\":\"https:\/\/baynana.es\/es\/\"},{\"@type\":\"ListItem\",\"position\":2,\"name\":\"Linda Al Ahmad, la artista siria cuyo canto evoca el dolor de los sirios\u00a0\"}]},{\"@type\":\"WebSite\",\"@id\":\"https:\/\/baynana.es\/#website\",\"url\":\"https:\/\/baynana.es\/\",\"name\":\"Baynana \u0628\u064a\u0646\u0646\u0627\",\"description\":\"Baynana Revista \u0645\u062c\u0644\u0629 \u0628\u064a\u0646\u0646\u0627\",\"publisher\":{\"@id\":\"https:\/\/baynana.es\/#organization\"},\"potentialAction\":[{\"@type\":\"SearchAction\",\"target\":{\"@type\":\"EntryPoint\",\"urlTemplate\":\"https:\/\/baynana.es\/?s={search_term_string}\"},\"query-input\":{\"@type\":\"PropertyValueSpecification\",\"valueRequired\":true,\"valueName\":\"search_term_string\"}}],\"inLanguage\":\"es\"},{\"@type\":\"Organization\",\"@id\":\"https:\/\/baynana.es\/#organization\",\"name\":\"\u0628\u064a\u0646\u0646\u0627 Baynana\",\"url\":\"https:\/\/baynana.es\/\",\"logo\":{\"@type\":\"ImageObject\",\"inLanguage\":\"es\",\"@id\":\"https:\/\/baynana.es\/#\/schema\/logo\/image\/\",\"url\":\"https:\/\/baynana.es\/wp-content\/uploads\/2021\/03\/Artboard-1.png\",\"contentUrl\":\"https:\/\/baynana.es\/wp-content\/uploads\/2021\/03\/Artboard-1.png\",\"width\":315,\"height\":228,\"caption\":\"\u0628\u064a\u0646\u0646\u0627 Baynana\"},\"image\":{\"@id\":\"https:\/\/baynana.es\/#\/schema\/logo\/image\/\"},\"sameAs\":[\"https:\/\/www.facebook.com\/baynanaes\",\"https:\/\/x.com\/baynanaes\",\"https:\/\/www.instagram.com\/baynanaes\/\",\"https:\/\/www.linkedin.com\/in\/baynana-\u0628\u064a\u0646\u0646\u0627-887599211\/\",\"https:\/\/www.youtube.com\/channel\/UC3019bsq5wOpi61SOufKxPA\"]},{\"@type\":\"Person\",\"@id\":\"https:\/\/baynana.es\/#\/schema\/person\/432924d16672b643f6d126a53936c61c\",\"name\":\"Paula Herrera Camacho\",\"image\":{\"@type\":\"ImageObject\",\"inLanguage\":\"es\",\"@id\":\"https:\/\/baynana.es\/#\/schema\/person\/image\/bf3ecc35148fcd13408c26c1c828f11a\",\"url\":\"https:\/\/baynana.es\/wp-content\/uploads\/2023\/12\/cropped-WhatsApp-Image-2023-12-14-at-1.55.55-PM-1-96x96.jpeg\",\"contentUrl\":\"https:\/\/baynana.es\/wp-content\/uploads\/2023\/12\/cropped-WhatsApp-Image-2023-12-14-at-1.55.55-PM-1-96x96.jpeg\",\"caption\":\"Paula Herrera Camacho\"},\"description\":\"Paula Herrera, escribe sobre derechos humanos, migraciones, derechos mujeres y diversidades. M\u00e1ster de periodismo en Diario El Pa\u00eds. Ha estudiado comunicaci\u00f3n social en la Universidad Central del Ecuador. Premio \u201cGerda Taro\u201d, por el especial \u201cCinco mandamientos que (mal)educan a las mujeres\u201d.\",\"url\":\"https:\/\/baynana.es\/es\/author\/paula-h\/\"}]}<\/script>\n<!-- \/ Yoast SEO plugin. -->","yoast_head_json":{"title":"Linda Al Ahmad, la artista siria cuyo canto evoca el dolor de los sirios","description":"Desde su residencia en Madrid, esta cantante utiliza su voz como un instrumento que trae a la memoria los relatos de la guerra en Siria, pero tambi\u00e9n la resiliencia de su gente","robots":{"index":"index","follow":"follow","max-snippet":"max-snippet:-1","max-image-preview":"max-image-preview:large","max-video-preview":"max-video-preview:-1"},"canonical":"https:\/\/baynana.es\/es\/linda-al-ahmad-la-artista-siria-cuyo-canto-evoca-el-dolor-de-los-sirios\/","og_locale":"es_ES","og_type":"article","og_title":"Linda Al Ahmad, la artista siria cuyo canto evoca el dolor de los sirios","og_description":"Desde su residencia en Madrid, esta cantante utiliza su voz como un instrumento que trae a la memoria los relatos de la guerra en Siria, pero tambi\u00e9n la resiliencia de su gente","og_url":"https:\/\/baynana.es\/es\/linda-al-ahmad-la-artista-siria-cuyo-canto-evoca-el-dolor-de-los-sirios\/","og_site_name":"Baynana \u0628\u064a\u0646\u0646\u0627","article_publisher":"https:\/\/www.facebook.com\/baynanaes","article_published_time":"2024-02-06T17:18:04+00:00","article_modified_time":"2024-02-06T17:18:09+00:00","og_image":[{"width":2560,"height":1440,"url":"https:\/\/baynana.es\/wp-content\/uploads\/2024\/02\/LINDA-AHMAD-scaled.jpg","type":"image\/jpeg"}],"author":"Paula Herrera Camacho","twitter_card":"summary_large_image","twitter_creator":"@baynanaes","twitter_site":"@baynanaes","twitter_misc":{"Escrito por":"Paula Herrera Camacho","Tiempo de lectura":"14 minutos"},"schema":{"@context":"https:\/\/schema.org","@graph":[{"@type":"Article","@id":"https:\/\/baynana.es\/es\/linda-al-ahmad-la-artista-siria-cuyo-canto-evoca-el-dolor-de-los-sirios\/#article","isPartOf":{"@id":"https:\/\/baynana.es\/es\/linda-al-ahmad-la-artista-siria-cuyo-canto-evoca-el-dolor-de-los-sirios\/"},"author":{"name":"Paula Herrera Camacho","@id":"https:\/\/baynana.es\/#\/schema\/person\/432924d16672b643f6d126a53936c61c"},"headline":"Linda Al Ahmad, la artista siria cuyo canto evoca el dolor de los sirios\u00a0","datePublished":"2024-02-06T17:18:04+00:00","dateModified":"2024-02-06T17:18:09+00:00","mainEntityOfPage":{"@id":"https:\/\/baynana.es\/es\/linda-al-ahmad-la-artista-siria-cuyo-canto-evoca-el-dolor-de-los-sirios\/"},"wordCount":1967,"publisher":{"@id":"https:\/\/baynana.es\/#organization"},"image":{"@id":"https:\/\/baynana.es\/es\/linda-al-ahmad-la-artista-siria-cuyo-canto-evoca-el-dolor-de-los-sirios\/#primaryimage"},"thumbnailUrl":"https:\/\/baynana.es\/wp-content\/uploads\/2024\/02\/LINDA-AHMAD-scaled.jpg","articleSection":["NUESTRAS HISTORIAS"],"inLanguage":"es"},{"@type":"WebPage","@id":"https:\/\/baynana.es\/es\/linda-al-ahmad-la-artista-siria-cuyo-canto-evoca-el-dolor-de-los-sirios\/","url":"https:\/\/baynana.es\/es\/linda-al-ahmad-la-artista-siria-cuyo-canto-evoca-el-dolor-de-los-sirios\/","name":"Linda Al Ahmad, la artista siria cuyo canto evoca el dolor de los sirios","isPartOf":{"@id":"https:\/\/baynana.es\/#website"},"primaryImageOfPage":{"@id":"https:\/\/baynana.es\/es\/linda-al-ahmad-la-artista-siria-cuyo-canto-evoca-el-dolor-de-los-sirios\/#primaryimage"},"image":{"@id":"https:\/\/baynana.es\/es\/linda-al-ahmad-la-artista-siria-cuyo-canto-evoca-el-dolor-de-los-sirios\/#primaryimage"},"thumbnailUrl":"https:\/\/baynana.es\/wp-content\/uploads\/2024\/02\/LINDA-AHMAD-scaled.jpg","datePublished":"2024-02-06T17:18:04+00:00","dateModified":"2024-02-06T17:18:09+00:00","description":"Desde su residencia en Madrid, esta cantante utiliza su voz como un instrumento que trae a la memoria los relatos de la guerra en Siria, pero tambi\u00e9n la resiliencia de su gente","breadcrumb":{"@id":"https:\/\/baynana.es\/es\/linda-al-ahmad-la-artista-siria-cuyo-canto-evoca-el-dolor-de-los-sirios\/#breadcrumb"},"inLanguage":"es","potentialAction":[{"@type":"ReadAction","target":["https:\/\/baynana.es\/es\/linda-al-ahmad-la-artista-siria-cuyo-canto-evoca-el-dolor-de-los-sirios\/"]}]},{"@type":"ImageObject","inLanguage":"es","@id":"https:\/\/baynana.es\/es\/linda-al-ahmad-la-artista-siria-cuyo-canto-evoca-el-dolor-de-los-sirios\/#primaryimage","url":"https:\/\/baynana.es\/wp-content\/uploads\/2024\/02\/LINDA-AHMAD-scaled.jpg","contentUrl":"https:\/\/baynana.es\/wp-content\/uploads\/2024\/02\/LINDA-AHMAD-scaled.jpg","width":2560,"height":1440,"caption":"La cantante siria, Linda Al Ahmad en su residencia en Madrid, el pasado 30 de enero de 2024. Fotograf\u00eda: Muhammad Subat."},{"@type":"BreadcrumbList","@id":"https:\/\/baynana.es\/es\/linda-al-ahmad-la-artista-siria-cuyo-canto-evoca-el-dolor-de-los-sirios\/#breadcrumb","itemListElement":[{"@type":"ListItem","position":1,"name":"Portada","item":"https:\/\/baynana.es\/es\/"},{"@type":"ListItem","position":2,"name":"Linda Al Ahmad, la artista siria cuyo canto evoca el dolor de los sirios\u00a0"}]},{"@type":"WebSite","@id":"https:\/\/baynana.es\/#website","url":"https:\/\/baynana.es\/","name":"Baynana \u0628\u064a\u0646\u0646\u0627","description":"Baynana Revista \u0645\u062c\u0644\u0629 \u0628\u064a\u0646\u0646\u0627","publisher":{"@id":"https:\/\/baynana.es\/#organization"},"potentialAction":[{"@type":"SearchAction","target":{"@type":"EntryPoint","urlTemplate":"https:\/\/baynana.es\/?s={search_term_string}"},"query-input":{"@type":"PropertyValueSpecification","valueRequired":true,"valueName":"search_term_string"}}],"inLanguage":"es"},{"@type":"Organization","@id":"https:\/\/baynana.es\/#organization","name":"\u0628\u064a\u0646\u0646\u0627 Baynana","url":"https:\/\/baynana.es\/","logo":{"@type":"ImageObject","inLanguage":"es","@id":"https:\/\/baynana.es\/#\/schema\/logo\/image\/","url":"https:\/\/baynana.es\/wp-content\/uploads\/2021\/03\/Artboard-1.png","contentUrl":"https:\/\/baynana.es\/wp-content\/uploads\/2021\/03\/Artboard-1.png","width":315,"height":228,"caption":"\u0628\u064a\u0646\u0646\u0627 Baynana"},"image":{"@id":"https:\/\/baynana.es\/#\/schema\/logo\/image\/"},"sameAs":["https:\/\/www.facebook.com\/baynanaes","https:\/\/x.com\/baynanaes","https:\/\/www.instagram.com\/baynanaes\/","https:\/\/www.linkedin.com\/in\/baynana-\u0628\u064a\u0646\u0646\u0627-887599211\/","https:\/\/www.youtube.com\/channel\/UC3019bsq5wOpi61SOufKxPA"]},{"@type":"Person","@id":"https:\/\/baynana.es\/#\/schema\/person\/432924d16672b643f6d126a53936c61c","name":"Paula Herrera Camacho","image":{"@type":"ImageObject","inLanguage":"es","@id":"https:\/\/baynana.es\/#\/schema\/person\/image\/bf3ecc35148fcd13408c26c1c828f11a","url":"https:\/\/baynana.es\/wp-content\/uploads\/2023\/12\/cropped-WhatsApp-Image-2023-12-14-at-1.55.55-PM-1-96x96.jpeg","contentUrl":"https:\/\/baynana.es\/wp-content\/uploads\/2023\/12\/cropped-WhatsApp-Image-2023-12-14-at-1.55.55-PM-1-96x96.jpeg","caption":"Paula Herrera Camacho"},"description":"Paula Herrera, escribe sobre derechos humanos, migraciones, derechos mujeres y diversidades. M\u00e1ster de periodismo en Diario El Pa\u00eds. Ha estudiado comunicaci\u00f3n social en la Universidad Central del Ecuador. Premio \u201cGerda Taro\u201d, por el especial \u201cCinco mandamientos que (mal)educan a las mujeres\u201d.","url":"https:\/\/baynana.es\/es\/author\/paula-h\/"}]}},"authors":[{"term_id":513,"user_id":147,"is_guest":0,"slug":"paula-h","display_name":"Paula Herrera Camacho","avatar_url":"https:\/\/baynana.es\/wp-content\/uploads\/2023\/12\/cropped-WhatsApp-Image-2023-12-14-at-1.55.55-PM-1-96x96.jpeg","author_category":"","first_name":"Paula","last_name":"Herrera Camacho","user_url":"","job_title":"","description":"Paula Herrera, escribe sobre derechos humanos, migraciones, derechos mujeres y diversidades. M\u00e1ster de periodismo en Diario El Pa\u00eds. Ha estudiado comunicaci\u00f3n social en la Universidad Central del Ecuador. Premio \u201cGerda Taro\u201d, por el especial \u201cCinco mandamientos que (mal)educan a las mujeres\u201d."}],"_links":{"self":[{"href":"https:\/\/baynana.es\/es\/wp-json\/wp\/v2\/posts\/8463","targetHints":{"allow":["GET"]}}],"collection":[{"href":"https:\/\/baynana.es\/es\/wp-json\/wp\/v2\/posts"}],"about":[{"href":"https:\/\/baynana.es\/es\/wp-json\/wp\/v2\/types\/post"}],"author":[{"embeddable":true,"href":"https:\/\/baynana.es\/es\/wp-json\/wp\/v2\/users\/147"}],"replies":[{"embeddable":true,"href":"https:\/\/baynana.es\/es\/wp-json\/wp\/v2\/comments?post=8463"}],"version-history":[{"count":1,"href":"https:\/\/baynana.es\/es\/wp-json\/wp\/v2\/posts\/8463\/revisions"}],"predecessor-version":[{"id":8464,"href":"https:\/\/baynana.es\/es\/wp-json\/wp\/v2\/posts\/8463\/revisions\/8464"}],"wp:featuredmedia":[{"embeddable":true,"href":"https:\/\/baynana.es\/es\/wp-json\/wp\/v2\/media\/8458"}],"wp:attachment":[{"href":"https:\/\/baynana.es\/es\/wp-json\/wp\/v2\/media?parent=8463"}],"wp:term":[{"taxonomy":"category","embeddable":true,"href":"https:\/\/baynana.es\/es\/wp-json\/wp\/v2\/categories?post=8463"},{"taxonomy":"post_tag","embeddable":true,"href":"https:\/\/baynana.es\/es\/wp-json\/wp\/v2\/tags?post=8463"},{"taxonomy":"author","embeddable":true,"href":"https:\/\/baynana.es\/es\/wp-json\/wp\/v2\/ppma_author?post=8463"}],"curies":[{"name":"wp","href":"https:\/\/api.w.org\/{rel}","templated":true}]}}