{"id":8478,"date":"2024-02-09T10:38:32","date_gmt":"2024-02-09T09:38:32","guid":{"rendered":"https:\/\/baynana.es\/?p=8478"},"modified":"2024-02-09T10:38:35","modified_gmt":"2024-02-09T09:38:35","slug":"un-nuevo-acuerdo-antiinmigracion-y-tension-continua-en-varios-paises-mediterraneos","status":"publish","type":"post","link":"https:\/\/baynana.es\/es\/un-nuevo-acuerdo-antiinmigracion-y-tension-continua-en-varios-paises-mediterraneos\/","title":{"rendered":"Un nuevo acuerdo antiinmigraci\u00f3n y tensi\u00f3n continua en varios pa\u00edses mediterr\u00e1neos"},"content":{"rendered":"<div class=\"wp-block-post-date\"><time datetime=\"2024-02-09T10:38:32+01:00\">9 febrero\u060c 2024<\/time><\/div>\n\n\n<p>Esfuerzos internacionales para frenar la guerra lanzada por el ej\u00e9rcito israel\u00ed contra la Franja de Gaza, que podr\u00e1 comenzar con una tregua en tres etapas hasta llegar a una tregua permanente. El impacto de la guerra en Gaza se refleja en los pa\u00edses vecinos, como Siria, que fue testigo de un bombardeo israel\u00ed sobre la ciudad de Homs, y el L\u00edbano, que asiste a un intercambio de bombardeos en su frontera sur entre Israel y Hezbol\u00e1. Esta semana las fuerzas estadounidenses asesinaron a dos l\u00edderes de las Fuerzas de Movilizaci\u00f3n Popular ch\u00editas en Iraq y las operaciones hut\u00edes en el Mar Rojo contin\u00faan. Se habla de esfuerzos internacionales para entregar ayuda humanitaria a Sud\u00e1n.&nbsp;<\/p>\n\n\n\n<p>En cuanto a las noticias de migraci\u00f3n m\u00e1s destacadas, esta semana se produjo la muerte de 13 inmigrantes sudaneses, hubo operaciones de rescate de inmigrantes frente a las costas de Libia y un acuerdo entre la Uni\u00f3n Europea y Mauritania para combatir la migraci\u00f3n irregular e impedir que los migrantes lleguen a costas europeas.<\/p>\n\n\n\n<p><strong>\u00bfHacia d\u00f3nde podr\u00edan ir las cosas en Gaza?<\/strong><\/p>\n\n\n\n<p>&nbsp;La guerra en Gaza ha llegado a su d\u00eda 12. A pesar de los esfuerzos internacionales para detener la guerra en Gaza y declarar una tregua permanente, el ej\u00e9rcito israel\u00ed contin\u00faa con sus bombardeos sistem\u00e1ticos y sus operaciones militares en curso en varias zonas de la Franja de Gaza. En los dos d\u00edas anteriores, las fuerzas del ej\u00e9rcito israel\u00ed cometieron m\u00e1s de 16 masacres, matando a unas 150 personas. En el mismo contexto, Ham\u00e1s contin\u00faa su enfrentamiento militar en Gaza y Khan Yunis.<\/p>\n\n\n\n<p>En el plano pol\u00edtico, el secretario de Estado estadounidense, Anthony Blinken, confirm\u00f3 que la respuesta del movimiento Ham\u00e1s a las propuestas de la cumbre de Par\u00eds allana el camino para llegar a un acuerdo, al tiempo que destac\u00f3 la existencia de cuestiones que no pueden aceptarse. Tambi\u00e9n se\u00f1al\u00f3 que un equipo de las Naciones Unidas hab\u00eda iniciado una misi\u00f3n en el norte de Gaza para evaluar las condiciones de las personas desplazadas que a\u00fan se encontraban all\u00ed. Por su parte, el primer ministro israel\u00ed, Benjam\u00edn Netanyahu, confirm\u00f3 que continuar\u00eda con su incursi\u00f3n en Gaza, y advirti\u00f3 que rendirse a las condiciones de Ham\u00e1s, traer\u00eda un desastre para Israel.<\/p>\n\n\n\n<p>Seg\u00fan el Ministerio de Salud palestino, el saldo de la agresi\u00f3n israel\u00ed a la Franja de Gaza ascendi\u00f3 hasta ayer a 27.708 muertos y 67.147 heridos, la mayor\u00eda ni\u00f1os y mujeres, adem\u00e1s de una destrucci\u00f3n masiva de la zona y una crisis humanitaria sin precedentes.<\/p>\n\n\n\n<p><strong>Tensi\u00f3n en la frontera sur del L\u00edbano<\/strong><\/p>\n\n\n\n<p>El jueves 8 de febrero, el ej\u00e9rcito israel\u00ed anunci\u00f3 que un oficial y dos soldados resultaron heridos como resultado del lanzamiento de cohetes desde el L\u00edbano hacia el norte de Israel. En un comunicado, el ej\u00e9rcito israel\u00ed dijo: \u201cSe detectaron varios proyectiles de cohetes desde territorio liban\u00e9s hacia zonas del norte, lo que provoc\u00f3 heridas graves a un oficial y dos soldados con heridas leves\u201d. Por su parte, Hezbollah anunci\u00f3 dos operaciones contra posiciones israel\u00edes en la frontera sur del L\u00edbano.&nbsp;<\/p>\n\n\n\n<p>En respuesta a estos ataques, el ej\u00e9rcito israel\u00ed confirm\u00f3 que \u201caviones de combate atacaron infraestructuras y un edificio militar utilizado por Hezbol\u00e1 en la zona de Khiam, en el sur del L\u00edbano, desde donde se vigilaban las operaciones de lanzamiento hacia la zona de Kiryat Shmona\u201d.<\/p>\n\n\n\n<p><strong>Estados Unidos asesina a un l\u00edder de Hezbollah en Irak<\/strong><strong>&nbsp;&nbsp;&nbsp;&nbsp;<\/strong><\/p>\n\n\n\n<p>El mi\u00e9rcoles 7 de febrero, el Comando Central de Estados Unidos (Centcom) anunci\u00f3 que hab\u00eda llevado a cabo un ataque en Irak, que result\u00f3 en el asesinato del l\u00edder de las Brigadas iraqu\u00edes de Hezbollah, Abu Baqir al-Saadi. Sentcom inform\u00f3 que Al-Saadi era responsable de \u201cplanificar y participar directamente en ataques contra las fuerzas estadounidenses en la regi\u00f3n\u201d.<\/p>\n\n\n\n<p>Por su parte, el jefe de la C\u00e9lula de Medios de Seguridad en Irak, el mayor general Tahseen Al-Khafaji, dijo que atacar un veh\u00edculo perteneciente a las Fuerzas de Movilizaci\u00f3n Popular se considera un socavamiento de los entendimientos con Estados Unidos. Describi\u00f3 el bombardeo como \u00abuna clara agresi\u00f3n y violaci\u00f3n de la soberan\u00eda iraqu\u00ed\u00bb. Al-Khafaji a\u00f1adi\u00f3 que las autoridades iraqu\u00edes responsabilizan a la parte estadounidense y a las fuerzas de la coalici\u00f3n de las repercusiones que suponen una amenaza para la seguridad del pa\u00eds.<\/p>\n\n\n\n<p><strong>Contin\u00faan los enfrentamientos en el Mar Rojo<\/strong><\/p>\n\n\n\n<p>El ej\u00e9rcito estadounidense anunci\u00f3 el mi\u00e9rcoles 7 de febrero que el grupo yemen\u00ed hut\u00ed dispar\u00f3 6 misiles bal\u00edsticos contra dos barcos en el Mar Rojo y el Golfo de Ad\u00e9n. El Comando Central de Estados Unidos confirm\u00f3 que uno de los barcos hab\u00eda informado de da\u00f1os menores pero no hab\u00eda habido v\u00edctimas.<\/p>\n\n\n\n<p>En los detalles del comunicado, el Comando Central de Estados Unidos indic\u00f3 que tres de los misiles apuntaron al buque de transporte de carga \u00abStar Nasya\u00bb cuando cruzaba el Golfo de Ad\u00e9n, donde el barco inform\u00f3 de una explosi\u00f3n cerca de \u00e9l que caus\u00f3 da\u00f1os menores. El comunicado confirm\u00f3 que el destructor estadounidense \u00abLa Bonne\u00bb derrib\u00f3 uno de los misiles, mientras que los otros tres misiles apuntaron al barco \u00abMorning Tide\u00bb sin causar da\u00f1os.<\/p>\n\n\n\n<p>Por su parte, las fuerzas a\u00e9reas estadounidenses y brit\u00e1nicas respondieron a estos ataques con bombardeos a\u00e9reos contra las gobernaciones yemen\u00edes. El grupo yemen\u00ed hut\u00ed anunci\u00f3, el mi\u00e9rcoles 7 de febrero por la tarde, que dos ataques estadounidenses y brit\u00e1nicos tuvieron como objetivo la gobernaci\u00f3n costera de Hodeidah, y que el \u00e1rea de Baqim en la gobernaci\u00f3n de Saada, en el norte de Yemen, fue el objetivo.<\/p>\n\n\n\n<p><strong>El bombardeo israel\u00ed a la provincia siria de Homs dej\u00f3 civiles muertos<\/strong><\/p>\n\n\n\n<p>Los aviones israel\u00edes lanzaron ataques contra el centro de la ciudad de Homs, matando a nueve personas, entre ellas civiles, e hiriendo a otras trece. Es el primer ataque de este tipo dirigido a esta ciudad. Las redadas tambi\u00e9n tuvieron como objetivo la base de Shayrat y las zonas agr\u00edcolas del barrio de Al-Waer.<\/p>\n\n\n\n<p>Syria TV indic\u00f3 que el allanamiento de la casa provoc\u00f3 el asesinato de dos j\u00f3venes estudiantes de la Facultad de Derecho y Farmacia de la Universidad Al-Baath, adem\u00e1s de la muerte de una mujer de 85 a\u00f1os y su hijo, que reside en Estados Unidos y estaba visitando a su madre.<\/p>\n\n\n\n<p><strong>Se discute la entrega de ayuda humanitaria a Sud\u00e1n<\/strong><\/p>\n\n\n\n<p>Las Naciones Unidas anunciaron el mi\u00e9rcoles 7 de febrero que las dos partes en el conflicto de Sud\u00e1n acordaron celebrar una reuni\u00f3n, probablemente en Suiza, para discutir cuestiones relativas a la entrega de ayuda humanitaria. Martin Griffiths, secretario general adjunto de Asuntos Humanitarios de Naciones Unidas, explic\u00f3 que se hab\u00eda puesto en contacto con el comandante del ej\u00e9rcito sudan\u00e9s y jefe del Consejo de Soberan\u00eda, Abdel Fattah al-Burhan, y con el comandante opositor, Mohamed Hamdan Dagalo (Hemedti ), sobre la celebraci\u00f3n de una reuni\u00f3n en la que participar\u00edan representantes de las dos partes en el conflicto de Sud\u00e1n para discutir la entrega de ayuda.<\/p>\n\n\n\n<p>Desde el pasado 15 de abril de 2023, Sud\u00e1n es testigo de un conflicto entre las fuerzas del ej\u00e9rcito, lideradas por Al-Burhan, y las Fuerzas de Apoyo R\u00e1pido lideradas por Hemedti. En casi un a\u00f1o de este enfrentamiento, han perdido la vida decenas de miles de personas, de las cuales unas 10.000 han ca\u00eddo en la regi\u00f3n de Darfur, seg\u00fan un informe de expertos de las Naciones Unidas.<\/p>\n\n\n\n<p><strong>Mueren 13 migrantes frente a las costas de T\u00fanez<\/strong><\/p>\n\n\n\n<p>Del mismo pa\u00eds, Sud\u00e1n, pero en el mar, migrantes perdieron la vida. Las autoridades tunecinas recuperaron los cuerpos de 13 migrantes sudaneses despu\u00e9s de que su barco se hundiera frente a la costa de la ciudad de Chebba, mientras que otros 27 siguen desaparecidos. La embarcaci\u00f3n transportaba a 42 personas, todas ellas procedentes de Sud\u00e1n, con rumbo a la costa italiana desde Sfax. La distancia entre los dos puntos es de 150 kil\u00f3metros.&nbsp;<\/p>\n\n\n\n<p><strong>Rescatar a migrantes frente a las costas de Libia<\/strong><\/p>\n\n\n\n<p>El barco Ocean Viking, afiliado a SOS M\u00e9diterran\u00e9e, pudo rescatar a 110 migrantes, entre ellos 36 menores no acompa\u00f1ados, dos mujeres embarazadas y un beb\u00e9, durante la noche del lunes 5 de febrero, en la regi\u00f3n central del Mediterr\u00e1neo, frente a la costa de Libia.<\/p>\n\n\n\n<p>SOS M\u00e9diterran\u00e9e explic\u00f3 en un comunicado que la denuncia de que la embarcaci\u00f3n se encontraba en peligro, se realiz\u00f3 por primera vez a trav\u00e9s de la plataforma \u201cAlarm Phone\u201d (Tel\u00e9fono Alarma, que es un n\u00famero utilizado por los migrantes para informar de dificultades al cruzar el mar Mediterr\u00e1neo). El barco Ocean Viking logr\u00f3 localizar la embarcaci\u00f3n repleta de migrantes y rescatarlos. Entre las personas rescatadas se encontraban 11 mujeres, dos de ellas embarazadas, un beb\u00e9 de un a\u00f1o y 36 menores no acompa\u00f1ados, la mayor\u00eda procedentes de Etiop\u00eda y Eritrea.<\/p>\n\n\n\n<p><strong>Un acuerdo entre la Uni\u00f3n Europea y Mauritania para luchar contra la migraci\u00f3n irregular<\/strong><\/p>\n\n\n\n<p>El presidente del Gobierno, Pedro S\u00e1nchez, y la presidenta de la Comisi\u00f3n Europea, Ursula von der Leyen, viajaron el jueves 8 de febrero a Mauritania para reforzar el compromiso con el desarrollo de este pa\u00eds y la lucha contra la inmigraci\u00f3n ilegal, compromiso que se concretar\u00e1 con la firma de una serie de acuerdos de acuerdos. Tanto Espa\u00f1a como la Uni\u00f3n Europea pretenden incrementar la cooperaci\u00f3n en una serie de \u00e1reas, la m\u00e1s destacada es la que aborda los movimientos migratorios que sufre Mauritania como pa\u00eds de tr\u00e1nsito de estos flujos.<\/p>\n\n\n\n<p>Se estima que<a href=\"https:\/\/www.eldiario.es\/politica\/sanchez-von-der-leyen-viajan-mauritania-ampliar-ayuda-migracion-ilegal_1_10905709.html\"> la Uni\u00f3n Europea proporcionar\u00e1 una ayuda potencial por valor de 200<\/a> millones de euros destinada a diversos \u00e1mbitos de cooperaci\u00f3n relacionados con varios expedientes, en particular el expediente de inmigraci\u00f3n. Mauritania, junto con Senegal, es un punto de partida para miles de inmigrantes que buscan entrar en Europa a trav\u00e9s de las Islas Canarias. En enero llegaron a Espa\u00f1a 7.270 inmigrantes, la mayor\u00eda de los cuales tomaron la ruta mar\u00edtima hacia Canarias y el 83% de las pateras que llegaron al archipi\u00e9lago partieron de las costas de Mauritania.<\/p>\n","protected":false},"excerpt":{"rendered":"<p>9 febrero\u060c 2024 Esfuerzos internacionales para frenar la guerra lanzada por el ej\u00e9rcito israel\u00ed contra la Franja de Gaza, que podr\u00e1 comenzar con una tregua en tres etapas hasta llegar a una tregua permanente. El impacto de la guerra en Gaza se refleja en los pa\u00edses vecinos, como Siria, que fue testigo de un bombardeo &hellip;<\/p>\n","protected":false},"author":7,"featured_media":8476,"comment_status":"closed","ping_status":"closed","sticky":false,"template":"","format":"standard","meta":{"inline_featured_image":false,"footnotes":""},"categories":[11,498],"tags":[91],"ppma_author":[508],"class_list":["post-8478","post","type-post","status-publish","format-standard","has-post-thumbnail","hentry","category-inicio","category-noticiero-semanal","tag-revista-baynana"],"acf":[],"yoast_head":"<!-- This site is optimized with the Yoast SEO plugin v25.3.1 - https:\/\/yoast.com\/wordpress\/plugins\/seo\/ -->\n<title>Un nuevo acuerdo antiinmigraci\u00f3n y tensi\u00f3n continua en varios pa\u00edses mediterr\u00e1neos<\/title>\n<meta name=\"description\" content=\"Lo m\u00e1s destacado sobre migraciones y Oriente Medio durante la semana\" \/>\n<meta name=\"robots\" content=\"index, follow, max-snippet:-1, max-image-preview:large, max-video-preview:-1\" \/>\n<link rel=\"canonical\" href=\"https:\/\/baynana.es\/es\/un-nuevo-acuerdo-antiinmigracion-y-tension-continua-en-varios-paises-mediterraneos\/\" \/>\n<meta property=\"og:locale\" content=\"es_ES\" \/>\n<meta property=\"og:type\" content=\"article\" \/>\n<meta property=\"og:title\" content=\"Un nuevo acuerdo antiinmigraci\u00f3n y tensi\u00f3n continua en varios pa\u00edses mediterr\u00e1neos\" \/>\n<meta property=\"og:description\" content=\"Lo m\u00e1s destacado sobre migraciones y Oriente Medio durante la semana\" \/>\n<meta property=\"og:url\" content=\"https:\/\/baynana.es\/es\/un-nuevo-acuerdo-antiinmigracion-y-tension-continua-en-varios-paises-mediterraneos\/\" \/>\n<meta property=\"og:site_name\" content=\"Baynana \u0628\u064a\u0646\u0646\u0627\" \/>\n<meta property=\"article:publisher\" content=\"https:\/\/www.facebook.com\/baynanaes\" \/>\n<meta property=\"article:published_time\" content=\"2024-02-09T09:38:32+00:00\" \/>\n<meta property=\"article:modified_time\" content=\"2024-02-09T09:38:35+00:00\" \/>\n<meta property=\"og:image\" content=\"https:\/\/baynana.es\/wp-content\/uploads\/2024\/02\/acuerdo-euro.jpg\" \/>\n\t<meta property=\"og:image:width\" content=\"1407\" \/>\n\t<meta property=\"og:image:height\" content=\"701\" \/>\n\t<meta property=\"og:image:type\" content=\"image\/jpeg\" \/>\n<meta name=\"author\" content=\"Moussa Al Jamaat\" \/>\n<meta name=\"twitter:card\" content=\"summary_large_image\" \/>\n<meta name=\"twitter:creator\" content=\"@moussajamaat\" \/>\n<meta name=\"twitter:site\" content=\"@baynanaes\" \/>\n<meta name=\"twitter:label1\" content=\"Escrito por\" \/>\n\t<meta name=\"twitter:data1\" content=\"Moussa Al Jamaat\" \/>\n\t<meta name=\"twitter:label2\" content=\"Tiempo de lectura\" \/>\n\t<meta name=\"twitter:data2\" content=\"12 minutos\" \/>\n<script type=\"application\/ld+json\" class=\"yoast-schema-graph\">{\"@context\":\"https:\/\/schema.org\",\"@graph\":[{\"@type\":\"Article\",\"@id\":\"https:\/\/baynana.es\/es\/un-nuevo-acuerdo-antiinmigracion-y-tension-continua-en-varios-paises-mediterraneos\/#article\",\"isPartOf\":{\"@id\":\"https:\/\/baynana.es\/es\/un-nuevo-acuerdo-antiinmigracion-y-tension-continua-en-varios-paises-mediterraneos\/\"},\"author\":{\"name\":\"Moussa Al Jamaat\",\"@id\":\"https:\/\/baynana.es\/#\/schema\/person\/b025556a8b06dd3c230ee9117ca455ed\"},\"headline\":\"Un nuevo acuerdo antiinmigraci\u00f3n y tensi\u00f3n continua en varios pa\u00edses mediterr\u00e1neos\",\"datePublished\":\"2024-02-09T09:38:32+00:00\",\"dateModified\":\"2024-02-09T09:38:35+00:00\",\"mainEntityOfPage\":{\"@id\":\"https:\/\/baynana.es\/es\/un-nuevo-acuerdo-antiinmigracion-y-tension-continua-en-varios-paises-mediterraneos\/\"},\"wordCount\":1768,\"publisher\":{\"@id\":\"https:\/\/baynana.es\/#organization\"},\"image\":{\"@id\":\"https:\/\/baynana.es\/es\/un-nuevo-acuerdo-antiinmigracion-y-tension-continua-en-varios-paises-mediterraneos\/#primaryimage\"},\"thumbnailUrl\":\"https:\/\/baynana.es\/wp-content\/uploads\/2024\/02\/acuerdo-euro.jpg\",\"keywords\":[\"REVISTA BAYNANA\"],\"articleSection\":[\"INICIO\",\"NOTICIERO SEMANAL\"],\"inLanguage\":\"es\"},{\"@type\":\"WebPage\",\"@id\":\"https:\/\/baynana.es\/es\/un-nuevo-acuerdo-antiinmigracion-y-tension-continua-en-varios-paises-mediterraneos\/\",\"url\":\"https:\/\/baynana.es\/es\/un-nuevo-acuerdo-antiinmigracion-y-tension-continua-en-varios-paises-mediterraneos\/\",\"name\":\"Un nuevo acuerdo antiinmigraci\u00f3n y tensi\u00f3n continua en varios pa\u00edses mediterr\u00e1neos\",\"isPartOf\":{\"@id\":\"https:\/\/baynana.es\/#website\"},\"primaryImageOfPage\":{\"@id\":\"https:\/\/baynana.es\/es\/un-nuevo-acuerdo-antiinmigracion-y-tension-continua-en-varios-paises-mediterraneos\/#primaryimage\"},\"image\":{\"@id\":\"https:\/\/baynana.es\/es\/un-nuevo-acuerdo-antiinmigracion-y-tension-continua-en-varios-paises-mediterraneos\/#primaryimage\"},\"thumbnailUrl\":\"https:\/\/baynana.es\/wp-content\/uploads\/2024\/02\/acuerdo-euro.jpg\",\"datePublished\":\"2024-02-09T09:38:32+00:00\",\"dateModified\":\"2024-02-09T09:38:35+00:00\",\"description\":\"Lo m\u00e1s destacado sobre migraciones y Oriente Medio durante la semana\",\"breadcrumb\":{\"@id\":\"https:\/\/baynana.es\/es\/un-nuevo-acuerdo-antiinmigracion-y-tension-continua-en-varios-paises-mediterraneos\/#breadcrumb\"},\"inLanguage\":\"es\",\"potentialAction\":[{\"@type\":\"ReadAction\",\"target\":[\"https:\/\/baynana.es\/es\/un-nuevo-acuerdo-antiinmigracion-y-tension-continua-en-varios-paises-mediterraneos\/\"]}]},{\"@type\":\"ImageObject\",\"inLanguage\":\"es\",\"@id\":\"https:\/\/baynana.es\/es\/un-nuevo-acuerdo-antiinmigracion-y-tension-continua-en-varios-paises-mediterraneos\/#primaryimage\",\"url\":\"https:\/\/baynana.es\/wp-content\/uploads\/2024\/02\/acuerdo-euro.jpg\",\"contentUrl\":\"https:\/\/baynana.es\/wp-content\/uploads\/2024\/02\/acuerdo-euro.jpg\",\"width\":1407,\"height\":701,\"caption\":\"La presidenta de la Comisi\u00f3n Europea, Ursula Von der Leyen, el presidente del Gobierno, Pedro S\u00e1nchez, y el presidente de Mauritania, Mohamed Uld Ghazuani.\"},{\"@type\":\"BreadcrumbList\",\"@id\":\"https:\/\/baynana.es\/es\/un-nuevo-acuerdo-antiinmigracion-y-tension-continua-en-varios-paises-mediterraneos\/#breadcrumb\",\"itemListElement\":[{\"@type\":\"ListItem\",\"position\":1,\"name\":\"Portada\",\"item\":\"https:\/\/baynana.es\/es\/\"},{\"@type\":\"ListItem\",\"position\":2,\"name\":\"Un nuevo acuerdo antiinmigraci\u00f3n y tensi\u00f3n continua en varios pa\u00edses mediterr\u00e1neos\"}]},{\"@type\":\"WebSite\",\"@id\":\"https:\/\/baynana.es\/#website\",\"url\":\"https:\/\/baynana.es\/\",\"name\":\"Baynana \u0628\u064a\u0646\u0646\u0627\",\"description\":\"Baynana Revista \u0645\u062c\u0644\u0629 \u0628\u064a\u0646\u0646\u0627\",\"publisher\":{\"@id\":\"https:\/\/baynana.es\/#organization\"},\"potentialAction\":[{\"@type\":\"SearchAction\",\"target\":{\"@type\":\"EntryPoint\",\"urlTemplate\":\"https:\/\/baynana.es\/?s={search_term_string}\"},\"query-input\":{\"@type\":\"PropertyValueSpecification\",\"valueRequired\":true,\"valueName\":\"search_term_string\"}}],\"inLanguage\":\"es\"},{\"@type\":\"Organization\",\"@id\":\"https:\/\/baynana.es\/#organization\",\"name\":\"\u0628\u064a\u0646\u0646\u0627 Baynana\",\"url\":\"https:\/\/baynana.es\/\",\"logo\":{\"@type\":\"ImageObject\",\"inLanguage\":\"es\",\"@id\":\"https:\/\/baynana.es\/#\/schema\/logo\/image\/\",\"url\":\"https:\/\/baynana.es\/wp-content\/uploads\/2021\/03\/Artboard-1.png\",\"contentUrl\":\"https:\/\/baynana.es\/wp-content\/uploads\/2021\/03\/Artboard-1.png\",\"width\":315,\"height\":228,\"caption\":\"\u0628\u064a\u0646\u0646\u0627 Baynana\"},\"image\":{\"@id\":\"https:\/\/baynana.es\/#\/schema\/logo\/image\/\"},\"sameAs\":[\"https:\/\/www.facebook.com\/baynanaes\",\"https:\/\/x.com\/baynanaes\",\"https:\/\/www.instagram.com\/baynanaes\/\",\"https:\/\/www.linkedin.com\/in\/baynana-\u0628\u064a\u0646\u0646\u0627-887599211\/\",\"https:\/\/www.youtube.com\/channel\/UC3019bsq5wOpi61SOufKxPA\"]},{\"@type\":\"Person\",\"@id\":\"https:\/\/baynana.es\/#\/schema\/person\/b025556a8b06dd3c230ee9117ca455ed\",\"name\":\"Moussa Al Jamaat\",\"image\":{\"@type\":\"ImageObject\",\"inLanguage\":\"es\",\"@id\":\"https:\/\/baynana.es\/#\/schema\/person\/image\/571a1e3457b90164719fbb2b7cfdaf2c\",\"url\":\"https:\/\/baynana.es\/wp-content\/uploads\/2021\/11\/MOSA-96x96.png\",\"contentUrl\":\"https:\/\/baynana.es\/wp-content\/uploads\/2021\/11\/MOSA-96x96.png\",\"caption\":\"Moussa Al Jamaat\"},\"description\":\"Periodista sirio residente en Madrid desde 2019. Empez\u00f3 a estudiar Inform\u00e1tica en la Universidad de Damasco (campus de Daraa), pero abandon\u00f3 sus estudios por la erupci\u00f3n del conflicto en Siria. Entre 2011 y 2019 trabaj\u00f3 como reportero y fot\u00f3grafo para agencias de noticias locales. Ahora trabaja como reportero, fot\u00f3grafo y se encarga de la web de Baynana. \u0643\u0627\u0646\u0628\/ \u0645\u0635\u0648\u0631 \/\u0645\u0635\u0645\u0645 \u0635\u062d\u0641\u064a \u0633\u0648\u0631\u064a \u0645\u0642\u064a\u0645 \u0641\u064a \u0645\u062f\u0631\u064a\u062f \u0645\u0646\u0630 \u0639\u0627\u0645 2019. \u0628\u062f\u0623 \u062f\u0631\u0627\u0633\u0629 \u0639\u0644\u0648\u0645 \u0627\u0644\u0643\u0645\u0628\u064a\u0648\u062a\u0631 \u0641\u064a \u062c\u0627\u0645\u0639\u0629 \u062f\u0645\u0634\u0642 (\u0641\u0631\u0639 \u062f\u0631\u0639\u0627) \u060c \u0644\u0643\u0646\u0647 \u062a\u062e\u0644\u0649 \u0639\u0646 \u062f\u0631\u0627\u0633\u062a\u0647 \u0628\u0633\u0628\u0628 \u0627\u0646\u062f\u0644\u0627\u0639 \u0627\u0644\u0635\u0631\u0627\u0639 \u0641\u064a \u0633\u0648\u0631\u064a\u0627. \u0628\u064a\u0646 \u0639\u0627\u0645\u064a 2011 \u0648 2019 \u0639\u0645\u0644 \u0643\u0645\u0631\u0627\u0633\u0644 \u0648\u0645\u0635\u0648\u0631 \u0644\u0648\u0643\u0627\u0644\u0627\u062a \u0627\u0644\u0623\u0646\u0628\u0627\u0621 \u0627\u0644\u0645\u062d\u0644\u064a\u0629. \u064a\u0639\u0645\u0644 \u0627\u0644\u0622\u0646 \u0643\u0645\u0631\u0627\u0633\u0644 \u0648\u0645\u0635\u0648\u0631 \u0648\u0645\u0635\u0645\u0645 \u0648\u064a\u062f\u064a\u0631 \u0645\u0648\u0642\u0639 \u0645\u062c\u0644\u0629 \u0628\u064a\u0646\u0646\u0627 \u0627\u0644\u0625\u0644\u0643\u062a\u0631\u0648\u0646\u064a.\",\"sameAs\":[\"https:\/\/x.com\/@moussajamaat\"],\"url\":\"https:\/\/baynana.es\/es\/author\/mousa\/\"}]}<\/script>\n<!-- \/ Yoast SEO plugin. -->","yoast_head_json":{"title":"Un nuevo acuerdo antiinmigraci\u00f3n y tensi\u00f3n continua en varios pa\u00edses mediterr\u00e1neos","description":"Lo m\u00e1s destacado sobre migraciones y Oriente Medio durante la semana","robots":{"index":"index","follow":"follow","max-snippet":"max-snippet:-1","max-image-preview":"max-image-preview:large","max-video-preview":"max-video-preview:-1"},"canonical":"https:\/\/baynana.es\/es\/un-nuevo-acuerdo-antiinmigracion-y-tension-continua-en-varios-paises-mediterraneos\/","og_locale":"es_ES","og_type":"article","og_title":"Un nuevo acuerdo antiinmigraci\u00f3n y tensi\u00f3n continua en varios pa\u00edses mediterr\u00e1neos","og_description":"Lo m\u00e1s destacado sobre migraciones y Oriente Medio durante la semana","og_url":"https:\/\/baynana.es\/es\/un-nuevo-acuerdo-antiinmigracion-y-tension-continua-en-varios-paises-mediterraneos\/","og_site_name":"Baynana \u0628\u064a\u0646\u0646\u0627","article_publisher":"https:\/\/www.facebook.com\/baynanaes","article_published_time":"2024-02-09T09:38:32+00:00","article_modified_time":"2024-02-09T09:38:35+00:00","og_image":[{"width":1407,"height":701,"url":"https:\/\/baynana.es\/wp-content\/uploads\/2024\/02\/acuerdo-euro.jpg","type":"image\/jpeg"}],"author":"Moussa Al Jamaat","twitter_card":"summary_large_image","twitter_creator":"@moussajamaat","twitter_site":"@baynanaes","twitter_misc":{"Escrito por":"Moussa Al Jamaat","Tiempo de lectura":"12 minutos"},"schema":{"@context":"https:\/\/schema.org","@graph":[{"@type":"Article","@id":"https:\/\/baynana.es\/es\/un-nuevo-acuerdo-antiinmigracion-y-tension-continua-en-varios-paises-mediterraneos\/#article","isPartOf":{"@id":"https:\/\/baynana.es\/es\/un-nuevo-acuerdo-antiinmigracion-y-tension-continua-en-varios-paises-mediterraneos\/"},"author":{"name":"Moussa Al Jamaat","@id":"https:\/\/baynana.es\/#\/schema\/person\/b025556a8b06dd3c230ee9117ca455ed"},"headline":"Un nuevo acuerdo antiinmigraci\u00f3n y tensi\u00f3n continua en varios pa\u00edses mediterr\u00e1neos","datePublished":"2024-02-09T09:38:32+00:00","dateModified":"2024-02-09T09:38:35+00:00","mainEntityOfPage":{"@id":"https:\/\/baynana.es\/es\/un-nuevo-acuerdo-antiinmigracion-y-tension-continua-en-varios-paises-mediterraneos\/"},"wordCount":1768,"publisher":{"@id":"https:\/\/baynana.es\/#organization"},"image":{"@id":"https:\/\/baynana.es\/es\/un-nuevo-acuerdo-antiinmigracion-y-tension-continua-en-varios-paises-mediterraneos\/#primaryimage"},"thumbnailUrl":"https:\/\/baynana.es\/wp-content\/uploads\/2024\/02\/acuerdo-euro.jpg","keywords":["REVISTA BAYNANA"],"articleSection":["INICIO","NOTICIERO SEMANAL"],"inLanguage":"es"},{"@type":"WebPage","@id":"https:\/\/baynana.es\/es\/un-nuevo-acuerdo-antiinmigracion-y-tension-continua-en-varios-paises-mediterraneos\/","url":"https:\/\/baynana.es\/es\/un-nuevo-acuerdo-antiinmigracion-y-tension-continua-en-varios-paises-mediterraneos\/","name":"Un nuevo acuerdo antiinmigraci\u00f3n y tensi\u00f3n continua en varios pa\u00edses mediterr\u00e1neos","isPartOf":{"@id":"https:\/\/baynana.es\/#website"},"primaryImageOfPage":{"@id":"https:\/\/baynana.es\/es\/un-nuevo-acuerdo-antiinmigracion-y-tension-continua-en-varios-paises-mediterraneos\/#primaryimage"},"image":{"@id":"https:\/\/baynana.es\/es\/un-nuevo-acuerdo-antiinmigracion-y-tension-continua-en-varios-paises-mediterraneos\/#primaryimage"},"thumbnailUrl":"https:\/\/baynana.es\/wp-content\/uploads\/2024\/02\/acuerdo-euro.jpg","datePublished":"2024-02-09T09:38:32+00:00","dateModified":"2024-02-09T09:38:35+00:00","description":"Lo m\u00e1s destacado sobre migraciones y Oriente Medio durante la semana","breadcrumb":{"@id":"https:\/\/baynana.es\/es\/un-nuevo-acuerdo-antiinmigracion-y-tension-continua-en-varios-paises-mediterraneos\/#breadcrumb"},"inLanguage":"es","potentialAction":[{"@type":"ReadAction","target":["https:\/\/baynana.es\/es\/un-nuevo-acuerdo-antiinmigracion-y-tension-continua-en-varios-paises-mediterraneos\/"]}]},{"@type":"ImageObject","inLanguage":"es","@id":"https:\/\/baynana.es\/es\/un-nuevo-acuerdo-antiinmigracion-y-tension-continua-en-varios-paises-mediterraneos\/#primaryimage","url":"https:\/\/baynana.es\/wp-content\/uploads\/2024\/02\/acuerdo-euro.jpg","contentUrl":"https:\/\/baynana.es\/wp-content\/uploads\/2024\/02\/acuerdo-euro.jpg","width":1407,"height":701,"caption":"La presidenta de la Comisi\u00f3n Europea, Ursula Von der Leyen, el presidente del Gobierno, Pedro S\u00e1nchez, y el presidente de Mauritania, Mohamed Uld Ghazuani."},{"@type":"BreadcrumbList","@id":"https:\/\/baynana.es\/es\/un-nuevo-acuerdo-antiinmigracion-y-tension-continua-en-varios-paises-mediterraneos\/#breadcrumb","itemListElement":[{"@type":"ListItem","position":1,"name":"Portada","item":"https:\/\/baynana.es\/es\/"},{"@type":"ListItem","position":2,"name":"Un nuevo acuerdo antiinmigraci\u00f3n y tensi\u00f3n continua en varios pa\u00edses mediterr\u00e1neos"}]},{"@type":"WebSite","@id":"https:\/\/baynana.es\/#website","url":"https:\/\/baynana.es\/","name":"Baynana \u0628\u064a\u0646\u0646\u0627","description":"Baynana Revista \u0645\u062c\u0644\u0629 \u0628\u064a\u0646\u0646\u0627","publisher":{"@id":"https:\/\/baynana.es\/#organization"},"potentialAction":[{"@type":"SearchAction","target":{"@type":"EntryPoint","urlTemplate":"https:\/\/baynana.es\/?s={search_term_string}"},"query-input":{"@type":"PropertyValueSpecification","valueRequired":true,"valueName":"search_term_string"}}],"inLanguage":"es"},{"@type":"Organization","@id":"https:\/\/baynana.es\/#organization","name":"\u0628\u064a\u0646\u0646\u0627 Baynana","url":"https:\/\/baynana.es\/","logo":{"@type":"ImageObject","inLanguage":"es","@id":"https:\/\/baynana.es\/#\/schema\/logo\/image\/","url":"https:\/\/baynana.es\/wp-content\/uploads\/2021\/03\/Artboard-1.png","contentUrl":"https:\/\/baynana.es\/wp-content\/uploads\/2021\/03\/Artboard-1.png","width":315,"height":228,"caption":"\u0628\u064a\u0646\u0646\u0627 Baynana"},"image":{"@id":"https:\/\/baynana.es\/#\/schema\/logo\/image\/"},"sameAs":["https:\/\/www.facebook.com\/baynanaes","https:\/\/x.com\/baynanaes","https:\/\/www.instagram.com\/baynanaes\/","https:\/\/www.linkedin.com\/in\/baynana-\u0628\u064a\u0646\u0646\u0627-887599211\/","https:\/\/www.youtube.com\/channel\/UC3019bsq5wOpi61SOufKxPA"]},{"@type":"Person","@id":"https:\/\/baynana.es\/#\/schema\/person\/b025556a8b06dd3c230ee9117ca455ed","name":"Moussa Al Jamaat","image":{"@type":"ImageObject","inLanguage":"es","@id":"https:\/\/baynana.es\/#\/schema\/person\/image\/571a1e3457b90164719fbb2b7cfdaf2c","url":"https:\/\/baynana.es\/wp-content\/uploads\/2021\/11\/MOSA-96x96.png","contentUrl":"https:\/\/baynana.es\/wp-content\/uploads\/2021\/11\/MOSA-96x96.png","caption":"Moussa Al Jamaat"},"description":"Periodista sirio residente en Madrid desde 2019. Empez\u00f3 a estudiar Inform\u00e1tica en la Universidad de Damasco (campus de Daraa), pero abandon\u00f3 sus estudios por la erupci\u00f3n del conflicto en Siria. Entre 2011 y 2019 trabaj\u00f3 como reportero y fot\u00f3grafo para agencias de noticias locales. Ahora trabaja como reportero, fot\u00f3grafo y se encarga de la web de Baynana. \u0643\u0627\u0646\u0628\/ \u0645\u0635\u0648\u0631 \/\u0645\u0635\u0645\u0645 \u0635\u062d\u0641\u064a \u0633\u0648\u0631\u064a \u0645\u0642\u064a\u0645 \u0641\u064a \u0645\u062f\u0631\u064a\u062f \u0645\u0646\u0630 \u0639\u0627\u0645 2019. \u0628\u062f\u0623 \u062f\u0631\u0627\u0633\u0629 \u0639\u0644\u0648\u0645 \u0627\u0644\u0643\u0645\u0628\u064a\u0648\u062a\u0631 \u0641\u064a \u062c\u0627\u0645\u0639\u0629 \u062f\u0645\u0634\u0642 (\u0641\u0631\u0639 \u062f\u0631\u0639\u0627) \u060c \u0644\u0643\u0646\u0647 \u062a\u062e\u0644\u0649 \u0639\u0646 \u062f\u0631\u0627\u0633\u062a\u0647 \u0628\u0633\u0628\u0628 \u0627\u0646\u062f\u0644\u0627\u0639 \u0627\u0644\u0635\u0631\u0627\u0639 \u0641\u064a \u0633\u0648\u0631\u064a\u0627. \u0628\u064a\u0646 \u0639\u0627\u0645\u064a 2011 \u0648 2019 \u0639\u0645\u0644 \u0643\u0645\u0631\u0627\u0633\u0644 \u0648\u0645\u0635\u0648\u0631 \u0644\u0648\u0643\u0627\u0644\u0627\u062a \u0627\u0644\u0623\u0646\u0628\u0627\u0621 \u0627\u0644\u0645\u062d\u0644\u064a\u0629. \u064a\u0639\u0645\u0644 \u0627\u0644\u0622\u0646 \u0643\u0645\u0631\u0627\u0633\u0644 \u0648\u0645\u0635\u0648\u0631 \u0648\u0645\u0635\u0645\u0645 \u0648\u064a\u062f\u064a\u0631 \u0645\u0648\u0642\u0639 \u0645\u062c\u0644\u0629 \u0628\u064a\u0646\u0646\u0627 \u0627\u0644\u0625\u0644\u0643\u062a\u0631\u0648\u0646\u064a.","sameAs":["https:\/\/x.com\/@moussajamaat"],"url":"https:\/\/baynana.es\/es\/author\/mousa\/"}]}},"authors":[{"term_id":508,"user_id":7,"is_guest":0,"slug":"mousa","display_name":"Moussa Al Jamaat","avatar_url":"https:\/\/baynana.es\/wp-content\/uploads\/2021\/11\/MOSA-96x96.png","author_category":"","first_name":"Moussa","last_name":"Al Jamaat","user_url":"","job_title":"","description":"Periodista sirio residente en Madrid desde 2019. Empez\u00f3 a estudiar Inform\u00e1tica en la Universidad de Damasco (campus de Daraa), pero abandon\u00f3 sus estudios por la erupci\u00f3n del conflicto en Siria. Entre 2011 y 2019 trabaj\u00f3 como reportero y fot\u00f3grafo para agencias de noticias locales. Ahora trabaja como reportero, fot\u00f3grafo y se encarga de la web de Baynana.\r\n\u0643\u0627\u0646\u0628\/ \u0645\u0635\u0648\u0631 \/\u0645\u0635\u0645\u0645 \r\n\u0635\u062d\u0641\u064a \u0633\u0648\u0631\u064a \u0645\u0642\u064a\u0645 \u0641\u064a \u0645\u062f\u0631\u064a\u062f \u0645\u0646\u0630 \u0639\u0627\u0645 2019. \u0628\u062f\u0623 \u062f\u0631\u0627\u0633\u0629 \u0639\u0644\u0648\u0645 \u0627\u0644\u0643\u0645\u0628\u064a\u0648\u062a\u0631 \u0641\u064a \u062c\u0627\u0645\u0639\u0629 \u062f\u0645\u0634\u0642 (\u0641\u0631\u0639 \u062f\u0631\u0639\u0627) \u060c \u0644\u0643\u0646\u0647 \u062a\u062e\u0644\u0649 \u0639\u0646 \u062f\u0631\u0627\u0633\u062a\u0647 \u0628\u0633\u0628\u0628 \u0627\u0646\u062f\u0644\u0627\u0639 \u0627\u0644\u0635\u0631\u0627\u0639 \u0641\u064a \u0633\u0648\u0631\u064a\u0627. \u0628\u064a\u0646 \u0639\u0627\u0645\u064a 2011 \u0648 2019 \u0639\u0645\u0644 \u0643\u0645\u0631\u0627\u0633\u0644 \u0648\u0645\u0635\u0648\u0631 \u0644\u0648\u0643\u0627\u0644\u0627\u062a \u0627\u0644\u0623\u0646\u0628\u0627\u0621 \u0627\u0644\u0645\u062d\u0644\u064a\u0629. \u064a\u0639\u0645\u0644 \u0627\u0644\u0622\u0646 \u0643\u0645\u0631\u0627\u0633\u0644 \u0648\u0645\u0635\u0648\u0631 \u0648\u0645\u0635\u0645\u0645 \u0648\u064a\u062f\u064a\u0631 \u0645\u0648\u0642\u0639 \u0645\u062c\u0644\u0629 \u0628\u064a\u0646\u0646\u0627 \u0627\u0644\u0625\u0644\u0643\u062a\u0631\u0648\u0646\u064a."}],"_links":{"self":[{"href":"https:\/\/baynana.es\/es\/wp-json\/wp\/v2\/posts\/8478","targetHints":{"allow":["GET"]}}],"collection":[{"href":"https:\/\/baynana.es\/es\/wp-json\/wp\/v2\/posts"}],"about":[{"href":"https:\/\/baynana.es\/es\/wp-json\/wp\/v2\/types\/post"}],"author":[{"embeddable":true,"href":"https:\/\/baynana.es\/es\/wp-json\/wp\/v2\/users\/7"}],"replies":[{"embeddable":true,"href":"https:\/\/baynana.es\/es\/wp-json\/wp\/v2\/comments?post=8478"}],"version-history":[{"count":1,"href":"https:\/\/baynana.es\/es\/wp-json\/wp\/v2\/posts\/8478\/revisions"}],"predecessor-version":[{"id":8479,"href":"https:\/\/baynana.es\/es\/wp-json\/wp\/v2\/posts\/8478\/revisions\/8479"}],"wp:featuredmedia":[{"embeddable":true,"href":"https:\/\/baynana.es\/es\/wp-json\/wp\/v2\/media\/8476"}],"wp:attachment":[{"href":"https:\/\/baynana.es\/es\/wp-json\/wp\/v2\/media?parent=8478"}],"wp:term":[{"taxonomy":"category","embeddable":true,"href":"https:\/\/baynana.es\/es\/wp-json\/wp\/v2\/categories?post=8478"},{"taxonomy":"post_tag","embeddable":true,"href":"https:\/\/baynana.es\/es\/wp-json\/wp\/v2\/tags?post=8478"},{"taxonomy":"author","embeddable":true,"href":"https:\/\/baynana.es\/es\/wp-json\/wp\/v2\/ppma_author?post=8478"}],"curies":[{"name":"wp","href":"https:\/\/api.w.org\/{rel}","templated":true}]}}