{"id":8721,"date":"2024-03-26T21:38:04","date_gmt":"2024-03-26T20:38:04","guid":{"rendered":"https:\/\/baynana.es\/?p=8721"},"modified":"2024-03-26T21:38:11","modified_gmt":"2024-03-26T20:38:11","slug":"la-periodista-colombiana-que-descubrio-al-asesino-de-su-padre","status":"publish","type":"post","link":"https:\/\/baynana.es\/es\/la-periodista-colombiana-que-descubrio-al-asesino-de-su-padre\/","title":{"rendered":"La periodista colombiana que descubri\u00f3 al asesino de su padre"},"content":{"rendered":"\n\n\n<p>La periodista Diana L\u00f3pez Zuleta, de 37 a\u00f1os, cuenta con un chaleco antibalas, un coche blindado y dos escoltas que la acompa\u00f1an en todo momento en la capital colombiana, Bogot\u00e1. El Estado le proporcion\u00f3 este sistema de protecci\u00f3n despu\u00e9s de que el asesino de su padre, el exgobernador de La Guajira Juan Francisco G\u00f3mez, conocido como Kiko, fuera condenado a 40 a\u00f1os de prisi\u00f3n en 2017.<\/p>\n\n\n\n<p>Zuleta, quien colabora con varios medios de comunicaci\u00f3n, incluido EL PA\u00cdS, se encuentra amenazada de muerte por sus investigaciones sobre el asesinato de su padre y la publicaci\u00f3n de informaci\u00f3n en la prensa relacionada con ese y otros crimenes. Adem\u00e1s, corre peligro por la publicaci\u00f3n de su libro <em>Lo que no borr\u00f3 el desierto<\/em>, una obra investigativa que proporciona numerosos detalles sobre el caso de su padre, Luis L\u00f3pez Peralta.<\/p>\n\n\n\n<p>Un periodista suele investigar y contar historias de otras personas, pero \u00bfqu\u00e9 sucede cuando es v\u00edctima de un suceso como el asesinato de su padre? Esto ocurri\u00f3 a Zuleta, quien se encontr\u00f3 en una situaci\u00f3n excepcional cuando mataron a su padre. A ra\u00edz de aquello estudi\u00f3 periodismo y busc\u00f3 investigar para descubrir al asesino. Esta periodista se convirti\u00f3 en el foco principal de la historia, combinando los roles de investigadora, testigo y v\u00edctima.<\/p>\n\n\n\n<p><strong>El crimen&nbsp;<\/strong><\/p>\n\n\n\n<p>Era s\u00e1bado 22 de febrero de 1997. Zuleta, entonces de 10 a\u00f1os, recuerda que sal\u00eda del ba\u00f1o esperando la llegada del profesor de guitarra: le iba a ense\u00f1ar una canci\u00f3n que le dedicar\u00eda a su padre por su 40 cumplea\u00f1os, el 25 de febrero. Son\u00f3 el tel\u00e9fono en su casa y contest\u00f3 su madre: \u201cSu expresi\u00f3n cambi\u00f3, parec\u00eda asustada y aterrorizada\u201d, cuenta la periodista. Luego de colgar la llamada, su madre le dijo que su padre, Luis, hab\u00eda resultado herido de bala y trasladado a la cl\u00ednica de Valledupar, en La Guajira, al norte de Colombia.<\/p>\n\n\n\n<p>Luis L\u00f3pez Peralta, padre de Zuleta, ejerc\u00eda como concejal y hab\u00eda sido candidato a alcalde de Barrancas, una localidad en La Guajira. Manten\u00eda amistad con su asesino, el exgobernador Kiko G\u00f3mez, con el que adem\u00e1s compart\u00eda la misma afiliaci\u00f3n pol\u00edtica. Adem\u00e1s de sus responsabilidades pol\u00edticas, Peralta dirig\u00eda varios negocios. Esa ma\u00f1ana, al entrar en el hotel Iparo, donde se encontraba su oficina, uno de sus conocidos lo recibi\u00f3 en la puerta y dijo su nombre en voz alta. Aquello sirvi\u00f3 como se\u00f1al para dos sicarios que aguardaban la confirmaci\u00f3n para llevar a cabo el asesinato, seg\u00fan descubri\u00f3 Zuleta durante sus investigaciones, a\u00f1os despu\u00e9s.<\/p>\n\n\n\n<p>La mirada de la periodista va a derecha e izquierda en un intento de recordar todos los detalles mientras habla con Baynana por videollamada desde su casa en Bogot\u00e1. \u00abMi hermana Andrea estaba sentada en las piernas de la novia de mi pap\u00e1, mirando hacia la puerta. Cuando entraron los sicarios, grit\u00f3: &#8216;\u00a1Pap\u00e1, te van a matar!'\u00bb, relata. Los asesinos dispararon al hombre al entrar, alcanz\u00e1ndole el cuello con un balazo. Inmediatamente, un coche de la oficina del alcalde Kiko G\u00f3mez lleg\u00f3 y le traslad\u00f3 a una cl\u00ednica cercana, a la que llegaron su hija Zuleta y su madre.<\/p>\n\n\n\n<p>Tres horas despu\u00e9s de ser herido, anunciaron su muerte. \u00abMuri\u00f3 desangrado\u00bb, dice Zuleta. El hermano de Kiko G\u00f3mez, m\u00e9dico, estuvo presente en la cl\u00ednica aunque no era su turno, y tambi\u00e9n fue quien sali\u00f3 a anunciar la noticia del fallecimiento. La presencia del hermano del asesino en la cl\u00ednica levant\u00f3 sospechas en la periodista, quien en el libro pone en duda sus intenciones. El hombre que hab\u00eda recibido a la v\u00edctima en la puerta del hotel y dado la se\u00f1al a los sicarios y estos dos \u00faltimos fueron asesinados a\u00f1os despu\u00e9s. Kiko G\u00f3mez fue responsable de estos asesinatos, seg\u00fan las investigaciones de la periodista.<\/p>\n\n\n\n<p>Al d\u00eda siguiente del crimen, G\u00f3mez asisti\u00f3 al funeral de su amigo y particip\u00f3 en el traslado del ata\u00fad con sus propias manos. Durante el funeral pronunci\u00f3 un discurso: \u00abMataron a mi mejor amigo\u00bb, dijo. En ese momento, nadie sospechaba que \u00e9l fuera el asesino. Una de las estrategias del exgobernador para disipar las sospechas sobre \u00e9l fue asistir y dar condolencias a los familiares de sus v\u00edctimas, como cuenta la periodista Zuleta en su libro. \u00abG\u00f3mez ten\u00eda un <em>modus operandi<\/em> espec\u00edfico: ordenaba el asesinato y luego asist\u00eda a los funerales de las personas a las que ordenaba matar, y en algunos casos donaba ata\u00fades a sus v\u00edctimas y proporcionaba comida a sus familias\u00bb, explica.<\/p>\n\n\n\n<p>Tras el crimen, la fiscal\u00eda inici\u00f3 investigaciones en La Guajira, pero las archiv\u00f3 ocho meses despu\u00e9s alegando que \u00abno hab\u00eda elementos suficientes para completar la investigaci\u00f3n\u00bb. La periodista explica en el libro que los fiscales encubrieron a G\u00f3mez durante a\u00f1os. Pasaron a\u00f1os sin que se hiciera justicia, a pesar de que G\u00f3mez orden\u00f3 el asesinato de muchas otras personas, seg\u00fan Zuleta.<\/p>\n\n\n\n<p>Kiko G\u00f3mez ten\u00eda control total de varios sectores militares y fuerzas del ej\u00e9rcito operando bajo su mando. G\u00f3mez fue implicado y condenado en 2017 por formar un grupo \u00absupuestamente\u00bb destinado a combatir a la guerrilla, explica Zuleta. La mujer detalla que las v\u00edctimas no eran exclusivamente guerrilleros; m\u00e1s bien, fue un pretexto utilizado por G\u00f3mez para eliminar a sus oponentes.<\/p>\n\n\n\n<p>Zuleta creci\u00f3 en un ambiente plagado de miedo debido al control ejercido por las fuerzas militares en la zona donde resid\u00eda. En ese entorno, las personas viv\u00edan en constante temor y cautela, evitando mencionar abiertamente nombres de personalidades y comunic\u00e1ndose en susurros y gestos. A pesar de las circunstancias, Zuleta logr\u00f3 obtener su licenciatura en Periodismo y Comunicaci\u00f3n en la Universidad de Barrancas, ubicada a cinco horas de La Guajira. Enfrent\u00f3 la presi\u00f3n de su familia, que se opon\u00eda a que Zuleta reabriera el caso del asesinato de su padre al temer por su seguridad.<\/p>\n\n\n\n<p>Termin\u00f3 sus estudios en el a\u00f1o 2007 y comenz\u00f3 a trabajar en la universidad en el campo de las comunicaciones. Tambi\u00e9n empez\u00f3 entonces a investigar las circunstancias del asesinato de su padre, acudiendo a los lugares donde ocurrieron los acontecimientos para reconstruir los hechos. All\u00ed recopil\u00f3 testimonios, realiz\u00f3 entrevistas y ejerci\u00f3 como reportera.<\/p>\n\n\n\n<p><strong>La justicia&nbsp;<\/strong><\/p>\n\n\n\n<p>Yandra Brito, exalcaldesa de Barrancas, se enfrentaba a presiones por parte de Kiko G\u00f3mez, quien le exig\u00eda cumplir con demandas que inclu\u00edan la firma de contratos y la realizaci\u00f3n de determinados nombramientos, entre otras cosas. Brito se neg\u00f3 a ceder. En respuesta, G\u00f3mez orden\u00f3 el asesinato de su esposo, Henry Ustarez, en 2008. Brito se esforz\u00f3 a partir de entonces en descubrir la identidad del asesino. A pesar de haber interpuesto denuncias y haber buscado condenas, no logr\u00f3 ning\u00fan avance en el caso. La exalcaldesa sinti\u00f3&nbsp; que G\u00f3mez la castigar\u00eda por desafiarlo y temi\u00f3 por su vida.<\/p>\n\n\n\n<p>En 2012, Brito contact\u00f3 al periodista Gonzalo Guill\u00e9n y le relat\u00f3 los detalles del asesinato de su esposo y sus temores sobre posibles represalias por parte de G\u00f3mez. Guill\u00e9n inici\u00f3 de inmediato una investigaci\u00f3n sobre los cr\u00edmenes de Kiko G\u00f3mez y document\u00f3 el testimonio de Brito en un informe de 25 p\u00e1ginas. Pocos d\u00edas despu\u00e9s de contactar al periodista, Brito fue asesinada en circunstancias misteriosas que apuntaban a G\u00f3mez.<\/p>\n\n\n\n<p>Tras este asesinato, la Corte Suprema de Justicia de Bogot\u00e1 inici\u00f3 una investigaci\u00f3n sobre Kiko Gomez. Las autoridades afrontaron dificultades para capturarlo, \u00abya que intentaba huir cuando se intentaba detenerlo o fing\u00eda estar enfermo\u00bb, explica Zuleta. A ra\u00edz de este \u00faltimo crimen, el caso del padre de la periodista fue reabierto por la justicia. Un a\u00f1o despu\u00e9s del asesinato de Brito, el periodista Guill\u00e9n entreg\u00f3 a la fiscal\u00eda los documentos que pose\u00eda: conten\u00edan informaci\u00f3n sobre los asesinatos de Brito, de su esposo y del padre de Zuleta, adem\u00e1s de aproximadamente otras 130 personas.<\/p>\n\n\n\n<p>El periodista posteriormente public\u00f3 <a href=\"https:\/\/www.las2orillas.co\/los-131-asesinatos-en-los-esta-involucrado-el-nombre-de-kiko-gomez-su-banda\/\">un art\u00edculo<\/a> revelando los cr\u00edmenes atribuidos a Kiko G\u00f3mez. Por su parte, Zuleta tambi\u00e9n present\u00f3 sus testimonios e informaci\u00f3n obtenida durante su investigaci\u00f3n period\u00edstica, que resultaron ser elementos nuevos para ayudar en el proceso judicial que culmin\u00f3 con dos condenas contra Gomez: una de 40 a\u00f1os de prisi\u00f3n por ordenar el asesinato de Peralta y la otra de 55 a\u00f1os por otros delitos.<\/p>\n\n\n\n<p>Una de las preguntas que preocup\u00f3 a Zuleta durante a\u00f1os fue: \u00bfPor qu\u00e9 querr\u00edan matar a mi padre? Encontr\u00f3 respuestas durante su investigaci\u00f3n. Kiko Gom\u00e9z lo hab\u00eda matado por sus aspiraciones a la alcald\u00eda y porque Peralta denunciaba su corrupci\u00f3n y era obst\u00e1culo su camino.&nbsp;<\/p>\n\n\n\n<p>Tambi\u00e9n descubri\u00f3 que el transporte de su padre en el coche del alcalde, en lugar de en una ambulancia, contribuy\u00f3 a su fallecimiento. \u00abLa hemorragia podr\u00eda haberse detenido en el hospital de Barrancas antes de ser trasladado a otra cl\u00ednica\u00bb, dice. Por eso, cuando public\u00f3 su primer art\u00edculo en la revista Semana, lo titul\u00f3: \u201c<a href=\"https:\/\/www.semana.com\/nacion\/articulo\/diana-lopez-zuleta-mi-papa-lo-mataron-dos-veces\/436881-3\/\">A mi pap\u00e1 lo mataron dos veces<\/a>\u201d.<\/p>\n\n\n\n<p>Zuleta super\u00f3 su miedo y cumpli\u00f3 su misi\u00f3n de exponer al asesino de su padre, quien fue condenado a prisi\u00f3n. Adem\u00e1s, continu\u00f3 investigando sobre corrupci\u00f3n y asesinatos como colaboradora en varios medios de comunicaci\u00f3n, aunque la inestabilidad que afronta como periodista independiente la llev\u00f3 a considerar dejar esta profesi\u00f3n. En un art\u00edculo reciente titulado \u00abLos tab\u00faes del periodismo y su fragilidad que nadie se atreve a exponer\u00bb, publicado en la revista Periodismo de Al Jazeera, Zuleta explica la fragilidad de la profesi\u00f3n period\u00edstica y los bajos salarios que reciben los periodistas independientes. \u00abSi dependiera de m\u00ed, siempre ejercer\u00eda el periodismo,&nbsp; no me interesa nada m\u00e1s. Pero la fragilidad e inestabilidad de esta profesi\u00f3n se ha vuelto insoportable\u00bb, concluye en su entrevista con Baynana.<\/p>\n","protected":false},"excerpt":{"rendered":"<p>La periodista Diana L\u00f3pez Zuleta, de 37 a\u00f1os, cuenta con un chaleco antibalas, un coche blindado y dos escoltas que la acompa\u00f1an en todo momento en la capital colombiana, Bogot\u00e1. El Estado le proporcion\u00f3 este sistema de protecci\u00f3n despu\u00e9s de que el asesino de su padre, el exgobernador de La Guajira Juan Francisco G\u00f3mez, conocido &hellip;<\/p>\n","protected":false},"author":6,"featured_media":8719,"comment_status":"closed","ping_status":"closed","sticky":false,"template":"","format":"standard","meta":{"inline_featured_image":false,"footnotes":""},"categories":[11,65],"tags":[91],"ppma_author":[506],"class_list":["post-8721","post","type-post","status-publish","format-standard","has-post-thumbnail","hentry","category-inicio","category-derechos","tag-revista-baynana"],"acf":[],"yoast_head":"<!-- This site is optimized with the Yoast SEO plugin v25.3.1 - https:\/\/yoast.com\/wordpress\/plugins\/seo\/ -->\n<title>La periodista colombiana que descubri\u00f3 al asesino de su padre<\/title>\n<meta name=\"description\" content=\"El padre de Diana L\u00f3pez Zuleta fue asesinado cuando ella ten\u00eda diez a\u00f1os. Creci\u00f3 con la idea de estudiar periodismo para investigar\" \/>\n<meta name=\"robots\" content=\"index, follow, max-snippet:-1, max-image-preview:large, max-video-preview:-1\" \/>\n<link rel=\"canonical\" href=\"https:\/\/baynana.es\/es\/la-periodista-colombiana-que-descubrio-al-asesino-de-su-padre\/\" \/>\n<meta property=\"og:locale\" content=\"es_ES\" \/>\n<meta property=\"og:type\" content=\"article\" \/>\n<meta property=\"og:title\" content=\"La periodista colombiana que descubri\u00f3 al asesino de su padre\" \/>\n<meta property=\"og:description\" content=\"El padre de Diana L\u00f3pez Zuleta fue asesinado cuando ella ten\u00eda diez a\u00f1os. Creci\u00f3 con la idea de estudiar periodismo para investigar\" \/>\n<meta property=\"og:url\" content=\"https:\/\/baynana.es\/es\/la-periodista-colombiana-que-descubrio-al-asesino-de-su-padre\/\" \/>\n<meta property=\"og:site_name\" content=\"Baynana \u0628\u064a\u0646\u0646\u0627\" \/>\n<meta property=\"article:publisher\" content=\"https:\/\/www.facebook.com\/baynanaes\" \/>\n<meta property=\"article:published_time\" content=\"2024-03-26T20:38:04+00:00\" \/>\n<meta property=\"article:modified_time\" content=\"2024-03-26T20:38:11+00:00\" \/>\n<meta property=\"og:image\" content=\"https:\/\/baynana.es\/wp-content\/uploads\/2024\/03\/\u0644\u0648\u064a\u0633-\u0648\u062f\u064a\u0627\u0646\u0627-\u0644\u0648\u0628\u064a\u0632.jpeg\" \/>\n\t<meta property=\"og:image:width\" content=\"768\" \/>\n\t<meta property=\"og:image:height\" content=\"576\" \/>\n\t<meta property=\"og:image:type\" content=\"image\/jpeg\" \/>\n<meta name=\"author\" content=\"Okba Mohammad\" \/>\n<meta name=\"twitter:card\" content=\"summary_large_image\" \/>\n<meta name=\"twitter:creator\" content=\"@OkbaMohammad\" \/>\n<meta name=\"twitter:site\" content=\"@baynanaes\" \/>\n<meta name=\"twitter:label1\" content=\"Escrito por\" \/>\n\t<meta name=\"twitter:data1\" content=\"Okba Mohammad\" \/>\n\t<meta name=\"twitter:label2\" content=\"Tiempo de lectura\" \/>\n\t<meta name=\"twitter:data2\" content=\"12 minutos\" \/>\n<script type=\"application\/ld+json\" class=\"yoast-schema-graph\">{\"@context\":\"https:\/\/schema.org\",\"@graph\":[{\"@type\":\"Article\",\"@id\":\"https:\/\/baynana.es\/es\/la-periodista-colombiana-que-descubrio-al-asesino-de-su-padre\/#article\",\"isPartOf\":{\"@id\":\"https:\/\/baynana.es\/es\/la-periodista-colombiana-que-descubrio-al-asesino-de-su-padre\/\"},\"author\":{\"name\":\"Okba Mohammad\",\"@id\":\"https:\/\/baynana.es\/#\/schema\/person\/2beac5545c08e1117a9ce409cfb3c754\"},\"headline\":\"La periodista colombiana que descubri\u00f3 al asesino de su padre\",\"datePublished\":\"2024-03-26T20:38:04+00:00\",\"dateModified\":\"2024-03-26T20:38:11+00:00\",\"mainEntityOfPage\":{\"@id\":\"https:\/\/baynana.es\/es\/la-periodista-colombiana-que-descubrio-al-asesino-de-su-padre\/\"},\"wordCount\":1719,\"publisher\":{\"@id\":\"https:\/\/baynana.es\/#organization\"},\"image\":{\"@id\":\"https:\/\/baynana.es\/es\/la-periodista-colombiana-que-descubrio-al-asesino-de-su-padre\/#primaryimage\"},\"thumbnailUrl\":\"https:\/\/baynana.es\/wp-content\/uploads\/2024\/03\/\u0644\u0648\u064a\u0633-\u0648\u062f\u064a\u0627\u0646\u0627-\u0644\u0648\u0628\u064a\u0632.jpeg\",\"keywords\":[\"REVISTA BAYNANA\"],\"articleSection\":[\"INICIO\",\"DERECHOS\"],\"inLanguage\":\"es\"},{\"@type\":\"WebPage\",\"@id\":\"https:\/\/baynana.es\/es\/la-periodista-colombiana-que-descubrio-al-asesino-de-su-padre\/\",\"url\":\"https:\/\/baynana.es\/es\/la-periodista-colombiana-que-descubrio-al-asesino-de-su-padre\/\",\"name\":\"La periodista colombiana que descubri\u00f3 al asesino de su padre\",\"isPartOf\":{\"@id\":\"https:\/\/baynana.es\/#website\"},\"primaryImageOfPage\":{\"@id\":\"https:\/\/baynana.es\/es\/la-periodista-colombiana-que-descubrio-al-asesino-de-su-padre\/#primaryimage\"},\"image\":{\"@id\":\"https:\/\/baynana.es\/es\/la-periodista-colombiana-que-descubrio-al-asesino-de-su-padre\/#primaryimage\"},\"thumbnailUrl\":\"https:\/\/baynana.es\/wp-content\/uploads\/2024\/03\/\u0644\u0648\u064a\u0633-\u0648\u062f\u064a\u0627\u0646\u0627-\u0644\u0648\u0628\u064a\u0632.jpeg\",\"datePublished\":\"2024-03-26T20:38:04+00:00\",\"dateModified\":\"2024-03-26T20:38:11+00:00\",\"description\":\"El padre de Diana L\u00f3pez Zuleta fue asesinado cuando ella ten\u00eda diez a\u00f1os. Creci\u00f3 con la idea de estudiar periodismo para investigar\",\"breadcrumb\":{\"@id\":\"https:\/\/baynana.es\/es\/la-periodista-colombiana-que-descubrio-al-asesino-de-su-padre\/#breadcrumb\"},\"inLanguage\":\"es\",\"potentialAction\":[{\"@type\":\"ReadAction\",\"target\":[\"https:\/\/baynana.es\/es\/la-periodista-colombiana-que-descubrio-al-asesino-de-su-padre\/\"]}]},{\"@type\":\"ImageObject\",\"inLanguage\":\"es\",\"@id\":\"https:\/\/baynana.es\/es\/la-periodista-colombiana-que-descubrio-al-asesino-de-su-padre\/#primaryimage\",\"url\":\"https:\/\/baynana.es\/wp-content\/uploads\/2024\/03\/\u0644\u0648\u064a\u0633-\u0648\u062f\u064a\u0627\u0646\u0627-\u0644\u0648\u0628\u064a\u0632.jpeg\",\"contentUrl\":\"https:\/\/baynana.es\/wp-content\/uploads\/2024\/03\/\u0644\u0648\u064a\u0633-\u0648\u062f\u064a\u0627\u0646\u0627-\u0644\u0648\u0628\u064a\u0632.jpeg\",\"width\":768,\"height\":576,\"caption\":\"El concejal Luis L\u00f3pez Peralta y su hija, Diana L\u00f3pez Zuleta. Foto: Cedida\"},{\"@type\":\"BreadcrumbList\",\"@id\":\"https:\/\/baynana.es\/es\/la-periodista-colombiana-que-descubrio-al-asesino-de-su-padre\/#breadcrumb\",\"itemListElement\":[{\"@type\":\"ListItem\",\"position\":1,\"name\":\"Portada\",\"item\":\"https:\/\/baynana.es\/es\/\"},{\"@type\":\"ListItem\",\"position\":2,\"name\":\"La periodista colombiana que descubri\u00f3 al asesino de su padre\"}]},{\"@type\":\"WebSite\",\"@id\":\"https:\/\/baynana.es\/#website\",\"url\":\"https:\/\/baynana.es\/\",\"name\":\"Baynana \u0628\u064a\u0646\u0646\u0627\",\"description\":\"Baynana Revista \u0645\u062c\u0644\u0629 \u0628\u064a\u0646\u0646\u0627\",\"publisher\":{\"@id\":\"https:\/\/baynana.es\/#organization\"},\"potentialAction\":[{\"@type\":\"SearchAction\",\"target\":{\"@type\":\"EntryPoint\",\"urlTemplate\":\"https:\/\/baynana.es\/?s={search_term_string}\"},\"query-input\":{\"@type\":\"PropertyValueSpecification\",\"valueRequired\":true,\"valueName\":\"search_term_string\"}}],\"inLanguage\":\"es\"},{\"@type\":\"Organization\",\"@id\":\"https:\/\/baynana.es\/#organization\",\"name\":\"\u0628\u064a\u0646\u0646\u0627 Baynana\",\"url\":\"https:\/\/baynana.es\/\",\"logo\":{\"@type\":\"ImageObject\",\"inLanguage\":\"es\",\"@id\":\"https:\/\/baynana.es\/#\/schema\/logo\/image\/\",\"url\":\"https:\/\/baynana.es\/wp-content\/uploads\/2021\/03\/Artboard-1.png\",\"contentUrl\":\"https:\/\/baynana.es\/wp-content\/uploads\/2021\/03\/Artboard-1.png\",\"width\":315,\"height\":228,\"caption\":\"\u0628\u064a\u0646\u0646\u0627 Baynana\"},\"image\":{\"@id\":\"https:\/\/baynana.es\/#\/schema\/logo\/image\/\"},\"sameAs\":[\"https:\/\/www.facebook.com\/baynanaes\",\"https:\/\/x.com\/baynanaes\",\"https:\/\/www.instagram.com\/baynanaes\/\",\"https:\/\/www.linkedin.com\/in\/baynana-\u0628\u064a\u0646\u0646\u0627-887599211\/\",\"https:\/\/www.youtube.com\/channel\/UC3019bsq5wOpi61SOufKxPA\"]},{\"@type\":\"Person\",\"@id\":\"https:\/\/baynana.es\/#\/schema\/person\/2beac5545c08e1117a9ce409cfb3c754\",\"name\":\"Okba Mohammad\",\"image\":{\"@type\":\"ImageObject\",\"inLanguage\":\"es\",\"@id\":\"https:\/\/baynana.es\/#\/schema\/person\/image\/9fff0fcb4a1e27e49950a4bf4e7699d1\",\"url\":\"https:\/\/baynana.es\/wp-content\/uploads\/2021\/01\/okba-96x96.jpg\",\"contentUrl\":\"https:\/\/baynana.es\/wp-content\/uploads\/2021\/01\/okba-96x96.jpg\",\"caption\":\"Okba Mohammad\"},\"description\":\"Cubri\u00f3 la guerra en el sur de Siria de 2015 a 2018 con medios locales. Tambi\u00e9n se ha dedicado a documentar violaciones de derechos humanos de detenidos durante el conflicto. En 2019 trabaj\u00f3 como corresponsal independiente en Turqu\u00eda y posteriormente viaj\u00f3 a Espa\u00f1a, donde ha colaborado con medios como Global Voices y el diario P\u00fablico. Actualmente trabaja como reportero en Baynana\",\"sameAs\":[\"http:\/\/moussa\",\"https:\/\/x.com\/@OkbaMohammad\"],\"url\":\"https:\/\/baynana.es\/es\/author\/okba\/\"}]}<\/script>\n<!-- \/ Yoast SEO plugin. -->","yoast_head_json":{"title":"La periodista colombiana que descubri\u00f3 al asesino de su padre","description":"El padre de Diana L\u00f3pez Zuleta fue asesinado cuando ella ten\u00eda diez a\u00f1os. Creci\u00f3 con la idea de estudiar periodismo para investigar","robots":{"index":"index","follow":"follow","max-snippet":"max-snippet:-1","max-image-preview":"max-image-preview:large","max-video-preview":"max-video-preview:-1"},"canonical":"https:\/\/baynana.es\/es\/la-periodista-colombiana-que-descubrio-al-asesino-de-su-padre\/","og_locale":"es_ES","og_type":"article","og_title":"La periodista colombiana que descubri\u00f3 al asesino de su padre","og_description":"El padre de Diana L\u00f3pez Zuleta fue asesinado cuando ella ten\u00eda diez a\u00f1os. Creci\u00f3 con la idea de estudiar periodismo para investigar","og_url":"https:\/\/baynana.es\/es\/la-periodista-colombiana-que-descubrio-al-asesino-de-su-padre\/","og_site_name":"Baynana \u0628\u064a\u0646\u0646\u0627","article_publisher":"https:\/\/www.facebook.com\/baynanaes","article_published_time":"2024-03-26T20:38:04+00:00","article_modified_time":"2024-03-26T20:38:11+00:00","og_image":[{"width":768,"height":576,"url":"https:\/\/baynana.es\/wp-content\/uploads\/2024\/03\/\u0644\u0648\u064a\u0633-\u0648\u062f\u064a\u0627\u0646\u0627-\u0644\u0648\u0628\u064a\u0632.jpeg","type":"image\/jpeg"}],"author":"Okba Mohammad","twitter_card":"summary_large_image","twitter_creator":"@OkbaMohammad","twitter_site":"@baynanaes","twitter_misc":{"Escrito por":"Okba Mohammad","Tiempo de lectura":"12 minutos"},"schema":{"@context":"https:\/\/schema.org","@graph":[{"@type":"Article","@id":"https:\/\/baynana.es\/es\/la-periodista-colombiana-que-descubrio-al-asesino-de-su-padre\/#article","isPartOf":{"@id":"https:\/\/baynana.es\/es\/la-periodista-colombiana-que-descubrio-al-asesino-de-su-padre\/"},"author":{"name":"Okba Mohammad","@id":"https:\/\/baynana.es\/#\/schema\/person\/2beac5545c08e1117a9ce409cfb3c754"},"headline":"La periodista colombiana que descubri\u00f3 al asesino de su padre","datePublished":"2024-03-26T20:38:04+00:00","dateModified":"2024-03-26T20:38:11+00:00","mainEntityOfPage":{"@id":"https:\/\/baynana.es\/es\/la-periodista-colombiana-que-descubrio-al-asesino-de-su-padre\/"},"wordCount":1719,"publisher":{"@id":"https:\/\/baynana.es\/#organization"},"image":{"@id":"https:\/\/baynana.es\/es\/la-periodista-colombiana-que-descubrio-al-asesino-de-su-padre\/#primaryimage"},"thumbnailUrl":"https:\/\/baynana.es\/wp-content\/uploads\/2024\/03\/\u0644\u0648\u064a\u0633-\u0648\u062f\u064a\u0627\u0646\u0627-\u0644\u0648\u0628\u064a\u0632.jpeg","keywords":["REVISTA BAYNANA"],"articleSection":["INICIO","DERECHOS"],"inLanguage":"es"},{"@type":"WebPage","@id":"https:\/\/baynana.es\/es\/la-periodista-colombiana-que-descubrio-al-asesino-de-su-padre\/","url":"https:\/\/baynana.es\/es\/la-periodista-colombiana-que-descubrio-al-asesino-de-su-padre\/","name":"La periodista colombiana que descubri\u00f3 al asesino de su padre","isPartOf":{"@id":"https:\/\/baynana.es\/#website"},"primaryImageOfPage":{"@id":"https:\/\/baynana.es\/es\/la-periodista-colombiana-que-descubrio-al-asesino-de-su-padre\/#primaryimage"},"image":{"@id":"https:\/\/baynana.es\/es\/la-periodista-colombiana-que-descubrio-al-asesino-de-su-padre\/#primaryimage"},"thumbnailUrl":"https:\/\/baynana.es\/wp-content\/uploads\/2024\/03\/\u0644\u0648\u064a\u0633-\u0648\u062f\u064a\u0627\u0646\u0627-\u0644\u0648\u0628\u064a\u0632.jpeg","datePublished":"2024-03-26T20:38:04+00:00","dateModified":"2024-03-26T20:38:11+00:00","description":"El padre de Diana L\u00f3pez Zuleta fue asesinado cuando ella ten\u00eda diez a\u00f1os. Creci\u00f3 con la idea de estudiar periodismo para investigar","breadcrumb":{"@id":"https:\/\/baynana.es\/es\/la-periodista-colombiana-que-descubrio-al-asesino-de-su-padre\/#breadcrumb"},"inLanguage":"es","potentialAction":[{"@type":"ReadAction","target":["https:\/\/baynana.es\/es\/la-periodista-colombiana-que-descubrio-al-asesino-de-su-padre\/"]}]},{"@type":"ImageObject","inLanguage":"es","@id":"https:\/\/baynana.es\/es\/la-periodista-colombiana-que-descubrio-al-asesino-de-su-padre\/#primaryimage","url":"https:\/\/baynana.es\/wp-content\/uploads\/2024\/03\/\u0644\u0648\u064a\u0633-\u0648\u062f\u064a\u0627\u0646\u0627-\u0644\u0648\u0628\u064a\u0632.jpeg","contentUrl":"https:\/\/baynana.es\/wp-content\/uploads\/2024\/03\/\u0644\u0648\u064a\u0633-\u0648\u062f\u064a\u0627\u0646\u0627-\u0644\u0648\u0628\u064a\u0632.jpeg","width":768,"height":576,"caption":"El concejal Luis L\u00f3pez Peralta y su hija, Diana L\u00f3pez Zuleta. Foto: Cedida"},{"@type":"BreadcrumbList","@id":"https:\/\/baynana.es\/es\/la-periodista-colombiana-que-descubrio-al-asesino-de-su-padre\/#breadcrumb","itemListElement":[{"@type":"ListItem","position":1,"name":"Portada","item":"https:\/\/baynana.es\/es\/"},{"@type":"ListItem","position":2,"name":"La periodista colombiana que descubri\u00f3 al asesino de su padre"}]},{"@type":"WebSite","@id":"https:\/\/baynana.es\/#website","url":"https:\/\/baynana.es\/","name":"Baynana \u0628\u064a\u0646\u0646\u0627","description":"Baynana Revista \u0645\u062c\u0644\u0629 \u0628\u064a\u0646\u0646\u0627","publisher":{"@id":"https:\/\/baynana.es\/#organization"},"potentialAction":[{"@type":"SearchAction","target":{"@type":"EntryPoint","urlTemplate":"https:\/\/baynana.es\/?s={search_term_string}"},"query-input":{"@type":"PropertyValueSpecification","valueRequired":true,"valueName":"search_term_string"}}],"inLanguage":"es"},{"@type":"Organization","@id":"https:\/\/baynana.es\/#organization","name":"\u0628\u064a\u0646\u0646\u0627 Baynana","url":"https:\/\/baynana.es\/","logo":{"@type":"ImageObject","inLanguage":"es","@id":"https:\/\/baynana.es\/#\/schema\/logo\/image\/","url":"https:\/\/baynana.es\/wp-content\/uploads\/2021\/03\/Artboard-1.png","contentUrl":"https:\/\/baynana.es\/wp-content\/uploads\/2021\/03\/Artboard-1.png","width":315,"height":228,"caption":"\u0628\u064a\u0646\u0646\u0627 Baynana"},"image":{"@id":"https:\/\/baynana.es\/#\/schema\/logo\/image\/"},"sameAs":["https:\/\/www.facebook.com\/baynanaes","https:\/\/x.com\/baynanaes","https:\/\/www.instagram.com\/baynanaes\/","https:\/\/www.linkedin.com\/in\/baynana-\u0628\u064a\u0646\u0646\u0627-887599211\/","https:\/\/www.youtube.com\/channel\/UC3019bsq5wOpi61SOufKxPA"]},{"@type":"Person","@id":"https:\/\/baynana.es\/#\/schema\/person\/2beac5545c08e1117a9ce409cfb3c754","name":"Okba Mohammad","image":{"@type":"ImageObject","inLanguage":"es","@id":"https:\/\/baynana.es\/#\/schema\/person\/image\/9fff0fcb4a1e27e49950a4bf4e7699d1","url":"https:\/\/baynana.es\/wp-content\/uploads\/2021\/01\/okba-96x96.jpg","contentUrl":"https:\/\/baynana.es\/wp-content\/uploads\/2021\/01\/okba-96x96.jpg","caption":"Okba Mohammad"},"description":"Cubri\u00f3 la guerra en el sur de Siria de 2015 a 2018 con medios locales. Tambi\u00e9n se ha dedicado a documentar violaciones de derechos humanos de detenidos durante el conflicto. En 2019 trabaj\u00f3 como corresponsal independiente en Turqu\u00eda y posteriormente viaj\u00f3 a Espa\u00f1a, donde ha colaborado con medios como Global Voices y el diario P\u00fablico. Actualmente trabaja como reportero en Baynana","sameAs":["http:\/\/moussa","https:\/\/x.com\/@OkbaMohammad"],"url":"https:\/\/baynana.es\/es\/author\/okba\/"}]}},"authors":[{"term_id":506,"user_id":6,"is_guest":0,"slug":"okba","display_name":"Okba Mohammad","avatar_url":"https:\/\/baynana.es\/wp-content\/uploads\/2021\/01\/okba-96x96.jpg","author_category":"","first_name":"Okba","last_name":"Mohammad","user_url":"http:\/\/moussa","job_title":"","description":"Cubri\u00f3 la guerra en el sur de Siria de 2015 a 2018 con medios locales. Tambi\u00e9n se ha dedicado a documentar violaciones de derechos humanos de detenidos durante el conflicto. En 2019 trabaj\u00f3 como corresponsal independiente en Turqu\u00eda y posteriormente viaj\u00f3 a Espa\u00f1a, donde ha colaborado con medios como Global Voices y el diario P\u00fablico. Actualmente trabaja como reportero en Baynana"}],"_links":{"self":[{"href":"https:\/\/baynana.es\/es\/wp-json\/wp\/v2\/posts\/8721","targetHints":{"allow":["GET"]}}],"collection":[{"href":"https:\/\/baynana.es\/es\/wp-json\/wp\/v2\/posts"}],"about":[{"href":"https:\/\/baynana.es\/es\/wp-json\/wp\/v2\/types\/post"}],"author":[{"embeddable":true,"href":"https:\/\/baynana.es\/es\/wp-json\/wp\/v2\/users\/6"}],"replies":[{"embeddable":true,"href":"https:\/\/baynana.es\/es\/wp-json\/wp\/v2\/comments?post=8721"}],"version-history":[{"count":1,"href":"https:\/\/baynana.es\/es\/wp-json\/wp\/v2\/posts\/8721\/revisions"}],"predecessor-version":[{"id":8722,"href":"https:\/\/baynana.es\/es\/wp-json\/wp\/v2\/posts\/8721\/revisions\/8722"}],"wp:featuredmedia":[{"embeddable":true,"href":"https:\/\/baynana.es\/es\/wp-json\/wp\/v2\/media\/8719"}],"wp:attachment":[{"href":"https:\/\/baynana.es\/es\/wp-json\/wp\/v2\/media?parent=8721"}],"wp:term":[{"taxonomy":"category","embeddable":true,"href":"https:\/\/baynana.es\/es\/wp-json\/wp\/v2\/categories?post=8721"},{"taxonomy":"post_tag","embeddable":true,"href":"https:\/\/baynana.es\/es\/wp-json\/wp\/v2\/tags?post=8721"},{"taxonomy":"author","embeddable":true,"href":"https:\/\/baynana.es\/es\/wp-json\/wp\/v2\/ppma_author?post=8721"}],"curies":[{"name":"wp","href":"https:\/\/api.w.org\/{rel}","templated":true}]}}