{"id":8747,"date":"2024-04-03T19:56:00","date_gmt":"2024-04-03T17:56:00","guid":{"rendered":"https:\/\/baynana.es\/?p=8747"},"modified":"2024-04-03T19:56:03","modified_gmt":"2024-04-03T17:56:03","slug":"ismail-el-majdoubi-la-fe-me-ha-ayudado-a-resistir-a-seguir-adelante","status":"publish","type":"post","link":"https:\/\/baynana.es\/es\/ismail-el-majdoubi-la-fe-me-ha-ayudado-a-resistir-a-seguir-adelante\/","title":{"rendered":"Ismail El Majdoubi : \u201cLa f\u00e9 me ha ayudado a resistir, a seguir adelante\u201d"},"content":{"rendered":"\n\n\n<div class=\"wp-block-columns is-layout-flex wp-container-core-columns-is-layout-9d6595d7 wp-block-columns-is-layout-flex\">\n<div class=\"wp-block-column is-layout-flow wp-block-column-is-layout-flow\">\n<p class=\"has-background\" style=\"background-color:#bdbf88\"><em>Ismail El Majdoubi es un joven de 24 a\u00f1os que naci\u00f3 en Marruecos. Lleg\u00f3 a Espa\u00f1a cuando ten\u00eda 16 a\u00f1os. Pas\u00f3 por centros de menores y se implic\u00f3 con la Cruz Roja en un proyecto con menores migrantes antes de crear su propia asociaci\u00f3n, Exmenas.\u00a0 Ahora vive en Madrid donde trabaja como mediador social en un centro de emergencia para migrantes y estudia gesti\u00f3n administrativa.<\/em><\/p>\n<\/div>\n\n\n\n<div class=\"wp-block-column is-layout-flow wp-block-column-is-layout-flow\">\n<p><\/p>\n\n\n\n<p>\u201cCuando cuento mi historia el objetivo no es que me conozcan a m\u00ed, sino que conozcan la realidad detr\u00e1s de estas historias. Por eso yo digo que me molesta que se hable de cosas personales, de cosas que igual me cuesta decirlas. Lo digo a modo de sacrificio, no es de un bien personal\u201d, dice Ismail El Majdoubi.<\/p>\n<\/div>\n<\/div>\n\n\n\n<p><\/p>\n\n\n\n<p>Su historia empez\u00f3 en Castillejos, un pueblo marroqu\u00ed cercano a Ceuta, donde naci\u00f3. Hizo una traves\u00eda muy peligrosa agarr\u00e1ndose a un cami\u00f3n a los 16 a\u00f1os para llegar a Espa\u00f1a. Luego pas\u00f3 por varios centros de menores, antes de alcanzar la mayor\u00eda de edad y vivir en un piso, gracias a una fundaci\u00f3n. Sin embargo, nunca olvid\u00f3 la dura realidad de los centros, que describe como centros de detenci\u00f3n. Se implic\u00f3 con la Cruz Roja en un proyecto con menores migrantes antes de crear su propia asociaci\u00f3n \u2018Exmenas\u2019.&nbsp;<\/p>\n\n\n\n<p><strong>F\u00fatbol, encuentros y apoyo<\/strong><\/p>\n\n\n\n<p>Ismail nunca ha dejado de actuar en beneficio de los j\u00f3venes migrantes. Cada fin de semana, acampa al borde del campo de f\u00fatbol animando a su equipo : \u00ab\u00a1Sir! \u00a1Sir! \u00a1Sir!\u00bb. Se pone as\u00ed la camiseta de entrenador, explica t\u00edmidamente. Su equipo es Exmenas, la asociaci\u00f3n que fund\u00f3 en 2019 con otros j\u00f3venes ex-tutelados no acompa\u00f1ados como \u00e9l.<\/p>\n\n\n\n<p>M\u00e1s que una asociaci\u00f3n, \u2018Exmenas\u2019 es un grupo, un lugar de encuentro. \u201cLa asociaci\u00f3n oficial solo la hemos fundado hace un a\u00f1o y medio. Pero sigue siendo esa idea de grupo de j\u00f3venes que est\u00e1n pasando por situaciones similares que quieren ayudar a otros y que puedan conocerse, intercambiar ideas, experiencias, historias&#8230;\u201d , explica.<\/p>\n\n\n\n<p>El grupo ayuda a los j\u00f3venes a \u00abbuscar formaci\u00f3n, derivar recursos, actividades de ocio, cuestiones legales y jur\u00eddicas, regularizar su situaci\u00f3n y obtener documentos\u00bb. Sin olvidar, por supuesto, el equipo de f\u00fatbol. As\u00ed que cada uno puede implicarse como quiera. Algunos s\u00f3lo conocen la asociaci\u00f3n a trav\u00e9s del f\u00fatbol. \u00danica consigna : \u00abni asistencialismo, ni paternalismo\u00bb.<\/p>\n\n\n\n<figure class=\"wp-block-embed is-type-video is-provider-youtube wp-block-embed-youtube wp-embed-aspect-16-9 wp-has-aspect-ratio\"><div class=\"wp-block-embed__wrapper\">\n<iframe loading=\"lazy\" title=\"Ismail El Majdoubi, fundador de la asociaci\u00f3n Exmenas, estudiante de gesti\u00f3n administrativa\" width=\"500\" height=\"281\" src=\"https:\/\/www.youtube.com\/embed\/RRxaVhZby5o?feature=oembed\" frameborder=\"0\" allow=\"accelerometer; autoplay; clipboard-write; encrypted-media; gyroscope; picture-in-picture; web-share\" referrerpolicy=\"strict-origin-when-cross-origin\" allowfullscreen><\/iframe>\n<\/div><\/figure>\n\n\n\n<p><strong>La mayor\u00eda de edad, un nuevo reto<\/strong><\/p>\n\n\n\n<p>A la hora de cumplir sus 18 a\u00f1os, el ambiente no era de fiesta para Ismail porque muchos j\u00f3venes salen de los centros de menores indocumentados y acaban viviendo en la calle. No solo dejan de estar tutelados, sino que no disponen de un permiso de trabajo y se enfrentan a trabas burocr\u00e1ticas. Pero Ismail tuvo suerte en cierto modo: \u201cSoy un privilegiado por estar en un piso desde la mayor\u00eda de edad,pero siempre he sido emp\u00e1tico con los compa\u00f1eros\u201d, recuerda.&nbsp;<\/p>\n\n\n\n<p>Para Ismail, la salida de estos centros fue tambi\u00e9n el punto de partida de la asociaci\u00f3n. Considera que no ofrecen oportunidades de integraci\u00f3n en la sociedad. Seg\u00fan confirma <a href=\"https:\/\/www.savethechildren.es\/sites\/default\/files\/imce\/los_mas_solos_vok.pdf\">Save the Children<\/a>, que denunci\u00f3 la falta de informaci\u00f3n y de servicios de traducci\u00f3n. Los testimonios recogidos tambi\u00e9n indican que la presunci\u00f3n de minor\u00eda de edad se vulnera con frecuencia y que el proceso de determinaci\u00f3n de la edad es invasivo, no respeta la dignidad de las personas adem\u00e1s de ser llevado a cabo sin ninguna asistencia jur\u00eddica. La fundaci\u00f3n PorCausa, por su parte, subraya en un <a href=\"https:\/\/www.observatoriodelainfancia.es\/oia\/esp\/descargar.aspx?id=7632&amp;tipo=documento\">informe de 2021<\/a> \u00ablas denuncias de abusos, malos tratos y condiciones de hacinamiento\u00bb.<\/p>\n\n\n\n<p>Por aquel entonces, era voluntario para la Cruz Roja. \u201c Hab\u00eda ciertas cosas que no pod\u00eda hacer all\u00ed por ejemplo incidencia pol\u00edtica, denuncia social, crear v\u00ednculos con la sociedad civil, tejidos sociales en los barrios donde se ubican los centros de menores\u2026\u201d, relata. Una frustraci\u00f3n que surgi\u00f3 en el momento de las elecciones generales en el pa\u00eds: \u201cSali\u00f3 un debate pol\u00edtico, donde el tema m\u00e1s debatido era los menores extranjeros. Se explot\u00f3 much\u00edsimo negativamente, a difamar, desinformar y deshumanizar de manera muy violenta, hasta hubo <a href=\"https:\/\/www.elsaltodiario.com\/extrema-derecha\/manifestacion-neonazis-san-blas-ataque-menas\">manifestaciones nazis en los centros de menores<\/a>.\u201d As\u00ed que necesit\u00e1bamos a alguien que dijera algo, que respondiera a todo eso, recuerda.<\/p>\n\n\n\n<p>Ismail tiene ahora 24 a\u00f1os y siempre tiene una sonrisa en la cara. Cuando empezamos a hablar, la conversaci\u00f3n comenz\u00f3 en franc\u00e9s, pero de manera natural pasamos al espa\u00f1ol. Son muchos idiomas para el joven marroqu\u00ed, que sigue sobre todo apegado al \u00e1rabe:&nbsp; \u201cCualquier lengua no es como la lengua materna, aprendas lo que aprendas. Desde el exterior nadie lo puede detectar, pero tu s\u00ed, desde dentro, sabes\u201d.&nbsp;<\/p>\n\n\n\n<p>La misma ternura expresa cuando habla de su pueblo, Castillejos, al que vuelve siempre que tiene vacaciones: \u201cPuede que haya muchas cosas que son mucho mejor para otros, pero para m\u00ed esta es la mejor, porque tiene un sentimiento adicional que es el saber que es bonito y que es m\u00edo\u201d. Lo que m\u00e1s recuerda de su infancia es la \u00ablibertad\u00bb de las tardes en la playa donde \u00abnadie te molesta\u00bb y las horas las pasaba pescando.<\/p>\n\n\n\n<p><strong>Cuando la migraci\u00f3n rompe los v\u00ednculos<\/strong><\/p>\n\n\n\n<p>Tuvo que abandonar su pueblo a los 16 a\u00f1os porque no le ofrec\u00eda perspectivas de futuro. Lo que le ayud\u00f3 a superar semejante calvario a tan temprana edad viene de su familia y es, sin dudarlo, su fe: \u201cMe ha ayudado a asumir muchas cosas, momentos muy complicados, muy dif\u00edciles, en los que muchas personas pueden a lo mejor tirar la toalla, rendirse. Esa fe, esa voluntad te ayuda a resistir, a seguir adelante\u201d. Asegura que no solo no la ha perdido nunca, sino que se ha incrementado.<\/p>\n\n\n\n<p>La migraci\u00f3n deja su huella, inevitablemente, aunque Ismail se muestre de una pieza y sepa mantener en secreto las cosas m\u00e1s \u00edntimas. Para \u00e9l, la traves\u00eda supuso un r\u00e1pido paso a la edad adulta, que afect\u00f3 profundamente a la relaci\u00f3n con su \u00fanico pariente: su madre. \u201cTe falta un cacho porque eres dependiente y de repente eres totalmente independiente. No hubo un proceso, no has conseguido solo porque hubo un corte. Lo has conseguido desde fuera, esta autonom\u00eda, este \u2018ya soy adulto\u2019. Sigues diciendo mam\u00e1 voy a ir con tal, guardando este respeto pero ya no es igual\u201d. Sigue cuidando esta relaci\u00f3n mediante llamadas telef\u00f3nicas regulares y visitas a Castillejos siempre que puede.<\/p>\n\n\n\n<p>Migrar tambi\u00e9n significa perder lazos. Cuando ya no se vive en el mismo lugar, las conversaciones entre amigos se vuelven m\u00e1s ins\u00edpidas y apagadas. \u201cEs un sentimiento de pena, de tristeza encontrarte con alguien que ten\u00edais un sentimiento muy fuerte antes. Ese \u2018Hola, \u00bfqu\u00e9 tal? \u00bfc\u00f3mo est\u00e1s?\u2019 le das un abrazo pero no es lo mismo\u201d, recuerda. As\u00ed que a Ismail le quedan pocos amigos en Marruecos. \u201cLas personas aunque tienen un sentimiento muy fuerte y te dicen ahora mismo \u2018nunca te olvidar\u00e9\u2019, tambi\u00e9n acaban olvidando. Haces un esfuerzo para adaptarte, hacerte hueco y hacer tu vida aqu\u00ed entonces no te da tiempo para dedicarte a otras cosas. No puedes ir en contra, es culpa del tiempo\u201d.&nbsp;<\/p>\n\n\n\n<p>Sus amigos actuales son, en su mayor\u00eda, migrantes o amigos de trayecto que han pasado con \u00e9l por centros de menores. \u201cSi vas en un grupo de espa\u00f1oles, la mayor\u00eda no acaban de asumirte como uno igual, siempre sale el tema de tu historia, de que eres moro. Pero tu historia no te tiene que condicionartodo. Es una cosa que ya hemos superado, ahora mismo somos j\u00f3venes normales\u201d relata. Pero no lo ve como un problema porque sabe \u00abmarcar sus l\u00edmites\u00bb.<\/p>\n\n\n\n<p>Durante su estancia en el centro de menores, se mantuvo ocupado practicando la caligraf\u00eda \u00e1rabe. \u201cMe gusta dibujar desde siempre, dibujo desde mi imaginaci\u00f3n, alg\u00fan paisaje, personajes de dibujos animados, pero ahora estoy dibujando con letras, haciendo caligraf\u00eda.\u201d&nbsp; La expresi\u00f3n art\u00edstica, sobre todo esta, que es una actividad lenta y que requiere mucho tiempo, es una forma de encontrar la paz, tal como la fe : \u201dEs una cosa que tambi\u00e9n me ayud\u00f3 mucho a mantener la calma, la tranquilidad. Cuando estaba en centro de menores hac\u00eda un mont\u00f3n de caligraf\u00eda \u00e1rabe, desde entonces me enamor\u00e9 mucho en ella\u201d.<\/p>\n\n\n\n<p>Hoy, espera poder ir a la universidad, algo dif\u00edcil porque no pudo hacer el bachillerato al verse obligado a trabajar cuando lleg\u00f3 a Espa\u00f1a. Tambi\u00e9n espera poder seguir desarrollando \u2018Exmenas\u2019. Siempre en movimiento, Ismail casi nunca dice no cuando se trata de ayudar: \u201cSi me preguntan yo respondo y me pongo en marcha\u201d.<\/p>\n","protected":false},"excerpt":{"rendered":"<p>Ismail El Majdoubi es un joven de 24 a\u00f1os que naci\u00f3 en Marruecos. Lleg\u00f3 a Espa\u00f1a cuando ten\u00eda 16 a\u00f1os. Pas\u00f3 por centros de menores y se implic\u00f3 con la Cruz Roja en un proyecto con menores migrantes antes de crear su propia asociaci\u00f3n, Exmenas.\u00a0 Ahora vive en Madrid donde trabaja como mediador social en &hellip;<\/p>\n","protected":false},"author":156,"featured_media":8742,"comment_status":"closed","ping_status":"closed","sticky":false,"template":"","format":"standard","meta":{"inline_featured_image":false,"footnotes":""},"categories":[67],"tags":[],"ppma_author":[514],"class_list":["post-8747","post","type-post","status-publish","format-standard","has-post-thumbnail","hentry","category-nuestras-historias"],"acf":[],"yoast_head":"<!-- This site is optimized with the Yoast SEO plugin v25.3.1 - https:\/\/yoast.com\/wordpress\/plugins\/seo\/ -->\n<title>Ismail El Majdoubi : \u201cLa f\u00e9 me ha ayudado a resistir, a seguir adelante\u201d<\/title>\n<meta name=\"description\" content=\"Hablamos con Ismail El Majdoubi, fundador de la asociaci\u00f3n Exmenas, estudiante de gesti\u00f3n administrativa y mediador social en un centro de emergencia para migrantes.\" \/>\n<meta name=\"robots\" content=\"index, follow, max-snippet:-1, max-image-preview:large, max-video-preview:-1\" \/>\n<link rel=\"canonical\" href=\"https:\/\/baynana.es\/es\/ismail-el-majdoubi-la-fe-me-ha-ayudado-a-resistir-a-seguir-adelante\/\" \/>\n<meta property=\"og:locale\" content=\"es_ES\" \/>\n<meta property=\"og:type\" content=\"article\" \/>\n<meta property=\"og:title\" content=\"Ismail El Majdoubi : \u201cLa f\u00e9 me ha ayudado a resistir, a seguir adelante\u201d\" \/>\n<meta property=\"og:description\" content=\"Hablamos con Ismail El Majdoubi, fundador de la asociaci\u00f3n Exmenas, estudiante de gesti\u00f3n administrativa y mediador social en un centro de emergencia para migrantes.\" \/>\n<meta property=\"og:url\" content=\"https:\/\/baynana.es\/es\/ismail-el-majdoubi-la-fe-me-ha-ayudado-a-resistir-a-seguir-adelante\/\" \/>\n<meta property=\"og:site_name\" content=\"Baynana \u0628\u064a\u0646\u0646\u0627\" \/>\n<meta property=\"article:publisher\" content=\"https:\/\/www.facebook.com\/baynanaes\" \/>\n<meta property=\"article:published_time\" content=\"2024-04-03T17:56:00+00:00\" \/>\n<meta property=\"article:modified_time\" content=\"2024-04-03T17:56:03+00:00\" \/>\n<meta property=\"og:image\" content=\"https:\/\/baynana.es\/wp-content\/uploads\/2024\/04\/Isamael.jpeg\" \/>\n\t<meta property=\"og:image:width\" content=\"2048\" \/>\n\t<meta property=\"og:image:height\" content=\"1154\" \/>\n\t<meta property=\"og:image:type\" content=\"image\/jpeg\" \/>\n<meta name=\"author\" content=\"Sophie Larre\" \/>\n<meta name=\"twitter:card\" content=\"summary_large_image\" \/>\n<meta name=\"twitter:creator\" content=\"@baynanaes\" \/>\n<meta name=\"twitter:site\" content=\"@baynanaes\" \/>\n<meta name=\"twitter:label1\" content=\"Escrito por\" \/>\n\t<meta name=\"twitter:data1\" content=\"Sophie Larre\" \/>\n\t<meta name=\"twitter:label2\" content=\"Tiempo de lectura\" \/>\n\t<meta name=\"twitter:data2\" content=\"11 minutos\" \/>\n<script type=\"application\/ld+json\" class=\"yoast-schema-graph\">{\"@context\":\"https:\/\/schema.org\",\"@graph\":[{\"@type\":\"Article\",\"@id\":\"https:\/\/baynana.es\/es\/ismail-el-majdoubi-la-fe-me-ha-ayudado-a-resistir-a-seguir-adelante\/#article\",\"isPartOf\":{\"@id\":\"https:\/\/baynana.es\/es\/ismail-el-majdoubi-la-fe-me-ha-ayudado-a-resistir-a-seguir-adelante\/\"},\"author\":{\"name\":\"Sophie Larre\",\"@id\":\"https:\/\/baynana.es\/#\/schema\/person\/c44e6d9aca07a99951fbc8dc237928ab\"},\"headline\":\"Ismail El Majdoubi : \u201cLa f\u00e9 me ha ayudado a resistir, a seguir adelante\u201d\",\"datePublished\":\"2024-04-03T17:56:00+00:00\",\"dateModified\":\"2024-04-03T17:56:03+00:00\",\"mainEntityOfPage\":{\"@id\":\"https:\/\/baynana.es\/es\/ismail-el-majdoubi-la-fe-me-ha-ayudado-a-resistir-a-seguir-adelante\/\"},\"wordCount\":1511,\"publisher\":{\"@id\":\"https:\/\/baynana.es\/#organization\"},\"image\":{\"@id\":\"https:\/\/baynana.es\/es\/ismail-el-majdoubi-la-fe-me-ha-ayudado-a-resistir-a-seguir-adelante\/#primaryimage\"},\"thumbnailUrl\":\"https:\/\/baynana.es\/wp-content\/uploads\/2024\/04\/Isamael.jpeg\",\"articleSection\":[\"NUESTRAS HISTORIAS\"],\"inLanguage\":\"es\"},{\"@type\":\"WebPage\",\"@id\":\"https:\/\/baynana.es\/es\/ismail-el-majdoubi-la-fe-me-ha-ayudado-a-resistir-a-seguir-adelante\/\",\"url\":\"https:\/\/baynana.es\/es\/ismail-el-majdoubi-la-fe-me-ha-ayudado-a-resistir-a-seguir-adelante\/\",\"name\":\"Ismail El Majdoubi : \u201cLa f\u00e9 me ha ayudado a resistir, a seguir adelante\u201d\",\"isPartOf\":{\"@id\":\"https:\/\/baynana.es\/#website\"},\"primaryImageOfPage\":{\"@id\":\"https:\/\/baynana.es\/es\/ismail-el-majdoubi-la-fe-me-ha-ayudado-a-resistir-a-seguir-adelante\/#primaryimage\"},\"image\":{\"@id\":\"https:\/\/baynana.es\/es\/ismail-el-majdoubi-la-fe-me-ha-ayudado-a-resistir-a-seguir-adelante\/#primaryimage\"},\"thumbnailUrl\":\"https:\/\/baynana.es\/wp-content\/uploads\/2024\/04\/Isamael.jpeg\",\"datePublished\":\"2024-04-03T17:56:00+00:00\",\"dateModified\":\"2024-04-03T17:56:03+00:00\",\"description\":\"Hablamos con Ismail El Majdoubi, fundador de la asociaci\u00f3n Exmenas, estudiante de gesti\u00f3n administrativa y mediador social en un centro de emergencia para migrantes.\",\"breadcrumb\":{\"@id\":\"https:\/\/baynana.es\/es\/ismail-el-majdoubi-la-fe-me-ha-ayudado-a-resistir-a-seguir-adelante\/#breadcrumb\"},\"inLanguage\":\"es\",\"potentialAction\":[{\"@type\":\"ReadAction\",\"target\":[\"https:\/\/baynana.es\/es\/ismail-el-majdoubi-la-fe-me-ha-ayudado-a-resistir-a-seguir-adelante\/\"]}]},{\"@type\":\"ImageObject\",\"inLanguage\":\"es\",\"@id\":\"https:\/\/baynana.es\/es\/ismail-el-majdoubi-la-fe-me-ha-ayudado-a-resistir-a-seguir-adelante\/#primaryimage\",\"url\":\"https:\/\/baynana.es\/wp-content\/uploads\/2024\/04\/Isamael.jpeg\",\"contentUrl\":\"https:\/\/baynana.es\/wp-content\/uploads\/2024\/04\/Isamael.jpeg\",\"width\":2048,\"height\":1154,\"caption\":\"El joven marroqu\u00ed Ismail Majdoubi en Madrid.\"},{\"@type\":\"BreadcrumbList\",\"@id\":\"https:\/\/baynana.es\/es\/ismail-el-majdoubi-la-fe-me-ha-ayudado-a-resistir-a-seguir-adelante\/#breadcrumb\",\"itemListElement\":[{\"@type\":\"ListItem\",\"position\":1,\"name\":\"Portada\",\"item\":\"https:\/\/baynana.es\/es\/\"},{\"@type\":\"ListItem\",\"position\":2,\"name\":\"Ismail El Majdoubi : \u201cLa f\u00e9 me ha ayudado a resistir, a seguir adelante\u201d\"}]},{\"@type\":\"WebSite\",\"@id\":\"https:\/\/baynana.es\/#website\",\"url\":\"https:\/\/baynana.es\/\",\"name\":\"Baynana \u0628\u064a\u0646\u0646\u0627\",\"description\":\"Baynana Revista \u0645\u062c\u0644\u0629 \u0628\u064a\u0646\u0646\u0627\",\"publisher\":{\"@id\":\"https:\/\/baynana.es\/#organization\"},\"potentialAction\":[{\"@type\":\"SearchAction\",\"target\":{\"@type\":\"EntryPoint\",\"urlTemplate\":\"https:\/\/baynana.es\/?s={search_term_string}\"},\"query-input\":{\"@type\":\"PropertyValueSpecification\",\"valueRequired\":true,\"valueName\":\"search_term_string\"}}],\"inLanguage\":\"es\"},{\"@type\":\"Organization\",\"@id\":\"https:\/\/baynana.es\/#organization\",\"name\":\"\u0628\u064a\u0646\u0646\u0627 Baynana\",\"url\":\"https:\/\/baynana.es\/\",\"logo\":{\"@type\":\"ImageObject\",\"inLanguage\":\"es\",\"@id\":\"https:\/\/baynana.es\/#\/schema\/logo\/image\/\",\"url\":\"https:\/\/baynana.es\/wp-content\/uploads\/2021\/03\/Artboard-1.png\",\"contentUrl\":\"https:\/\/baynana.es\/wp-content\/uploads\/2021\/03\/Artboard-1.png\",\"width\":315,\"height\":228,\"caption\":\"\u0628\u064a\u0646\u0646\u0627 Baynana\"},\"image\":{\"@id\":\"https:\/\/baynana.es\/#\/schema\/logo\/image\/\"},\"sameAs\":[\"https:\/\/www.facebook.com\/baynanaes\",\"https:\/\/x.com\/baynanaes\",\"https:\/\/www.instagram.com\/baynanaes\/\",\"https:\/\/www.linkedin.com\/in\/baynana-\u0628\u064a\u0646\u0646\u0627-887599211\/\",\"https:\/\/www.youtube.com\/channel\/UC3019bsq5wOpi61SOufKxPA\"]},{\"@type\":\"Person\",\"@id\":\"https:\/\/baynana.es\/#\/schema\/person\/c44e6d9aca07a99951fbc8dc237928ab\",\"name\":\"Sophie Larre\",\"image\":{\"@type\":\"ImageObject\",\"inLanguage\":\"es\",\"@id\":\"https:\/\/baynana.es\/#\/schema\/person\/image\/abb12e08ec641640768913d7f41bd366\",\"url\":\"https:\/\/secure.gravatar.com\/avatar\/225139bd31cb91b483d877ccb39f11789a548eb3685a859aaa0937a5ef610a7d?s=96&d=mm&r=g\",\"contentUrl\":\"https:\/\/secure.gravatar.com\/avatar\/225139bd31cb91b483d877ccb39f11789a548eb3685a859aaa0937a5ef610a7d?s=96&d=mm&r=g\",\"caption\":\"Sophie Larre\"},\"url\":\"https:\/\/baynana.es\/es\/author\/sophie\/\"}]}<\/script>\n<!-- \/ Yoast SEO plugin. -->","yoast_head_json":{"title":"Ismail El Majdoubi : \u201cLa f\u00e9 me ha ayudado a resistir, a seguir adelante\u201d","description":"Hablamos con Ismail El Majdoubi, fundador de la asociaci\u00f3n Exmenas, estudiante de gesti\u00f3n administrativa y mediador social en un centro de emergencia para migrantes.","robots":{"index":"index","follow":"follow","max-snippet":"max-snippet:-1","max-image-preview":"max-image-preview:large","max-video-preview":"max-video-preview:-1"},"canonical":"https:\/\/baynana.es\/es\/ismail-el-majdoubi-la-fe-me-ha-ayudado-a-resistir-a-seguir-adelante\/","og_locale":"es_ES","og_type":"article","og_title":"Ismail El Majdoubi : \u201cLa f\u00e9 me ha ayudado a resistir, a seguir adelante\u201d","og_description":"Hablamos con Ismail El Majdoubi, fundador de la asociaci\u00f3n Exmenas, estudiante de gesti\u00f3n administrativa y mediador social en un centro de emergencia para migrantes.","og_url":"https:\/\/baynana.es\/es\/ismail-el-majdoubi-la-fe-me-ha-ayudado-a-resistir-a-seguir-adelante\/","og_site_name":"Baynana \u0628\u064a\u0646\u0646\u0627","article_publisher":"https:\/\/www.facebook.com\/baynanaes","article_published_time":"2024-04-03T17:56:00+00:00","article_modified_time":"2024-04-03T17:56:03+00:00","og_image":[{"width":2048,"height":1154,"url":"https:\/\/baynana.es\/wp-content\/uploads\/2024\/04\/Isamael.jpeg","type":"image\/jpeg"}],"author":"Sophie Larre","twitter_card":"summary_large_image","twitter_creator":"@baynanaes","twitter_site":"@baynanaes","twitter_misc":{"Escrito por":"Sophie Larre","Tiempo de lectura":"11 minutos"},"schema":{"@context":"https:\/\/schema.org","@graph":[{"@type":"Article","@id":"https:\/\/baynana.es\/es\/ismail-el-majdoubi-la-fe-me-ha-ayudado-a-resistir-a-seguir-adelante\/#article","isPartOf":{"@id":"https:\/\/baynana.es\/es\/ismail-el-majdoubi-la-fe-me-ha-ayudado-a-resistir-a-seguir-adelante\/"},"author":{"name":"Sophie Larre","@id":"https:\/\/baynana.es\/#\/schema\/person\/c44e6d9aca07a99951fbc8dc237928ab"},"headline":"Ismail El Majdoubi : \u201cLa f\u00e9 me ha ayudado a resistir, a seguir adelante\u201d","datePublished":"2024-04-03T17:56:00+00:00","dateModified":"2024-04-03T17:56:03+00:00","mainEntityOfPage":{"@id":"https:\/\/baynana.es\/es\/ismail-el-majdoubi-la-fe-me-ha-ayudado-a-resistir-a-seguir-adelante\/"},"wordCount":1511,"publisher":{"@id":"https:\/\/baynana.es\/#organization"},"image":{"@id":"https:\/\/baynana.es\/es\/ismail-el-majdoubi-la-fe-me-ha-ayudado-a-resistir-a-seguir-adelante\/#primaryimage"},"thumbnailUrl":"https:\/\/baynana.es\/wp-content\/uploads\/2024\/04\/Isamael.jpeg","articleSection":["NUESTRAS HISTORIAS"],"inLanguage":"es"},{"@type":"WebPage","@id":"https:\/\/baynana.es\/es\/ismail-el-majdoubi-la-fe-me-ha-ayudado-a-resistir-a-seguir-adelante\/","url":"https:\/\/baynana.es\/es\/ismail-el-majdoubi-la-fe-me-ha-ayudado-a-resistir-a-seguir-adelante\/","name":"Ismail El Majdoubi : \u201cLa f\u00e9 me ha ayudado a resistir, a seguir adelante\u201d","isPartOf":{"@id":"https:\/\/baynana.es\/#website"},"primaryImageOfPage":{"@id":"https:\/\/baynana.es\/es\/ismail-el-majdoubi-la-fe-me-ha-ayudado-a-resistir-a-seguir-adelante\/#primaryimage"},"image":{"@id":"https:\/\/baynana.es\/es\/ismail-el-majdoubi-la-fe-me-ha-ayudado-a-resistir-a-seguir-adelante\/#primaryimage"},"thumbnailUrl":"https:\/\/baynana.es\/wp-content\/uploads\/2024\/04\/Isamael.jpeg","datePublished":"2024-04-03T17:56:00+00:00","dateModified":"2024-04-03T17:56:03+00:00","description":"Hablamos con Ismail El Majdoubi, fundador de la asociaci\u00f3n Exmenas, estudiante de gesti\u00f3n administrativa y mediador social en un centro de emergencia para migrantes.","breadcrumb":{"@id":"https:\/\/baynana.es\/es\/ismail-el-majdoubi-la-fe-me-ha-ayudado-a-resistir-a-seguir-adelante\/#breadcrumb"},"inLanguage":"es","potentialAction":[{"@type":"ReadAction","target":["https:\/\/baynana.es\/es\/ismail-el-majdoubi-la-fe-me-ha-ayudado-a-resistir-a-seguir-adelante\/"]}]},{"@type":"ImageObject","inLanguage":"es","@id":"https:\/\/baynana.es\/es\/ismail-el-majdoubi-la-fe-me-ha-ayudado-a-resistir-a-seguir-adelante\/#primaryimage","url":"https:\/\/baynana.es\/wp-content\/uploads\/2024\/04\/Isamael.jpeg","contentUrl":"https:\/\/baynana.es\/wp-content\/uploads\/2024\/04\/Isamael.jpeg","width":2048,"height":1154,"caption":"El joven marroqu\u00ed Ismail Majdoubi en Madrid."},{"@type":"BreadcrumbList","@id":"https:\/\/baynana.es\/es\/ismail-el-majdoubi-la-fe-me-ha-ayudado-a-resistir-a-seguir-adelante\/#breadcrumb","itemListElement":[{"@type":"ListItem","position":1,"name":"Portada","item":"https:\/\/baynana.es\/es\/"},{"@type":"ListItem","position":2,"name":"Ismail El Majdoubi : \u201cLa f\u00e9 me ha ayudado a resistir, a seguir adelante\u201d"}]},{"@type":"WebSite","@id":"https:\/\/baynana.es\/#website","url":"https:\/\/baynana.es\/","name":"Baynana \u0628\u064a\u0646\u0646\u0627","description":"Baynana Revista \u0645\u062c\u0644\u0629 \u0628\u064a\u0646\u0646\u0627","publisher":{"@id":"https:\/\/baynana.es\/#organization"},"potentialAction":[{"@type":"SearchAction","target":{"@type":"EntryPoint","urlTemplate":"https:\/\/baynana.es\/?s={search_term_string}"},"query-input":{"@type":"PropertyValueSpecification","valueRequired":true,"valueName":"search_term_string"}}],"inLanguage":"es"},{"@type":"Organization","@id":"https:\/\/baynana.es\/#organization","name":"\u0628\u064a\u0646\u0646\u0627 Baynana","url":"https:\/\/baynana.es\/","logo":{"@type":"ImageObject","inLanguage":"es","@id":"https:\/\/baynana.es\/#\/schema\/logo\/image\/","url":"https:\/\/baynana.es\/wp-content\/uploads\/2021\/03\/Artboard-1.png","contentUrl":"https:\/\/baynana.es\/wp-content\/uploads\/2021\/03\/Artboard-1.png","width":315,"height":228,"caption":"\u0628\u064a\u0646\u0646\u0627 Baynana"},"image":{"@id":"https:\/\/baynana.es\/#\/schema\/logo\/image\/"},"sameAs":["https:\/\/www.facebook.com\/baynanaes","https:\/\/x.com\/baynanaes","https:\/\/www.instagram.com\/baynanaes\/","https:\/\/www.linkedin.com\/in\/baynana-\u0628\u064a\u0646\u0646\u0627-887599211\/","https:\/\/www.youtube.com\/channel\/UC3019bsq5wOpi61SOufKxPA"]},{"@type":"Person","@id":"https:\/\/baynana.es\/#\/schema\/person\/c44e6d9aca07a99951fbc8dc237928ab","name":"Sophie Larre","image":{"@type":"ImageObject","inLanguage":"es","@id":"https:\/\/baynana.es\/#\/schema\/person\/image\/abb12e08ec641640768913d7f41bd366","url":"https:\/\/secure.gravatar.com\/avatar\/225139bd31cb91b483d877ccb39f11789a548eb3685a859aaa0937a5ef610a7d?s=96&d=mm&r=g","contentUrl":"https:\/\/secure.gravatar.com\/avatar\/225139bd31cb91b483d877ccb39f11789a548eb3685a859aaa0937a5ef610a7d?s=96&d=mm&r=g","caption":"Sophie Larre"},"url":"https:\/\/baynana.es\/es\/author\/sophie\/"}]}},"authors":[{"term_id":514,"user_id":156,"is_guest":0,"slug":"sophie","display_name":"Sophie Larre","avatar_url":"https:\/\/secure.gravatar.com\/avatar\/225139bd31cb91b483d877ccb39f11789a548eb3685a859aaa0937a5ef610a7d?s=96&d=mm&r=g","author_category":"","first_name":"Sophie","last_name":"Larre","user_url":"","job_title":"","description":""}],"_links":{"self":[{"href":"https:\/\/baynana.es\/es\/wp-json\/wp\/v2\/posts\/8747","targetHints":{"allow":["GET"]}}],"collection":[{"href":"https:\/\/baynana.es\/es\/wp-json\/wp\/v2\/posts"}],"about":[{"href":"https:\/\/baynana.es\/es\/wp-json\/wp\/v2\/types\/post"}],"author":[{"embeddable":true,"href":"https:\/\/baynana.es\/es\/wp-json\/wp\/v2\/users\/156"}],"replies":[{"embeddable":true,"href":"https:\/\/baynana.es\/es\/wp-json\/wp\/v2\/comments?post=8747"}],"version-history":[{"count":1,"href":"https:\/\/baynana.es\/es\/wp-json\/wp\/v2\/posts\/8747\/revisions"}],"predecessor-version":[{"id":8748,"href":"https:\/\/baynana.es\/es\/wp-json\/wp\/v2\/posts\/8747\/revisions\/8748"}],"wp:featuredmedia":[{"embeddable":true,"href":"https:\/\/baynana.es\/es\/wp-json\/wp\/v2\/media\/8742"}],"wp:attachment":[{"href":"https:\/\/baynana.es\/es\/wp-json\/wp\/v2\/media?parent=8747"}],"wp:term":[{"taxonomy":"category","embeddable":true,"href":"https:\/\/baynana.es\/es\/wp-json\/wp\/v2\/categories?post=8747"},{"taxonomy":"post_tag","embeddable":true,"href":"https:\/\/baynana.es\/es\/wp-json\/wp\/v2\/tags?post=8747"},{"taxonomy":"author","embeddable":true,"href":"https:\/\/baynana.es\/es\/wp-json\/wp\/v2\/ppma_author?post=8747"}],"curies":[{"name":"wp","href":"https:\/\/api.w.org\/{rel}","templated":true}]}}