{"id":8934,"date":"2024-05-29T19:58:34","date_gmt":"2024-05-29T17:58:34","guid":{"rendered":"https:\/\/baynana.es\/?p=8934"},"modified":"2024-05-31T13:01:27","modified_gmt":"2024-05-31T11:01:27","slug":"habibi-la-historia-de-oussama-en-el-mundo-de-la-moda","status":"publish","type":"post","link":"https:\/\/baynana.es\/es\/habibi-la-historia-de-oussama-en-el-mundo-de-la-moda\/","title":{"rendered":"Habibi: La historia de Oussama en el mundo de la moda"},"content":{"rendered":"<div class=\"wp-block-post-date__modified-date wp-block-post-date\"><time datetime=\"2024-05-31T13:01:27+02:00\">31 mayo\u060c 2024<\/time><\/div>\n\n\n<p class=\"has-background\" style=\"background-color:#bdbf89\">Oussama Mazari, es un joven marroqu\u00ed de 21 a\u00f1os, vive en Madrid desde 2018. Emigr\u00f3 all\u00ed a los catorce a\u00f1os, impulsado por el sue\u00f1o de convertirse en una estrella del f\u00fatbol. Sin embargo, la vida ten\u00eda un camino diferente para \u00e9l, donde encontr\u00f3 su verdadera pasi\u00f3n en el mundo de la moda y el estilo, fundando su propia marca<em> <\/em><a href=\"https:\/\/www.instagram.com\/justom.eu\/\"><em>Justom<\/em><\/a>, a trav\u00e9s de la cual narra una parte de su alma y la historia de su viaje como menor y migrante.<\/p>\n\n\n\n<p>La palabra \u2018<em>Habibi<\/em>\u2019 tiene un significado especial para muchas personas en Espa\u00f1a. Algunas la utilizaron para referirse al joven marroqu\u00ed <a href=\"https:\/\/www.instagram.com\/justoussamazari?utm_source=ig_web_button_share_sheet&amp;igsh=ZDNlZDc0MzIxNw==\">Oussama Mazari<\/a>, de 21 a\u00f1os, ya sea por desconocer su nombre o simplemente por olvidarlo. Motivado por esta conexi\u00f3n, Oussama decidi\u00f3 bautizar la primera colecci\u00f3n de su marca de ropa con el nombre \u2018<em>Habibi<\/em>\u2019, escribi\u00e9ndolo tanto en \u00e1rabe como en espa\u00f1ol.\u00a0<\/p>\n\n\n\n<p>Su intenci\u00f3n era enviar un mensaje inspirador a todos los j\u00f3venes, tanto espa\u00f1oles como migrantes, que comparten experiencias similares y demostrar que a pesar de las adversidades, la persistencia puede dar frutos. Su mensaje sonaba as\u00ed: \u201cHe logrado algo en esta vida a pesar de enfrentar comentarios racistas. As\u00ed que vosotros tambi\u00e9n pod\u00e9is hacerlo, ya se\u00e1is j\u00f3venes espa\u00f1oles o migrantes\u201d.<\/p>\n\n\n\n<p>Oussama lleg\u00f3 a Madrid en 2018, cuando ten\u00eda catorce a\u00f1os. Ese mismo a\u00f1o, <a href=\"https:\/\/www.savethechildren.es\/publicaciones\/los-mas-solos\">Espa\u00f1a recibi\u00f3 a 2.500 ni\u00f1os migrantes no acompa\u00f1ados<\/a>, un aumento del 60.4% respecto al a\u00f1o anterior. Antes de su llegada, viv\u00eda con su familia en su pueblo natal, Uchda, en el este de Marruecos. Su motivaci\u00f3n para emigrar no era econ\u00f3mica, sino m\u00e1s bien la b\u00fasqueda de la diversidad. \u201cMi objetivo de migrar y alejarme de mi familia, era realizar mis sue\u00f1os, de vivir una vida diferente\u201d, explica. Su sue\u00f1o era convertirse en una estrella del f\u00fatbol.<\/p>\n\n\n\n<p><strong>Cuando los sue\u00f1os cambian<\/strong><\/p>\n\n\n\n<p>\u201cSi mi sue\u00f1o fuera lograr algo art\u00edstico o cultural, puedo conseguirlo en mi pa\u00eds porque eso est\u00e1 disponible en Marruecos. Pero para destacar en el deporte, necesitas llegar a tierras europeas\u201d. Oussama intent\u00f3 convencer a sus padres de su idea, pero ellos la rechazaron por completo. Finalmente, les amenaz\u00f3 con hacer el viaje a trav\u00e9s de Melilla, lo cual intent\u00f3 pero fracas\u00f3, o pedirles que le ayudar\u00e1n a comprar una visa de estudiante. Sus padres cedieron y lo acompa\u00f1aron en su primer viaje a Francia. Luego regresaron a Marruecos, y unos meses despu\u00e9s, con el mismo visado, \u00e9l viaj\u00f3 a Espa\u00f1a, donde finalmente se estableci\u00f3.<\/p>\n\n\n\n<p>Cuando Oussama lleg\u00f3 a Espa\u00f1a, termin\u00f3 en uno de los centros de menores de Madrid. Describe la vida all\u00ed como similar a la c\u00e1rcel; no se les permit\u00eda salir sino acompa\u00f1ados por los educadores, en un ambiente lleno de prejuicios. \u201cYo era solo un so\u00f1ador, a\u00fan construyendo mis alas, \u00bfpor qu\u00e9 quer\u00edan cortarlas temprano con sus miradas, gestos o palabras?\u201d dice sobre esta etapa.<\/p>\n\n\n\n<p>Seg\u00fan el informe de <em>Save the Children<\/em> titulado <a href=\"https:\/\/www.savethechildren.es\/sites\/default\/files\/imce\/los_mas_solos_vok.pdf\"><em>Los m\u00e1s solos<\/em><\/a>, los ni\u00f1os en estos centros se enfrentan a grandes dificultades, tantas que algunos prefieren vivir en la calle a permanecer en esas condiciones, y otros desaparecen sin dejar rastro. Esta etapa afect\u00f3 mucho a Oussama y contribuy\u00f3 a cambiar su personalidad. \u201cTe tratan en Europa como si tuvieras 30 a\u00f1os cuando apenas tienes 14. Tuve que madurar antes de mi tiempo\u201d, afirma.<\/p>\n\n\n\n<p>Despu\u00e9s de unos meses, Oussama fue trasladado a un apartamento con otros 12 menores migrantes. Las condiciones all\u00ed eran mejores para \u00e9l, aunque las responsabilidades aumentaron al superar los quince a\u00f1os, y los educadores que se encargaban de \u00e9l insist\u00edan en la necesidad de hacer un curso, mientras \u00e9l quer\u00eda estudiar. \u201cTengo mi idea y cada persona tiene su propia historia, cada joven tiene una idea de por qu\u00e9 vino aqu\u00ed, como aquel que quiere ser peluquero se inscribe en un curso de peluquer\u00eda. Pero hay quien tiene la idea de continuar sus estudios, por ejemplo. Yo quiero hacer algo diferente\u201d, dice.<\/p>\n\n\n\n<p>Oussama comenz\u00f3 a estudiar espa\u00f1ol en un centro de integraci\u00f3n para comprender el idioma y la cultura durante un a\u00f1o completo, y continu\u00f3 jugando al f\u00fatbol los fines de semana, logrando jugar durante a\u00f1os en clubes como, <em>ADC San Ferm\u00edn y A.C El Bercial Juvenil Ciudad de Getafe, (F\u00fatbol Club Se\u00f1or).<\/em> Tambi\u00e9n se uni\u00f3 a una formaci\u00f3n de Administraci\u00f3n B\u00e1sica durante dos a\u00f1os, habiendo cumplido entonces los 18 a\u00f1os.<\/p>\n\n\n\n<p>Durante todo ese tiempo, los educadores le llenaban la cabeza con la idea de que terminar\u00eda en la calle, por lo que abandon\u00f3 la idea de ir a la universidad debido a la falta de ingresos para continuar. Comenz\u00f3 a trabajar con una organizaci\u00f3n en el barrio donde viv\u00eda, traduciendo del \u00e1rabe al espa\u00f1ol, franc\u00e9s e ingl\u00e9s.<\/p>\n\n\n\n<p>Durante todo este tiempo y un poco despu\u00e9s, el joven busc\u00f3 alcanzar su sue\u00f1o de ser una estrella del f\u00fatbol, pero escuchaba y ve\u00eda comentarios racistas tanto en la vida real como en las redes sociales. \u201cDesde los 14 a\u00f1os, he escuchado decir: los menores nos roban, y en el partido del domingo te sientes agobiado al escuchar a alguien decir: mira el puto moro, como se cambia el bal\u00f3n, as\u00ed se cambia las pateras cuando estaba en su pa\u00eds\u201d, cuenta amargamente.<\/p>\n\n\n\n<p>\u201cEl sue\u00f1o era ser jugador de f\u00fatbol y lograr lo que vine a buscar, mientras algunos me ven como un ladr\u00f3n o una mala persona\u201d, a\u00f1ade. Todo esto llev\u00f3 al joven, a\u00fan inmaduro en ese momento a cambiar su sue\u00f1o: \u201cSent\u00ed un agotamiento extremo, as\u00ed que dej\u00e9 el equipo en el que jugaba\u201d.<\/p>\n\n\n\n<figure class=\"wp-block-image size-large\"><img loading=\"lazy\" decoding=\"async\" width=\"1024\" height=\"577\" src=\"https:\/\/baynana.es\/wp-content\/uploads\/2024\/05\/DSC00162-1024x577.jpg\" alt=\"\" class=\"wp-image-8937\" srcset=\"https:\/\/baynana.es\/wp-content\/uploads\/2024\/05\/DSC00162-1024x577.jpg 1024w, https:\/\/baynana.es\/wp-content\/uploads\/2024\/05\/DSC00162-300x169.jpg 300w, https:\/\/baynana.es\/wp-content\/uploads\/2024\/05\/DSC00162-768x432.jpg 768w, https:\/\/baynana.es\/wp-content\/uploads\/2024\/05\/DSC00162-1536x865.jpg 1536w, https:\/\/baynana.es\/wp-content\/uploads\/2024\/05\/DSC00162-2048x1153.jpg 2048w, https:\/\/baynana.es\/wp-content\/uploads\/2024\/05\/DSC00162-390x220.jpg 390w, https:\/\/baynana.es\/wp-content\/uploads\/2024\/05\/DSC00162-600x338.jpg 600w\" sizes=\"auto, (max-width: 1024px) 100vw, 1024px\" \/><\/figure>\n\n\n\n<p>La sonrisa no abandona a Oussama durante casi toda la entrevista. Aclara que tambi\u00e9n hab\u00eda educadores que le ayudaban: \u201cEmpec\u00e9 a pensar en los comentarios en una etapa avanzada. Pasa lo que pasa en el mundo, y digan lo que digan, me enfocar\u00e9 en mi vida y mis sue\u00f1os. Para qu\u00e9 pensar en un hombre en sus sesenta a\u00f1os, tal vez no pudo lograr sus sue\u00f1os, y lo que quiere es arruinar la vida de otros que no son espa\u00f1oles\u201d.<\/p>\n\n\n\n<p><strong>Responsabilidad e inspiraci\u00f3n<\/strong><\/p>\n\n\n\n<p>Oussama asumi\u00f3 la responsabilidad de su vida tempranamente. A los dieciocho a\u00f1os decidi\u00f3 emprender un viaje diferente a Portugal, un pa\u00eds con un idioma y una cultura desconocidos para \u00e9l, para reflexionar consigo mismo. Fue su primera salida de Espa\u00f1a una vez que obtuvo los papeles. All\u00ed se encontr\u00f3 con un grupo de j\u00f3venes de diferentes nacionalidades en una sesi\u00f3n de di\u00e1logo en el hotel donde se hospedaba, la cual dej\u00f3 una profunda impresi\u00f3n en \u00e9l. Donde la pregunta era, \u00bfqu\u00e9 est\u00e1s haciendo en tu vida? \u201cA trav\u00e9s de mi historia y la migraci\u00f3n desde Marruecos, hab\u00eda algo que deb\u00eda contarse. Y esta quedada en Portugal me dio un impulso: algo ten\u00eda que hacer\u201d, relata.&nbsp;<\/p>\n\n\n\n<p>Regres\u00f3 a Espa\u00f1a con una idea diferente, \u201calgo deb\u00eda hacer, un proyecto personal, hay algo para contar\u00bb. Decidi\u00f3 fundar un proyecto de fotograf\u00eda para narrar a trav\u00e9s de la imagen, pero econ\u00f3micamente no tuvo \u00e9xito. Luego, a trav\u00e9s de un amigo, comenz\u00f3 a trabajar como extra en pel\u00edculas. Con la experiencia empez\u00f3 a recibir ofertas para roles m\u00e1s importantes. Aqu\u00ed es donde surgi\u00f3 el problema que enfrentan muchos actores migrantes: todos los papeles que recib\u00eda eran de terroristas o de personas que cometen violaciones o robos. Oussama no quer\u00eda ser conocido por esos roles: \u201cNo quiero ser se\u00f1alado en la calle alg\u00fan d\u00eda por una adolescente que diga que ese es el violador, el que actu\u00f3 en tal pel\u00edcula\u201d.<\/p>\n\n\n\n<p>Mientras tanto, el joven se interes\u00f3 en el mundo de la moda, y en 2022 decidi\u00f3 ingresar a este mundo a trav\u00e9s de su propio proyecto, fundando su propia marca llamada <a href=\"https:\/\/justom.eu\/password\"><em>Justom<\/em><\/a>. Comenz\u00f3 con la idea, habl\u00f3 con dise\u00f1adores, y prepar\u00f3 el sitio web y la comercializaci\u00f3n. Quer\u00eda contar a trav\u00e9s de la marca partes de su viaje como menor migrante y luego como joven en Espa\u00f1a, as\u00ed como algunas experiencias en centros de menores y dentro de la comunidad, adem\u00e1s de su primer viaje. El lanzamiento fue en septiembre de 2022. Una de las primeras dificultades que enfrent\u00f3 la marca fue el mensaje. \u201c\u00bfC\u00f3mo puede alguien que no ha pasado por lo que he pasado yo entenderlo?\u201d, cuenta.<\/p>\n\n\n\n<p>Intent\u00f3 ser m\u00e1s accesible, por lo que cada edici\u00f3n ten\u00eda un t\u00edtulo diferente, la primera: <em>Habibi<\/em> donde vendi\u00f3 alrededor de 60 piezas, siendo las primeras ventas en Barcelona a un amigo suyo: \u201cFue una sensaci\u00f3n \u00fanica\u201d. Luego, las colecciones continuaron, con t\u00edtulos, ilustraciones y mensajes diversos, y en diferentes idiomas. La decimoquinta de ellas ser\u00e1 el viernes 30 de mayo de 2024, titulada: <em>United In Diversity<\/em>, despu\u00e9s de que la colecci\u00f3n anterior se llamara: <em>Visi\u00f3n Clara<\/em>, refiri\u00e9ndose a la que \u00e9l y muchos otros que llegan a Europa poseen. \u201cContinuar\u00e9 contando mi historia y la historia de todos los migrantes y j\u00f3venes en general, a trav\u00e9s de la marca y de todas las formas posibles\u201d, concluye.<\/p>\n\n\n\n<p class=\"has-very-light-gray-to-cyan-bluish-gray-gradient-background has-background\"><em>Justom es una marca de ropa fundada por el joven Oussama Mazari, de origen marroqu\u00ed, que vive en Espa\u00f1a desde hace seis a\u00f1os. Publica ocasionalmente sus ofertas, que vende a trav\u00e9s de Internet. Los lectores de Baynana pueden obtener un 10% de descuento en estos productos utilizando el c\u00f3digo de descuento: (BJ15).<\/em><\/p>\n\n\n\n<p><strong>Para ser parte de la comunidad de Baynana, puedes suscribirte a trav\u00e9s del <a href=\"https:\/\/baynana.es\/es\/dona\/\">enlace<\/a>.<\/strong><\/p>\n","protected":false},"excerpt":{"rendered":"<p>31 mayo\u060c 2024 Oussama Mazari, es un joven marroqu\u00ed de 21 a\u00f1os, vive en Madrid desde 2018. Emigr\u00f3 all\u00ed a los catorce a\u00f1os, impulsado por el sue\u00f1o de convertirse en una estrella del f\u00fatbol. Sin embargo, la vida ten\u00eda un camino diferente para \u00e9l, donde encontr\u00f3 su verdadera pasi\u00f3n en el mundo de la moda &hellip;<\/p>\n","protected":false},"author":3,"featured_media":8932,"comment_status":"closed","ping_status":"closed","sticky":false,"template":"","format":"standard","meta":{"inline_featured_image":false,"footnotes":""},"categories":[11,67],"tags":[],"ppma_author":[505],"class_list":["post-8934","post","type-post","status-publish","format-standard","has-post-thumbnail","hentry","category-inicio","category-nuestras-historias"],"acf":[],"yoast_head":"<!-- This site is optimized with the Yoast SEO plugin v25.3.1 - https:\/\/yoast.com\/wordpress\/plugins\/seo\/ -->\n<title>Habibi: La historia de Oussama en el mundo de la moda<\/title>\n<meta name=\"description\" content=\"A los 14 a\u00f1os lleg\u00f3 Oussama Mazari a Madrid desde Marruecos. Hoy tiene su propia marca Justom, a trav\u00e9s de la cual narra una parte de su alma\" \/>\n<meta name=\"robots\" content=\"index, follow, max-snippet:-1, max-image-preview:large, max-video-preview:-1\" \/>\n<link rel=\"canonical\" href=\"https:\/\/baynana.es\/es\/habibi-la-historia-de-oussama-en-el-mundo-de-la-moda\/\" \/>\n<meta property=\"og:locale\" content=\"es_ES\" \/>\n<meta property=\"og:type\" content=\"article\" \/>\n<meta property=\"og:title\" content=\"Habibi: La historia de Oussama en el mundo de la moda\" \/>\n<meta property=\"og:description\" content=\"A los 14 a\u00f1os lleg\u00f3 Oussama Mazari a Madrid desde Marruecos. Hoy tiene su propia marca Justom, a trav\u00e9s de la cual narra una parte de su alma\" \/>\n<meta property=\"og:url\" content=\"https:\/\/baynana.es\/es\/habibi-la-historia-de-oussama-en-el-mundo-de-la-moda\/\" \/>\n<meta property=\"og:site_name\" content=\"Baynana \u0628\u064a\u0646\u0646\u0627\" \/>\n<meta property=\"article:publisher\" content=\"https:\/\/www.facebook.com\/baynanaes\" \/>\n<meta property=\"article:author\" content=\"https:\/\/www.facebook.com\/ayham.greeb\" \/>\n<meta property=\"article:published_time\" content=\"2024-05-29T17:58:34+00:00\" \/>\n<meta property=\"article:modified_time\" content=\"2024-05-31T11:01:27+00:00\" \/>\n<meta property=\"og:image\" content=\"https:\/\/baynana.es\/wp-content\/uploads\/2024\/05\/Osama.jpeg\" \/>\n\t<meta property=\"og:image:width\" content=\"1600\" \/>\n\t<meta property=\"og:image:height\" content=\"1064\" \/>\n\t<meta property=\"og:image:type\" content=\"image\/jpeg\" \/>\n<meta name=\"author\" content=\"Ayham Al Sati\" \/>\n<meta name=\"twitter:card\" content=\"summary_large_image\" \/>\n<meta name=\"twitter:creator\" content=\"@https:\/\/twitter.com\/ayham_greeb\" \/>\n<meta name=\"twitter:site\" content=\"@baynanaes\" \/>\n<meta name=\"twitter:label1\" content=\"Escrito por\" \/>\n\t<meta name=\"twitter:data1\" content=\"Ayham Al Sati\" \/>\n\t<meta name=\"twitter:label2\" content=\"Tiempo de lectura\" \/>\n\t<meta name=\"twitter:data2\" content=\"12 minutos\" \/>\n<script type=\"application\/ld+json\" class=\"yoast-schema-graph\">{\"@context\":\"https:\/\/schema.org\",\"@graph\":[{\"@type\":\"Article\",\"@id\":\"https:\/\/baynana.es\/es\/habibi-la-historia-de-oussama-en-el-mundo-de-la-moda\/#article\",\"isPartOf\":{\"@id\":\"https:\/\/baynana.es\/es\/habibi-la-historia-de-oussama-en-el-mundo-de-la-moda\/\"},\"author\":{\"name\":\"Ayham Al Sati\",\"@id\":\"https:\/\/baynana.es\/#\/schema\/person\/6fedc1eac5fcc0abafdb25a881f2a92e\"},\"headline\":\"Habibi: La historia de Oussama en el mundo de la moda\",\"datePublished\":\"2024-05-29T17:58:34+00:00\",\"dateModified\":\"2024-05-31T11:01:27+00:00\",\"mainEntityOfPage\":{\"@id\":\"https:\/\/baynana.es\/es\/habibi-la-historia-de-oussama-en-el-mundo-de-la-moda\/\"},\"wordCount\":1668,\"publisher\":{\"@id\":\"https:\/\/baynana.es\/#organization\"},\"image\":{\"@id\":\"https:\/\/baynana.es\/es\/habibi-la-historia-de-oussama-en-el-mundo-de-la-moda\/#primaryimage\"},\"thumbnailUrl\":\"https:\/\/baynana.es\/wp-content\/uploads\/2024\/05\/Osama.jpeg\",\"articleSection\":[\"INICIO\",\"NUESTRAS HISTORIAS\"],\"inLanguage\":\"es\"},{\"@type\":\"WebPage\",\"@id\":\"https:\/\/baynana.es\/es\/habibi-la-historia-de-oussama-en-el-mundo-de-la-moda\/\",\"url\":\"https:\/\/baynana.es\/es\/habibi-la-historia-de-oussama-en-el-mundo-de-la-moda\/\",\"name\":\"Habibi: La historia de Oussama en el mundo de la moda\",\"isPartOf\":{\"@id\":\"https:\/\/baynana.es\/#website\"},\"primaryImageOfPage\":{\"@id\":\"https:\/\/baynana.es\/es\/habibi-la-historia-de-oussama-en-el-mundo-de-la-moda\/#primaryimage\"},\"image\":{\"@id\":\"https:\/\/baynana.es\/es\/habibi-la-historia-de-oussama-en-el-mundo-de-la-moda\/#primaryimage\"},\"thumbnailUrl\":\"https:\/\/baynana.es\/wp-content\/uploads\/2024\/05\/Osama.jpeg\",\"datePublished\":\"2024-05-29T17:58:34+00:00\",\"dateModified\":\"2024-05-31T11:01:27+00:00\",\"description\":\"A los 14 a\u00f1os lleg\u00f3 Oussama Mazari a Madrid desde Marruecos. Hoy tiene su propia marca Justom, a trav\u00e9s de la cual narra una parte de su alma\",\"breadcrumb\":{\"@id\":\"https:\/\/baynana.es\/es\/habibi-la-historia-de-oussama-en-el-mundo-de-la-moda\/#breadcrumb\"},\"inLanguage\":\"es\",\"potentialAction\":[{\"@type\":\"ReadAction\",\"target\":[\"https:\/\/baynana.es\/es\/habibi-la-historia-de-oussama-en-el-mundo-de-la-moda\/\"]}]},{\"@type\":\"ImageObject\",\"inLanguage\":\"es\",\"@id\":\"https:\/\/baynana.es\/es\/habibi-la-historia-de-oussama-en-el-mundo-de-la-moda\/#primaryimage\",\"url\":\"https:\/\/baynana.es\/wp-content\/uploads\/2024\/05\/Osama.jpeg\",\"contentUrl\":\"https:\/\/baynana.es\/wp-content\/uploads\/2024\/05\/Osama.jpeg\",\"width\":1600,\"height\":1064,\"caption\":\"Oussama Mazari desde uno de los barrios de Madrid.\"},{\"@type\":\"BreadcrumbList\",\"@id\":\"https:\/\/baynana.es\/es\/habibi-la-historia-de-oussama-en-el-mundo-de-la-moda\/#breadcrumb\",\"itemListElement\":[{\"@type\":\"ListItem\",\"position\":1,\"name\":\"Portada\",\"item\":\"https:\/\/baynana.es\/es\/\"},{\"@type\":\"ListItem\",\"position\":2,\"name\":\"Habibi: La historia de Oussama en el mundo de la moda\"}]},{\"@type\":\"WebSite\",\"@id\":\"https:\/\/baynana.es\/#website\",\"url\":\"https:\/\/baynana.es\/\",\"name\":\"Baynana \u0628\u064a\u0646\u0646\u0627\",\"description\":\"Baynana Revista \u0645\u062c\u0644\u0629 \u0628\u064a\u0646\u0646\u0627\",\"publisher\":{\"@id\":\"https:\/\/baynana.es\/#organization\"},\"potentialAction\":[{\"@type\":\"SearchAction\",\"target\":{\"@type\":\"EntryPoint\",\"urlTemplate\":\"https:\/\/baynana.es\/?s={search_term_string}\"},\"query-input\":{\"@type\":\"PropertyValueSpecification\",\"valueRequired\":true,\"valueName\":\"search_term_string\"}}],\"inLanguage\":\"es\"},{\"@type\":\"Organization\",\"@id\":\"https:\/\/baynana.es\/#organization\",\"name\":\"\u0628\u064a\u0646\u0646\u0627 Baynana\",\"url\":\"https:\/\/baynana.es\/\",\"logo\":{\"@type\":\"ImageObject\",\"inLanguage\":\"es\",\"@id\":\"https:\/\/baynana.es\/#\/schema\/logo\/image\/\",\"url\":\"https:\/\/baynana.es\/wp-content\/uploads\/2021\/03\/Artboard-1.png\",\"contentUrl\":\"https:\/\/baynana.es\/wp-content\/uploads\/2021\/03\/Artboard-1.png\",\"width\":315,\"height\":228,\"caption\":\"\u0628\u064a\u0646\u0646\u0627 Baynana\"},\"image\":{\"@id\":\"https:\/\/baynana.es\/#\/schema\/logo\/image\/\"},\"sameAs\":[\"https:\/\/www.facebook.com\/baynanaes\",\"https:\/\/x.com\/baynanaes\",\"https:\/\/www.instagram.com\/baynanaes\/\",\"https:\/\/www.linkedin.com\/in\/baynana-\u0628\u064a\u0646\u0646\u0627-887599211\/\",\"https:\/\/www.youtube.com\/channel\/UC3019bsq5wOpi61SOufKxPA\"]},{\"@type\":\"Person\",\"@id\":\"https:\/\/baynana.es\/#\/schema\/person\/6fedc1eac5fcc0abafdb25a881f2a92e\",\"name\":\"Ayham Al Sati\",\"image\":{\"@type\":\"ImageObject\",\"inLanguage\":\"es\",\"@id\":\"https:\/\/baynana.es\/#\/schema\/person\/image\/86e6e0fe2166e9f2ea79af43e73d6904\",\"url\":\"https:\/\/baynana.es\/wp-content\/uploads\/2021\/01\/ayhamm-96x96.jpg\",\"contentUrl\":\"https:\/\/baynana.es\/wp-content\/uploads\/2021\/01\/ayhamm-96x96.jpg\",\"caption\":\"Ayham Al Sati\"},\"description\":\"\u0635\u062d\u0641\u064a \u0633\u0648\u0631\u064a\u060c \u064a\u0639\u064a\u0634 \u0641\u064a \u0645\u062f\u0631\u064a\u062f \u0645\u0646\u0630 \u0639\u0627\u0645 2019. \u0645\u0624\u0633\u0633 \u0648\u0645\u062d\u0631\u0631 \u0641\u064a \u0645\u062c\u0644\u0629 \u0628\u064a\u0646\u0646\u0627\u060c \u0645\u062a\u062e\u0635\u0635 \u0641\u064a \u0627\u0644\u0623\u062f\u0628 \u0627\u0644\u0639\u0631\u0628\u064a \u0645\u0646 \u062c\u0627\u0645\u0639\u0629 \u062f\u0645\u0634\u0642\u060c \u0648\u0639\u0645\u0644 \u0643\u0635\u062d\u0641\u064a \u062e\u0644\u0627\u0644 \u0627\u0644\u062d\u0631\u0628 \u0641\u064a \u0633\u0648\u0631\u064a\u0627 \u0645\u0646\u0630 \u0627\u0644\u0639\u0627\u0645 2011. Es un periodista sirio.\u00a0Vive en Madrid desde el a\u00f1o 2019.\u00a0Cofundador y editor en la revista de Baynana.es. Es especialista en Literatura \u00c1rabe por la Universidad de Damasco y trabaj\u00f3 como periodista durante la guerra en Siria desde el a\u00f1o 2011.\u00a0\",\"sameAs\":[\"https:\/\/www.facebook.com\/ayham.greeb\",\"https:\/\/www.instagram.com\/ayham_al_sati\/\",\"https:\/\/x.com\/https:\/\/twitter.com\/ayham_greeb\",\"ayham\"],\"url\":\"https:\/\/baynana.es\/es\/author\/ayham\/\"}]}<\/script>\n<!-- \/ Yoast SEO plugin. -->","yoast_head_json":{"title":"Habibi: La historia de Oussama en el mundo de la moda","description":"A los 14 a\u00f1os lleg\u00f3 Oussama Mazari a Madrid desde Marruecos. Hoy tiene su propia marca Justom, a trav\u00e9s de la cual narra una parte de su alma","robots":{"index":"index","follow":"follow","max-snippet":"max-snippet:-1","max-image-preview":"max-image-preview:large","max-video-preview":"max-video-preview:-1"},"canonical":"https:\/\/baynana.es\/es\/habibi-la-historia-de-oussama-en-el-mundo-de-la-moda\/","og_locale":"es_ES","og_type":"article","og_title":"Habibi: La historia de Oussama en el mundo de la moda","og_description":"A los 14 a\u00f1os lleg\u00f3 Oussama Mazari a Madrid desde Marruecos. Hoy tiene su propia marca Justom, a trav\u00e9s de la cual narra una parte de su alma","og_url":"https:\/\/baynana.es\/es\/habibi-la-historia-de-oussama-en-el-mundo-de-la-moda\/","og_site_name":"Baynana \u0628\u064a\u0646\u0646\u0627","article_publisher":"https:\/\/www.facebook.com\/baynanaes","article_author":"https:\/\/www.facebook.com\/ayham.greeb","article_published_time":"2024-05-29T17:58:34+00:00","article_modified_time":"2024-05-31T11:01:27+00:00","og_image":[{"width":1600,"height":1064,"url":"https:\/\/baynana.es\/wp-content\/uploads\/2024\/05\/Osama.jpeg","type":"image\/jpeg"}],"author":"Ayham Al Sati","twitter_card":"summary_large_image","twitter_creator":"@https:\/\/twitter.com\/ayham_greeb","twitter_site":"@baynanaes","twitter_misc":{"Escrito por":"Ayham Al Sati","Tiempo de lectura":"12 minutos"},"schema":{"@context":"https:\/\/schema.org","@graph":[{"@type":"Article","@id":"https:\/\/baynana.es\/es\/habibi-la-historia-de-oussama-en-el-mundo-de-la-moda\/#article","isPartOf":{"@id":"https:\/\/baynana.es\/es\/habibi-la-historia-de-oussama-en-el-mundo-de-la-moda\/"},"author":{"name":"Ayham Al Sati","@id":"https:\/\/baynana.es\/#\/schema\/person\/6fedc1eac5fcc0abafdb25a881f2a92e"},"headline":"Habibi: La historia de Oussama en el mundo de la moda","datePublished":"2024-05-29T17:58:34+00:00","dateModified":"2024-05-31T11:01:27+00:00","mainEntityOfPage":{"@id":"https:\/\/baynana.es\/es\/habibi-la-historia-de-oussama-en-el-mundo-de-la-moda\/"},"wordCount":1668,"publisher":{"@id":"https:\/\/baynana.es\/#organization"},"image":{"@id":"https:\/\/baynana.es\/es\/habibi-la-historia-de-oussama-en-el-mundo-de-la-moda\/#primaryimage"},"thumbnailUrl":"https:\/\/baynana.es\/wp-content\/uploads\/2024\/05\/Osama.jpeg","articleSection":["INICIO","NUESTRAS HISTORIAS"],"inLanguage":"es"},{"@type":"WebPage","@id":"https:\/\/baynana.es\/es\/habibi-la-historia-de-oussama-en-el-mundo-de-la-moda\/","url":"https:\/\/baynana.es\/es\/habibi-la-historia-de-oussama-en-el-mundo-de-la-moda\/","name":"Habibi: La historia de Oussama en el mundo de la moda","isPartOf":{"@id":"https:\/\/baynana.es\/#website"},"primaryImageOfPage":{"@id":"https:\/\/baynana.es\/es\/habibi-la-historia-de-oussama-en-el-mundo-de-la-moda\/#primaryimage"},"image":{"@id":"https:\/\/baynana.es\/es\/habibi-la-historia-de-oussama-en-el-mundo-de-la-moda\/#primaryimage"},"thumbnailUrl":"https:\/\/baynana.es\/wp-content\/uploads\/2024\/05\/Osama.jpeg","datePublished":"2024-05-29T17:58:34+00:00","dateModified":"2024-05-31T11:01:27+00:00","description":"A los 14 a\u00f1os lleg\u00f3 Oussama Mazari a Madrid desde Marruecos. Hoy tiene su propia marca Justom, a trav\u00e9s de la cual narra una parte de su alma","breadcrumb":{"@id":"https:\/\/baynana.es\/es\/habibi-la-historia-de-oussama-en-el-mundo-de-la-moda\/#breadcrumb"},"inLanguage":"es","potentialAction":[{"@type":"ReadAction","target":["https:\/\/baynana.es\/es\/habibi-la-historia-de-oussama-en-el-mundo-de-la-moda\/"]}]},{"@type":"ImageObject","inLanguage":"es","@id":"https:\/\/baynana.es\/es\/habibi-la-historia-de-oussama-en-el-mundo-de-la-moda\/#primaryimage","url":"https:\/\/baynana.es\/wp-content\/uploads\/2024\/05\/Osama.jpeg","contentUrl":"https:\/\/baynana.es\/wp-content\/uploads\/2024\/05\/Osama.jpeg","width":1600,"height":1064,"caption":"Oussama Mazari desde uno de los barrios de Madrid."},{"@type":"BreadcrumbList","@id":"https:\/\/baynana.es\/es\/habibi-la-historia-de-oussama-en-el-mundo-de-la-moda\/#breadcrumb","itemListElement":[{"@type":"ListItem","position":1,"name":"Portada","item":"https:\/\/baynana.es\/es\/"},{"@type":"ListItem","position":2,"name":"Habibi: La historia de Oussama en el mundo de la moda"}]},{"@type":"WebSite","@id":"https:\/\/baynana.es\/#website","url":"https:\/\/baynana.es\/","name":"Baynana \u0628\u064a\u0646\u0646\u0627","description":"Baynana Revista \u0645\u062c\u0644\u0629 \u0628\u064a\u0646\u0646\u0627","publisher":{"@id":"https:\/\/baynana.es\/#organization"},"potentialAction":[{"@type":"SearchAction","target":{"@type":"EntryPoint","urlTemplate":"https:\/\/baynana.es\/?s={search_term_string}"},"query-input":{"@type":"PropertyValueSpecification","valueRequired":true,"valueName":"search_term_string"}}],"inLanguage":"es"},{"@type":"Organization","@id":"https:\/\/baynana.es\/#organization","name":"\u0628\u064a\u0646\u0646\u0627 Baynana","url":"https:\/\/baynana.es\/","logo":{"@type":"ImageObject","inLanguage":"es","@id":"https:\/\/baynana.es\/#\/schema\/logo\/image\/","url":"https:\/\/baynana.es\/wp-content\/uploads\/2021\/03\/Artboard-1.png","contentUrl":"https:\/\/baynana.es\/wp-content\/uploads\/2021\/03\/Artboard-1.png","width":315,"height":228,"caption":"\u0628\u064a\u0646\u0646\u0627 Baynana"},"image":{"@id":"https:\/\/baynana.es\/#\/schema\/logo\/image\/"},"sameAs":["https:\/\/www.facebook.com\/baynanaes","https:\/\/x.com\/baynanaes","https:\/\/www.instagram.com\/baynanaes\/","https:\/\/www.linkedin.com\/in\/baynana-\u0628\u064a\u0646\u0646\u0627-887599211\/","https:\/\/www.youtube.com\/channel\/UC3019bsq5wOpi61SOufKxPA"]},{"@type":"Person","@id":"https:\/\/baynana.es\/#\/schema\/person\/6fedc1eac5fcc0abafdb25a881f2a92e","name":"Ayham Al Sati","image":{"@type":"ImageObject","inLanguage":"es","@id":"https:\/\/baynana.es\/#\/schema\/person\/image\/86e6e0fe2166e9f2ea79af43e73d6904","url":"https:\/\/baynana.es\/wp-content\/uploads\/2021\/01\/ayhamm-96x96.jpg","contentUrl":"https:\/\/baynana.es\/wp-content\/uploads\/2021\/01\/ayhamm-96x96.jpg","caption":"Ayham Al Sati"},"description":"\u0635\u062d\u0641\u064a \u0633\u0648\u0631\u064a\u060c \u064a\u0639\u064a\u0634 \u0641\u064a \u0645\u062f\u0631\u064a\u062f \u0645\u0646\u0630 \u0639\u0627\u0645 2019. \u0645\u0624\u0633\u0633 \u0648\u0645\u062d\u0631\u0631 \u0641\u064a \u0645\u062c\u0644\u0629 \u0628\u064a\u0646\u0646\u0627\u060c \u0645\u062a\u062e\u0635\u0635 \u0641\u064a \u0627\u0644\u0623\u062f\u0628 \u0627\u0644\u0639\u0631\u0628\u064a \u0645\u0646 \u062c\u0627\u0645\u0639\u0629 \u062f\u0645\u0634\u0642\u060c \u0648\u0639\u0645\u0644 \u0643\u0635\u062d\u0641\u064a \u062e\u0644\u0627\u0644 \u0627\u0644\u062d\u0631\u0628 \u0641\u064a \u0633\u0648\u0631\u064a\u0627 \u0645\u0646\u0630 \u0627\u0644\u0639\u0627\u0645 2011. Es un periodista sirio.\u00a0Vive en Madrid desde el a\u00f1o 2019.\u00a0Cofundador y editor en la revista de Baynana.es. Es especialista en Literatura \u00c1rabe por la Universidad de Damasco y trabaj\u00f3 como periodista durante la guerra en Siria desde el a\u00f1o 2011.\u00a0","sameAs":["https:\/\/www.facebook.com\/ayham.greeb","https:\/\/www.instagram.com\/ayham_al_sati\/","https:\/\/x.com\/https:\/\/twitter.com\/ayham_greeb","ayham"],"url":"https:\/\/baynana.es\/es\/author\/ayham\/"}]}},"authors":[{"term_id":505,"user_id":3,"is_guest":0,"slug":"ayham","display_name":"Ayham Al Sati","avatar_url":"https:\/\/baynana.es\/wp-content\/uploads\/2021\/01\/ayhamm-96x96.jpg","author_category":"","first_name":"Ayham","last_name":"Al Sati","user_url":"","job_title":"","description":"\u0635\u062d\u0641\u064a \u0633\u0648\u0631\u064a\u060c \u064a\u0639\u064a\u0634 \u0641\u064a \u0645\u062f\u0631\u064a\u062f \u0645\u0646\u0630 \u0639\u0627\u0645 2019. \u0645\u0624\u0633\u0633 \u0648\u0645\u062d\u0631\u0631 \u0641\u064a \u0645\u062c\u0644\u0629 \u0628\u064a\u0646\u0646\u0627\u060c \u0645\u062a\u062e\u0635\u0635 \u0641\u064a \u0627\u0644\u0623\u062f\u0628 \u0627\u0644\u0639\u0631\u0628\u064a \u0645\u0646 \u062c\u0627\u0645\u0639\u0629 \u062f\u0645\u0634\u0642\u060c \u0648\u0639\u0645\u0644 \u0643\u0635\u062d\u0641\u064a \u062e\u0644\u0627\u0644 \u0627\u0644\u062d\u0631\u0628 \u0641\u064a \u0633\u0648\u0631\u064a\u0627 \u0645\u0646\u0630 \u0627\u0644\u0639\u0627\u0645 2011.\r\n\r\nEs un periodista sirio.\u00a0Vive en Madrid desde el a\u00f1o 2019.\u00a0Cofundador y editor en la revista de Baynana.es. Es especialista en Literatura \u00c1rabe por la Universidad de Damasco y trabaj\u00f3 como periodista durante la guerra en Siria desde el a\u00f1o 2011.\u00a0"}],"_links":{"self":[{"href":"https:\/\/baynana.es\/es\/wp-json\/wp\/v2\/posts\/8934","targetHints":{"allow":["GET"]}}],"collection":[{"href":"https:\/\/baynana.es\/es\/wp-json\/wp\/v2\/posts"}],"about":[{"href":"https:\/\/baynana.es\/es\/wp-json\/wp\/v2\/types\/post"}],"author":[{"embeddable":true,"href":"https:\/\/baynana.es\/es\/wp-json\/wp\/v2\/users\/3"}],"replies":[{"embeddable":true,"href":"https:\/\/baynana.es\/es\/wp-json\/wp\/v2\/comments?post=8934"}],"version-history":[{"count":3,"href":"https:\/\/baynana.es\/es\/wp-json\/wp\/v2\/posts\/8934\/revisions"}],"predecessor-version":[{"id":8942,"href":"https:\/\/baynana.es\/es\/wp-json\/wp\/v2\/posts\/8934\/revisions\/8942"}],"wp:featuredmedia":[{"embeddable":true,"href":"https:\/\/baynana.es\/es\/wp-json\/wp\/v2\/media\/8932"}],"wp:attachment":[{"href":"https:\/\/baynana.es\/es\/wp-json\/wp\/v2\/media?parent=8934"}],"wp:term":[{"taxonomy":"category","embeddable":true,"href":"https:\/\/baynana.es\/es\/wp-json\/wp\/v2\/categories?post=8934"},{"taxonomy":"post_tag","embeddable":true,"href":"https:\/\/baynana.es\/es\/wp-json\/wp\/v2\/tags?post=8934"},{"taxonomy":"author","embeddable":true,"href":"https:\/\/baynana.es\/es\/wp-json\/wp\/v2\/ppma_author?post=8934"}],"curies":[{"name":"wp","href":"https:\/\/api.w.org\/{rel}","templated":true}]}}