{"id":9285,"date":"2025-02-07T16:58:57","date_gmt":"2025-02-07T15:58:57","guid":{"rendered":"https:\/\/baynana.es\/?p=9285"},"modified":"2025-02-07T16:58:58","modified_gmt":"2025-02-07T15:58:58","slug":"el-viaje-de-cesar-de-siria-que-expuso-los-crimenes-del-regimen-derrocado","status":"publish","type":"post","link":"https:\/\/baynana.es\/es\/el-viaje-de-cesar-de-siria-que-expuso-los-crimenes-del-regimen-derrocado\/","title":{"rendered":"El viaje de \u201cC\u00e9sar de Siria\u201d que expuso los cr\u00edmenes del r\u00e9gimen derrocado"},"content":{"rendered":"\n\n\n<p>Con palabras pausadas, que llegan directamente al coraz\u00f3n, y con gran humildad, \u201cC\u00e9sar de Siria\u201d revel\u00f3 su identidad y mostr\u00f3 su rostro por primera vez. Narr\u00f3 algunos detalles sobre c\u00f3mo logr\u00f3 sacar a escondidas 50.000 fotos de cad\u00e1veres mutilados por la tortura en los centros de detenci\u00f3n del r\u00e9gimen sirio. Las im\u00e1genes llegaron al Congreso de Estados Unidos y expusieron al r\u00e9gimen de Assad ante el mundo en el a\u00f1o 2019.<\/p>\n\n\n\n<p>Las aterradoras escenas descritas por C\u00e9sar no solo las presenci\u00f3, sino que tambi\u00e9n las captur\u00f3 con su c\u00e1mara durante casi tres a\u00f1os. Cuerpos desgarrados por la tortura y el hambre, hasta el punto de perder muchos de sus rasgos. En su primera entrevista con el canal Al Jazeera de Qatar, mientras la c\u00e1mara se eleva para que los sirios vean por primera vez a esta figura considerada un h\u00e9roe para ellos, declara:<\/p>\n\n\n\n<p>\u201cSoy el suboficial Farid Al-Madhhan, jefe de la secci\u00f3n de pruebas forenses de la polic\u00eda militar en Damasco, conocido como C\u00e9sar, hijo de la Siria libre. Soy de la ciudad de Daraa, cuna de la revoluci\u00f3n siria\u201d.<\/p>\n\n\n\n<p>Proviene de la ciudad de Sheikh Miskin, en el centro de Daraa, ronda los cuarenta a\u00f1os, viste un traje formal y su barba es algo canosa. Afirma que no le gusta hablar frente a la c\u00e1mara, tampoco estar cerca de ella, todos sus recuerdos est\u00e1n ligados a fotografiar cad\u00e1veres. Explica que tom\u00f3 im\u00e1genes de \u201clos cuerpos de las v\u00edctimas detenidas, ancianos, mujeres y ni\u00f1os que fueron arrestados en los controles militares y de seguridad en la ciudad de Damasco, as\u00ed como en las plazas de protesta que clamaban por la libertad y la dignidad\u201d.<\/p>\n\n\n\n<p><strong>\u00bfPor qu\u00e9 el r\u00e9gimen ordenaba fotografiar los cuerpos de los detenidos?<\/strong><\/p>\n\n\n\n<p>C\u00e9sar explica que las \u00f3rdenes de fotografiar y registrar los cr\u00edmenes proven\u00edan de la c\u00fapula del poder, con el objetivo de asegurarse de que las ejecuciones se llevaban a cabo realmente.<\/p>\n\n\n\n<p>La primera vez que se capturaron im\u00e1genes de los cuerpos de detenidos fue en la morgue del Hospital Militar de Tishreen, en marzo de 2011, y correspond\u00edan a manifestantes de su provincia natal, Daraa.<\/p>\n\n\n\n<p>Seg\u00fan Cesar, los l\u00edderes de los Servicios de Seguridad expresaban su lealtad absoluta al r\u00e9gimen de Assad a trav\u00e9s de las im\u00e1genes de los cuerpos de las v\u00edctimas.<\/p>\n\n\n\n<p>Cada detenido, tras ser ejecutado, recib\u00eda un n\u00famero sobre su cad\u00e1ver, y el r\u00e9gimen documentaba que la causa de muerte era un paro card\u00edaco o insuficiencia respiratoria. Uno de los recuerdos m\u00e1s aterradores que a\u00fan conserva es c\u00f3mo el estacionamiento del Hospital Militar de Mezzeh, en Damasco, fue convertido en un \u00e1rea de acopio de cad\u00e1veres para ser fotografiados.<\/p>\n\n\n\n<p>Esto ocurri\u00f3 debido al creciente n\u00famero de muertos cada d\u00eda. \u201cAl inicio de la revoluci\u00f3n siria, el n\u00famero de cad\u00e1veres era de entre 10 y 15 por d\u00eda, pero luego aument\u00f3 hasta 50 diarios\u201d, explic\u00f3.<\/p>\n\n\n\n<p>Cientos de informes han denunciado previamente un sistema de extorsi\u00f3n masivo contra miles de familias de detenidos, quienes pagaban grandes sumas de dinero con la esperanza de obtener informaci\u00f3n sobre sus seres queridos, sin recibir nunca confirmaci\u00f3n alguna sobre su destino. C\u00e9sar narr\u00f3 historias similares y relat\u00f3 c\u00f3mo los oficiales aseguraban a los familiares de los detenidos que sus hijos segu\u00edan vivos, mientras \u00e9l ten\u00eda en sus manos las fotograf\u00edas de sus cuerpos sin vida.<\/p>\n\n\n\n<p><strong>Contrabando de pruebas y deserci\u00f3n<\/strong><\/p>\n\n\n\n<p>C\u00e9sar realizaba el contrabando de fotograf\u00edas casi a diario desde su lugar de trabajo en Damasco hasta su residencia en la ciudad de Al-Tall, en la zona rural de la capital. \u201cEscond\u00eda los dispositivos de almacenamiento con las im\u00e1genes en mis calcetines, en el pan y en mi cuerpo, por miedo a los controles de seguridad\u201d.<\/p>\n\n\n\n<p>Pose\u00eda una identificaci\u00f3n militar oficial y una identidad civil falsificada para poder moverse entre su trabajo en Damasco y su residencia en las afueras. Era sometido a registros tanto en las zonas controladas por el r\u00e9gimen como en la regi\u00f3n donde viv\u00eda, que estaba bajo dominio de la oposici\u00f3n. Si en ese momento hubieran descubierto que era militar, lo habr\u00edan considerado un traidor.<\/p>\n\n\n\n<p>Este peligroso proceso de contrabando de im\u00e1genes se repiti\u00f3 todos los d\u00edas durante casi tres a\u00f1os. Si lo hubieran descubierto, su destino habr\u00eda sido el mismo que el de los cuerpos que fotografiaba.<\/p>\n\n\n\n<figure class=\"wp-block-image size-full\"><img loading=\"lazy\" decoding=\"async\" width=\"507\" height=\"326\" src=\"https:\/\/baynana.es\/wp-content\/uploads\/2025\/02\/\u0647\u0648\u064a\u0629-\u0642\u064a\u0635\u0631-\u0627\u0644\u0639\u0633\u0643\u0631\u064a\u0629-1.jpeg\" alt=\"\" class=\"wp-image-9286\" srcset=\"https:\/\/baynana.es\/wp-content\/uploads\/2025\/02\/\u0647\u0648\u064a\u0629-\u0642\u064a\u0635\u0631-\u0627\u0644\u0639\u0633\u0643\u0631\u064a\u0629-1.jpeg 507w, https:\/\/baynana.es\/wp-content\/uploads\/2025\/02\/\u0647\u0648\u064a\u0629-\u0642\u064a\u0635\u0631-\u0627\u0644\u0639\u0633\u0643\u0631\u064a\u0629-1-300x193.jpeg 300w\" sizes=\"auto, (max-width: 507px) 100vw, 507px\" \/><\/figure>\n\n\n\n<p><p dir=\"ltr\" style=\"line-height:1.38;margin-top:0pt;margin-bottom:0pt;\" id=\"docs-internal-guid-1b8fa632-7fff-6e72-8d64-9cda83a31f21\"><\/p><p dir=\"ltr\" style=\"line-height:1.38;margin-top:0pt;margin-bottom:0pt;\"><\/p><p dir=\"ltr\" style=\"line-height:1.38;margin-top:0pt;margin-bottom:0pt;\"><\/p><p dir=\"ltr\" style=\"line-height:1.38;margin-top:0pt;margin-bottom:0pt;\"><\/p><p dir=\"ltr\" style=\"line-height:1.38;margin-top:0pt;margin-bottom:0pt;\"><\/p><p dir=\"ltr\" style=\"line-height:1.38;margin-top:0pt;margin-bottom:0pt;\"><\/p><p dir=\"ltr\" style=\"line-height:1.38;margin-top:0pt;margin-bottom:0pt;\"><\/p><\/p>\n\n\n\n<p>Al final de esta peligrosa traves\u00eda, C\u00e9sar decidi\u00f3 finalmente desertar del r\u00e9gimen. Asegura que hab\u00eda tomado esta decisi\u00f3n desde el inicio de la revoluci\u00f3n, pero la pospuso con el objetivo de recopilar la mayor cantidad posible de im\u00e1genes y pruebas.<\/p>\n\n\n\n<p>En 2013, huy\u00f3 a trav\u00e9s de Jordania hacia Qatar, donde un bufete de abogados prepar\u00f3 un expediente para responsabilizar legalmente al r\u00e9gimen sirio.<\/p>\n\n\n\n<p>En 2014, C\u00e9sar testific\u00f3 ante el Congreso de los Estados Unidos, presentando parte de las pruebas en su poder. Como resultado, en 2019 se aprob\u00f3 la \u201cLey C\u00e9sar\u201d, una legislaci\u00f3n que impone sanciones econ\u00f3micas al r\u00e9gimen sirio con el fin de presionarlo para que detenga sus violaciones contra la poblaci\u00f3n civil.<\/p>\n\n\n\n<p><strong>Las fotos de C\u00e9sar y las sanciones<\/strong><\/p>\n\n\n\n<p>Para C\u00e9sar, la ley y las sanciones a Siria son dos cosas distintas. Aclara que nunca quiso que el pueblo sirio sufriera consecuencias econ\u00f3micas y de hecho, actualmente exige al gobierno estadounidense que revoque la Ley C\u00e9sar y levante las sanciones impuestas a la poblaci\u00f3n.<\/p>\n\n\n\n<p>El periodista sirio residente en Francia, Mohamed Salloum, comenta al respecto: \u201cQuien caus\u00f3 la Ley C\u00e9sar en Siria se llama Bashar al-Assad, y quien hizo las cosas que C\u00e9sar fotografi\u00f3 tambi\u00e9n se llama Bashar al-Assad\u201d. La cuesti\u00f3n, no es la difusi\u00f3n de las pruebas, sino las atrocidades mismas que ocurrieron.<\/p>\n\n\n\n<p>Hoy, C\u00e9sar o Farid Al-Madhhan, vive en Francia en una ubicaci\u00f3n no revelada por razones de seguridad. No ha podido aprender el idioma ni integrarse en la sociedad debido al miedo de ser identificado. A pesar de los desaf\u00edos que enfrenta, sigue siendo un s\u00edmbolo hist\u00f3rico para los sirios. Su testimonio sigue atormentando al r\u00e9gimen de Assad y manteniendo la atenci\u00f3n sobre sus cr\u00edmenes, un r\u00e9gimen que finalmente cay\u00f3 el 8 de diciembre de 2024.<\/p>\n","protected":false},"excerpt":{"rendered":"<p>Con palabras pausadas, que llegan directamente al coraz\u00f3n, y con gran humildad, \u201cC\u00e9sar de Siria\u201d revel\u00f3 su identidad y mostr\u00f3 su rostro por primera vez. Narr\u00f3 algunos detalles sobre c\u00f3mo logr\u00f3 sacar a escondidas 50.000 fotos de cad\u00e1veres mutilados por la tortura en los centros de detenci\u00f3n del r\u00e9gimen sirio. Las im\u00e1genes llegaron al Congreso &hellip;<\/p>\n","protected":false},"author":3,"featured_media":9280,"comment_status":"closed","ping_status":"closed","sticky":false,"template":"","format":"standard","meta":{"inline_featured_image":false,"footnotes":""},"categories":[11,65],"tags":[],"ppma_author":[505],"class_list":["post-9285","post","type-post","status-publish","format-standard","has-post-thumbnail","hentry","category-inicio","category-derechos"],"acf":[],"yoast_head":"<!-- This site is optimized with the Yoast SEO plugin v25.3.1 - https:\/\/yoast.com\/wordpress\/plugins\/seo\/ -->\n<title>El viaje de \u201cC\u00e9sar de Siria\u201d que expuso los cr\u00edmenes del r\u00e9gimen derrocado<\/title>\n<meta name=\"description\" content=\"El suboficial Farid Al-Madhhan, quien filtr\u00f3 fotos de detenidos sirios al mundo y al Congreso de Estados Unidos, revela hoy su identidad.\" \/>\n<meta name=\"robots\" content=\"index, follow, max-snippet:-1, max-image-preview:large, max-video-preview:-1\" \/>\n<link rel=\"canonical\" href=\"https:\/\/baynana.es\/es\/el-viaje-de-cesar-de-siria-que-expuso-los-crimenes-del-regimen-derrocado\/\" \/>\n<meta property=\"og:locale\" content=\"es_ES\" \/>\n<meta property=\"og:type\" content=\"article\" \/>\n<meta property=\"og:title\" content=\"El viaje de \u201cC\u00e9sar de Siria\u201d que expuso los cr\u00edmenes del r\u00e9gimen derrocado\" \/>\n<meta property=\"og:description\" content=\"El suboficial Farid Al-Madhhan, quien filtr\u00f3 fotos de detenidos sirios al mundo y al Congreso de Estados Unidos, revela hoy su identidad.\" \/>\n<meta property=\"og:url\" content=\"https:\/\/baynana.es\/es\/el-viaje-de-cesar-de-siria-que-expuso-los-crimenes-del-regimen-derrocado\/\" \/>\n<meta property=\"og:site_name\" content=\"Baynana \u0628\u064a\u0646\u0646\u0627\" \/>\n<meta property=\"article:publisher\" content=\"https:\/\/www.facebook.com\/baynanaes\" \/>\n<meta property=\"article:author\" content=\"https:\/\/www.facebook.com\/ayham.greeb\" \/>\n<meta property=\"article:published_time\" content=\"2025-02-07T15:58:57+00:00\" \/>\n<meta property=\"article:modified_time\" content=\"2025-02-07T15:58:58+00:00\" \/>\n<meta property=\"og:image\" content=\"https:\/\/baynana.es\/wp-content\/uploads\/2025\/02\/\u0642\u064a\u0635\u0631.jpeg\" \/>\n\t<meta property=\"og:image:width\" content=\"1573\" \/>\n\t<meta property=\"og:image:height\" content=\"929\" \/>\n\t<meta property=\"og:image:type\" content=\"image\/jpeg\" \/>\n<meta name=\"author\" content=\"Ayham Al Sati\" \/>\n<meta name=\"twitter:card\" content=\"summary_large_image\" \/>\n<meta name=\"twitter:creator\" content=\"@https:\/\/twitter.com\/ayham_greeb\" \/>\n<meta name=\"twitter:site\" content=\"@baynanaes\" \/>\n<meta name=\"twitter:label1\" content=\"Escrito por\" \/>\n\t<meta name=\"twitter:data1\" content=\"Ayham Al Sati\" \/>\n\t<meta name=\"twitter:label2\" content=\"Tiempo de lectura\" \/>\n\t<meta name=\"twitter:data2\" content=\"8 minutos\" \/>\n<script type=\"application\/ld+json\" class=\"yoast-schema-graph\">{\"@context\":\"https:\/\/schema.org\",\"@graph\":[{\"@type\":\"Article\",\"@id\":\"https:\/\/baynana.es\/es\/el-viaje-de-cesar-de-siria-que-expuso-los-crimenes-del-regimen-derrocado\/#article\",\"isPartOf\":{\"@id\":\"https:\/\/baynana.es\/es\/el-viaje-de-cesar-de-siria-que-expuso-los-crimenes-del-regimen-derrocado\/\"},\"author\":{\"name\":\"Ayham Al Sati\",\"@id\":\"https:\/\/baynana.es\/#\/schema\/person\/6fedc1eac5fcc0abafdb25a881f2a92e\"},\"headline\":\"El viaje de \u201cC\u00e9sar de Siria\u201d que expuso los cr\u00edmenes del r\u00e9gimen derrocado\",\"datePublished\":\"2025-02-07T15:58:57+00:00\",\"dateModified\":\"2025-02-07T15:58:58+00:00\",\"mainEntityOfPage\":{\"@id\":\"https:\/\/baynana.es\/es\/el-viaje-de-cesar-de-siria-que-expuso-los-crimenes-del-regimen-derrocado\/\"},\"wordCount\":1112,\"publisher\":{\"@id\":\"https:\/\/baynana.es\/#organization\"},\"image\":{\"@id\":\"https:\/\/baynana.es\/es\/el-viaje-de-cesar-de-siria-que-expuso-los-crimenes-del-regimen-derrocado\/#primaryimage\"},\"thumbnailUrl\":\"https:\/\/baynana.es\/wp-content\/uploads\/2025\/02\/\u0642\u064a\u0635\u0631.jpeg\",\"articleSection\":[\"INICIO\",\"DERECHOS\"],\"inLanguage\":\"es\"},{\"@type\":\"WebPage\",\"@id\":\"https:\/\/baynana.es\/es\/el-viaje-de-cesar-de-siria-que-expuso-los-crimenes-del-regimen-derrocado\/\",\"url\":\"https:\/\/baynana.es\/es\/el-viaje-de-cesar-de-siria-que-expuso-los-crimenes-del-regimen-derrocado\/\",\"name\":\"El viaje de \u201cC\u00e9sar de Siria\u201d que expuso los cr\u00edmenes del r\u00e9gimen derrocado\",\"isPartOf\":{\"@id\":\"https:\/\/baynana.es\/#website\"},\"primaryImageOfPage\":{\"@id\":\"https:\/\/baynana.es\/es\/el-viaje-de-cesar-de-siria-que-expuso-los-crimenes-del-regimen-derrocado\/#primaryimage\"},\"image\":{\"@id\":\"https:\/\/baynana.es\/es\/el-viaje-de-cesar-de-siria-que-expuso-los-crimenes-del-regimen-derrocado\/#primaryimage\"},\"thumbnailUrl\":\"https:\/\/baynana.es\/wp-content\/uploads\/2025\/02\/\u0642\u064a\u0635\u0631.jpeg\",\"datePublished\":\"2025-02-07T15:58:57+00:00\",\"dateModified\":\"2025-02-07T15:58:58+00:00\",\"description\":\"El suboficial Farid Al-Madhhan, quien filtr\u00f3 fotos de detenidos sirios al mundo y al Congreso de Estados Unidos, revela hoy su identidad.\",\"breadcrumb\":{\"@id\":\"https:\/\/baynana.es\/es\/el-viaje-de-cesar-de-siria-que-expuso-los-crimenes-del-regimen-derrocado\/#breadcrumb\"},\"inLanguage\":\"es\",\"potentialAction\":[{\"@type\":\"ReadAction\",\"target\":[\"https:\/\/baynana.es\/es\/el-viaje-de-cesar-de-siria-que-expuso-los-crimenes-del-regimen-derrocado\/\"]}]},{\"@type\":\"ImageObject\",\"inLanguage\":\"es\",\"@id\":\"https:\/\/baynana.es\/es\/el-viaje-de-cesar-de-siria-que-expuso-los-crimenes-del-regimen-derrocado\/#primaryimage\",\"url\":\"https:\/\/baynana.es\/wp-content\/uploads\/2025\/02\/\u0642\u064a\u0635\u0631.jpeg\",\"contentUrl\":\"https:\/\/baynana.es\/wp-content\/uploads\/2025\/02\/\u0642\u064a\u0635\u0631.jpeg\",\"width\":1573,\"height\":929,\"caption\":\"C\u00e9sar o Farid Al-Madhhan. Al Jazeera\"},{\"@type\":\"BreadcrumbList\",\"@id\":\"https:\/\/baynana.es\/es\/el-viaje-de-cesar-de-siria-que-expuso-los-crimenes-del-regimen-derrocado\/#breadcrumb\",\"itemListElement\":[{\"@type\":\"ListItem\",\"position\":1,\"name\":\"Portada\",\"item\":\"https:\/\/baynana.es\/es\/\"},{\"@type\":\"ListItem\",\"position\":2,\"name\":\"El viaje de \u201cC\u00e9sar de Siria\u201d que expuso los cr\u00edmenes del r\u00e9gimen derrocado\"}]},{\"@type\":\"WebSite\",\"@id\":\"https:\/\/baynana.es\/#website\",\"url\":\"https:\/\/baynana.es\/\",\"name\":\"Baynana \u0628\u064a\u0646\u0646\u0627\",\"description\":\"Baynana Revista \u0645\u062c\u0644\u0629 \u0628\u064a\u0646\u0646\u0627\",\"publisher\":{\"@id\":\"https:\/\/baynana.es\/#organization\"},\"potentialAction\":[{\"@type\":\"SearchAction\",\"target\":{\"@type\":\"EntryPoint\",\"urlTemplate\":\"https:\/\/baynana.es\/?s={search_term_string}\"},\"query-input\":{\"@type\":\"PropertyValueSpecification\",\"valueRequired\":true,\"valueName\":\"search_term_string\"}}],\"inLanguage\":\"es\"},{\"@type\":\"Organization\",\"@id\":\"https:\/\/baynana.es\/#organization\",\"name\":\"\u0628\u064a\u0646\u0646\u0627 Baynana\",\"url\":\"https:\/\/baynana.es\/\",\"logo\":{\"@type\":\"ImageObject\",\"inLanguage\":\"es\",\"@id\":\"https:\/\/baynana.es\/#\/schema\/logo\/image\/\",\"url\":\"https:\/\/baynana.es\/wp-content\/uploads\/2021\/03\/Artboard-1.png\",\"contentUrl\":\"https:\/\/baynana.es\/wp-content\/uploads\/2021\/03\/Artboard-1.png\",\"width\":315,\"height\":228,\"caption\":\"\u0628\u064a\u0646\u0646\u0627 Baynana\"},\"image\":{\"@id\":\"https:\/\/baynana.es\/#\/schema\/logo\/image\/\"},\"sameAs\":[\"https:\/\/www.facebook.com\/baynanaes\",\"https:\/\/x.com\/baynanaes\",\"https:\/\/www.instagram.com\/baynanaes\/\",\"https:\/\/www.linkedin.com\/in\/baynana-\u0628\u064a\u0646\u0646\u0627-887599211\/\",\"https:\/\/www.youtube.com\/channel\/UC3019bsq5wOpi61SOufKxPA\"]},{\"@type\":\"Person\",\"@id\":\"https:\/\/baynana.es\/#\/schema\/person\/6fedc1eac5fcc0abafdb25a881f2a92e\",\"name\":\"Ayham Al Sati\",\"image\":{\"@type\":\"ImageObject\",\"inLanguage\":\"es\",\"@id\":\"https:\/\/baynana.es\/#\/schema\/person\/image\/86e6e0fe2166e9f2ea79af43e73d6904\",\"url\":\"https:\/\/baynana.es\/wp-content\/uploads\/2021\/01\/ayhamm-96x96.jpg\",\"contentUrl\":\"https:\/\/baynana.es\/wp-content\/uploads\/2021\/01\/ayhamm-96x96.jpg\",\"caption\":\"Ayham Al Sati\"},\"description\":\"\u0635\u062d\u0641\u064a \u0633\u0648\u0631\u064a\u060c \u064a\u0639\u064a\u0634 \u0641\u064a \u0645\u062f\u0631\u064a\u062f \u0645\u0646\u0630 \u0639\u0627\u0645 2019. \u0645\u0624\u0633\u0633 \u0648\u0645\u062d\u0631\u0631 \u0641\u064a \u0645\u062c\u0644\u0629 \u0628\u064a\u0646\u0646\u0627\u060c \u0645\u062a\u062e\u0635\u0635 \u0641\u064a \u0627\u0644\u0623\u062f\u0628 \u0627\u0644\u0639\u0631\u0628\u064a \u0645\u0646 \u062c\u0627\u0645\u0639\u0629 \u062f\u0645\u0634\u0642\u060c \u0648\u0639\u0645\u0644 \u0643\u0635\u062d\u0641\u064a \u062e\u0644\u0627\u0644 \u0627\u0644\u062d\u0631\u0628 \u0641\u064a \u0633\u0648\u0631\u064a\u0627 \u0645\u0646\u0630 \u0627\u0644\u0639\u0627\u0645 2011. Es un periodista sirio.\u00a0Vive en Madrid desde el a\u00f1o 2019.\u00a0Cofundador y editor en la revista de Baynana.es. Es especialista en Literatura \u00c1rabe por la Universidad de Damasco y trabaj\u00f3 como periodista durante la guerra en Siria desde el a\u00f1o 2011.\u00a0\",\"sameAs\":[\"https:\/\/www.facebook.com\/ayham.greeb\",\"https:\/\/www.instagram.com\/ayham_al_sati\/\",\"https:\/\/x.com\/https:\/\/twitter.com\/ayham_greeb\",\"ayham\"],\"url\":\"https:\/\/baynana.es\/es\/author\/ayham\/\"}]}<\/script>\n<!-- \/ Yoast SEO plugin. -->","yoast_head_json":{"title":"El viaje de \u201cC\u00e9sar de Siria\u201d que expuso los cr\u00edmenes del r\u00e9gimen derrocado","description":"El suboficial Farid Al-Madhhan, quien filtr\u00f3 fotos de detenidos sirios al mundo y al Congreso de Estados Unidos, revela hoy su identidad.","robots":{"index":"index","follow":"follow","max-snippet":"max-snippet:-1","max-image-preview":"max-image-preview:large","max-video-preview":"max-video-preview:-1"},"canonical":"https:\/\/baynana.es\/es\/el-viaje-de-cesar-de-siria-que-expuso-los-crimenes-del-regimen-derrocado\/","og_locale":"es_ES","og_type":"article","og_title":"El viaje de \u201cC\u00e9sar de Siria\u201d que expuso los cr\u00edmenes del r\u00e9gimen derrocado","og_description":"El suboficial Farid Al-Madhhan, quien filtr\u00f3 fotos de detenidos sirios al mundo y al Congreso de Estados Unidos, revela hoy su identidad.","og_url":"https:\/\/baynana.es\/es\/el-viaje-de-cesar-de-siria-que-expuso-los-crimenes-del-regimen-derrocado\/","og_site_name":"Baynana \u0628\u064a\u0646\u0646\u0627","article_publisher":"https:\/\/www.facebook.com\/baynanaes","article_author":"https:\/\/www.facebook.com\/ayham.greeb","article_published_time":"2025-02-07T15:58:57+00:00","article_modified_time":"2025-02-07T15:58:58+00:00","og_image":[{"width":1573,"height":929,"url":"https:\/\/baynana.es\/wp-content\/uploads\/2025\/02\/\u0642\u064a\u0635\u0631.jpeg","type":"image\/jpeg"}],"author":"Ayham Al Sati","twitter_card":"summary_large_image","twitter_creator":"@https:\/\/twitter.com\/ayham_greeb","twitter_site":"@baynanaes","twitter_misc":{"Escrito por":"Ayham Al Sati","Tiempo de lectura":"8 minutos"},"schema":{"@context":"https:\/\/schema.org","@graph":[{"@type":"Article","@id":"https:\/\/baynana.es\/es\/el-viaje-de-cesar-de-siria-que-expuso-los-crimenes-del-regimen-derrocado\/#article","isPartOf":{"@id":"https:\/\/baynana.es\/es\/el-viaje-de-cesar-de-siria-que-expuso-los-crimenes-del-regimen-derrocado\/"},"author":{"name":"Ayham Al Sati","@id":"https:\/\/baynana.es\/#\/schema\/person\/6fedc1eac5fcc0abafdb25a881f2a92e"},"headline":"El viaje de \u201cC\u00e9sar de Siria\u201d que expuso los cr\u00edmenes del r\u00e9gimen derrocado","datePublished":"2025-02-07T15:58:57+00:00","dateModified":"2025-02-07T15:58:58+00:00","mainEntityOfPage":{"@id":"https:\/\/baynana.es\/es\/el-viaje-de-cesar-de-siria-que-expuso-los-crimenes-del-regimen-derrocado\/"},"wordCount":1112,"publisher":{"@id":"https:\/\/baynana.es\/#organization"},"image":{"@id":"https:\/\/baynana.es\/es\/el-viaje-de-cesar-de-siria-que-expuso-los-crimenes-del-regimen-derrocado\/#primaryimage"},"thumbnailUrl":"https:\/\/baynana.es\/wp-content\/uploads\/2025\/02\/\u0642\u064a\u0635\u0631.jpeg","articleSection":["INICIO","DERECHOS"],"inLanguage":"es"},{"@type":"WebPage","@id":"https:\/\/baynana.es\/es\/el-viaje-de-cesar-de-siria-que-expuso-los-crimenes-del-regimen-derrocado\/","url":"https:\/\/baynana.es\/es\/el-viaje-de-cesar-de-siria-que-expuso-los-crimenes-del-regimen-derrocado\/","name":"El viaje de \u201cC\u00e9sar de Siria\u201d que expuso los cr\u00edmenes del r\u00e9gimen derrocado","isPartOf":{"@id":"https:\/\/baynana.es\/#website"},"primaryImageOfPage":{"@id":"https:\/\/baynana.es\/es\/el-viaje-de-cesar-de-siria-que-expuso-los-crimenes-del-regimen-derrocado\/#primaryimage"},"image":{"@id":"https:\/\/baynana.es\/es\/el-viaje-de-cesar-de-siria-que-expuso-los-crimenes-del-regimen-derrocado\/#primaryimage"},"thumbnailUrl":"https:\/\/baynana.es\/wp-content\/uploads\/2025\/02\/\u0642\u064a\u0635\u0631.jpeg","datePublished":"2025-02-07T15:58:57+00:00","dateModified":"2025-02-07T15:58:58+00:00","description":"El suboficial Farid Al-Madhhan, quien filtr\u00f3 fotos de detenidos sirios al mundo y al Congreso de Estados Unidos, revela hoy su identidad.","breadcrumb":{"@id":"https:\/\/baynana.es\/es\/el-viaje-de-cesar-de-siria-que-expuso-los-crimenes-del-regimen-derrocado\/#breadcrumb"},"inLanguage":"es","potentialAction":[{"@type":"ReadAction","target":["https:\/\/baynana.es\/es\/el-viaje-de-cesar-de-siria-que-expuso-los-crimenes-del-regimen-derrocado\/"]}]},{"@type":"ImageObject","inLanguage":"es","@id":"https:\/\/baynana.es\/es\/el-viaje-de-cesar-de-siria-que-expuso-los-crimenes-del-regimen-derrocado\/#primaryimage","url":"https:\/\/baynana.es\/wp-content\/uploads\/2025\/02\/\u0642\u064a\u0635\u0631.jpeg","contentUrl":"https:\/\/baynana.es\/wp-content\/uploads\/2025\/02\/\u0642\u064a\u0635\u0631.jpeg","width":1573,"height":929,"caption":"C\u00e9sar o Farid Al-Madhhan. Al Jazeera"},{"@type":"BreadcrumbList","@id":"https:\/\/baynana.es\/es\/el-viaje-de-cesar-de-siria-que-expuso-los-crimenes-del-regimen-derrocado\/#breadcrumb","itemListElement":[{"@type":"ListItem","position":1,"name":"Portada","item":"https:\/\/baynana.es\/es\/"},{"@type":"ListItem","position":2,"name":"El viaje de \u201cC\u00e9sar de Siria\u201d que expuso los cr\u00edmenes del r\u00e9gimen derrocado"}]},{"@type":"WebSite","@id":"https:\/\/baynana.es\/#website","url":"https:\/\/baynana.es\/","name":"Baynana \u0628\u064a\u0646\u0646\u0627","description":"Baynana Revista \u0645\u062c\u0644\u0629 \u0628\u064a\u0646\u0646\u0627","publisher":{"@id":"https:\/\/baynana.es\/#organization"},"potentialAction":[{"@type":"SearchAction","target":{"@type":"EntryPoint","urlTemplate":"https:\/\/baynana.es\/?s={search_term_string}"},"query-input":{"@type":"PropertyValueSpecification","valueRequired":true,"valueName":"search_term_string"}}],"inLanguage":"es"},{"@type":"Organization","@id":"https:\/\/baynana.es\/#organization","name":"\u0628\u064a\u0646\u0646\u0627 Baynana","url":"https:\/\/baynana.es\/","logo":{"@type":"ImageObject","inLanguage":"es","@id":"https:\/\/baynana.es\/#\/schema\/logo\/image\/","url":"https:\/\/baynana.es\/wp-content\/uploads\/2021\/03\/Artboard-1.png","contentUrl":"https:\/\/baynana.es\/wp-content\/uploads\/2021\/03\/Artboard-1.png","width":315,"height":228,"caption":"\u0628\u064a\u0646\u0646\u0627 Baynana"},"image":{"@id":"https:\/\/baynana.es\/#\/schema\/logo\/image\/"},"sameAs":["https:\/\/www.facebook.com\/baynanaes","https:\/\/x.com\/baynanaes","https:\/\/www.instagram.com\/baynanaes\/","https:\/\/www.linkedin.com\/in\/baynana-\u0628\u064a\u0646\u0646\u0627-887599211\/","https:\/\/www.youtube.com\/channel\/UC3019bsq5wOpi61SOufKxPA"]},{"@type":"Person","@id":"https:\/\/baynana.es\/#\/schema\/person\/6fedc1eac5fcc0abafdb25a881f2a92e","name":"Ayham Al Sati","image":{"@type":"ImageObject","inLanguage":"es","@id":"https:\/\/baynana.es\/#\/schema\/person\/image\/86e6e0fe2166e9f2ea79af43e73d6904","url":"https:\/\/baynana.es\/wp-content\/uploads\/2021\/01\/ayhamm-96x96.jpg","contentUrl":"https:\/\/baynana.es\/wp-content\/uploads\/2021\/01\/ayhamm-96x96.jpg","caption":"Ayham Al Sati"},"description":"\u0635\u062d\u0641\u064a \u0633\u0648\u0631\u064a\u060c \u064a\u0639\u064a\u0634 \u0641\u064a \u0645\u062f\u0631\u064a\u062f \u0645\u0646\u0630 \u0639\u0627\u0645 2019. \u0645\u0624\u0633\u0633 \u0648\u0645\u062d\u0631\u0631 \u0641\u064a \u0645\u062c\u0644\u0629 \u0628\u064a\u0646\u0646\u0627\u060c \u0645\u062a\u062e\u0635\u0635 \u0641\u064a \u0627\u0644\u0623\u062f\u0628 \u0627\u0644\u0639\u0631\u0628\u064a \u0645\u0646 \u062c\u0627\u0645\u0639\u0629 \u062f\u0645\u0634\u0642\u060c \u0648\u0639\u0645\u0644 \u0643\u0635\u062d\u0641\u064a \u062e\u0644\u0627\u0644 \u0627\u0644\u062d\u0631\u0628 \u0641\u064a \u0633\u0648\u0631\u064a\u0627 \u0645\u0646\u0630 \u0627\u0644\u0639\u0627\u0645 2011. Es un periodista sirio.\u00a0Vive en Madrid desde el a\u00f1o 2019.\u00a0Cofundador y editor en la revista de Baynana.es. Es especialista en Literatura \u00c1rabe por la Universidad de Damasco y trabaj\u00f3 como periodista durante la guerra en Siria desde el a\u00f1o 2011.\u00a0","sameAs":["https:\/\/www.facebook.com\/ayham.greeb","https:\/\/www.instagram.com\/ayham_al_sati\/","https:\/\/x.com\/https:\/\/twitter.com\/ayham_greeb","ayham"],"url":"https:\/\/baynana.es\/es\/author\/ayham\/"}]}},"authors":[{"term_id":505,"user_id":3,"is_guest":0,"slug":"ayham","display_name":"Ayham Al Sati","avatar_url":"https:\/\/baynana.es\/wp-content\/uploads\/2021\/01\/ayhamm-96x96.jpg","author_category":"","first_name":"Ayham","last_name":"Al Sati","user_url":"","job_title":"","description":"\u0635\u062d\u0641\u064a \u0633\u0648\u0631\u064a\u060c \u064a\u0639\u064a\u0634 \u0641\u064a \u0645\u062f\u0631\u064a\u062f \u0645\u0646\u0630 \u0639\u0627\u0645 2019. \u0645\u0624\u0633\u0633 \u0648\u0645\u062d\u0631\u0631 \u0641\u064a \u0645\u062c\u0644\u0629 \u0628\u064a\u0646\u0646\u0627\u060c \u0645\u062a\u062e\u0635\u0635 \u0641\u064a \u0627\u0644\u0623\u062f\u0628 \u0627\u0644\u0639\u0631\u0628\u064a \u0645\u0646 \u062c\u0627\u0645\u0639\u0629 \u062f\u0645\u0634\u0642\u060c \u0648\u0639\u0645\u0644 \u0643\u0635\u062d\u0641\u064a \u062e\u0644\u0627\u0644 \u0627\u0644\u062d\u0631\u0628 \u0641\u064a \u0633\u0648\u0631\u064a\u0627 \u0645\u0646\u0630 \u0627\u0644\u0639\u0627\u0645 2011.\r\n\r\nEs un periodista sirio.\u00a0Vive en Madrid desde el a\u00f1o 2019.\u00a0Cofundador y editor en la revista de Baynana.es. Es especialista en Literatura \u00c1rabe por la Universidad de Damasco y trabaj\u00f3 como periodista durante la guerra en Siria desde el a\u00f1o 2011.\u00a0"}],"_links":{"self":[{"href":"https:\/\/baynana.es\/es\/wp-json\/wp\/v2\/posts\/9285","targetHints":{"allow":["GET"]}}],"collection":[{"href":"https:\/\/baynana.es\/es\/wp-json\/wp\/v2\/posts"}],"about":[{"href":"https:\/\/baynana.es\/es\/wp-json\/wp\/v2\/types\/post"}],"author":[{"embeddable":true,"href":"https:\/\/baynana.es\/es\/wp-json\/wp\/v2\/users\/3"}],"replies":[{"embeddable":true,"href":"https:\/\/baynana.es\/es\/wp-json\/wp\/v2\/comments?post=9285"}],"version-history":[{"count":1,"href":"https:\/\/baynana.es\/es\/wp-json\/wp\/v2\/posts\/9285\/revisions"}],"predecessor-version":[{"id":9289,"href":"https:\/\/baynana.es\/es\/wp-json\/wp\/v2\/posts\/9285\/revisions\/9289"}],"wp:featuredmedia":[{"embeddable":true,"href":"https:\/\/baynana.es\/es\/wp-json\/wp\/v2\/media\/9280"}],"wp:attachment":[{"href":"https:\/\/baynana.es\/es\/wp-json\/wp\/v2\/media?parent=9285"}],"wp:term":[{"taxonomy":"category","embeddable":true,"href":"https:\/\/baynana.es\/es\/wp-json\/wp\/v2\/categories?post=9285"},{"taxonomy":"post_tag","embeddable":true,"href":"https:\/\/baynana.es\/es\/wp-json\/wp\/v2\/tags?post=9285"},{"taxonomy":"author","embeddable":true,"href":"https:\/\/baynana.es\/es\/wp-json\/wp\/v2\/ppma_author?post=9285"}],"curies":[{"name":"wp","href":"https:\/\/api.w.org\/{rel}","templated":true}]}}