{"id":10,"name":"Elvira Delgado","url":"","description":"Doble grado en Periodismo y Comunicaci\u00f3n Audiovisual.3 a\u00f1os de experiencia en televisi\u00f3n como realizadora (Mediaset).Periodista freelance sobre temas sociales y humanitarios. Art\u00edculos publicados en Planeta Futuro y La Voz de los ODS (UNRWA). Experiencia en el terreno en Bosnia: reportajes sobre los migrantes que recorren la Ruta de los Balcanes. Colabora con Baynana.","link":"https:\/\/baynana.es\/es\/author\/elvira\/","slug":"elvira","avatar_urls":{"24":"https:\/\/baynana.es\/wp-content\/uploads\/2021\/10\/Elvira-web-24x24.png","48":"https:\/\/baynana.es\/wp-content\/uploads\/2021\/10\/Elvira-web-48x48.png","96":"https:\/\/baynana.es\/wp-content\/uploads\/2021\/10\/Elvira-web-96x96.png"},"meta":[],"acf":[],"simple_local_avatar":{"media_id":3552,"full":"https:\/\/baynana.es\/wp-content\/uploads\/2021\/10\/Elvira-web.png","192":"https:\/\/baynana.es\/wp-content\/uploads\/2021\/10\/Elvira-web-192x192.png","96":"https:\/\/baynana.es\/wp-content\/uploads\/2021\/10\/Elvira-web-96x96.png","500":"https:\/\/baynana.es\/wp-content\/uploads\/2021\/10\/Elvira-web.png","64":"https:\/\/baynana.es\/wp-content\/uploads\/2021\/10\/Elvira-web-64x64.png","32":"https:\/\/baynana.es\/wp-content\/uploads\/2021\/10\/Elvira-web-32x32.png","360":"https:\/\/baynana.es\/wp-content\/uploads\/2021\/10\/Elvira-web-360x360.png","180":"https:\/\/baynana.es\/wp-content\/uploads\/2021\/10\/Elvira-web-180x180.png","128":"https:\/\/baynana.es\/wp-content\/uploads\/2021\/10\/Elvira-web-128x128.png","52":"https:\/\/baynana.es\/wp-content\/uploads\/2021\/10\/Elvira-web-52x52.png","26":"https:\/\/baynana.es\/wp-content\/uploads\/2021\/10\/Elvira-web-26x26.png","90":"https:\/\/baynana.es\/wp-content\/uploads\/2021\/10\/Elvira-web-90x90.png","60":"https:\/\/baynana.es\/wp-content\/uploads\/2021\/10\/Elvira-web-60x60.png","30":"https:\/\/baynana.es\/wp-content\/uploads\/2021\/10\/Elvira-web-30x30.png","24":"https:\/\/baynana.es\/wp-content\/uploads\/2021\/10\/Elvira-web-24x24.png","48":"https:\/\/baynana.es\/wp-content\/uploads\/2021\/10\/Elvira-web-48x48.png","160":"https:\/\/baynana.es\/wp-content\/uploads\/2021\/10\/Elvira-web-160x160.png","80":"https:\/\/baynana.es\/wp-content\/uploads\/2021\/10\/Elvira-web-80x80.png"},"yoast_head":"<!-- This site is optimized with the Yoast SEO plugin v25.3.1 - https:\/\/yoast.com\/wordpress\/plugins\/seo\/ -->\n<title>Elvira Delgado, autor en Baynana \u0628\u064a\u0646\u0646\u0627<\/title>\n<meta name=\"robots\" content=\"index, follow, max-snippet:-1, max-image-preview:large, max-video-preview:-1\" \/>\n<link rel=\"canonical\" href=\"https:\/\/baynana.es\/author\/elvira\/\" \/>\n<meta property=\"og:locale\" content=\"es_ES\" \/>\n<meta property=\"og:type\" content=\"profile\" \/>\n<meta property=\"og:title\" content=\"Elvira Delgado, autor en Baynana \u0628\u064a\u0646\u0646\u0627\" \/>\n<meta property=\"og:url\" content=\"https:\/\/baynana.es\/author\/elvira\/\" \/>\n<meta property=\"og:site_name\" content=\"Baynana \u0628\u064a\u0646\u0646\u0627\" \/>\n<meta property=\"og:image\" content=\"https:\/\/baynana.es\/wp-content\/uploads\/2021\/10\/Elvira-web.png\" \/>\n<meta name=\"twitter:card\" content=\"summary_large_image\" \/>\n<meta name=\"twitter:site\" content=\"@baynanaes\" \/>\n<script type=\"application\/ld+json\" class=\"yoast-schema-graph\">{\"@context\":\"https:\/\/schema.org\",\"@graph\":[{\"@type\":\"ProfilePage\",\"@id\":\"https:\/\/baynana.es\/author\/elvira\/\",\"url\":\"https:\/\/baynana.es\/author\/elvira\/\",\"name\":\"Elvira Delgado, autor en Baynana \u0628\u064a\u0646\u0646\u0627\",\"isPartOf\":{\"@id\":\"https:\/\/baynana.es\/#website\"},\"breadcrumb\":{\"@id\":\"https:\/\/baynana.es\/author\/elvira\/#breadcrumb\"},\"inLanguage\":\"es\",\"potentialAction\":[{\"@type\":\"ReadAction\",\"target\":[\"https:\/\/baynana.es\/author\/elvira\/\"]}]},{\"@type\":\"BreadcrumbList\",\"@id\":\"https:\/\/baynana.es\/author\/elvira\/#breadcrumb\",\"itemListElement\":[{\"@type\":\"ListItem\",\"position\":1,\"name\":\"Portada\",\"item\":\"https:\/\/baynana.es\/es\/\"},{\"@type\":\"ListItem\",\"position\":2,\"name\":\"Archivo de Elvira Delgado\"}]},{\"@type\":\"WebSite\",\"@id\":\"https:\/\/baynana.es\/#website\",\"url\":\"https:\/\/baynana.es\/\",\"name\":\"Baynana \u0628\u064a\u0646\u0646\u0627\",\"description\":\"Baynana Revista \u0645\u062c\u0644\u0629 \u0628\u064a\u0646\u0646\u0627\",\"publisher\":{\"@id\":\"https:\/\/baynana.es\/#organization\"},\"potentialAction\":[{\"@type\":\"SearchAction\",\"target\":{\"@type\":\"EntryPoint\",\"urlTemplate\":\"https:\/\/baynana.es\/?s={search_term_string}\"},\"query-input\":{\"@type\":\"PropertyValueSpecification\",\"valueRequired\":true,\"valueName\":\"search_term_string\"}}],\"inLanguage\":\"es\"},{\"@type\":\"Organization\",\"@id\":\"https:\/\/baynana.es\/#organization\",\"name\":\"\u0628\u064a\u0646\u0646\u0627 Baynana\",\"url\":\"https:\/\/baynana.es\/\",\"logo\":{\"@type\":\"ImageObject\",\"inLanguage\":\"es\",\"@id\":\"https:\/\/baynana.es\/#\/schema\/logo\/image\/\",\"url\":\"https:\/\/baynana.es\/wp-content\/uploads\/2021\/03\/Artboard-1.png\",\"contentUrl\":\"https:\/\/baynana.es\/wp-content\/uploads\/2021\/03\/Artboard-1.png\",\"width\":315,\"height\":228,\"caption\":\"\u0628\u064a\u0646\u0646\u0627 Baynana\"},\"image\":{\"@id\":\"https:\/\/baynana.es\/#\/schema\/logo\/image\/\"},\"sameAs\":[\"https:\/\/www.facebook.com\/baynanaes\",\"https:\/\/x.com\/baynanaes\",\"https:\/\/www.instagram.com\/baynanaes\/\",\"https:\/\/www.linkedin.com\/in\/baynana-\u0628\u064a\u0646\u0646\u0627-887599211\/\",\"https:\/\/www.youtube.com\/channel\/UC3019bsq5wOpi61SOufKxPA\"]},{\"@type\":\"Person\",\"@id\":\"https:\/\/baynana.es\/#\/schema\/person\/1fda87168915eed63f9423b76b9a0d0a\",\"name\":\"Elvira Delgado\",\"image\":{\"@type\":\"ImageObject\",\"inLanguage\":\"es\",\"@id\":\"https:\/\/baynana.es\/#\/schema\/person\/image\/93da270c41af30cb5266a86539fd5b28\",\"url\":\"https:\/\/baynana.es\/wp-content\/uploads\/2021\/10\/Elvira-web-96x96.png\",\"contentUrl\":\"https:\/\/baynana.es\/wp-content\/uploads\/2021\/10\/Elvira-web-96x96.png\",\"caption\":\"Elvira Delgado\"},\"description\":\"Doble grado en Periodismo y Comunicaci\u00f3n Audiovisual.3 a\u00f1os de experiencia en televisi\u00f3n como realizadora (Mediaset).Periodista freelance sobre temas sociales y humanitarios. Art\u00edculos publicados en Planeta Futuro y La Voz de los ODS (UNRWA). Experiencia en el terreno en Bosnia: reportajes sobre los migrantes que recorren la Ruta de los Balcanes. Colabora con Baynana.\",\"mainEntityOfPage\":{\"@id\":\"https:\/\/baynana.es\/author\/elvira\/\"}}]}<\/script>\n<!-- \/ Yoast SEO plugin. -->","yoast_head_json":{"title":"Elvira Delgado, autor en Baynana \u0628\u064a\u0646\u0646\u0627","robots":{"index":"index","follow":"follow","max-snippet":"max-snippet:-1","max-image-preview":"max-image-preview:large","max-video-preview":"max-video-preview:-1"},"canonical":"https:\/\/baynana.es\/author\/elvira\/","og_locale":"es_ES","og_type":"profile","og_title":"Elvira Delgado, autor en Baynana \u0628\u064a\u0646\u0646\u0627","og_url":"https:\/\/baynana.es\/author\/elvira\/","og_site_name":"Baynana \u0628\u064a\u0646\u0646\u0627","og_image":[{"url":"https:\/\/baynana.es\/wp-content\/uploads\/2021\/10\/Elvira-web.png","type":"","width":"","height":""}],"twitter_card":"summary_large_image","twitter_site":"@baynanaes","schema":{"@context":"https:\/\/schema.org","@graph":[{"@type":"ProfilePage","@id":"https:\/\/baynana.es\/author\/elvira\/","url":"https:\/\/baynana.es\/author\/elvira\/","name":"Elvira Delgado, autor en Baynana \u0628\u064a\u0646\u0646\u0627","isPartOf":{"@id":"https:\/\/baynana.es\/#website"},"breadcrumb":{"@id":"https:\/\/baynana.es\/author\/elvira\/#breadcrumb"},"inLanguage":"es","potentialAction":[{"@type":"ReadAction","target":["https:\/\/baynana.es\/author\/elvira\/"]}]},{"@type":"BreadcrumbList","@id":"https:\/\/baynana.es\/author\/elvira\/#breadcrumb","itemListElement":[{"@type":"ListItem","position":1,"name":"Portada","item":"https:\/\/baynana.es\/es\/"},{"@type":"ListItem","position":2,"name":"Archivo de Elvira Delgado"}]},{"@type":"WebSite","@id":"https:\/\/baynana.es\/#website","url":"https:\/\/baynana.es\/","name":"Baynana \u0628\u064a\u0646\u0646\u0627","description":"Baynana Revista \u0645\u062c\u0644\u0629 \u0628\u064a\u0646\u0646\u0627","publisher":{"@id":"https:\/\/baynana.es\/#organization"},"potentialAction":[{"@type":"SearchAction","target":{"@type":"EntryPoint","urlTemplate":"https:\/\/baynana.es\/?s={search_term_string}"},"query-input":{"@type":"PropertyValueSpecification","valueRequired":true,"valueName":"search_term_string"}}],"inLanguage":"es"},{"@type":"Organization","@id":"https:\/\/baynana.es\/#organization","name":"\u0628\u064a\u0646\u0646\u0627 Baynana","url":"https:\/\/baynana.es\/","logo":{"@type":"ImageObject","inLanguage":"es","@id":"https:\/\/baynana.es\/#\/schema\/logo\/image\/","url":"https:\/\/baynana.es\/wp-content\/uploads\/2021\/03\/Artboard-1.png","contentUrl":"https:\/\/baynana.es\/wp-content\/uploads\/2021\/03\/Artboard-1.png","width":315,"height":228,"caption":"\u0628\u064a\u0646\u0646\u0627 Baynana"},"image":{"@id":"https:\/\/baynana.es\/#\/schema\/logo\/image\/"},"sameAs":["https:\/\/www.facebook.com\/baynanaes","https:\/\/x.com\/baynanaes","https:\/\/www.instagram.com\/baynanaes\/","https:\/\/www.linkedin.com\/in\/baynana-\u0628\u064a\u0646\u0646\u0627-887599211\/","https:\/\/www.youtube.com\/channel\/UC3019bsq5wOpi61SOufKxPA"]},{"@type":"Person","@id":"https:\/\/baynana.es\/#\/schema\/person\/1fda87168915eed63f9423b76b9a0d0a","name":"Elvira Delgado","image":{"@type":"ImageObject","inLanguage":"es","@id":"https:\/\/baynana.es\/#\/schema\/person\/image\/93da270c41af30cb5266a86539fd5b28","url":"https:\/\/baynana.es\/wp-content\/uploads\/2021\/10\/Elvira-web-96x96.png","contentUrl":"https:\/\/baynana.es\/wp-content\/uploads\/2021\/10\/Elvira-web-96x96.png","caption":"Elvira Delgado"},"description":"Doble grado en Periodismo y Comunicaci\u00f3n Audiovisual.3 a\u00f1os de experiencia en televisi\u00f3n como realizadora (Mediaset).Periodista freelance sobre temas sociales y humanitarios. Art\u00edculos publicados en Planeta Futuro y La Voz de los ODS (UNRWA). Experiencia en el terreno en Bosnia: reportajes sobre los migrantes que recorren la Ruta de los Balcanes. Colabora con Baynana.","mainEntityOfPage":{"@id":"https:\/\/baynana.es\/author\/elvira\/"}}]}},"is_super_admin":true,"woocommerce_meta":{"variable_product_tour_shown":"","activity_panel_inbox_last_read":"","activity_panel_reviews_last_read":"","categories_report_columns":"","coupons_report_columns":"","customers_report_columns":"","orders_report_columns":"","products_report_columns":"","revenue_report_columns":"","taxes_report_columns":"","variations_report_columns":"","dashboard_sections":"","dashboard_chart_type":"","dashboard_chart_interval":"","dashboard_leaderboard_rows":"","order_attribution_install_banner_dismissed":"","scheduled_updates_promotion_notice_dismissed":"","homepage_layout":"","homepage_stats":"","task_list_tracked_started_tasks":"","android_app_banner_dismissed":"","launch_your_store_tour_hidden":"","coming_soon_banner_dismissed":""},"_links":{"self":[{"href":"https:\/\/baynana.es\/es\/wp-json\/wp\/v2\/users\/10","targetHints":{"allow":["GET"]}}],"collection":[{"href":"https:\/\/baynana.es\/es\/wp-json\/wp\/v2\/users"}]}}