{"id":3,"name":"Ayham Al Sati","url":"","description":"\u0635\u062d\u0641\u064a \u0633\u0648\u0631\u064a\u060c \u064a\u0639\u064a\u0634 \u0641\u064a \u0645\u062f\u0631\u064a\u062f \u0645\u0646\u0630 \u0639\u0627\u0645 2019. \u0645\u0624\u0633\u0633 \u0648\u0645\u062d\u0631\u0631 \u0641\u064a \u0645\u062c\u0644\u0629 \u0628\u064a\u0646\u0646\u0627\u060c \u0645\u062a\u062e\u0635\u0635 \u0641\u064a \u0627\u0644\u0623\u062f\u0628 \u0627\u0644\u0639\u0631\u0628\u064a \u0645\u0646 \u062c\u0627\u0645\u0639\u0629 \u062f\u0645\u0634\u0642\u060c \u0648\u0639\u0645\u0644 \u0643\u0635\u062d\u0641\u064a \u062e\u0644\u0627\u0644 \u0627\u0644\u062d\u0631\u0628 \u0641\u064a \u0633\u0648\u0631\u064a\u0627 \u0645\u0646\u0630 \u0627\u0644\u0639\u0627\u0645 2011.\r\n\r\nEs un periodista sirio.\u00a0Vive en Madrid desde el a\u00f1o 2019.\u00a0Cofundador y editor en la revista de Baynana.es. Es especialista en Literatura \u00c1rabe por la Universidad de Damasco y trabaj\u00f3 como periodista durante la guerra en Siria desde el a\u00f1o 2011.\u00a0","link":"https:\/\/baynana.es\/es\/author\/ayham\/","slug":"ayham","avatar_urls":{"24":"https:\/\/baynana.es\/wp-content\/uploads\/2021\/01\/ayhamm-24x24.jpg","48":"https:\/\/baynana.es\/wp-content\/uploads\/2021\/01\/ayhamm-48x48.jpg","96":"https:\/\/baynana.es\/wp-content\/uploads\/2021\/01\/ayhamm-96x96.jpg"},"meta":[],"acf":[],"simple_local_avatar":{"media_id":1435,"full":"https:\/\/baynana.es\/wp-content\/uploads\/2021\/01\/ayhamm.jpg","192":"https:\/\/baynana.es\/wp-content\/uploads\/2021\/01\/ayhamm-192x192.jpg","96":"https:\/\/baynana.es\/wp-content\/uploads\/2021\/01\/ayhamm-96x96.jpg","500":"https:\/\/baynana.es\/wp-content\/uploads\/2021\/01\/ayhamm.jpg","128":"https:\/\/baynana.es\/wp-content\/uploads\/2021\/01\/ayhamm-128x128.jpg","64":"https:\/\/baynana.es\/wp-content\/uploads\/2021\/01\/ayhamm-64x64.jpg","52":"https:\/\/baynana.es\/wp-content\/uploads\/2021\/01\/ayhamm-52x52.jpg","26":"https:\/\/baynana.es\/wp-content\/uploads\/2021\/01\/ayhamm-26x26.jpg","180":"https:\/\/baynana.es\/wp-content\/uploads\/2021\/01\/ayhamm-180x180.jpg","90":"https:\/\/baynana.es\/wp-content\/uploads\/2021\/01\/ayhamm-90x90.jpg","60":"https:\/\/baynana.es\/wp-content\/uploads\/2021\/01\/ayhamm-60x60.jpg","30":"https:\/\/baynana.es\/wp-content\/uploads\/2021\/01\/ayhamm-30x30.jpg","360":"https:\/\/baynana.es\/wp-content\/uploads\/2021\/01\/ayhamm-360x360.jpg","32":"https:\/\/baynana.es\/wp-content\/uploads\/2021\/01\/ayhamm-32x32.jpg","48":"https:\/\/baynana.es\/wp-content\/uploads\/2021\/01\/ayhamm-48x48.jpg","24":"https:\/\/baynana.es\/wp-content\/uploads\/2021\/01\/ayhamm-24x24.jpg","36":"https:\/\/baynana.es\/wp-content\/uploads\/2021\/01\/ayhamm-36x36.jpg","18":"https:\/\/baynana.es\/wp-content\/uploads\/2021\/01\/ayhamm-18x18.jpg","160":"https:\/\/baynana.es\/wp-content\/uploads\/2021\/01\/ayhamm-160x160.jpg","80":"https:\/\/baynana.es\/wp-content\/uploads\/2021\/01\/ayhamm-80x80.jpg"},"yoast_head":"<!-- This site is optimized with the Yoast SEO plugin v25.3.1 - https:\/\/yoast.com\/wordpress\/plugins\/seo\/ -->\n<title>Ayham Al Sati, autor en Baynana \u0628\u064a\u0646\u0646\u0627<\/title>\n<meta name=\"robots\" content=\"index, follow, max-snippet:-1, max-image-preview:large, max-video-preview:-1\" \/>\n<link rel=\"canonical\" href=\"https:\/\/baynana.es\/author\/ayham\/\" \/>\n<meta property=\"og:locale\" content=\"es_ES\" \/>\n<meta property=\"og:type\" content=\"profile\" \/>\n<meta property=\"og:title\" content=\"Ayham Al Sati, autor en Baynana \u0628\u064a\u0646\u0646\u0627\" \/>\n<meta property=\"og:url\" content=\"https:\/\/baynana.es\/author\/ayham\/\" \/>\n<meta property=\"og:site_name\" content=\"Baynana \u0628\u064a\u0646\u0646\u0627\" \/>\n<meta property=\"og:image\" content=\"https:\/\/baynana.es\/wp-content\/uploads\/2021\/01\/ayhamm.jpg\" \/>\n<meta name=\"twitter:card\" content=\"summary_large_image\" \/>\n<meta name=\"twitter:site\" content=\"@baynanaes\" \/>\n<script type=\"application\/ld+json\" class=\"yoast-schema-graph\">{\"@context\":\"https:\/\/schema.org\",\"@graph\":[{\"@type\":\"ProfilePage\",\"@id\":\"https:\/\/baynana.es\/author\/ayham\/\",\"url\":\"https:\/\/baynana.es\/author\/ayham\/\",\"name\":\"Ayham Al Sati, autor en Baynana \u0628\u064a\u0646\u0646\u0627\",\"isPartOf\":{\"@id\":\"https:\/\/baynana.es\/#website\"},\"breadcrumb\":{\"@id\":\"https:\/\/baynana.es\/author\/ayham\/#breadcrumb\"},\"inLanguage\":\"es\",\"potentialAction\":[{\"@type\":\"ReadAction\",\"target\":[\"https:\/\/baynana.es\/author\/ayham\/\"]}]},{\"@type\":\"BreadcrumbList\",\"@id\":\"https:\/\/baynana.es\/author\/ayham\/#breadcrumb\",\"itemListElement\":[{\"@type\":\"ListItem\",\"position\":1,\"name\":\"Portada\",\"item\":\"https:\/\/baynana.es\/es\/\"},{\"@type\":\"ListItem\",\"position\":2,\"name\":\"Archivo de Ayham Al Sati\"}]},{\"@type\":\"WebSite\",\"@id\":\"https:\/\/baynana.es\/#website\",\"url\":\"https:\/\/baynana.es\/\",\"name\":\"Baynana \u0628\u064a\u0646\u0646\u0627\",\"description\":\"Baynana Revista \u0645\u062c\u0644\u0629 \u0628\u064a\u0646\u0646\u0627\",\"publisher\":{\"@id\":\"https:\/\/baynana.es\/#organization\"},\"potentialAction\":[{\"@type\":\"SearchAction\",\"target\":{\"@type\":\"EntryPoint\",\"urlTemplate\":\"https:\/\/baynana.es\/?s={search_term_string}\"},\"query-input\":{\"@type\":\"PropertyValueSpecification\",\"valueRequired\":true,\"valueName\":\"search_term_string\"}}],\"inLanguage\":\"es\"},{\"@type\":\"Organization\",\"@id\":\"https:\/\/baynana.es\/#organization\",\"name\":\"\u0628\u064a\u0646\u0646\u0627 Baynana\",\"url\":\"https:\/\/baynana.es\/\",\"logo\":{\"@type\":\"ImageObject\",\"inLanguage\":\"es\",\"@id\":\"https:\/\/baynana.es\/#\/schema\/logo\/image\/\",\"url\":\"https:\/\/baynana.es\/wp-content\/uploads\/2021\/03\/Artboard-1.png\",\"contentUrl\":\"https:\/\/baynana.es\/wp-content\/uploads\/2021\/03\/Artboard-1.png\",\"width\":315,\"height\":228,\"caption\":\"\u0628\u064a\u0646\u0646\u0627 Baynana\"},\"image\":{\"@id\":\"https:\/\/baynana.es\/#\/schema\/logo\/image\/\"},\"sameAs\":[\"https:\/\/www.facebook.com\/baynanaes\",\"https:\/\/x.com\/baynanaes\",\"https:\/\/www.instagram.com\/baynanaes\/\",\"https:\/\/www.linkedin.com\/in\/baynana-\u0628\u064a\u0646\u0646\u0627-887599211\/\",\"https:\/\/www.youtube.com\/channel\/UC3019bsq5wOpi61SOufKxPA\"]},{\"@type\":\"Person\",\"@id\":\"https:\/\/baynana.es\/#\/schema\/person\/6fedc1eac5fcc0abafdb25a881f2a92e\",\"name\":\"Ayham Al Sati\",\"image\":{\"@type\":\"ImageObject\",\"inLanguage\":\"es\",\"@id\":\"https:\/\/baynana.es\/#\/schema\/person\/image\/86e6e0fe2166e9f2ea79af43e73d6904\",\"url\":\"https:\/\/baynana.es\/wp-content\/uploads\/2021\/01\/ayhamm-96x96.jpg\",\"contentUrl\":\"https:\/\/baynana.es\/wp-content\/uploads\/2021\/01\/ayhamm-96x96.jpg\",\"caption\":\"Ayham Al Sati\"},\"description\":\"\u0635\u062d\u0641\u064a \u0633\u0648\u0631\u064a\u060c \u064a\u0639\u064a\u0634 \u0641\u064a \u0645\u062f\u0631\u064a\u062f \u0645\u0646\u0630 \u0639\u0627\u0645 2019. \u0645\u0624\u0633\u0633 \u0648\u0645\u062d\u0631\u0631 \u0641\u064a \u0645\u062c\u0644\u0629 \u0628\u064a\u0646\u0646\u0627\u060c \u0645\u062a\u062e\u0635\u0635 \u0641\u064a \u0627\u0644\u0623\u062f\u0628 \u0627\u0644\u0639\u0631\u0628\u064a \u0645\u0646 \u062c\u0627\u0645\u0639\u0629 \u062f\u0645\u0634\u0642\u060c \u0648\u0639\u0645\u0644 \u0643\u0635\u062d\u0641\u064a \u062e\u0644\u0627\u0644 \u0627\u0644\u062d\u0631\u0628 \u0641\u064a \u0633\u0648\u0631\u064a\u0627 \u0645\u0646\u0630 \u0627\u0644\u0639\u0627\u0645 2011. Es un periodista sirio.\u00a0Vive en Madrid desde el a\u00f1o 2019.\u00a0Cofundador y editor en la revista de Baynana.es. Es especialista en Literatura \u00c1rabe por la Universidad de Damasco y trabaj\u00f3 como periodista durante la guerra en Siria desde el a\u00f1o 2011.\u00a0\",\"sameAs\":[\"https:\/\/www.facebook.com\/ayham.greeb\",\"https:\/\/www.instagram.com\/ayham_al_sati\/\",\"https:\/\/x.com\/https:\/\/twitter.com\/ayham_greeb\",\"ayham\"],\"mainEntityOfPage\":{\"@id\":\"https:\/\/baynana.es\/author\/ayham\/\"}}]}<\/script>\n<!-- \/ Yoast SEO plugin. -->","yoast_head_json":{"title":"Ayham Al Sati, autor en Baynana \u0628\u064a\u0646\u0646\u0627","robots":{"index":"index","follow":"follow","max-snippet":"max-snippet:-1","max-image-preview":"max-image-preview:large","max-video-preview":"max-video-preview:-1"},"canonical":"https:\/\/baynana.es\/author\/ayham\/","og_locale":"es_ES","og_type":"profile","og_title":"Ayham Al Sati, autor en Baynana \u0628\u064a\u0646\u0646\u0627","og_url":"https:\/\/baynana.es\/author\/ayham\/","og_site_name":"Baynana \u0628\u064a\u0646\u0646\u0627","og_image":[{"url":"https:\/\/baynana.es\/wp-content\/uploads\/2021\/01\/ayhamm.jpg","type":"","width":"","height":""}],"twitter_card":"summary_large_image","twitter_site":"@baynanaes","schema":{"@context":"https:\/\/schema.org","@graph":[{"@type":"ProfilePage","@id":"https:\/\/baynana.es\/author\/ayham\/","url":"https:\/\/baynana.es\/author\/ayham\/","name":"Ayham Al Sati, autor en Baynana \u0628\u064a\u0646\u0646\u0627","isPartOf":{"@id":"https:\/\/baynana.es\/#website"},"breadcrumb":{"@id":"https:\/\/baynana.es\/author\/ayham\/#breadcrumb"},"inLanguage":"es","potentialAction":[{"@type":"ReadAction","target":["https:\/\/baynana.es\/author\/ayham\/"]}]},{"@type":"BreadcrumbList","@id":"https:\/\/baynana.es\/author\/ayham\/#breadcrumb","itemListElement":[{"@type":"ListItem","position":1,"name":"Portada","item":"https:\/\/baynana.es\/es\/"},{"@type":"ListItem","position":2,"name":"Archivo de Ayham Al Sati"}]},{"@type":"WebSite","@id":"https:\/\/baynana.es\/#website","url":"https:\/\/baynana.es\/","name":"Baynana \u0628\u064a\u0646\u0646\u0627","description":"Baynana Revista \u0645\u062c\u0644\u0629 \u0628\u064a\u0646\u0646\u0627","publisher":{"@id":"https:\/\/baynana.es\/#organization"},"potentialAction":[{"@type":"SearchAction","target":{"@type":"EntryPoint","urlTemplate":"https:\/\/baynana.es\/?s={search_term_string}"},"query-input":{"@type":"PropertyValueSpecification","valueRequired":true,"valueName":"search_term_string"}}],"inLanguage":"es"},{"@type":"Organization","@id":"https:\/\/baynana.es\/#organization","name":"\u0628\u064a\u0646\u0646\u0627 Baynana","url":"https:\/\/baynana.es\/","logo":{"@type":"ImageObject","inLanguage":"es","@id":"https:\/\/baynana.es\/#\/schema\/logo\/image\/","url":"https:\/\/baynana.es\/wp-content\/uploads\/2021\/03\/Artboard-1.png","contentUrl":"https:\/\/baynana.es\/wp-content\/uploads\/2021\/03\/Artboard-1.png","width":315,"height":228,"caption":"\u0628\u064a\u0646\u0646\u0627 Baynana"},"image":{"@id":"https:\/\/baynana.es\/#\/schema\/logo\/image\/"},"sameAs":["https:\/\/www.facebook.com\/baynanaes","https:\/\/x.com\/baynanaes","https:\/\/www.instagram.com\/baynanaes\/","https:\/\/www.linkedin.com\/in\/baynana-\u0628\u064a\u0646\u0646\u0627-887599211\/","https:\/\/www.youtube.com\/channel\/UC3019bsq5wOpi61SOufKxPA"]},{"@type":"Person","@id":"https:\/\/baynana.es\/#\/schema\/person\/6fedc1eac5fcc0abafdb25a881f2a92e","name":"Ayham Al Sati","image":{"@type":"ImageObject","inLanguage":"es","@id":"https:\/\/baynana.es\/#\/schema\/person\/image\/86e6e0fe2166e9f2ea79af43e73d6904","url":"https:\/\/baynana.es\/wp-content\/uploads\/2021\/01\/ayhamm-96x96.jpg","contentUrl":"https:\/\/baynana.es\/wp-content\/uploads\/2021\/01\/ayhamm-96x96.jpg","caption":"Ayham Al Sati"},"description":"\u0635\u062d\u0641\u064a \u0633\u0648\u0631\u064a\u060c \u064a\u0639\u064a\u0634 \u0641\u064a \u0645\u062f\u0631\u064a\u062f \u0645\u0646\u0630 \u0639\u0627\u0645 2019. \u0645\u0624\u0633\u0633 \u0648\u0645\u062d\u0631\u0631 \u0641\u064a \u0645\u062c\u0644\u0629 \u0628\u064a\u0646\u0646\u0627\u060c \u0645\u062a\u062e\u0635\u0635 \u0641\u064a \u0627\u0644\u0623\u062f\u0628 \u0627\u0644\u0639\u0631\u0628\u064a \u0645\u0646 \u062c\u0627\u0645\u0639\u0629 \u062f\u0645\u0634\u0642\u060c \u0648\u0639\u0645\u0644 \u0643\u0635\u062d\u0641\u064a \u062e\u0644\u0627\u0644 \u0627\u0644\u062d\u0631\u0628 \u0641\u064a \u0633\u0648\u0631\u064a\u0627 \u0645\u0646\u0630 \u0627\u0644\u0639\u0627\u0645 2011. Es un periodista sirio.\u00a0Vive en Madrid desde el a\u00f1o 2019.\u00a0Cofundador y editor en la revista de Baynana.es. Es especialista en Literatura \u00c1rabe por la Universidad de Damasco y trabaj\u00f3 como periodista durante la guerra en Siria desde el a\u00f1o 2011.\u00a0","sameAs":["https:\/\/www.facebook.com\/ayham.greeb","https:\/\/www.instagram.com\/ayham_al_sati\/","https:\/\/x.com\/https:\/\/twitter.com\/ayham_greeb","ayham"],"mainEntityOfPage":{"@id":"https:\/\/baynana.es\/author\/ayham\/"}}]}},"is_super_admin":true,"woocommerce_meta":{"variable_product_tour_shown":"","activity_panel_inbox_last_read":"","activity_panel_reviews_last_read":"","categories_report_columns":"","coupons_report_columns":"","customers_report_columns":"","orders_report_columns":"","products_report_columns":"","revenue_report_columns":"","taxes_report_columns":"","variations_report_columns":"","dashboard_sections":"","dashboard_chart_type":"","dashboard_chart_interval":"","dashboard_leaderboard_rows":"","order_attribution_install_banner_dismissed":"","scheduled_updates_promotion_notice_dismissed":"","homepage_layout":"","homepage_stats":"","task_list_tracked_started_tasks":"","android_app_banner_dismissed":"","launch_your_store_tour_hidden":"","coming_soon_banner_dismissed":""},"_links":{"self":[{"href":"https:\/\/baynana.es\/es\/wp-json\/wp\/v2\/users\/3","targetHints":{"allow":["GET"]}}],"collection":[{"href":"https:\/\/baynana.es\/es\/wp-json\/wp\/v2\/users"}]}}