{"id":7,"name":"Moussa Al Jamaat","url":"","description":"Periodista sirio residente en Madrid desde 2019. Empez\u00f3 a estudiar Inform\u00e1tica en la Universidad de Damasco (campus de Daraa), pero abandon\u00f3 sus estudios por la erupci\u00f3n del conflicto en Siria. Entre 2011 y 2019 trabaj\u00f3 como reportero y fot\u00f3grafo para agencias de noticias locales. Ahora trabaja como reportero, fot\u00f3grafo y se encarga de la web de Baynana.\r\n\u0643\u0627\u0646\u0628\/ \u0645\u0635\u0648\u0631 \/\u0645\u0635\u0645\u0645 \r\n\u0635\u062d\u0641\u064a \u0633\u0648\u0631\u064a \u0645\u0642\u064a\u0645 \u0641\u064a \u0645\u062f\u0631\u064a\u062f \u0645\u0646\u0630 \u0639\u0627\u0645 2019. \u0628\u062f\u0623 \u062f\u0631\u0627\u0633\u0629 \u0639\u0644\u0648\u0645 \u0627\u0644\u0643\u0645\u0628\u064a\u0648\u062a\u0631 \u0641\u064a \u062c\u0627\u0645\u0639\u0629 \u062f\u0645\u0634\u0642 (\u0641\u0631\u0639 \u062f\u0631\u0639\u0627) \u060c \u0644\u0643\u0646\u0647 \u062a\u062e\u0644\u0649 \u0639\u0646 \u062f\u0631\u0627\u0633\u062a\u0647 \u0628\u0633\u0628\u0628 \u0627\u0646\u062f\u0644\u0627\u0639 \u0627\u0644\u0635\u0631\u0627\u0639 \u0641\u064a \u0633\u0648\u0631\u064a\u0627. \u0628\u064a\u0646 \u0639\u0627\u0645\u064a 2011 \u0648 2019 \u0639\u0645\u0644 \u0643\u0645\u0631\u0627\u0633\u0644 \u0648\u0645\u0635\u0648\u0631 \u0644\u0648\u0643\u0627\u0644\u0627\u062a \u0627\u0644\u0623\u0646\u0628\u0627\u0621 \u0627\u0644\u0645\u062d\u0644\u064a\u0629. \u064a\u0639\u0645\u0644 \u0627\u0644\u0622\u0646 \u0643\u0645\u0631\u0627\u0633\u0644 \u0648\u0645\u0635\u0648\u0631 \u0648\u0645\u0635\u0645\u0645 \u0648\u064a\u062f\u064a\u0631 \u0645\u0648\u0642\u0639 \u0645\u062c\u0644\u0629 \u0628\u064a\u0646\u0646\u0627 \u0627\u0644\u0625\u0644\u0643\u062a\u0631\u0648\u0646\u064a.","link":"https:\/\/baynana.es\/es\/author\/mousa\/","slug":"mousa","avatar_urls":{"24":"https:\/\/baynana.es\/wp-content\/uploads\/2021\/11\/MOSA-24x24.png","48":"https:\/\/baynana.es\/wp-content\/uploads\/2021\/11\/MOSA-48x48.png","96":"https:\/\/baynana.es\/wp-content\/uploads\/2021\/11\/MOSA-96x96.png"},"meta":[],"acf":[],"simple_local_avatar":{"media_id":3670,"full":"https:\/\/baynana.es\/wp-content\/uploads\/2021\/11\/MOSA.png","192":"https:\/\/baynana.es\/wp-content\/uploads\/2021\/11\/MOSA-192x192.png","96":"https:\/\/baynana.es\/wp-content\/uploads\/2021\/11\/MOSA-96x96.png","500":"https:\/\/baynana.es\/wp-content\/uploads\/2021\/11\/MOSA.png","64":"https:\/\/baynana.es\/wp-content\/uploads\/2021\/11\/MOSA-64x64.png","32":"https:\/\/baynana.es\/wp-content\/uploads\/2021\/11\/MOSA-32x32.png","360":"https:\/\/baynana.es\/wp-content\/uploads\/2021\/11\/MOSA-360x360.png","180":"https:\/\/baynana.es\/wp-content\/uploads\/2021\/11\/MOSA-180x180.png","24":"https:\/\/baynana.es\/wp-content\/uploads\/2021\/11\/MOSA-24x24.png","48":"https:\/\/baynana.es\/wp-content\/uploads\/2021\/11\/MOSA-48x48.png","160":"https:\/\/baynana.es\/wp-content\/uploads\/2021\/11\/MOSA-160x160.png","80":"https:\/\/baynana.es\/wp-content\/uploads\/2021\/11\/MOSA-80x80.png"},"yoast_head":"<!-- This site is optimized with the Yoast SEO plugin v25.3.1 - https:\/\/yoast.com\/wordpress\/plugins\/seo\/ -->\n<title>Moussa Al Jamaat, autor en Baynana \u0628\u064a\u0646\u0646\u0627<\/title>\n<meta name=\"robots\" content=\"index, follow, max-snippet:-1, max-image-preview:large, max-video-preview:-1\" \/>\n<link rel=\"canonical\" href=\"https:\/\/baynana.es\/author\/mousa\/\" \/>\n<meta property=\"og:locale\" content=\"es_ES\" \/>\n<meta property=\"og:type\" content=\"profile\" \/>\n<meta property=\"og:title\" content=\"Moussa Al Jamaat, autor en Baynana \u0628\u064a\u0646\u0646\u0627\" \/>\n<meta property=\"og:url\" content=\"https:\/\/baynana.es\/author\/mousa\/\" \/>\n<meta property=\"og:site_name\" content=\"Baynana \u0628\u064a\u0646\u0646\u0627\" \/>\n<meta property=\"og:image\" content=\"https:\/\/baynana.es\/wp-content\/uploads\/2021\/11\/MOSA.png\" \/>\n<meta name=\"twitter:card\" content=\"summary_large_image\" \/>\n<meta name=\"twitter:site\" content=\"@baynanaes\" \/>\n<script type=\"application\/ld+json\" class=\"yoast-schema-graph\">{\"@context\":\"https:\/\/schema.org\",\"@graph\":[{\"@type\":\"ProfilePage\",\"@id\":\"https:\/\/baynana.es\/author\/mousa\/\",\"url\":\"https:\/\/baynana.es\/author\/mousa\/\",\"name\":\"Moussa Al Jamaat, autor en Baynana \u0628\u064a\u0646\u0646\u0627\",\"isPartOf\":{\"@id\":\"https:\/\/baynana.es\/#website\"},\"breadcrumb\":{\"@id\":\"https:\/\/baynana.es\/author\/mousa\/#breadcrumb\"},\"inLanguage\":\"es\",\"potentialAction\":[{\"@type\":\"ReadAction\",\"target\":[\"https:\/\/baynana.es\/author\/mousa\/\"]}]},{\"@type\":\"BreadcrumbList\",\"@id\":\"https:\/\/baynana.es\/author\/mousa\/#breadcrumb\",\"itemListElement\":[{\"@type\":\"ListItem\",\"position\":1,\"name\":\"Portada\",\"item\":\"https:\/\/baynana.es\/es\/\"},{\"@type\":\"ListItem\",\"position\":2,\"name\":\"Archivo de Moussa Al Jamaat\"}]},{\"@type\":\"WebSite\",\"@id\":\"https:\/\/baynana.es\/#website\",\"url\":\"https:\/\/baynana.es\/\",\"name\":\"Baynana \u0628\u064a\u0646\u0646\u0627\",\"description\":\"Baynana Revista \u0645\u062c\u0644\u0629 \u0628\u064a\u0646\u0646\u0627\",\"publisher\":{\"@id\":\"https:\/\/baynana.es\/#organization\"},\"potentialAction\":[{\"@type\":\"SearchAction\",\"target\":{\"@type\":\"EntryPoint\",\"urlTemplate\":\"https:\/\/baynana.es\/?s={search_term_string}\"},\"query-input\":{\"@type\":\"PropertyValueSpecification\",\"valueRequired\":true,\"valueName\":\"search_term_string\"}}],\"inLanguage\":\"es\"},{\"@type\":\"Organization\",\"@id\":\"https:\/\/baynana.es\/#organization\",\"name\":\"\u0628\u064a\u0646\u0646\u0627 Baynana\",\"url\":\"https:\/\/baynana.es\/\",\"logo\":{\"@type\":\"ImageObject\",\"inLanguage\":\"es\",\"@id\":\"https:\/\/baynana.es\/#\/schema\/logo\/image\/\",\"url\":\"https:\/\/baynana.es\/wp-content\/uploads\/2021\/03\/Artboard-1.png\",\"contentUrl\":\"https:\/\/baynana.es\/wp-content\/uploads\/2021\/03\/Artboard-1.png\",\"width\":315,\"height\":228,\"caption\":\"\u0628\u064a\u0646\u0646\u0627 Baynana\"},\"image\":{\"@id\":\"https:\/\/baynana.es\/#\/schema\/logo\/image\/\"},\"sameAs\":[\"https:\/\/www.facebook.com\/baynanaes\",\"https:\/\/x.com\/baynanaes\",\"https:\/\/www.instagram.com\/baynanaes\/\",\"https:\/\/www.linkedin.com\/in\/baynana-\u0628\u064a\u0646\u0646\u0627-887599211\/\",\"https:\/\/www.youtube.com\/channel\/UC3019bsq5wOpi61SOufKxPA\"]},{\"@type\":\"Person\",\"@id\":\"https:\/\/baynana.es\/#\/schema\/person\/b025556a8b06dd3c230ee9117ca455ed\",\"name\":\"Moussa Al Jamaat\",\"image\":{\"@type\":\"ImageObject\",\"inLanguage\":\"es\",\"@id\":\"https:\/\/baynana.es\/#\/schema\/person\/image\/571a1e3457b90164719fbb2b7cfdaf2c\",\"url\":\"https:\/\/baynana.es\/wp-content\/uploads\/2021\/11\/MOSA-96x96.png\",\"contentUrl\":\"https:\/\/baynana.es\/wp-content\/uploads\/2021\/11\/MOSA-96x96.png\",\"caption\":\"Moussa Al Jamaat\"},\"description\":\"Periodista sirio residente en Madrid desde 2019. Empez\u00f3 a estudiar Inform\u00e1tica en la Universidad de Damasco (campus de Daraa), pero abandon\u00f3 sus estudios por la erupci\u00f3n del conflicto en Siria. Entre 2011 y 2019 trabaj\u00f3 como reportero y fot\u00f3grafo para agencias de noticias locales. Ahora trabaja como reportero, fot\u00f3grafo y se encarga de la web de Baynana. \u0643\u0627\u0646\u0628\/ \u0645\u0635\u0648\u0631 \/\u0645\u0635\u0645\u0645 \u0635\u062d\u0641\u064a \u0633\u0648\u0631\u064a \u0645\u0642\u064a\u0645 \u0641\u064a \u0645\u062f\u0631\u064a\u062f \u0645\u0646\u0630 \u0639\u0627\u0645 2019. \u0628\u062f\u0623 \u062f\u0631\u0627\u0633\u0629 \u0639\u0644\u0648\u0645 \u0627\u0644\u0643\u0645\u0628\u064a\u0648\u062a\u0631 \u0641\u064a \u062c\u0627\u0645\u0639\u0629 \u062f\u0645\u0634\u0642 (\u0641\u0631\u0639 \u062f\u0631\u0639\u0627) \u060c \u0644\u0643\u0646\u0647 \u062a\u062e\u0644\u0649 \u0639\u0646 \u062f\u0631\u0627\u0633\u062a\u0647 \u0628\u0633\u0628\u0628 \u0627\u0646\u062f\u0644\u0627\u0639 \u0627\u0644\u0635\u0631\u0627\u0639 \u0641\u064a \u0633\u0648\u0631\u064a\u0627. \u0628\u064a\u0646 \u0639\u0627\u0645\u064a 2011 \u0648 2019 \u0639\u0645\u0644 \u0643\u0645\u0631\u0627\u0633\u0644 \u0648\u0645\u0635\u0648\u0631 \u0644\u0648\u0643\u0627\u0644\u0627\u062a \u0627\u0644\u0623\u0646\u0628\u0627\u0621 \u0627\u0644\u0645\u062d\u0644\u064a\u0629. \u064a\u0639\u0645\u0644 \u0627\u0644\u0622\u0646 \u0643\u0645\u0631\u0627\u0633\u0644 \u0648\u0645\u0635\u0648\u0631 \u0648\u0645\u0635\u0645\u0645 \u0648\u064a\u062f\u064a\u0631 \u0645\u0648\u0642\u0639 \u0645\u062c\u0644\u0629 \u0628\u064a\u0646\u0646\u0627 \u0627\u0644\u0625\u0644\u0643\u062a\u0631\u0648\u0646\u064a.\",\"sameAs\":[\"https:\/\/x.com\/@moussajamaat\"],\"mainEntityOfPage\":{\"@id\":\"https:\/\/baynana.es\/author\/mousa\/\"}}]}<\/script>\n<!-- \/ Yoast SEO plugin. -->","yoast_head_json":{"title":"Moussa Al Jamaat, autor en Baynana \u0628\u064a\u0646\u0646\u0627","robots":{"index":"index","follow":"follow","max-snippet":"max-snippet:-1","max-image-preview":"max-image-preview:large","max-video-preview":"max-video-preview:-1"},"canonical":"https:\/\/baynana.es\/author\/mousa\/","og_locale":"es_ES","og_type":"profile","og_title":"Moussa Al Jamaat, autor en Baynana \u0628\u064a\u0646\u0646\u0627","og_url":"https:\/\/baynana.es\/author\/mousa\/","og_site_name":"Baynana \u0628\u064a\u0646\u0646\u0627","og_image":[{"url":"https:\/\/baynana.es\/wp-content\/uploads\/2021\/11\/MOSA.png","type":"","width":"","height":""}],"twitter_card":"summary_large_image","twitter_site":"@baynanaes","schema":{"@context":"https:\/\/schema.org","@graph":[{"@type":"ProfilePage","@id":"https:\/\/baynana.es\/author\/mousa\/","url":"https:\/\/baynana.es\/author\/mousa\/","name":"Moussa Al Jamaat, autor en Baynana \u0628\u064a\u0646\u0646\u0627","isPartOf":{"@id":"https:\/\/baynana.es\/#website"},"breadcrumb":{"@id":"https:\/\/baynana.es\/author\/mousa\/#breadcrumb"},"inLanguage":"es","potentialAction":[{"@type":"ReadAction","target":["https:\/\/baynana.es\/author\/mousa\/"]}]},{"@type":"BreadcrumbList","@id":"https:\/\/baynana.es\/author\/mousa\/#breadcrumb","itemListElement":[{"@type":"ListItem","position":1,"name":"Portada","item":"https:\/\/baynana.es\/es\/"},{"@type":"ListItem","position":2,"name":"Archivo de Moussa Al Jamaat"}]},{"@type":"WebSite","@id":"https:\/\/baynana.es\/#website","url":"https:\/\/baynana.es\/","name":"Baynana \u0628\u064a\u0646\u0646\u0627","description":"Baynana Revista \u0645\u062c\u0644\u0629 \u0628\u064a\u0646\u0646\u0627","publisher":{"@id":"https:\/\/baynana.es\/#organization"},"potentialAction":[{"@type":"SearchAction","target":{"@type":"EntryPoint","urlTemplate":"https:\/\/baynana.es\/?s={search_term_string}"},"query-input":{"@type":"PropertyValueSpecification","valueRequired":true,"valueName":"search_term_string"}}],"inLanguage":"es"},{"@type":"Organization","@id":"https:\/\/baynana.es\/#organization","name":"\u0628\u064a\u0646\u0646\u0627 Baynana","url":"https:\/\/baynana.es\/","logo":{"@type":"ImageObject","inLanguage":"es","@id":"https:\/\/baynana.es\/#\/schema\/logo\/image\/","url":"https:\/\/baynana.es\/wp-content\/uploads\/2021\/03\/Artboard-1.png","contentUrl":"https:\/\/baynana.es\/wp-content\/uploads\/2021\/03\/Artboard-1.png","width":315,"height":228,"caption":"\u0628\u064a\u0646\u0646\u0627 Baynana"},"image":{"@id":"https:\/\/baynana.es\/#\/schema\/logo\/image\/"},"sameAs":["https:\/\/www.facebook.com\/baynanaes","https:\/\/x.com\/baynanaes","https:\/\/www.instagram.com\/baynanaes\/","https:\/\/www.linkedin.com\/in\/baynana-\u0628\u064a\u0646\u0646\u0627-887599211\/","https:\/\/www.youtube.com\/channel\/UC3019bsq5wOpi61SOufKxPA"]},{"@type":"Person","@id":"https:\/\/baynana.es\/#\/schema\/person\/b025556a8b06dd3c230ee9117ca455ed","name":"Moussa Al Jamaat","image":{"@type":"ImageObject","inLanguage":"es","@id":"https:\/\/baynana.es\/#\/schema\/person\/image\/571a1e3457b90164719fbb2b7cfdaf2c","url":"https:\/\/baynana.es\/wp-content\/uploads\/2021\/11\/MOSA-96x96.png","contentUrl":"https:\/\/baynana.es\/wp-content\/uploads\/2021\/11\/MOSA-96x96.png","caption":"Moussa Al Jamaat"},"description":"Periodista sirio residente en Madrid desde 2019. Empez\u00f3 a estudiar Inform\u00e1tica en la Universidad de Damasco (campus de Daraa), pero abandon\u00f3 sus estudios por la erupci\u00f3n del conflicto en Siria. Entre 2011 y 2019 trabaj\u00f3 como reportero y fot\u00f3grafo para agencias de noticias locales. Ahora trabaja como reportero, fot\u00f3grafo y se encarga de la web de Baynana. \u0643\u0627\u0646\u0628\/ \u0645\u0635\u0648\u0631 \/\u0645\u0635\u0645\u0645 \u0635\u062d\u0641\u064a \u0633\u0648\u0631\u064a \u0645\u0642\u064a\u0645 \u0641\u064a \u0645\u062f\u0631\u064a\u062f \u0645\u0646\u0630 \u0639\u0627\u0645 2019. \u0628\u062f\u0623 \u062f\u0631\u0627\u0633\u0629 \u0639\u0644\u0648\u0645 \u0627\u0644\u0643\u0645\u0628\u064a\u0648\u062a\u0631 \u0641\u064a \u062c\u0627\u0645\u0639\u0629 \u062f\u0645\u0634\u0642 (\u0641\u0631\u0639 \u062f\u0631\u0639\u0627) \u060c \u0644\u0643\u0646\u0647 \u062a\u062e\u0644\u0649 \u0639\u0646 \u062f\u0631\u0627\u0633\u062a\u0647 \u0628\u0633\u0628\u0628 \u0627\u0646\u062f\u0644\u0627\u0639 \u0627\u0644\u0635\u0631\u0627\u0639 \u0641\u064a \u0633\u0648\u0631\u064a\u0627. \u0628\u064a\u0646 \u0639\u0627\u0645\u064a 2011 \u0648 2019 \u0639\u0645\u0644 \u0643\u0645\u0631\u0627\u0633\u0644 \u0648\u0645\u0635\u0648\u0631 \u0644\u0648\u0643\u0627\u0644\u0627\u062a \u0627\u0644\u0623\u0646\u0628\u0627\u0621 \u0627\u0644\u0645\u062d\u0644\u064a\u0629. \u064a\u0639\u0645\u0644 \u0627\u0644\u0622\u0646 \u0643\u0645\u0631\u0627\u0633\u0644 \u0648\u0645\u0635\u0648\u0631 \u0648\u0645\u0635\u0645\u0645 \u0648\u064a\u062f\u064a\u0631 \u0645\u0648\u0642\u0639 \u0645\u062c\u0644\u0629 \u0628\u064a\u0646\u0646\u0627 \u0627\u0644\u0625\u0644\u0643\u062a\u0631\u0648\u0646\u064a.","sameAs":["https:\/\/x.com\/@moussajamaat"],"mainEntityOfPage":{"@id":"https:\/\/baynana.es\/author\/mousa\/"}}]}},"is_super_admin":false,"woocommerce_meta":{"variable_product_tour_shown":"","activity_panel_inbox_last_read":"","activity_panel_reviews_last_read":"","categories_report_columns":"","coupons_report_columns":"","customers_report_columns":"","orders_report_columns":"","products_report_columns":"","revenue_report_columns":"","taxes_report_columns":"","variations_report_columns":"","dashboard_sections":"","dashboard_chart_type":"","dashboard_chart_interval":"","dashboard_leaderboard_rows":"","order_attribution_install_banner_dismissed":"","scheduled_updates_promotion_notice_dismissed":"","homepage_layout":"","homepage_stats":"","task_list_tracked_started_tasks":"","android_app_banner_dismissed":"","launch_your_store_tour_hidden":"","coming_soon_banner_dismissed":""},"_links":{"self":[{"href":"https:\/\/baynana.es\/es\/wp-json\/wp\/v2\/users\/7","targetHints":{"allow":["GET"]}}],"collection":[{"href":"https:\/\/baynana.es\/es\/wp-json\/wp\/v2\/users"}]}}